                                        
                                        
                                        
                                        
                                        
                                        
                                        
                                        
                                        
                                        
                                        
                                        
                                        
                                        
                                        
                                        
                                        
                                        
{"id":6445,"date":"2022-05-06T18:59:30","date_gmt":"2022-05-06T16:59:30","guid":{"rendered":"https:\/\/oriamendi.eus\/?p=6445"},"modified":"2022-05-06T18:59:33","modified_gmt":"2022-05-06T16:59:33","slug":"vuelve-el-remonte-los-sabados-y-el-lunes-se-adelanta-una-hora-el-festival","status":"publish","type":"post","link":"https:\/\/oriamendi.eus\/es\/2022\/05\/06\/vuelve-el-remonte-los-sabados-y-el-lunes-se-adelanta-una-hora-el-festival\/","title":{"rendered":"Vuelve el remonte los s\u00e1bados y el lunes se adelanta una hora el festival"},"content":{"rendered":"\n<p>Los festivales de remonte volver\u00e1n cada s\u00e1bado en Galarreta, a partir de ma\u00f1ana. Los festivales comenzar\u00e1n a las 16:30 horas y se anunciar\u00e1n tres partidos cada s\u00e1bado. En esta vuelta de los s\u00e1bados, en el primer festival, se anuncia un estelar interesante.<\/p>\n\n\n\n<p>Ansa II y Larra\u00f1aga jugar\u00e1n contra Ezkurra II y Juanenea. Ser\u00e1 un partido entre guipuzcoanos y navarros y se espera que sea muy igualado. El estelar se jugar\u00e1 a 40 tantos y el primer partido y el tercero a 35.<\/p>\n\n\n\n<p>El primer partido enfrentar\u00e1 a Etxarri y Odei contra Urrutia II y Martirena y cerrar\u00e1n el festival, Goikoetxea V-Apezetxea contra Loitegi-Labaka. Hay ganas de volver a ver al goizuetarra Apezetxea. A\u00fan no conoce la derrota a nivel profesional.<\/p>\n\n\n\n<p>El Sagardoaren Txapelketa, <strong>se adelanta a las 18:00 horas<\/strong><\/p>\n\n\n\n<p>Todos los lunes continuar\u00e1 el Sagardoaren Txapelketa, hasta junio, dentro del programa Erremontari. Aunque los partidos se emiten a las 22:30 horas en ETB1, los partidos se disputan a lo largo de la tarde en Galarreta. Los hernaniarras est\u00e1n invitados al festival y habr\u00e1 cambio de hora en el festival de pasado ma\u00f1ana. Hasta ahora comenzaba a las 19:00 horas, y desde pasado ma\u00f1ana se adelantar\u00e1 una hora y comenzar\u00e1 a las 18:00 horas el primer partido del campeonato y a continuaci\u00f3n se jugar\u00e1, sobre las 19:15 horas, el segundo.<\/p>\n\n\n\n<p><\/p>\n","protected":false},"excerpt":{"rendered":"<p>Los festivales de remonte volver\u00e1n cada s\u00e1bado en Galarreta, a partir de ma\u00f1ana. Los festivales comenzar\u00e1n a las 16:30 horas y se anunciar\u00e1n tres partidos cada s\u00e1bado. En esta vuelta de los s\u00e1bados, en el primer festival, se anuncia un estelar interesante. Ansa II y Larra\u00f1aga jugar\u00e1n contra Ezkurra II y Juanenea. Ser\u00e1 un partido [&hellip;]<\/p>\n","protected":false},"author":5,"featured_media":6149,"comment_status":"closed","ping_status":"open","sticky":false,"template":"","format":"standard","meta":{"_et_pb_use_builder":"off","_et_pb_old_content":"","_et_gb_content_width":"","footnotes":""},"categories":[1],"tags":[],"yoast_head":"<!-- This site is optimized with the Yoast SEO plugin v21.8 - https:\/\/yoast.com\/wordpress\/plugins\/seo\/ -->\n<title>Vuelve el remonte los s\u00e1bados y el lunes se adelanta una hora el festival | Oriamendi 2010<\/title>\n<meta name=\"robots\" content=\"index, follow, max-snippet:-1, max-image-preview:large, max-video-preview:-1\" \/>\n<link rel=\"canonical\" href=\"https:\/\/oriamendi.eus\/es\/2022\/05\/06\/vuelve-el-remonte-los-sabados-y-el-lunes-se-adelanta-una-hora-el-festival\/\" \/>\n<meta property=\"og:locale\" content=\"es_ES\" \/>\n<meta property=\"og:type\" content=\"article\" \/>\n<meta property=\"og:title\" content=\"Vuelve el remonte los s\u00e1bados y el lunes se adelanta una hora el festival | Oriamendi 2010\" \/>\n<meta property=\"og:description\" content=\"Los festivales de remonte volver\u00e1n cada s\u00e1bado en Galarreta, a partir de ma\u00f1ana. Los festivales comenzar\u00e1n a las 16:30 horas y se anunciar\u00e1n tres partidos cada s\u00e1bado. En esta vuelta de los s\u00e1bados, en el primer festival, se anuncia un estelar interesante. Ansa II y Larra\u00f1aga jugar\u00e1n contra Ezkurra II y Juanenea. Ser\u00e1 un partido [&hellip;]\" \/>\n<meta property=\"og:url\" content=\"https:\/\/oriamendi.eus\/es\/2022\/05\/06\/vuelve-el-remonte-los-sabados-y-el-lunes-se-adelanta-una-hora-el-festival\/\" \/>\n<meta property=\"og:site_name\" content=\"Oriamendi 2010\" \/>\n<meta property=\"article:publisher\" content=\"https:\/\/www.facebook.com\/oriamendi2010remonte\/\" \/>\n<meta property=\"article:published_time\" content=\"2022-05-06T16:59:30+00:00\" \/>\n<meta property=\"article:modified_time\" content=\"2022-05-06T16:59:33+00:00\" \/>\n<meta property=\"og:image\" content=\"https:\/\/oriamendi.eus\/wp-content\/uploads\/2021\/12\/Ansa-II-finalerdia.jpg\" \/>\n\t<meta property=\"og:image:width\" content=\"1200\" \/>\n\t<meta property=\"og:image:height\" content=\"799\" \/>\n\t<meta property=\"og:image:type\" content=\"image\/jpeg\" \/>\n<meta name=\"author\" content=\"I\u00f1igo Go\u00f1i\" \/>\n<meta name=\"twitter:card\" content=\"summary_large_image\" \/>\n<meta name=\"twitter:creator\" content=\"@oriamendi2010\" \/>\n<meta name=\"twitter:site\" content=\"@oriamendi2010\" \/>\n<meta name=\"twitter:label1\" content=\"Escrito por\" \/>\n\t<meta name=\"twitter:data1\" content=\"I\u00f1igo Go\u00f1i\" \/>\n\t<meta name=\"twitter:label2\" content=\"Tiempo de lectura\" \/>\n\t<meta name=\"twitter:data2\" content=\"1 minuto\" \/>\n<script type=\"application\/ld+json\" class=\"yoast-schema-graph\">{\"@context\":\"https:\/\/schema.org\",\"@graph\":[{\"@type\":\"Article\",\"@id\":\"https:\/\/oriamendi.eus\/es\/2022\/05\/06\/vuelve-el-remonte-los-sabados-y-el-lunes-se-adelanta-una-hora-el-festival\/#article\",\"isPartOf\":{\"@id\":\"https:\/\/oriamendi.eus\/es\/2022\/05\/06\/vuelve-el-remonte-los-sabados-y-el-lunes-se-adelanta-una-hora-el-festival\/\"},\"author\":{\"name\":\"I\u00f1igo Go\u00f1i\",\"@id\":\"https:\/\/oriamendi.eus\/es\/#\/schema\/person\/c0bd06c6c747674306a5c82563e2339a\"},\"headline\":\"Vuelve el remonte los s\u00e1bados y el lunes se adelanta una hora el festival\",\"datePublished\":\"2022-05-06T16:59:30+00:00\",\"dateModified\":\"2022-05-06T16:59:33+00:00\",\"mainEntityOfPage\":{\"@id\":\"https:\/\/oriamendi.eus\/es\/2022\/05\/06\/vuelve-el-remonte-los-sabados-y-el-lunes-se-adelanta-una-hora-el-festival\/\"},\"wordCount\":241,\"publisher\":{\"@id\":\"https:\/\/oriamendi.eus\/es\/#organization\"},\"articleSection\":[\"Sin categorizar\"],\"inLanguage\":\"es\"},{\"@type\":\"WebPage\",\"@id\":\"https:\/\/oriamendi.eus\/es\/2022\/05\/06\/vuelve-el-remonte-los-sabados-y-el-lunes-se-adelanta-una-hora-el-festival\/\",\"url\":\"https:\/\/oriamendi.eus\/es\/2022\/05\/06\/vuelve-el-remonte-los-sabados-y-el-lunes-se-adelanta-una-hora-el-festival\/\",\"name\":\"Vuelve el remonte los s\u00e1bados y el lunes se adelanta una hora el festival | Oriamendi 2010\",\"isPartOf\":{\"@id\":\"https:\/\/oriamendi.eus\/es\/#website\"},\"datePublished\":\"2022-05-06T16:59:30+00:00\",\"dateModified\":\"2022-05-06T16:59:33+00:00\",\"breadcrumb\":{\"@id\":\"https:\/\/oriamendi.eus\/es\/2022\/05\/06\/vuelve-el-remonte-los-sabados-y-el-lunes-se-adelanta-una-hora-el-festival\/#breadcrumb\"},\"inLanguage\":\"es\",\"potentialAction\":[{\"@type\":\"ReadAction\",\"target\":[\"https:\/\/oriamendi.eus\/es\/2022\/05\/06\/vuelve-el-remonte-los-sabados-y-el-lunes-se-adelanta-una-hora-el-festival\/\"]}]},{\"@type\":\"BreadcrumbList\",\"@id\":\"https:\/\/oriamendi.eus\/es\/2022\/05\/06\/vuelve-el-remonte-los-sabados-y-el-lunes-se-adelanta-una-hora-el-festival\/#breadcrumb\",\"itemListElement\":[{\"@type\":\"ListItem\",\"position\":1,\"name\":\"Portada\",\"item\":\"https:\/\/oriamendi.eus\/es\/\"},{\"@type\":\"ListItem\",\"position\":2,\"name\":\"Vuelve el remonte los s\u00e1bados y el lunes se adelanta una hora el festival\"}]},{\"@type\":\"WebSite\",\"@id\":\"https:\/\/oriamendi.eus\/es\/#website\",\"url\":\"https:\/\/oriamendi.eus\/es\/\",\"name\":\"Oriamendi\",\"description\":\"Remonte en Galarreta. Hernani. Gipuzkoa\",\"publisher\":{\"@id\":\"https:\/\/oriamendi.eus\/es\/#organization\"},\"potentialAction\":[{\"@type\":\"SearchAction\",\"target\":{\"@type\":\"EntryPoint\",\"urlTemplate\":\"https:\/\/oriamendi.eus\/es\/?s={search_term_string}\"},\"query-input\":\"required name=search_term_string\"}],\"inLanguage\":\"es\"},{\"@type\":\"Organization\",\"@id\":\"https:\/\/oriamendi.eus\/es\/#organization\",\"name\":\"Oriamendi\",\"url\":\"https:\/\/oriamendi.eus\/es\/\",\"logo\":{\"@type\":\"ImageObject\",\"inLanguage\":\"es\",\"@id\":\"https:\/\/oriamendi.eus\/es\/#\/schema\/logo\/image\/\",\"url\":\"https:\/\/oriamendi.eus\/wp-content\/uploads\/2020\/06\/logo-oriamendi.png\",\"contentUrl\":\"https:\/\/oriamendi.eus\/wp-content\/uploads\/2020\/06\/logo-oriamendi.png\",\"width\":300,\"height\":90,\"caption\":\"Oriamendi\"},\"image\":{\"@id\":\"https:\/\/oriamendi.eus\/es\/#\/schema\/logo\/image\/\"},\"sameAs\":[\"https:\/\/www.facebook.com\/oriamendi2010remonte\/\",\"https:\/\/twitter.com\/oriamendi2010\",\"https:\/\/www.instagram.com\/galarretajaialai\/\",\"https:\/\/www.youtube.com\/channel\/UC8gVNzQqB1iwnC-_rI-ihmA\/featured\"]},{\"@type\":\"Person\",\"@id\":\"https:\/\/oriamendi.eus\/es\/#\/schema\/person\/c0bd06c6c747674306a5c82563e2339a\",\"name\":\"I\u00f1igo Go\u00f1i\",\"image\":{\"@type\":\"ImageObject\",\"inLanguage\":\"es\",\"@id\":\"https:\/\/oriamendi.eus\/es\/#\/schema\/person\/image\/\",\"url\":\"https:\/\/secure.gravatar.com\/avatar\/fbb07ffc7b803bbfcc2b6419c06abd3a?s=96&d=mm&r=g\",\"contentUrl\":\"https:\/\/secure.gravatar.com\/avatar\/fbb07ffc7b803bbfcc2b6419c06abd3a?s=96&d=mm&r=g\",\"caption\":\"I\u00f1igo Go\u00f1i\"},\"url\":\"https:\/\/oriamendi.eus\/es\/author\/om-berriak\/\"}]}<\/script>\n<!-- \/ Yoast SEO plugin. -->","yoast_head_json":{"title":"Vuelve el remonte los s\u00e1bados y el lunes se adelanta una hora el festival | Oriamendi 2010","robots":{"index":"index","follow":"follow","max-snippet":"max-snippet:-1","max-image-preview":"max-image-preview:large","max-video-preview":"max-video-preview:-1"},"canonical":"https:\/\/oriamendi.eus\/es\/2022\/05\/06\/vuelve-el-remonte-los-sabados-y-el-lunes-se-adelanta-una-hora-el-festival\/","og_locale":"es_ES","og_type":"article","og_title":"Vuelve el remonte los s\u00e1bados y el lunes se adelanta una hora el festival | Oriamendi 2010","og_description":"Los festivales de remonte volver\u00e1n cada s\u00e1bado en Galarreta, a partir de ma\u00f1ana. Los festivales comenzar\u00e1n a las 16:30 horas y se anunciar\u00e1n tres partidos cada s\u00e1bado. En esta vuelta de los s\u00e1bados, en el primer festival, se anuncia un estelar interesante. Ansa II y Larra\u00f1aga jugar\u00e1n contra Ezkurra II y Juanenea. Ser\u00e1 un partido [&hellip;]","og_url":"https:\/\/oriamendi.eus\/es\/2022\/05\/06\/vuelve-el-remonte-los-sabados-y-el-lunes-se-adelanta-una-hora-el-festival\/","og_site_name":"Oriamendi 2010","article_publisher":"https:\/\/www.facebook.com\/oriamendi2010remonte\/","article_published_time":"2022-05-06T16:59:30+00:00","article_modified_time":"2022-05-06T16:59:33+00:00","og_image":[{"width":1200,"height":799,"url":"https:\/\/oriamendi.eus\/wp-content\/uploads\/2021\/12\/Ansa-II-finalerdia.jpg","type":"image\/jpeg"}],"author":"I\u00f1igo Go\u00f1i","twitter_card":"summary_large_image","twitter_creator":"@oriamendi2010","twitter_site":"@oriamendi2010","twitter_misc":{"Escrito por":"I\u00f1igo Go\u00f1i","Tiempo de lectura":"1 minuto"},"schema":{"@context":"https:\/\/schema.org","@graph":[{"@type":"Article","@id":"https:\/\/oriamendi.eus\/es\/2022\/05\/06\/vuelve-el-remonte-los-sabados-y-el-lunes-se-adelanta-una-hora-el-festival\/#article","isPartOf":{"@id":"https:\/\/oriamendi.eus\/es\/2022\/05\/06\/vuelve-el-remonte-los-sabados-y-el-lunes-se-adelanta-una-hora-el-festival\/"},"author":{"name":"I\u00f1igo Go\u00f1i","@id":"https:\/\/oriamendi.eus\/es\/#\/schema\/person\/c0bd06c6c747674306a5c82563e2339a"},"headline":"Vuelve el remonte los s\u00e1bados y el lunes se adelanta una hora el festival","datePublished":"2022-05-06T16:59:30+00:00","dateModified":"2022-05-06T16:59:33+00:00","mainEntityOfPage":{"@id":"https:\/\/oriamendi.eus\/es\/2022\/05\/06\/vuelve-el-remonte-los-sabados-y-el-lunes-se-adelanta-una-hora-el-festival\/"},"wordCount":241,"publisher":{"@id":"https:\/\/oriamendi.eus\/es\/#organization"},"articleSection":["Sin categorizar"],"inLanguage":"es"},{"@type":"WebPage","@id":"https:\/\/oriamendi.eus\/es\/2022\/05\/06\/vuelve-el-remonte-los-sabados-y-el-lunes-se-adelanta-una-hora-el-festival\/","url":"https:\/\/oriamendi.eus\/es\/2022\/05\/06\/vuelve-el-remonte-los-sabados-y-el-lunes-se-adelanta-una-hora-el-festival\/","name":"Vuelve el remonte los s\u00e1bados y el lunes se adelanta una hora el festival | Oriamendi 2010","isPartOf":{"@id":"https:\/\/oriamendi.eus\/es\/#website"},"datePublished":"2022-05-06T16:59:30+00:00","dateModified":"2022-05-06T16:59:33+00:00","breadcrumb":{"@id":"https:\/\/oriamendi.eus\/es\/2022\/05\/06\/vuelve-el-remonte-los-sabados-y-el-lunes-se-adelanta-una-hora-el-festival\/#breadcrumb"},"inLanguage":"es","potentialAction":[{"@type":"ReadAction","target":["https:\/\/oriamendi.eus\/es\/2022\/05\/06\/vuelve-el-remonte-los-sabados-y-el-lunes-se-adelanta-una-hora-el-festival\/"]}]},{"@type":"BreadcrumbList","@id":"https:\/\/oriamendi.eus\/es\/2022\/05\/06\/vuelve-el-remonte-los-sabados-y-el-lunes-se-adelanta-una-hora-el-festival\/#breadcrumb","itemListElement":[{"@type":"ListItem","position":1,"name":"Portada","item":"https:\/\/oriamendi.eus\/es\/"},{"@type":"ListItem","position":2,"name":"Vuelve el remonte los s\u00e1bados y el lunes se adelanta una hora el festival"}]},{"@type":"WebSite","@id":"https:\/\/oriamendi.eus\/es\/#website","url":"https:\/\/oriamendi.eus\/es\/","name":"Oriamendi","description":"Remonte en Galarreta. Hernani. Gipuzkoa","publisher":{"@id":"https:\/\/oriamendi.eus\/es\/#organization"},"potentialAction":[{"@type":"SearchAction","target":{"@type":"EntryPoint","urlTemplate":"https:\/\/oriamendi.eus\/es\/?s={search_term_string}"},"query-input":"required name=search_term_string"}],"inLanguage":"es"},{"@type":"Organization","@id":"https:\/\/oriamendi.eus\/es\/#organization","name":"Oriamendi","url":"https:\/\/oriamendi.eus\/es\/","logo":{"@type":"ImageObject","inLanguage":"es","@id":"https:\/\/oriamendi.eus\/es\/#\/schema\/logo\/image\/","url":"https:\/\/oriamendi.eus\/wp-content\/uploads\/2020\/06\/logo-oriamendi.png","contentUrl":"https:\/\/oriamendi.eus\/wp-content\/uploads\/2020\/06\/logo-oriamendi.png","width":300,"height":90,"caption":"Oriamendi"},"image":{"@id":"https:\/\/oriamendi.eus\/es\/#\/schema\/logo\/image\/"},"sameAs":["https:\/\/www.facebook.com\/oriamendi2010remonte\/","https:\/\/twitter.com\/oriamendi2010","https:\/\/www.instagram.com\/galarretajaialai\/","https:\/\/www.youtube.com\/channel\/UC8gVNzQqB1iwnC-_rI-ihmA\/featured"]},{"@type":"Person","@id":"https:\/\/oriamendi.eus\/es\/#\/schema\/person\/c0bd06c6c747674306a5c82563e2339a","name":"I\u00f1igo Go\u00f1i","image":{"@type":"ImageObject","inLanguage":"es","@id":"https:\/\/oriamendi.eus\/es\/#\/schema\/person\/image\/","url":"https:\/\/secure.gravatar.com\/avatar\/fbb07ffc7b803bbfcc2b6419c06abd3a?s=96&d=mm&r=g","contentUrl":"https:\/\/secure.gravatar.com\/avatar\/fbb07ffc7b803bbfcc2b6419c06abd3a?s=96&d=mm&r=g","caption":"I\u00f1igo Go\u00f1i"},"url":"https:\/\/oriamendi.eus\/es\/author\/om-berriak\/"}]}},"_links":{"self":[{"href":"https:\/\/oriamendi.eus\/es\/wp-json\/wp\/v2\/posts\/6445"}],"collection":[{"href":"https:\/\/oriamendi.eus\/es\/wp-json\/wp\/v2\/posts"}],"about":[{"href":"https:\/\/oriamendi.eus\/es\/wp-json\/wp\/v2\/types\/post"}],"author":[{"embeddable":true,"href":"https:\/\/oriamendi.eus\/es\/wp-json\/wp\/v2\/users\/5"}],"replies":[{"embeddable":true,"href":"https:\/\/oriamendi.eus\/es\/wp-json\/wp\/v2\/comments?post=6445"}],"version-history":[{"count":1,"href":"https:\/\/oriamendi.eus\/es\/wp-json\/wp\/v2\/posts\/6445\/revisions"}],"predecessor-version":[{"id":6446,"href":"https:\/\/oriamendi.eus\/es\/wp-json\/wp\/v2\/posts\/6445\/revisions\/6446"}],"wp:featuredmedia":[{"embeddable":true,"href":"https:\/\/oriamendi.eus\/es\/wp-json\/wp\/v2\/media\/6149"}],"wp:attachment":[{"href":"https:\/\/oriamendi.eus\/es\/wp-json\/wp\/v2\/media?parent=6445"}],"wp:term":[{"taxonomy":"category","embeddable":true,"href":"https:\/\/oriamendi.eus\/es\/wp-json\/wp\/v2\/categories?post=6445"},{"taxonomy":"post_tag","embeddable":true,"href":"https:\/\/oriamendi.eus\/es\/wp-json\/wp\/v2\/tags?post=6445"}],"curies":[{"name":"wp","href":"https:\/\/api.w.org\/{rel}","templated":true}]}}