                                        
                                        
                                        
                                        
                                        
                                        
                                        
                                        
                                        
                                        
                                        
                                        
                                        
                                        
                                        
                                        
                                        
                                        
{"id":6400,"date":"2022-04-22T19:54:48","date_gmt":"2022-04-22T17:54:48","guid":{"rendered":"https:\/\/oriamendi.eus\/?p=6400"},"modified":"2022-04-22T19:54:51","modified_gmt":"2022-04-22T17:54:51","slug":"el-sagardoaren-txapelketa-vuelve-con-el-erremontari-a-partir-del-lunes","status":"publish","type":"post","link":"https:\/\/oriamendi.eus\/es\/2022\/04\/22\/el-sagardoaren-txapelketa-vuelve-con-el-erremontari-a-partir-del-lunes\/","title":{"rendered":"El Sagardoaren Txapelketa vuelve con el &#8216;Erremontari&#8217; a partir del lunes"},"content":{"rendered":"\n<p>Se present\u00f3 en Galarreta el Sagardoaren Txapelketa y visto el \u00e9xito que tuvo el a\u00f1o pasado, el campeonato seguir\u00e1 en la misma l\u00ednea. El campeonato se disputar\u00e1 dentro del programa &#8216;Erremontari&#8217; de ETB1, un a\u00f1o m\u00e1s, todos los lunes, comenzando el 25 de abril y finalizando el 20 de junio con la final.<br><\/p>\n\n\n\n<p>Por segundo a\u00f1o consecutivo se fusionar\u00e1n tradici\u00f3n y modernidad en el front\u00f3n Galarreta y este a\u00f1o adem\u00e1s habr\u00e1 p\u00fablico. La tradici\u00f3n es el deporte en s\u00ed, las cestas, las pelotas, el propio front\u00f3n lo representan y la modernidad lo pondr\u00e1n las im\u00e1genes que se ofrecer\u00e1n a lo largo del programa a trav\u00e9s de c\u00e1maras especiales y el propio juego dentro de la cancha. En las gradas el p\u00fablico dar\u00e1 color y ambiente al torneo.<\/p>\n\n\n\n<p><br>En el programa, adem\u00e1s de emitir todo el campeonato de la sidra se conocer\u00e1n las entrevistas y los nuevos puntos de vista del remonte, incorporando las nuevas tecnolog\u00edas. A partir del 25 de abril, se emitir\u00e1 todos los lunes por la noche en ETB1 y tendr\u00e1 una duraci\u00f3n de dos horas en prime time.<\/p>\n\n\n\n<figure class=\"wp-block-image size-large\"><img fetchpriority=\"high\" fetchpriority=\"high\" decoding=\"async\" width=\"1024\" height=\"491\" src=\"https:\/\/oriamendi.eus\/wp-content\/uploads\/2022\/04\/IMG_21042022_190059_2000_x_958_pixel-1024x491.jpg\" alt=\"\" class=\"wp-image-6396\" srcset=\"https:\/\/oriamendi.eus\/wp-content\/uploads\/2022\/04\/IMG_21042022_190059_2000_x_958_pixel-1024x491.jpg 1024w, https:\/\/oriamendi.eus\/wp-content\/uploads\/2022\/04\/IMG_21042022_190059_2000_x_958_pixel-980x470.jpg 980w, https:\/\/oriamendi.eus\/wp-content\/uploads\/2022\/04\/IMG_21042022_190059_2000_x_958_pixel-480x230.jpg 480w\" sizes=\"(min-width: 0px) and (max-width: 480px) 480px, (min-width: 481px) and (max-width: 980px) 980px, (min-width: 981px) 1024px, 100vw\" \/><\/figure>\n\n\n\n<p><strong>SEIS PAREJAS, SIETE JORNADAS, SEMIFINAL Y FINAL<\/strong><br>En el Torneo de la Sidra tomar\u00e1n parte seis parejas y representar\u00e1n a seis sidrer\u00edas. Las parejas y sidrer\u00edas representadas son Goikoetxea V-Barrenetxea IV (Oialume Zar), Urriza-Zubiri (Larre-Gain), Aldabe-Larra\u00f1aga (Bereziartua), Ezkurra II-Zaldua I (Gurutzeta), Segurola-Azpiroz (Petritegi) y Ansa II-Juanenea (Setien).<\/p>\n\n\n\n<p>En el formato del campeonato, todos se enfrentar\u00e1n a todos en la liguilla inicial y los cuatro primeros clasificados se clasificar\u00e1n a semifinales y dos parejas ser\u00e1n eliminadas.<br>Todos los partidos se jugar\u00e1n a 30 tantos y la clasificaci\u00f3n se decidir\u00e1 por puntos. El vencedor sumar\u00e1 cuatro puntos, el que quede entre 29-27 tantos sumar\u00e1 dos puntos, de 26 a 24 tantos uno, de 23 a 17 tantos no se sumar\u00e1 y de 16 a menos tendr\u00e1n punto negativo. Las semifinales se disputar\u00e1n el 13 de junio y el primer clasificado se enfrentar\u00e1 al cuarto y el segundo al tercero. Los vencedores se reunir\u00e1n en la final del 20 de junio para decidir la txapela.<\/p>\n\n\n\n<p><br>Cada lunes se disputar\u00e1n dos partidos y la primera jornada ser\u00e1 el 25 de abril. El segundo se disputar\u00e1 el 2 de mayo. El tercero, el 9 de mayo. El cuarto, el 16 de mayo. El quinto, el 23 de mayo. El sexto, el 30 de mayo. El s\u00e9ptimo, el 6 de junio.<\/p>\n\n\n\n<p><br>Urriza-Zaldua (Bereziartua) fueron los vencedores del a\u00f1o pasado tras derrotar en la final a Ansa II-Labaka (Setien) por 30-22.<br>El campeonato de este a\u00f1o tendr\u00e1 un nivel superior tras la entrada en el campeonato de remontistas como Ezkurra II, Azpiroz y Aldabe. Ser\u00e1 de categor\u00eda igual o superior al Campeonato de Parejas y el espect\u00e1culo estar\u00e1 asegurado.<\/p>\n\n\n\n<p><br>Estuvieron presentes en la presentaci\u00f3n el gerente de Oriamendi 2010 Xabi Gonz\u00e1lez, el director deportivo de ETB Joseba Urkiola, el representante de Orona Peio Gartziandia, representantes de todas las sidrer\u00edas y responsables de San Sebasti\u00e1n Turismo.<\/p>\n","protected":false},"excerpt":{"rendered":"<p>Se present\u00f3 en Galarreta el Sagardoaren Txapelketa y visto el \u00e9xito que tuvo el a\u00f1o pasado, el campeonato seguir\u00e1 en la misma l\u00ednea. El campeonato se disputar\u00e1 dentro del programa &#8216;Erremontari&#8217; de ETB1, un a\u00f1o m\u00e1s, todos los lunes, comenzando el 25 de abril y finalizando el 20 de junio con la final. Por segundo [&hellip;]<\/p>\n","protected":false},"author":5,"featured_media":6398,"comment_status":"closed","ping_status":"open","sticky":false,"template":"","format":"standard","meta":{"_et_pb_use_builder":"off","_et_pb_old_content":"","_et_gb_content_width":"","footnotes":""},"categories":[1],"tags":[],"yoast_head":"<!-- This site is optimized with the Yoast SEO plugin v21.8 - https:\/\/yoast.com\/wordpress\/plugins\/seo\/ -->\n<title>El Sagardoaren Txapelketa vuelve con el &#039;Erremontari&#039; a partir del lunes | Oriamendi 2010<\/title>\n<meta name=\"robots\" content=\"index, follow, max-snippet:-1, max-image-preview:large, max-video-preview:-1\" \/>\n<link rel=\"canonical\" href=\"https:\/\/oriamendi.eus\/es\/2022\/04\/22\/el-sagardoaren-txapelketa-vuelve-con-el-erremontari-a-partir-del-lunes\/\" \/>\n<meta property=\"og:locale\" content=\"es_ES\" \/>\n<meta property=\"og:type\" content=\"article\" \/>\n<meta property=\"og:title\" content=\"El Sagardoaren Txapelketa vuelve con el &#039;Erremontari&#039; a partir del lunes | Oriamendi 2010\" \/>\n<meta property=\"og:description\" content=\"Se present\u00f3 en Galarreta el Sagardoaren Txapelketa y visto el \u00e9xito que tuvo el a\u00f1o pasado, el campeonato seguir\u00e1 en la misma l\u00ednea. El campeonato se disputar\u00e1 dentro del programa &#8216;Erremontari&#8217; de ETB1, un a\u00f1o m\u00e1s, todos los lunes, comenzando el 25 de abril y finalizando el 20 de junio con la final. Por segundo [&hellip;]\" \/>\n<meta property=\"og:url\" content=\"https:\/\/oriamendi.eus\/es\/2022\/04\/22\/el-sagardoaren-txapelketa-vuelve-con-el-erremontari-a-partir-del-lunes\/\" \/>\n<meta property=\"og:site_name\" content=\"Oriamendi 2010\" \/>\n<meta property=\"article:publisher\" content=\"https:\/\/www.facebook.com\/oriamendi2010remonte\/\" \/>\n<meta property=\"article:published_time\" content=\"2022-04-22T17:54:48+00:00\" \/>\n<meta property=\"article:modified_time\" content=\"2022-04-22T17:54:51+00:00\" \/>\n<meta property=\"og:image\" content=\"https:\/\/oriamendi.eus\/wp-content\/uploads\/2022\/04\/IMG_21042022_190038_2000_x_1333_pixel.jpg\" \/>\n\t<meta property=\"og:image:width\" content=\"1200\" \/>\n\t<meta property=\"og:image:height\" content=\"800\" \/>\n\t<meta property=\"og:image:type\" content=\"image\/jpeg\" \/>\n<meta name=\"author\" content=\"I\u00f1igo Go\u00f1i\" \/>\n<meta name=\"twitter:card\" content=\"summary_large_image\" \/>\n<meta name=\"twitter:creator\" content=\"@oriamendi2010\" \/>\n<meta name=\"twitter:site\" content=\"@oriamendi2010\" \/>\n<meta name=\"twitter:label1\" content=\"Escrito por\" \/>\n\t<meta name=\"twitter:data1\" content=\"I\u00f1igo Go\u00f1i\" \/>\n\t<meta name=\"twitter:label2\" content=\"Tiempo de lectura\" \/>\n\t<meta name=\"twitter:data2\" content=\"3 minutos\" \/>\n<script type=\"application\/ld+json\" class=\"yoast-schema-graph\">{\"@context\":\"https:\/\/schema.org\",\"@graph\":[{\"@type\":\"Article\",\"@id\":\"https:\/\/oriamendi.eus\/es\/2022\/04\/22\/el-sagardoaren-txapelketa-vuelve-con-el-erremontari-a-partir-del-lunes\/#article\",\"isPartOf\":{\"@id\":\"https:\/\/oriamendi.eus\/es\/2022\/04\/22\/el-sagardoaren-txapelketa-vuelve-con-el-erremontari-a-partir-del-lunes\/\"},\"author\":{\"name\":\"I\u00f1igo Go\u00f1i\",\"@id\":\"https:\/\/oriamendi.eus\/es\/#\/schema\/person\/c0bd06c6c747674306a5c82563e2339a\"},\"headline\":\"El Sagardoaren Txapelketa vuelve con el &#8216;Erremontari&#8217; a partir del lunes\",\"datePublished\":\"2022-04-22T17:54:48+00:00\",\"dateModified\":\"2022-04-22T17:54:51+00:00\",\"mainEntityOfPage\":{\"@id\":\"https:\/\/oriamendi.eus\/es\/2022\/04\/22\/el-sagardoaren-txapelketa-vuelve-con-el-erremontari-a-partir-del-lunes\/\"},\"wordCount\":527,\"publisher\":{\"@id\":\"https:\/\/oriamendi.eus\/es\/#organization\"},\"articleSection\":[\"Sin categorizar\"],\"inLanguage\":\"es\"},{\"@type\":\"WebPage\",\"@id\":\"https:\/\/oriamendi.eus\/es\/2022\/04\/22\/el-sagardoaren-txapelketa-vuelve-con-el-erremontari-a-partir-del-lunes\/\",\"url\":\"https:\/\/oriamendi.eus\/es\/2022\/04\/22\/el-sagardoaren-txapelketa-vuelve-con-el-erremontari-a-partir-del-lunes\/\",\"name\":\"El Sagardoaren Txapelketa vuelve con el 'Erremontari' a partir del lunes | Oriamendi 2010\",\"isPartOf\":{\"@id\":\"https:\/\/oriamendi.eus\/es\/#website\"},\"datePublished\":\"2022-04-22T17:54:48+00:00\",\"dateModified\":\"2022-04-22T17:54:51+00:00\",\"breadcrumb\":{\"@id\":\"https:\/\/oriamendi.eus\/es\/2022\/04\/22\/el-sagardoaren-txapelketa-vuelve-con-el-erremontari-a-partir-del-lunes\/#breadcrumb\"},\"inLanguage\":\"es\",\"potentialAction\":[{\"@type\":\"ReadAction\",\"target\":[\"https:\/\/oriamendi.eus\/es\/2022\/04\/22\/el-sagardoaren-txapelketa-vuelve-con-el-erremontari-a-partir-del-lunes\/\"]}]},{\"@type\":\"BreadcrumbList\",\"@id\":\"https:\/\/oriamendi.eus\/es\/2022\/04\/22\/el-sagardoaren-txapelketa-vuelve-con-el-erremontari-a-partir-del-lunes\/#breadcrumb\",\"itemListElement\":[{\"@type\":\"ListItem\",\"position\":1,\"name\":\"Portada\",\"item\":\"https:\/\/oriamendi.eus\/es\/\"},{\"@type\":\"ListItem\",\"position\":2,\"name\":\"El Sagardoaren Txapelketa vuelve con el &#8216;Erremontari&#8217; a partir del lunes\"}]},{\"@type\":\"WebSite\",\"@id\":\"https:\/\/oriamendi.eus\/es\/#website\",\"url\":\"https:\/\/oriamendi.eus\/es\/\",\"name\":\"Oriamendi\",\"description\":\"Remonte en Galarreta. Hernani. Gipuzkoa\",\"publisher\":{\"@id\":\"https:\/\/oriamendi.eus\/es\/#organization\"},\"potentialAction\":[{\"@type\":\"SearchAction\",\"target\":{\"@type\":\"EntryPoint\",\"urlTemplate\":\"https:\/\/oriamendi.eus\/es\/?s={search_term_string}\"},\"query-input\":\"required name=search_term_string\"}],\"inLanguage\":\"es\"},{\"@type\":\"Organization\",\"@id\":\"https:\/\/oriamendi.eus\/es\/#organization\",\"name\":\"Oriamendi\",\"url\":\"https:\/\/oriamendi.eus\/es\/\",\"logo\":{\"@type\":\"ImageObject\",\"inLanguage\":\"es\",\"@id\":\"https:\/\/oriamendi.eus\/es\/#\/schema\/logo\/image\/\",\"url\":\"https:\/\/oriamendi.eus\/wp-content\/uploads\/2020\/06\/logo-oriamendi.png\",\"contentUrl\":\"https:\/\/oriamendi.eus\/wp-content\/uploads\/2020\/06\/logo-oriamendi.png\",\"width\":300,\"height\":90,\"caption\":\"Oriamendi\"},\"image\":{\"@id\":\"https:\/\/oriamendi.eus\/es\/#\/schema\/logo\/image\/\"},\"sameAs\":[\"https:\/\/www.facebook.com\/oriamendi2010remonte\/\",\"https:\/\/twitter.com\/oriamendi2010\",\"https:\/\/www.instagram.com\/galarretajaialai\/\",\"https:\/\/www.youtube.com\/channel\/UC8gVNzQqB1iwnC-_rI-ihmA\/featured\"]},{\"@type\":\"Person\",\"@id\":\"https:\/\/oriamendi.eus\/es\/#\/schema\/person\/c0bd06c6c747674306a5c82563e2339a\",\"name\":\"I\u00f1igo Go\u00f1i\",\"image\":{\"@type\":\"ImageObject\",\"inLanguage\":\"es\",\"@id\":\"https:\/\/oriamendi.eus\/es\/#\/schema\/person\/image\/\",\"url\":\"https:\/\/secure.gravatar.com\/avatar\/fbb07ffc7b803bbfcc2b6419c06abd3a?s=96&d=mm&r=g\",\"contentUrl\":\"https:\/\/secure.gravatar.com\/avatar\/fbb07ffc7b803bbfcc2b6419c06abd3a?s=96&d=mm&r=g\",\"caption\":\"I\u00f1igo Go\u00f1i\"},\"url\":\"https:\/\/oriamendi.eus\/es\/author\/om-berriak\/\"}]}<\/script>\n<!-- \/ Yoast SEO plugin. -->","yoast_head_json":{"title":"El Sagardoaren Txapelketa vuelve con el 'Erremontari' a partir del lunes | Oriamendi 2010","robots":{"index":"index","follow":"follow","max-snippet":"max-snippet:-1","max-image-preview":"max-image-preview:large","max-video-preview":"max-video-preview:-1"},"canonical":"https:\/\/oriamendi.eus\/es\/2022\/04\/22\/el-sagardoaren-txapelketa-vuelve-con-el-erremontari-a-partir-del-lunes\/","og_locale":"es_ES","og_type":"article","og_title":"El Sagardoaren Txapelketa vuelve con el 'Erremontari' a partir del lunes | Oriamendi 2010","og_description":"Se present\u00f3 en Galarreta el Sagardoaren Txapelketa y visto el \u00e9xito que tuvo el a\u00f1o pasado, el campeonato seguir\u00e1 en la misma l\u00ednea. El campeonato se disputar\u00e1 dentro del programa &#8216;Erremontari&#8217; de ETB1, un a\u00f1o m\u00e1s, todos los lunes, comenzando el 25 de abril y finalizando el 20 de junio con la final. Por segundo [&hellip;]","og_url":"https:\/\/oriamendi.eus\/es\/2022\/04\/22\/el-sagardoaren-txapelketa-vuelve-con-el-erremontari-a-partir-del-lunes\/","og_site_name":"Oriamendi 2010","article_publisher":"https:\/\/www.facebook.com\/oriamendi2010remonte\/","article_published_time":"2022-04-22T17:54:48+00:00","article_modified_time":"2022-04-22T17:54:51+00:00","og_image":[{"width":1200,"height":800,"url":"https:\/\/oriamendi.eus\/wp-content\/uploads\/2022\/04\/IMG_21042022_190038_2000_x_1333_pixel.jpg","type":"image\/jpeg"}],"author":"I\u00f1igo Go\u00f1i","twitter_card":"summary_large_image","twitter_creator":"@oriamendi2010","twitter_site":"@oriamendi2010","twitter_misc":{"Escrito por":"I\u00f1igo Go\u00f1i","Tiempo de lectura":"3 minutos"},"schema":{"@context":"https:\/\/schema.org","@graph":[{"@type":"Article","@id":"https:\/\/oriamendi.eus\/es\/2022\/04\/22\/el-sagardoaren-txapelketa-vuelve-con-el-erremontari-a-partir-del-lunes\/#article","isPartOf":{"@id":"https:\/\/oriamendi.eus\/es\/2022\/04\/22\/el-sagardoaren-txapelketa-vuelve-con-el-erremontari-a-partir-del-lunes\/"},"author":{"name":"I\u00f1igo Go\u00f1i","@id":"https:\/\/oriamendi.eus\/es\/#\/schema\/person\/c0bd06c6c747674306a5c82563e2339a"},"headline":"El Sagardoaren Txapelketa vuelve con el &#8216;Erremontari&#8217; a partir del lunes","datePublished":"2022-04-22T17:54:48+00:00","dateModified":"2022-04-22T17:54:51+00:00","mainEntityOfPage":{"@id":"https:\/\/oriamendi.eus\/es\/2022\/04\/22\/el-sagardoaren-txapelketa-vuelve-con-el-erremontari-a-partir-del-lunes\/"},"wordCount":527,"publisher":{"@id":"https:\/\/oriamendi.eus\/es\/#organization"},"articleSection":["Sin categorizar"],"inLanguage":"es"},{"@type":"WebPage","@id":"https:\/\/oriamendi.eus\/es\/2022\/04\/22\/el-sagardoaren-txapelketa-vuelve-con-el-erremontari-a-partir-del-lunes\/","url":"https:\/\/oriamendi.eus\/es\/2022\/04\/22\/el-sagardoaren-txapelketa-vuelve-con-el-erremontari-a-partir-del-lunes\/","name":"El Sagardoaren Txapelketa vuelve con el 'Erremontari' a partir del lunes | Oriamendi 2010","isPartOf":{"@id":"https:\/\/oriamendi.eus\/es\/#website"},"datePublished":"2022-04-22T17:54:48+00:00","dateModified":"2022-04-22T17:54:51+00:00","breadcrumb":{"@id":"https:\/\/oriamendi.eus\/es\/2022\/04\/22\/el-sagardoaren-txapelketa-vuelve-con-el-erremontari-a-partir-del-lunes\/#breadcrumb"},"inLanguage":"es","potentialAction":[{"@type":"ReadAction","target":["https:\/\/oriamendi.eus\/es\/2022\/04\/22\/el-sagardoaren-txapelketa-vuelve-con-el-erremontari-a-partir-del-lunes\/"]}]},{"@type":"BreadcrumbList","@id":"https:\/\/oriamendi.eus\/es\/2022\/04\/22\/el-sagardoaren-txapelketa-vuelve-con-el-erremontari-a-partir-del-lunes\/#breadcrumb","itemListElement":[{"@type":"ListItem","position":1,"name":"Portada","item":"https:\/\/oriamendi.eus\/es\/"},{"@type":"ListItem","position":2,"name":"El Sagardoaren Txapelketa vuelve con el &#8216;Erremontari&#8217; a partir del lunes"}]},{"@type":"WebSite","@id":"https:\/\/oriamendi.eus\/es\/#website","url":"https:\/\/oriamendi.eus\/es\/","name":"Oriamendi","description":"Remonte en Galarreta. Hernani. Gipuzkoa","publisher":{"@id":"https:\/\/oriamendi.eus\/es\/#organization"},"potentialAction":[{"@type":"SearchAction","target":{"@type":"EntryPoint","urlTemplate":"https:\/\/oriamendi.eus\/es\/?s={search_term_string}"},"query-input":"required name=search_term_string"}],"inLanguage":"es"},{"@type":"Organization","@id":"https:\/\/oriamendi.eus\/es\/#organization","name":"Oriamendi","url":"https:\/\/oriamendi.eus\/es\/","logo":{"@type":"ImageObject","inLanguage":"es","@id":"https:\/\/oriamendi.eus\/es\/#\/schema\/logo\/image\/","url":"https:\/\/oriamendi.eus\/wp-content\/uploads\/2020\/06\/logo-oriamendi.png","contentUrl":"https:\/\/oriamendi.eus\/wp-content\/uploads\/2020\/06\/logo-oriamendi.png","width":300,"height":90,"caption":"Oriamendi"},"image":{"@id":"https:\/\/oriamendi.eus\/es\/#\/schema\/logo\/image\/"},"sameAs":["https:\/\/www.facebook.com\/oriamendi2010remonte\/","https:\/\/twitter.com\/oriamendi2010","https:\/\/www.instagram.com\/galarretajaialai\/","https:\/\/www.youtube.com\/channel\/UC8gVNzQqB1iwnC-_rI-ihmA\/featured"]},{"@type":"Person","@id":"https:\/\/oriamendi.eus\/es\/#\/schema\/person\/c0bd06c6c747674306a5c82563e2339a","name":"I\u00f1igo Go\u00f1i","image":{"@type":"ImageObject","inLanguage":"es","@id":"https:\/\/oriamendi.eus\/es\/#\/schema\/person\/image\/","url":"https:\/\/secure.gravatar.com\/avatar\/fbb07ffc7b803bbfcc2b6419c06abd3a?s=96&d=mm&r=g","contentUrl":"https:\/\/secure.gravatar.com\/avatar\/fbb07ffc7b803bbfcc2b6419c06abd3a?s=96&d=mm&r=g","caption":"I\u00f1igo Go\u00f1i"},"url":"https:\/\/oriamendi.eus\/es\/author\/om-berriak\/"}]}},"_links":{"self":[{"href":"https:\/\/oriamendi.eus\/es\/wp-json\/wp\/v2\/posts\/6400"}],"collection":[{"href":"https:\/\/oriamendi.eus\/es\/wp-json\/wp\/v2\/posts"}],"about":[{"href":"https:\/\/oriamendi.eus\/es\/wp-json\/wp\/v2\/types\/post"}],"author":[{"embeddable":true,"href":"https:\/\/oriamendi.eus\/es\/wp-json\/wp\/v2\/users\/5"}],"replies":[{"embeddable":true,"href":"https:\/\/oriamendi.eus\/es\/wp-json\/wp\/v2\/comments?post=6400"}],"version-history":[{"count":1,"href":"https:\/\/oriamendi.eus\/es\/wp-json\/wp\/v2\/posts\/6400\/revisions"}],"predecessor-version":[{"id":6401,"href":"https:\/\/oriamendi.eus\/es\/wp-json\/wp\/v2\/posts\/6400\/revisions\/6401"}],"wp:featuredmedia":[{"embeddable":true,"href":"https:\/\/oriamendi.eus\/es\/wp-json\/wp\/v2\/media\/6398"}],"wp:attachment":[{"href":"https:\/\/oriamendi.eus\/es\/wp-json\/wp\/v2\/media?parent=6400"}],"wp:term":[{"taxonomy":"category","embeddable":true,"href":"https:\/\/oriamendi.eus\/es\/wp-json\/wp\/v2\/categories?post=6400"},{"taxonomy":"post_tag","embeddable":true,"href":"https:\/\/oriamendi.eus\/es\/wp-json\/wp\/v2\/tags?post=6400"}],"curies":[{"name":"wp","href":"https:\/\/api.w.org\/{rel}","templated":true}]}}