                                        
                                        
                                        
                                        
                                        
                                        
                                        
                                        
                                        
                                        
                                        
                                        
                                        
                                        
                                        
                                        
                                        
                                        
{"id":6350,"date":"2022-03-12T21:13:41","date_gmt":"2022-03-12T20:13:41","guid":{"rendered":"https:\/\/oriamendi.eus\/?p=6350"},"modified":"2022-03-12T21:13:45","modified_gmt":"2022-03-12T20:13:45","slug":"inmejorable-debut-de-oier-apezetxea-en-el-remonte-profesional","status":"publish","type":"post","link":"https:\/\/oriamendi.eus\/es\/2022\/03\/12\/inmejorable-debut-de-oier-apezetxea-en-el-remonte-profesional\/","title":{"rendered":"Inmejorable debut de Oier Apezetxea en el remonte profesional"},"content":{"rendered":"\n<p>Oier Apezetxea comenz\u00f3 de la mejor manera posible su periplo como remontista profesional. Junto con Aldabe gan\u00f3 34-35 ante Loitegi y Zaldua I un partido que es correspondiente al Berria Erremonte Txapelketa. Un resultado que les otorga cuatro puntos y se colocan m\u00e1s cerca de la clasificaci\u00f3n a semifinales. Unas semifinales a las que ya se han clasificado Loitegi y Zaldua con seis puntos.&nbsp;<\/p>\n\n\n\n<p>Tambi\u00e9n est\u00e1n clasificados como primeros del grupo A Goikoetxea V y Odei que volvieron a aplastar a los rivales. Si la semana pasada dejaron en 16 a Urrutia II-Labaka, esta vez dejaron en 14 a Susperregi y Zubiri.&nbsp;Con estos resultados, Susperregi y Zubiri se la jugar\u00e1n contra Urrutia II-Labaka en el \u00faltimo partido de la liguilla. El ganador pasar\u00e1 a semifinales como segundo de grupo y el perdedor quedar\u00e1 eliminado. En el grupo B Aldabe y Apezetxea ya estar\u00e1n clasificados a la semifinal si realizan 23 tantos ante Etxarri-Martirena, que necesitan ganar y dejar en 22 o menos a sus rivales. Aldabe y Apezetxea con 32 tantos o m\u00e1s ser\u00edan primeros de grupo.&nbsp;<\/p>\n\n\n\n<p>Goikoetxea V y Odei ganaron el `primer partido del festival sin apenas problemas. Susperregi, tras superar una lesi\u00f3n, estuvo desencanchado y no pudo hacer nada ante Goikoetxea y un Odei, que fue el mejor del partido con 9 tantos de saque, seis en el peloteo y sin cometer errores.\u00a0<\/p>\n\n\n\n<figure class=\"wp-block-image size-large\"><img fetchpriority=\"high\" fetchpriority=\"high\" decoding=\"async\" width=\"1024\" height=\"683\" src=\"https:\/\/oriamendi.eus\/wp-content\/uploads\/2022\/03\/oier-1-1024x683.jpg\" alt=\"\" class=\"wp-image-6345\" srcset=\"https:\/\/oriamendi.eus\/wp-content\/uploads\/2022\/03\/oier-1-1024x683.jpg 1024w, https:\/\/oriamendi.eus\/wp-content\/uploads\/2022\/03\/oier-1-980x653.jpg 980w, https:\/\/oriamendi.eus\/wp-content\/uploads\/2022\/03\/oier-1-480x320.jpg 480w\" sizes=\"(min-width: 0px) and (max-width: 480px) 480px, (min-width: 481px) and (max-width: 980px) 980px, (min-width: 981px) 1024px, 100vw\" \/><\/figure>\n\n\n\n<p>En el segundo partido del Berria Erremonte Txapelketa los cuatro protagonistas jugaron un gran partido. Fue el mejor partido de la tarde y del campeonato hasta la fecha.&nbsp; Oier Apezetxea estuvo muy bien en su debut. Sac\u00f3 bien y estuvo seguro. Adem\u00e1s en el peloteo tambi\u00e9n aguant\u00f3 bien. Termin\u00f3 con ocho tantos de saque y cuatro en el peloteo por solo dos errores. Con un marcador igualado, el choque se decidi\u00f3 tras una gran jugada a dos paredes de Loitegi que alcanz\u00f3 en bote corrido Aldabe para terminar en tanto. Aldabe hizo 16 tantos por 4 errores. Loitegi acab\u00f3 con 16 tantos y tres errores.<\/p>\n\n\n\n<p>En el estelar Azpiroz y Barrenetxea IV se impusieron 40-26 a Ansa II-Larra\u00f1aga. Azpiroz sustituy\u00f3 a Segurola, que suspendi\u00f3 por no encontrarse bien. De delantero Azpiroz jug\u00f3 de maravilla y super\u00f3 a Ansa en los cuadros alegres. Hizo 17 tantos por 4 errores, mientras Ansa hizo 13 tantos y ocho errores. En ataque el delantero urnietarra acab\u00f3 con muchos fallos. Azpiroz jug\u00f3 m\u00e1s de cara gracias al gran partido de Barrenetxea, que acab\u00f3 con cinco tantos de saque, siete en el peloteo y tres errores en total. Larra\u00f1aga se defendi\u00f3 bien con tres tantos de saque, seis en el peloteo y tres errores.<\/p>\n","protected":false},"excerpt":{"rendered":"<p>Oier Apezetxea comenz\u00f3 de la mejor manera posible su periplo como remontista profesional. Junto con Aldabe gan\u00f3 34-35 ante Loitegi y Zaldua I un partido que es correspondiente al Berria Erremonte Txapelketa. Un resultado que les otorga cuatro puntos y se colocan m\u00e1s cerca de la clasificaci\u00f3n a semifinales. Unas semifinales a las que ya [&hellip;]<\/p>\n","protected":false},"author":5,"featured_media":6347,"comment_status":"closed","ping_status":"open","sticky":false,"template":"","format":"standard","meta":{"_et_pb_use_builder":"off","_et_pb_old_content":"","_et_gb_content_width":"","footnotes":""},"categories":[1],"tags":[],"yoast_head":"<!-- This site is optimized with the Yoast SEO plugin v21.8 - https:\/\/yoast.com\/wordpress\/plugins\/seo\/ -->\n<title>Inmejorable debut de Oier Apezetxea en el remonte profesional | Oriamendi 2010<\/title>\n<meta name=\"robots\" content=\"index, follow, max-snippet:-1, max-image-preview:large, max-video-preview:-1\" \/>\n<link rel=\"canonical\" href=\"https:\/\/oriamendi.eus\/es\/2022\/03\/12\/inmejorable-debut-de-oier-apezetxea-en-el-remonte-profesional\/\" \/>\n<meta property=\"og:locale\" content=\"es_ES\" \/>\n<meta property=\"og:type\" content=\"article\" \/>\n<meta property=\"og:title\" content=\"Inmejorable debut de Oier Apezetxea en el remonte profesional | Oriamendi 2010\" \/>\n<meta property=\"og:description\" content=\"Oier Apezetxea comenz\u00f3 de la mejor manera posible su periplo como remontista profesional. Junto con Aldabe gan\u00f3 34-35 ante Loitegi y Zaldua I un partido que es correspondiente al Berria Erremonte Txapelketa. Un resultado que les otorga cuatro puntos y se colocan m\u00e1s cerca de la clasificaci\u00f3n a semifinales. Unas semifinales a las que ya [&hellip;]\" \/>\n<meta property=\"og:url\" content=\"https:\/\/oriamendi.eus\/es\/2022\/03\/12\/inmejorable-debut-de-oier-apezetxea-en-el-remonte-profesional\/\" \/>\n<meta property=\"og:site_name\" content=\"Oriamendi 2010\" \/>\n<meta property=\"article:publisher\" content=\"https:\/\/www.facebook.com\/oriamendi2010remonte\/\" \/>\n<meta property=\"article:published_time\" content=\"2022-03-12T20:13:41+00:00\" \/>\n<meta property=\"article:modified_time\" content=\"2022-03-12T20:13:45+00:00\" \/>\n<meta property=\"og:image\" content=\"https:\/\/oriamendi.eus\/wp-content\/uploads\/2022\/03\/oier1.jpg\" \/>\n\t<meta property=\"og:image:width\" content=\"1200\" \/>\n\t<meta property=\"og:image:height\" content=\"800\" \/>\n\t<meta property=\"og:image:type\" content=\"image\/jpeg\" \/>\n<meta name=\"author\" content=\"I\u00f1igo Go\u00f1i\" \/>\n<meta name=\"twitter:card\" content=\"summary_large_image\" \/>\n<meta name=\"twitter:creator\" content=\"@oriamendi2010\" \/>\n<meta name=\"twitter:site\" content=\"@oriamendi2010\" \/>\n<meta name=\"twitter:label1\" content=\"Escrito por\" \/>\n\t<meta name=\"twitter:data1\" content=\"I\u00f1igo Go\u00f1i\" \/>\n\t<meta name=\"twitter:label2\" content=\"Tiempo de lectura\" \/>\n\t<meta name=\"twitter:data2\" content=\"3 minutos\" \/>\n<script type=\"application\/ld+json\" class=\"yoast-schema-graph\">{\"@context\":\"https:\/\/schema.org\",\"@graph\":[{\"@type\":\"Article\",\"@id\":\"https:\/\/oriamendi.eus\/es\/2022\/03\/12\/inmejorable-debut-de-oier-apezetxea-en-el-remonte-profesional\/#article\",\"isPartOf\":{\"@id\":\"https:\/\/oriamendi.eus\/es\/2022\/03\/12\/inmejorable-debut-de-oier-apezetxea-en-el-remonte-profesional\/\"},\"author\":{\"name\":\"I\u00f1igo Go\u00f1i\",\"@id\":\"https:\/\/oriamendi.eus\/es\/#\/schema\/person\/c0bd06c6c747674306a5c82563e2339a\"},\"headline\":\"Inmejorable debut de Oier Apezetxea en el remonte profesional\",\"datePublished\":\"2022-03-12T20:13:41+00:00\",\"dateModified\":\"2022-03-12T20:13:45+00:00\",\"mainEntityOfPage\":{\"@id\":\"https:\/\/oriamendi.eus\/es\/2022\/03\/12\/inmejorable-debut-de-oier-apezetxea-en-el-remonte-profesional\/\"},\"wordCount\":450,\"publisher\":{\"@id\":\"https:\/\/oriamendi.eus\/es\/#organization\"},\"articleSection\":[\"Sin categorizar\"],\"inLanguage\":\"es\"},{\"@type\":\"WebPage\",\"@id\":\"https:\/\/oriamendi.eus\/es\/2022\/03\/12\/inmejorable-debut-de-oier-apezetxea-en-el-remonte-profesional\/\",\"url\":\"https:\/\/oriamendi.eus\/es\/2022\/03\/12\/inmejorable-debut-de-oier-apezetxea-en-el-remonte-profesional\/\",\"name\":\"Inmejorable debut de Oier Apezetxea en el remonte profesional | Oriamendi 2010\",\"isPartOf\":{\"@id\":\"https:\/\/oriamendi.eus\/es\/#website\"},\"datePublished\":\"2022-03-12T20:13:41+00:00\",\"dateModified\":\"2022-03-12T20:13:45+00:00\",\"breadcrumb\":{\"@id\":\"https:\/\/oriamendi.eus\/es\/2022\/03\/12\/inmejorable-debut-de-oier-apezetxea-en-el-remonte-profesional\/#breadcrumb\"},\"inLanguage\":\"es\",\"potentialAction\":[{\"@type\":\"ReadAction\",\"target\":[\"https:\/\/oriamendi.eus\/es\/2022\/03\/12\/inmejorable-debut-de-oier-apezetxea-en-el-remonte-profesional\/\"]}]},{\"@type\":\"BreadcrumbList\",\"@id\":\"https:\/\/oriamendi.eus\/es\/2022\/03\/12\/inmejorable-debut-de-oier-apezetxea-en-el-remonte-profesional\/#breadcrumb\",\"itemListElement\":[{\"@type\":\"ListItem\",\"position\":1,\"name\":\"Portada\",\"item\":\"https:\/\/oriamendi.eus\/es\/\"},{\"@type\":\"ListItem\",\"position\":2,\"name\":\"Inmejorable debut de Oier Apezetxea en el remonte profesional\"}]},{\"@type\":\"WebSite\",\"@id\":\"https:\/\/oriamendi.eus\/es\/#website\",\"url\":\"https:\/\/oriamendi.eus\/es\/\",\"name\":\"Oriamendi\",\"description\":\"Remonte en Galarreta. Hernani. Gipuzkoa\",\"publisher\":{\"@id\":\"https:\/\/oriamendi.eus\/es\/#organization\"},\"potentialAction\":[{\"@type\":\"SearchAction\",\"target\":{\"@type\":\"EntryPoint\",\"urlTemplate\":\"https:\/\/oriamendi.eus\/es\/?s={search_term_string}\"},\"query-input\":\"required name=search_term_string\"}],\"inLanguage\":\"es\"},{\"@type\":\"Organization\",\"@id\":\"https:\/\/oriamendi.eus\/es\/#organization\",\"name\":\"Oriamendi\",\"url\":\"https:\/\/oriamendi.eus\/es\/\",\"logo\":{\"@type\":\"ImageObject\",\"inLanguage\":\"es\",\"@id\":\"https:\/\/oriamendi.eus\/es\/#\/schema\/logo\/image\/\",\"url\":\"https:\/\/oriamendi.eus\/wp-content\/uploads\/2020\/06\/logo-oriamendi.png\",\"contentUrl\":\"https:\/\/oriamendi.eus\/wp-content\/uploads\/2020\/06\/logo-oriamendi.png\",\"width\":300,\"height\":90,\"caption\":\"Oriamendi\"},\"image\":{\"@id\":\"https:\/\/oriamendi.eus\/es\/#\/schema\/logo\/image\/\"},\"sameAs\":[\"https:\/\/www.facebook.com\/oriamendi2010remonte\/\",\"https:\/\/twitter.com\/oriamendi2010\",\"https:\/\/www.instagram.com\/galarretajaialai\/\",\"https:\/\/www.youtube.com\/channel\/UC8gVNzQqB1iwnC-_rI-ihmA\/featured\"]},{\"@type\":\"Person\",\"@id\":\"https:\/\/oriamendi.eus\/es\/#\/schema\/person\/c0bd06c6c747674306a5c82563e2339a\",\"name\":\"I\u00f1igo Go\u00f1i\",\"image\":{\"@type\":\"ImageObject\",\"inLanguage\":\"es\",\"@id\":\"https:\/\/oriamendi.eus\/es\/#\/schema\/person\/image\/\",\"url\":\"https:\/\/secure.gravatar.com\/avatar\/fbb07ffc7b803bbfcc2b6419c06abd3a?s=96&d=mm&r=g\",\"contentUrl\":\"https:\/\/secure.gravatar.com\/avatar\/fbb07ffc7b803bbfcc2b6419c06abd3a?s=96&d=mm&r=g\",\"caption\":\"I\u00f1igo Go\u00f1i\"},\"url\":\"https:\/\/oriamendi.eus\/es\/author\/om-berriak\/\"}]}<\/script>\n<!-- \/ Yoast SEO plugin. -->","yoast_head_json":{"title":"Inmejorable debut de Oier Apezetxea en el remonte profesional | Oriamendi 2010","robots":{"index":"index","follow":"follow","max-snippet":"max-snippet:-1","max-image-preview":"max-image-preview:large","max-video-preview":"max-video-preview:-1"},"canonical":"https:\/\/oriamendi.eus\/es\/2022\/03\/12\/inmejorable-debut-de-oier-apezetxea-en-el-remonte-profesional\/","og_locale":"es_ES","og_type":"article","og_title":"Inmejorable debut de Oier Apezetxea en el remonte profesional | Oriamendi 2010","og_description":"Oier Apezetxea comenz\u00f3 de la mejor manera posible su periplo como remontista profesional. Junto con Aldabe gan\u00f3 34-35 ante Loitegi y Zaldua I un partido que es correspondiente al Berria Erremonte Txapelketa. Un resultado que les otorga cuatro puntos y se colocan m\u00e1s cerca de la clasificaci\u00f3n a semifinales. Unas semifinales a las que ya [&hellip;]","og_url":"https:\/\/oriamendi.eus\/es\/2022\/03\/12\/inmejorable-debut-de-oier-apezetxea-en-el-remonte-profesional\/","og_site_name":"Oriamendi 2010","article_publisher":"https:\/\/www.facebook.com\/oriamendi2010remonte\/","article_published_time":"2022-03-12T20:13:41+00:00","article_modified_time":"2022-03-12T20:13:45+00:00","og_image":[{"width":1200,"height":800,"url":"https:\/\/oriamendi.eus\/wp-content\/uploads\/2022\/03\/oier1.jpg","type":"image\/jpeg"}],"author":"I\u00f1igo Go\u00f1i","twitter_card":"summary_large_image","twitter_creator":"@oriamendi2010","twitter_site":"@oriamendi2010","twitter_misc":{"Escrito por":"I\u00f1igo Go\u00f1i","Tiempo de lectura":"3 minutos"},"schema":{"@context":"https:\/\/schema.org","@graph":[{"@type":"Article","@id":"https:\/\/oriamendi.eus\/es\/2022\/03\/12\/inmejorable-debut-de-oier-apezetxea-en-el-remonte-profesional\/#article","isPartOf":{"@id":"https:\/\/oriamendi.eus\/es\/2022\/03\/12\/inmejorable-debut-de-oier-apezetxea-en-el-remonte-profesional\/"},"author":{"name":"I\u00f1igo Go\u00f1i","@id":"https:\/\/oriamendi.eus\/es\/#\/schema\/person\/c0bd06c6c747674306a5c82563e2339a"},"headline":"Inmejorable debut de Oier Apezetxea en el remonte profesional","datePublished":"2022-03-12T20:13:41+00:00","dateModified":"2022-03-12T20:13:45+00:00","mainEntityOfPage":{"@id":"https:\/\/oriamendi.eus\/es\/2022\/03\/12\/inmejorable-debut-de-oier-apezetxea-en-el-remonte-profesional\/"},"wordCount":450,"publisher":{"@id":"https:\/\/oriamendi.eus\/es\/#organization"},"articleSection":["Sin categorizar"],"inLanguage":"es"},{"@type":"WebPage","@id":"https:\/\/oriamendi.eus\/es\/2022\/03\/12\/inmejorable-debut-de-oier-apezetxea-en-el-remonte-profesional\/","url":"https:\/\/oriamendi.eus\/es\/2022\/03\/12\/inmejorable-debut-de-oier-apezetxea-en-el-remonte-profesional\/","name":"Inmejorable debut de Oier Apezetxea en el remonte profesional | Oriamendi 2010","isPartOf":{"@id":"https:\/\/oriamendi.eus\/es\/#website"},"datePublished":"2022-03-12T20:13:41+00:00","dateModified":"2022-03-12T20:13:45+00:00","breadcrumb":{"@id":"https:\/\/oriamendi.eus\/es\/2022\/03\/12\/inmejorable-debut-de-oier-apezetxea-en-el-remonte-profesional\/#breadcrumb"},"inLanguage":"es","potentialAction":[{"@type":"ReadAction","target":["https:\/\/oriamendi.eus\/es\/2022\/03\/12\/inmejorable-debut-de-oier-apezetxea-en-el-remonte-profesional\/"]}]},{"@type":"BreadcrumbList","@id":"https:\/\/oriamendi.eus\/es\/2022\/03\/12\/inmejorable-debut-de-oier-apezetxea-en-el-remonte-profesional\/#breadcrumb","itemListElement":[{"@type":"ListItem","position":1,"name":"Portada","item":"https:\/\/oriamendi.eus\/es\/"},{"@type":"ListItem","position":2,"name":"Inmejorable debut de Oier Apezetxea en el remonte profesional"}]},{"@type":"WebSite","@id":"https:\/\/oriamendi.eus\/es\/#website","url":"https:\/\/oriamendi.eus\/es\/","name":"Oriamendi","description":"Remonte en Galarreta. Hernani. Gipuzkoa","publisher":{"@id":"https:\/\/oriamendi.eus\/es\/#organization"},"potentialAction":[{"@type":"SearchAction","target":{"@type":"EntryPoint","urlTemplate":"https:\/\/oriamendi.eus\/es\/?s={search_term_string}"},"query-input":"required name=search_term_string"}],"inLanguage":"es"},{"@type":"Organization","@id":"https:\/\/oriamendi.eus\/es\/#organization","name":"Oriamendi","url":"https:\/\/oriamendi.eus\/es\/","logo":{"@type":"ImageObject","inLanguage":"es","@id":"https:\/\/oriamendi.eus\/es\/#\/schema\/logo\/image\/","url":"https:\/\/oriamendi.eus\/wp-content\/uploads\/2020\/06\/logo-oriamendi.png","contentUrl":"https:\/\/oriamendi.eus\/wp-content\/uploads\/2020\/06\/logo-oriamendi.png","width":300,"height":90,"caption":"Oriamendi"},"image":{"@id":"https:\/\/oriamendi.eus\/es\/#\/schema\/logo\/image\/"},"sameAs":["https:\/\/www.facebook.com\/oriamendi2010remonte\/","https:\/\/twitter.com\/oriamendi2010","https:\/\/www.instagram.com\/galarretajaialai\/","https:\/\/www.youtube.com\/channel\/UC8gVNzQqB1iwnC-_rI-ihmA\/featured"]},{"@type":"Person","@id":"https:\/\/oriamendi.eus\/es\/#\/schema\/person\/c0bd06c6c747674306a5c82563e2339a","name":"I\u00f1igo Go\u00f1i","image":{"@type":"ImageObject","inLanguage":"es","@id":"https:\/\/oriamendi.eus\/es\/#\/schema\/person\/image\/","url":"https:\/\/secure.gravatar.com\/avatar\/fbb07ffc7b803bbfcc2b6419c06abd3a?s=96&d=mm&r=g","contentUrl":"https:\/\/secure.gravatar.com\/avatar\/fbb07ffc7b803bbfcc2b6419c06abd3a?s=96&d=mm&r=g","caption":"I\u00f1igo Go\u00f1i"},"url":"https:\/\/oriamendi.eus\/es\/author\/om-berriak\/"}]}},"_links":{"self":[{"href":"https:\/\/oriamendi.eus\/es\/wp-json\/wp\/v2\/posts\/6350"}],"collection":[{"href":"https:\/\/oriamendi.eus\/es\/wp-json\/wp\/v2\/posts"}],"about":[{"href":"https:\/\/oriamendi.eus\/es\/wp-json\/wp\/v2\/types\/post"}],"author":[{"embeddable":true,"href":"https:\/\/oriamendi.eus\/es\/wp-json\/wp\/v2\/users\/5"}],"replies":[{"embeddable":true,"href":"https:\/\/oriamendi.eus\/es\/wp-json\/wp\/v2\/comments?post=6350"}],"version-history":[{"count":1,"href":"https:\/\/oriamendi.eus\/es\/wp-json\/wp\/v2\/posts\/6350\/revisions"}],"predecessor-version":[{"id":6351,"href":"https:\/\/oriamendi.eus\/es\/wp-json\/wp\/v2\/posts\/6350\/revisions\/6351"}],"wp:featuredmedia":[{"embeddable":true,"href":"https:\/\/oriamendi.eus\/es\/wp-json\/wp\/v2\/media\/6347"}],"wp:attachment":[{"href":"https:\/\/oriamendi.eus\/es\/wp-json\/wp\/v2\/media?parent=6350"}],"wp:term":[{"taxonomy":"category","embeddable":true,"href":"https:\/\/oriamendi.eus\/es\/wp-json\/wp\/v2\/categories?post=6350"},{"taxonomy":"post_tag","embeddable":true,"href":"https:\/\/oriamendi.eus\/es\/wp-json\/wp\/v2\/tags?post=6350"}],"curies":[{"name":"wp","href":"https:\/\/api.w.org\/{rel}","templated":true}]}}