                                        
                                        
                                        
                                        
                                        
                                        
                                        
                                        
                                        
                                        
                                        
                                        
                                        
                                        
                                        
                                        
                                        
                                        
{"id":6340,"date":"2022-03-10T15:11:12","date_gmt":"2022-03-10T14:11:12","guid":{"rendered":"https:\/\/oriamendi.eus\/?p=6340"},"modified":"2022-03-10T15:11:15","modified_gmt":"2022-03-10T14:11:15","slug":"estoy-arrepentido-de-no-haber-probado-antes-el-remonte-lo-disfrutaria-mas","status":"publish","type":"post","link":"https:\/\/oriamendi.eus\/es\/2022\/03\/10\/estoy-arrepentido-de-no-haber-probado-antes-el-remonte-lo-disfrutaria-mas\/","title":{"rendered":"\u00abEstoy arrepentido de no haber probado antes el remonte, lo disfrutar\u00eda m\u00e1s\u00bb"},"content":{"rendered":"\n<p><\/p>\n\n\n\n<p><strong>El goizuetarra Oier Apezetxea debuta el s\u00e1bado como profesional en remonte en el Berria Erremonte Txapelketa, formando pareja con Aldabe. 14 meses despu\u00e9s de empezar a entrenar en diciembre de 2020.<\/strong><\/p>\n\n\n\n<p>El goizuetarra Oier Apezetxea debutar\u00e1 el s\u00e1bado como remontista profesional. Adem\u00e1s, no ser\u00e1 un estreno normal. Junto a Aldabe jugar\u00e1 su primer partido en el Torneo Berria de remonte en Galarreta, el tercero del festival que comenzar\u00e1 a las 16:30 horas y en el que son rivales Loitegi y Zaldua I.<\/p>\n\n\n\n<p>El goizuetarra ha saltado al remonte despu\u00e9s de muchos a\u00f1os jugando en el campo aficionado como pelotari de mano y el pelotari afincado en Azpeitia explica c\u00f3mo ha sido el camino para convertirse en remontista. \u00abMi primo Josu Apezetxea, desgraciadamente recientemente fallecido, me dec\u00eda desde hace a\u00f1os que ten\u00eda que probar el remonte, pero estaba muy metido en la pelota a mano. Luego, el remontista Larra\u00f1aga y el entrenador Javi Odriozola me recomendaron probarlo y al final lo prob\u00e9. Ten\u00eda 28-29 a\u00f1os, muchos a\u00f1os de pelota a mano y quer\u00eda algo nuevo en el front\u00f3n. Una vez me puse la cesta en Azpeitia y met\u00ed el primer pelotazo en el frontis la impresi\u00f3n fue preciosa. La velocidad me impresion\u00f3. Estuve a gusto y me acerqu\u00e9 a Galarreta. All\u00ed, al principio me cost\u00f3 meter dos pelotazos en el frontis. Sin embargo, me sent\u00eda a gusto, aunque con la postura de arriba no acertaba y sufr\u00eda mucho. Me costaba mejorar sabiendo que es la primera posici\u00f3n que hay que dominar\u00bb.<\/p>\n\n\n\n<p>Oier ha sido delantero en pelota mano y en remonte jugar\u00e1 de zaguero. \u00abComo te digo ten\u00eda problemas con la postura de arriba y en un entrenamiento faltaba un zaguero y Kike Elizalde me puso de zaguero. Dicen que el primer saque suele ser dif\u00edcil y lo met\u00ed. Me cost\u00f3 coger la distancia, pero poco a poco he ido mejorando, al menos metiendo m\u00e1s pelota en el verde. Hace cinco meses empec\u00e9 a jugar de zaguero\u00bb.<\/p>\n\n\n\n<p>\u00ab<strong>Llevo a\u00f1o y tres meses jugando al remonte\u00bb<\/strong><\/p>\n\n\n\n<p>Oier Apezetxea empez\u00f3 a remonte hace un a\u00f1o y tres meses. \u00abEmpec\u00e9 en el remonte en diciembre de 2020. Al principio combinaba la pelota a mano con el remonte. Ten\u00eda que elegir uno de los dos y al final opt\u00e9 por el remonte. Estoy a gusto con la decisi\u00f3n y m\u00e1s satisfecho con la oportunidad que me ha dado Oriamendi. Estoy agradecido\u00bb.<\/p>\n\n\n\n<p>Oier Apezetxea entrena en Galarreta los martes y jueves. \u00abAl principio me acercaba los lunes y mi\u00e9rcoles\u00bb. Debutar en el torneo es especial y Apezetxea no se lo esperaba. \u00abLa verdad es que tengo una papeleta dif\u00edcil. Es un partido importante para Loitegi y Zaldua, el tanteo tambi\u00e9n es muy importante en este campeonato, todos los tantos son importantes. Para m\u00ed es un gran partido. S\u00e9 que tengo una pareja muy bonita, el mejor delantero de segunda (Aldabe) y l\u00f3gicamente necesito este tipo de ayuda. La verdad es que tengo un partido duro por delante y voy a intentar hacer el mejor papel posible\u00bb.<\/p>\n\n\n\n<figure class=\"wp-block-image size-large\"><img fetchpriority=\"high\" fetchpriority=\"high\" decoding=\"async\" width=\"1024\" height=\"683\" src=\"https:\/\/oriamendi.eus\/wp-content\/uploads\/2022\/03\/oier-1024x683.jpg\" alt=\"\" class=\"wp-image-6335\" srcset=\"https:\/\/oriamendi.eus\/wp-content\/uploads\/2022\/03\/oier-1024x683.jpg 1024w, https:\/\/oriamendi.eus\/wp-content\/uploads\/2022\/03\/oier-980x653.jpg 980w, https:\/\/oriamendi.eus\/wp-content\/uploads\/2022\/03\/oier-480x320.jpg 480w\" sizes=\"(min-width: 0px) and (max-width: 480px) 480px, (min-width: 481px) and (max-width: 980px) 980px, (min-width: 981px) 1024px, 100vw\" \/><\/figure>\n\n\n\n<p>En Goizueta hay otro remontista profesional, Zubiri, y Oier Apezetxea ser\u00e1 el segundo. Oier dice que es algo bueno para el pueblo. \u00abEn pelota mano ahora hay un profesional (Iker Salaberria) y dos en el remonte. Hemos entrenado juntos tres o cuatro veces. Me resultaba extra\u00f1o estar a su lado. Siempre est\u00e1 dispuesto a ayudar, como todos los remontistas, y agradezco las recomendaciones\u00bb.<\/p>\n\n\n\n<p>Cree que puede ayudar a que los m\u00e1s j\u00f3venes se acerquen al remonte. \u00abA ver si poco a poco se anima a jugar a remonte y el remonte coge m\u00e1s fuerza. Ser\u00eda bonito para mover a gente joven\u00bb.<\/p>\n\n\n\n<p>El remonte puede ser tambi\u00e9n una soluci\u00f3n para seguir jugando a pelota. \u00abEstoy arrepentido de no haberlo probado antes. Siempre el que entra a mano acaba ah\u00ed el recorrido. Yo fuera de la pelota no me ve\u00eda y ahora estoy seguro de que si lo hubiera probado antes habr\u00eda disfrutado m\u00e1s\u00bb.<\/p>\n\n\n\n<p><strong>\u00abUn segundo en remonte es mucho\u00bb<\/strong><\/p>\n\n\n\n<p>La velocidad en el remonte es la clave y la que m\u00e1s engancha al deportista. \u00abEn remonte un segundo es mucho. Hacer buena en la pelota a mano es m\u00e1s f\u00e1cil, pero si te encuentras mal colocado aqu\u00ed la pelota va al otro lado. Es otro ritmo\u00bb.<\/p>\n\n\n\n<p>La ubicaci\u00f3n y la adaptaci\u00f3n al ritmo son otras de las caracter\u00edsticas principales de este deporte. \u00abOtra caracter\u00edstica dif\u00edcil es estar pegado junto a la pared. En pelota a mano, como delantero, el rival golpea la pelota y est\u00e1s preparado para entrar de aire. Aqu\u00ed tienes que estar de nuevo en la pared. Tambi\u00e9n hay que tomar distancias o tomar medidas, me voy adaptando poco a poco\u00bb.<\/p>\n\n\n\n<p>En el saque de momento se desenvuelve bien el zaguero goizuetarra. \u00abMe siento bien sacando. En la posici\u00f3n de abajo me desenvuelvo mucho mejor que con la de arriba. En pelota mano me dec\u00edan que era voleista, pero en remonte la verdad es que me cuesta esa postura de arriba. Es diferente, con la cesta hay que cortar antes el golpe y se me hace m\u00e1s dif\u00edcil\u00bb.<\/p>\n\n\n\n<p>Un buen trabajo defensivo en el remonte lleva al remontista a ganar muchos partidos. \u00abLa defensa en pared siempre es muy dif\u00edcil. Es dif\u00edcil para los veteranos, imag\u00ednate para alguien que lleva 14 meses jugando. Al final, la colocaci\u00f3n es importante\u00bb.<\/p>\n\n\n\n<p>Como entrenador trabaja el intendente Kike Elizalde. \u00abAl principio ten\u00eda como ayudantes a Goikoetxea, Zubiri y Ansa, pero ahora es Kike Elizalde. Muy a gusto con todos ellos\u00bb. En el partido del s\u00e1bado no faltar\u00e1n amigos y familiares. \u00abA Galarreta antes iba de vez en cuando, pero poco. Soy aficionado a Ansa y tambi\u00e9n iba a ver al primo Gaztelu, que vendr\u00e1n el s\u00e1bado y luego hemos organizado una cena con unos 50 amigos\u00bb.<\/p>\n","protected":false},"excerpt":{"rendered":"<p>El goizuetarra Oier Apezetxea debuta el s\u00e1bado como profesional en remonte en el Berria Erremonte Txapelketa, formando pareja con Aldabe. 14 meses despu\u00e9s de empezar a entrenar en diciembre de 2020. El goizuetarra Oier Apezetxea debutar\u00e1 el s\u00e1bado como remontista profesional. Adem\u00e1s, no ser\u00e1 un estreno normal. Junto a Aldabe jugar\u00e1 su primer partido en [&hellip;]<\/p>\n","protected":false},"author":5,"featured_media":6339,"comment_status":"closed","ping_status":"open","sticky":false,"template":"","format":"standard","meta":{"_et_pb_use_builder":"off","_et_pb_old_content":"","_et_gb_content_width":"","footnotes":""},"categories":[1],"tags":[],"yoast_head":"<!-- This site is optimized with the Yoast SEO plugin v21.8 - https:\/\/yoast.com\/wordpress\/plugins\/seo\/ -->\n<title>\u00abEstoy arrepentido de no haber probado antes el remonte, lo disfrutar\u00eda m\u00e1s\u00bb | Oriamendi 2010<\/title>\n<meta name=\"robots\" content=\"index, follow, max-snippet:-1, max-image-preview:large, max-video-preview:-1\" \/>\n<link rel=\"canonical\" href=\"https:\/\/oriamendi.eus\/es\/2022\/03\/10\/estoy-arrepentido-de-no-haber-probado-antes-el-remonte-lo-disfrutaria-mas\/\" \/>\n<meta property=\"og:locale\" content=\"es_ES\" \/>\n<meta property=\"og:type\" content=\"article\" \/>\n<meta property=\"og:title\" content=\"\u00abEstoy arrepentido de no haber probado antes el remonte, lo disfrutar\u00eda m\u00e1s\u00bb | Oriamendi 2010\" \/>\n<meta property=\"og:description\" content=\"El goizuetarra Oier Apezetxea debuta el s\u00e1bado como profesional en remonte en el Berria Erremonte Txapelketa, formando pareja con Aldabe. 14 meses despu\u00e9s de empezar a entrenar en diciembre de 2020. El goizuetarra Oier Apezetxea debutar\u00e1 el s\u00e1bado como remontista profesional. Adem\u00e1s, no ser\u00e1 un estreno normal. Junto a Aldabe jugar\u00e1 su primer partido en [&hellip;]\" \/>\n<meta property=\"og:url\" content=\"https:\/\/oriamendi.eus\/es\/2022\/03\/10\/estoy-arrepentido-de-no-haber-probado-antes-el-remonte-lo-disfrutaria-mas\/\" \/>\n<meta property=\"og:site_name\" content=\"Oriamendi 2010\" \/>\n<meta property=\"article:publisher\" content=\"https:\/\/www.facebook.com\/oriamendi2010remonte\/\" \/>\n<meta property=\"article:published_time\" content=\"2022-03-10T14:11:12+00:00\" \/>\n<meta property=\"article:modified_time\" content=\"2022-03-10T14:11:15+00:00\" \/>\n<meta property=\"og:image\" content=\"https:\/\/oriamendi.eus\/wp-content\/uploads\/2022\/03\/220312OierApezetxea.jpg\" \/>\n\t<meta property=\"og:image:width\" content=\"1200\" \/>\n\t<meta property=\"og:image:height\" content=\"800\" \/>\n\t<meta property=\"og:image:type\" content=\"image\/jpeg\" \/>\n<meta name=\"author\" content=\"I\u00f1igo Go\u00f1i\" \/>\n<meta name=\"twitter:card\" content=\"summary_large_image\" \/>\n<meta name=\"twitter:creator\" content=\"@oriamendi2010\" \/>\n<meta name=\"twitter:site\" content=\"@oriamendi2010\" \/>\n<meta name=\"twitter:label1\" content=\"Escrito por\" \/>\n\t<meta name=\"twitter:data1\" content=\"I\u00f1igo Go\u00f1i\" \/>\n\t<meta name=\"twitter:label2\" content=\"Tiempo de lectura\" \/>\n\t<meta name=\"twitter:data2\" content=\"5 minutos\" \/>\n<script type=\"application\/ld+json\" class=\"yoast-schema-graph\">{\"@context\":\"https:\/\/schema.org\",\"@graph\":[{\"@type\":\"Article\",\"@id\":\"https:\/\/oriamendi.eus\/es\/2022\/03\/10\/estoy-arrepentido-de-no-haber-probado-antes-el-remonte-lo-disfrutaria-mas\/#article\",\"isPartOf\":{\"@id\":\"https:\/\/oriamendi.eus\/es\/2022\/03\/10\/estoy-arrepentido-de-no-haber-probado-antes-el-remonte-lo-disfrutaria-mas\/\"},\"author\":{\"name\":\"I\u00f1igo Go\u00f1i\",\"@id\":\"https:\/\/oriamendi.eus\/es\/#\/schema\/person\/c0bd06c6c747674306a5c82563e2339a\"},\"headline\":\"\u00abEstoy arrepentido de no haber probado antes el remonte, lo disfrutar\u00eda m\u00e1s\u00bb\",\"datePublished\":\"2022-03-10T14:11:12+00:00\",\"dateModified\":\"2022-03-10T14:11:15+00:00\",\"mainEntityOfPage\":{\"@id\":\"https:\/\/oriamendi.eus\/es\/2022\/03\/10\/estoy-arrepentido-de-no-haber-probado-antes-el-remonte-lo-disfrutaria-mas\/\"},\"wordCount\":1028,\"publisher\":{\"@id\":\"https:\/\/oriamendi.eus\/es\/#organization\"},\"articleSection\":[\"Sin categorizar\"],\"inLanguage\":\"es\"},{\"@type\":\"WebPage\",\"@id\":\"https:\/\/oriamendi.eus\/es\/2022\/03\/10\/estoy-arrepentido-de-no-haber-probado-antes-el-remonte-lo-disfrutaria-mas\/\",\"url\":\"https:\/\/oriamendi.eus\/es\/2022\/03\/10\/estoy-arrepentido-de-no-haber-probado-antes-el-remonte-lo-disfrutaria-mas\/\",\"name\":\"\u00abEstoy arrepentido de no haber probado antes el remonte, lo disfrutar\u00eda m\u00e1s\u00bb | Oriamendi 2010\",\"isPartOf\":{\"@id\":\"https:\/\/oriamendi.eus\/es\/#website\"},\"datePublished\":\"2022-03-10T14:11:12+00:00\",\"dateModified\":\"2022-03-10T14:11:15+00:00\",\"breadcrumb\":{\"@id\":\"https:\/\/oriamendi.eus\/es\/2022\/03\/10\/estoy-arrepentido-de-no-haber-probado-antes-el-remonte-lo-disfrutaria-mas\/#breadcrumb\"},\"inLanguage\":\"es\",\"potentialAction\":[{\"@type\":\"ReadAction\",\"target\":[\"https:\/\/oriamendi.eus\/es\/2022\/03\/10\/estoy-arrepentido-de-no-haber-probado-antes-el-remonte-lo-disfrutaria-mas\/\"]}]},{\"@type\":\"BreadcrumbList\",\"@id\":\"https:\/\/oriamendi.eus\/es\/2022\/03\/10\/estoy-arrepentido-de-no-haber-probado-antes-el-remonte-lo-disfrutaria-mas\/#breadcrumb\",\"itemListElement\":[{\"@type\":\"ListItem\",\"position\":1,\"name\":\"Portada\",\"item\":\"https:\/\/oriamendi.eus\/es\/\"},{\"@type\":\"ListItem\",\"position\":2,\"name\":\"\u00abEstoy arrepentido de no haber probado antes el remonte, lo disfrutar\u00eda m\u00e1s\u00bb\"}]},{\"@type\":\"WebSite\",\"@id\":\"https:\/\/oriamendi.eus\/es\/#website\",\"url\":\"https:\/\/oriamendi.eus\/es\/\",\"name\":\"Oriamendi\",\"description\":\"Remonte en Galarreta. Hernani. Gipuzkoa\",\"publisher\":{\"@id\":\"https:\/\/oriamendi.eus\/es\/#organization\"},\"potentialAction\":[{\"@type\":\"SearchAction\",\"target\":{\"@type\":\"EntryPoint\",\"urlTemplate\":\"https:\/\/oriamendi.eus\/es\/?s={search_term_string}\"},\"query-input\":\"required name=search_term_string\"}],\"inLanguage\":\"es\"},{\"@type\":\"Organization\",\"@id\":\"https:\/\/oriamendi.eus\/es\/#organization\",\"name\":\"Oriamendi\",\"url\":\"https:\/\/oriamendi.eus\/es\/\",\"logo\":{\"@type\":\"ImageObject\",\"inLanguage\":\"es\",\"@id\":\"https:\/\/oriamendi.eus\/es\/#\/schema\/logo\/image\/\",\"url\":\"https:\/\/oriamendi.eus\/wp-content\/uploads\/2020\/06\/logo-oriamendi.png\",\"contentUrl\":\"https:\/\/oriamendi.eus\/wp-content\/uploads\/2020\/06\/logo-oriamendi.png\",\"width\":300,\"height\":90,\"caption\":\"Oriamendi\"},\"image\":{\"@id\":\"https:\/\/oriamendi.eus\/es\/#\/schema\/logo\/image\/\"},\"sameAs\":[\"https:\/\/www.facebook.com\/oriamendi2010remonte\/\",\"https:\/\/twitter.com\/oriamendi2010\",\"https:\/\/www.instagram.com\/galarretajaialai\/\",\"https:\/\/www.youtube.com\/channel\/UC8gVNzQqB1iwnC-_rI-ihmA\/featured\"]},{\"@type\":\"Person\",\"@id\":\"https:\/\/oriamendi.eus\/es\/#\/schema\/person\/c0bd06c6c747674306a5c82563e2339a\",\"name\":\"I\u00f1igo Go\u00f1i\",\"image\":{\"@type\":\"ImageObject\",\"inLanguage\":\"es\",\"@id\":\"https:\/\/oriamendi.eus\/es\/#\/schema\/person\/image\/\",\"url\":\"https:\/\/secure.gravatar.com\/avatar\/fbb07ffc7b803bbfcc2b6419c06abd3a?s=96&d=mm&r=g\",\"contentUrl\":\"https:\/\/secure.gravatar.com\/avatar\/fbb07ffc7b803bbfcc2b6419c06abd3a?s=96&d=mm&r=g\",\"caption\":\"I\u00f1igo Go\u00f1i\"},\"url\":\"https:\/\/oriamendi.eus\/es\/author\/om-berriak\/\"}]}<\/script>\n<!-- \/ Yoast SEO plugin. -->","yoast_head_json":{"title":"\u00abEstoy arrepentido de no haber probado antes el remonte, lo disfrutar\u00eda m\u00e1s\u00bb | Oriamendi 2010","robots":{"index":"index","follow":"follow","max-snippet":"max-snippet:-1","max-image-preview":"max-image-preview:large","max-video-preview":"max-video-preview:-1"},"canonical":"https:\/\/oriamendi.eus\/es\/2022\/03\/10\/estoy-arrepentido-de-no-haber-probado-antes-el-remonte-lo-disfrutaria-mas\/","og_locale":"es_ES","og_type":"article","og_title":"\u00abEstoy arrepentido de no haber probado antes el remonte, lo disfrutar\u00eda m\u00e1s\u00bb | Oriamendi 2010","og_description":"El goizuetarra Oier Apezetxea debuta el s\u00e1bado como profesional en remonte en el Berria Erremonte Txapelketa, formando pareja con Aldabe. 14 meses despu\u00e9s de empezar a entrenar en diciembre de 2020. El goizuetarra Oier Apezetxea debutar\u00e1 el s\u00e1bado como remontista profesional. Adem\u00e1s, no ser\u00e1 un estreno normal. Junto a Aldabe jugar\u00e1 su primer partido en [&hellip;]","og_url":"https:\/\/oriamendi.eus\/es\/2022\/03\/10\/estoy-arrepentido-de-no-haber-probado-antes-el-remonte-lo-disfrutaria-mas\/","og_site_name":"Oriamendi 2010","article_publisher":"https:\/\/www.facebook.com\/oriamendi2010remonte\/","article_published_time":"2022-03-10T14:11:12+00:00","article_modified_time":"2022-03-10T14:11:15+00:00","og_image":[{"width":1200,"height":800,"url":"https:\/\/oriamendi.eus\/wp-content\/uploads\/2022\/03\/220312OierApezetxea.jpg","type":"image\/jpeg"}],"author":"I\u00f1igo Go\u00f1i","twitter_card":"summary_large_image","twitter_creator":"@oriamendi2010","twitter_site":"@oriamendi2010","twitter_misc":{"Escrito por":"I\u00f1igo Go\u00f1i","Tiempo de lectura":"5 minutos"},"schema":{"@context":"https:\/\/schema.org","@graph":[{"@type":"Article","@id":"https:\/\/oriamendi.eus\/es\/2022\/03\/10\/estoy-arrepentido-de-no-haber-probado-antes-el-remonte-lo-disfrutaria-mas\/#article","isPartOf":{"@id":"https:\/\/oriamendi.eus\/es\/2022\/03\/10\/estoy-arrepentido-de-no-haber-probado-antes-el-remonte-lo-disfrutaria-mas\/"},"author":{"name":"I\u00f1igo Go\u00f1i","@id":"https:\/\/oriamendi.eus\/es\/#\/schema\/person\/c0bd06c6c747674306a5c82563e2339a"},"headline":"\u00abEstoy arrepentido de no haber probado antes el remonte, lo disfrutar\u00eda m\u00e1s\u00bb","datePublished":"2022-03-10T14:11:12+00:00","dateModified":"2022-03-10T14:11:15+00:00","mainEntityOfPage":{"@id":"https:\/\/oriamendi.eus\/es\/2022\/03\/10\/estoy-arrepentido-de-no-haber-probado-antes-el-remonte-lo-disfrutaria-mas\/"},"wordCount":1028,"publisher":{"@id":"https:\/\/oriamendi.eus\/es\/#organization"},"articleSection":["Sin categorizar"],"inLanguage":"es"},{"@type":"WebPage","@id":"https:\/\/oriamendi.eus\/es\/2022\/03\/10\/estoy-arrepentido-de-no-haber-probado-antes-el-remonte-lo-disfrutaria-mas\/","url":"https:\/\/oriamendi.eus\/es\/2022\/03\/10\/estoy-arrepentido-de-no-haber-probado-antes-el-remonte-lo-disfrutaria-mas\/","name":"\u00abEstoy arrepentido de no haber probado antes el remonte, lo disfrutar\u00eda m\u00e1s\u00bb | Oriamendi 2010","isPartOf":{"@id":"https:\/\/oriamendi.eus\/es\/#website"},"datePublished":"2022-03-10T14:11:12+00:00","dateModified":"2022-03-10T14:11:15+00:00","breadcrumb":{"@id":"https:\/\/oriamendi.eus\/es\/2022\/03\/10\/estoy-arrepentido-de-no-haber-probado-antes-el-remonte-lo-disfrutaria-mas\/#breadcrumb"},"inLanguage":"es","potentialAction":[{"@type":"ReadAction","target":["https:\/\/oriamendi.eus\/es\/2022\/03\/10\/estoy-arrepentido-de-no-haber-probado-antes-el-remonte-lo-disfrutaria-mas\/"]}]},{"@type":"BreadcrumbList","@id":"https:\/\/oriamendi.eus\/es\/2022\/03\/10\/estoy-arrepentido-de-no-haber-probado-antes-el-remonte-lo-disfrutaria-mas\/#breadcrumb","itemListElement":[{"@type":"ListItem","position":1,"name":"Portada","item":"https:\/\/oriamendi.eus\/es\/"},{"@type":"ListItem","position":2,"name":"\u00abEstoy arrepentido de no haber probado antes el remonte, lo disfrutar\u00eda m\u00e1s\u00bb"}]},{"@type":"WebSite","@id":"https:\/\/oriamendi.eus\/es\/#website","url":"https:\/\/oriamendi.eus\/es\/","name":"Oriamendi","description":"Remonte en Galarreta. Hernani. Gipuzkoa","publisher":{"@id":"https:\/\/oriamendi.eus\/es\/#organization"},"potentialAction":[{"@type":"SearchAction","target":{"@type":"EntryPoint","urlTemplate":"https:\/\/oriamendi.eus\/es\/?s={search_term_string}"},"query-input":"required name=search_term_string"}],"inLanguage":"es"},{"@type":"Organization","@id":"https:\/\/oriamendi.eus\/es\/#organization","name":"Oriamendi","url":"https:\/\/oriamendi.eus\/es\/","logo":{"@type":"ImageObject","inLanguage":"es","@id":"https:\/\/oriamendi.eus\/es\/#\/schema\/logo\/image\/","url":"https:\/\/oriamendi.eus\/wp-content\/uploads\/2020\/06\/logo-oriamendi.png","contentUrl":"https:\/\/oriamendi.eus\/wp-content\/uploads\/2020\/06\/logo-oriamendi.png","width":300,"height":90,"caption":"Oriamendi"},"image":{"@id":"https:\/\/oriamendi.eus\/es\/#\/schema\/logo\/image\/"},"sameAs":["https:\/\/www.facebook.com\/oriamendi2010remonte\/","https:\/\/twitter.com\/oriamendi2010","https:\/\/www.instagram.com\/galarretajaialai\/","https:\/\/www.youtube.com\/channel\/UC8gVNzQqB1iwnC-_rI-ihmA\/featured"]},{"@type":"Person","@id":"https:\/\/oriamendi.eus\/es\/#\/schema\/person\/c0bd06c6c747674306a5c82563e2339a","name":"I\u00f1igo Go\u00f1i","image":{"@type":"ImageObject","inLanguage":"es","@id":"https:\/\/oriamendi.eus\/es\/#\/schema\/person\/image\/","url":"https:\/\/secure.gravatar.com\/avatar\/fbb07ffc7b803bbfcc2b6419c06abd3a?s=96&d=mm&r=g","contentUrl":"https:\/\/secure.gravatar.com\/avatar\/fbb07ffc7b803bbfcc2b6419c06abd3a?s=96&d=mm&r=g","caption":"I\u00f1igo Go\u00f1i"},"url":"https:\/\/oriamendi.eus\/es\/author\/om-berriak\/"}]}},"_links":{"self":[{"href":"https:\/\/oriamendi.eus\/es\/wp-json\/wp\/v2\/posts\/6340"}],"collection":[{"href":"https:\/\/oriamendi.eus\/es\/wp-json\/wp\/v2\/posts"}],"about":[{"href":"https:\/\/oriamendi.eus\/es\/wp-json\/wp\/v2\/types\/post"}],"author":[{"embeddable":true,"href":"https:\/\/oriamendi.eus\/es\/wp-json\/wp\/v2\/users\/5"}],"replies":[{"embeddable":true,"href":"https:\/\/oriamendi.eus\/es\/wp-json\/wp\/v2\/comments?post=6340"}],"version-history":[{"count":1,"href":"https:\/\/oriamendi.eus\/es\/wp-json\/wp\/v2\/posts\/6340\/revisions"}],"predecessor-version":[{"id":6341,"href":"https:\/\/oriamendi.eus\/es\/wp-json\/wp\/v2\/posts\/6340\/revisions\/6341"}],"wp:featuredmedia":[{"embeddable":true,"href":"https:\/\/oriamendi.eus\/es\/wp-json\/wp\/v2\/media\/6339"}],"wp:attachment":[{"href":"https:\/\/oriamendi.eus\/es\/wp-json\/wp\/v2\/media?parent=6340"}],"wp:term":[{"taxonomy":"category","embeddable":true,"href":"https:\/\/oriamendi.eus\/es\/wp-json\/wp\/v2\/categories?post=6340"},{"taxonomy":"post_tag","embeddable":true,"href":"https:\/\/oriamendi.eus\/es\/wp-json\/wp\/v2\/tags?post=6340"}],"curies":[{"name":"wp","href":"https:\/\/api.w.org\/{rel}","templated":true}]}}