                                        
                                        
                                        
                                        
                                        
                                        
                                        
                                        
                                        
                                        
                                        
                                        
                                        
                                        
                                        
                                        
                                        
                                        
{"id":6296,"date":"2022-02-20T12:37:22","date_gmt":"2022-02-20T11:37:22","guid":{"rendered":"https:\/\/oriamendi.eus\/?p=6296"},"modified":"2022-02-20T12:37:25","modified_gmt":"2022-02-20T11:37:25","slug":"barrenetxea-iv-suma-su-segunda-txapela-del-masters","status":"publish","type":"post","link":"https:\/\/oriamendi.eus\/es\/2022\/02\/20\/barrenetxea-iv-suma-su-segunda-txapela-del-masters\/","title":{"rendered":"Barrenetxea IV suma su segunda txapela del Masters"},"content":{"rendered":"\n<p>Endika Barrenetxea se impuso 30-22 a Imanol Ansa en la final de la decimosegunda edici\u00f3n del Iparlur Masters Txapelketa. La victoria otorga al zaguero hernaniarra su segunda txapela del Masters e iguala a Koteto Ezkurra y Xanti Uterga en el palmar\u00e9s, aunque todav\u00eda est\u00e1 lejos de las seis txapelas de Javier Urriza.\u00a0<\/p>\n\n\n\n<p>La victoria de Barrenetxea IV fue c\u00f3moda y se produjo, sobre todo, gracias a un parcial de 13-1 a su favor en la mitad de la final. El partido comenz\u00f3 igualado y sin apenas peloteo. Cuando Ansa II se puso por delante en el marcador por primera vez, 9-9, parec\u00eda que el partido ser\u00eda igualado hasta el final, pero se produjo un parcial de 13-1 que le llev\u00f3 a Barrenetxea a un 21-10 ya imposible de remontar.\u00a0<\/p>\n\n\n\n<figure class=\"wp-block-image size-large\"><img fetchpriority=\"high\" fetchpriority=\"high\" decoding=\"async\" width=\"1024\" height=\"683\" src=\"https:\/\/oriamendi.eus\/wp-content\/uploads\/2022\/02\/finala-masters-1024x683.jpg\" alt=\"\" class=\"wp-image-6292\" srcset=\"https:\/\/oriamendi.eus\/wp-content\/uploads\/2022\/02\/finala-masters-1024x683.jpg 1024w, https:\/\/oriamendi.eus\/wp-content\/uploads\/2022\/02\/finala-masters-980x653.jpg 980w, https:\/\/oriamendi.eus\/wp-content\/uploads\/2022\/02\/finala-masters-480x320.jpg 480w\" sizes=\"(min-width: 0px) and (max-width: 480px) 480px, (min-width: 481px) and (max-width: 980px) 980px, (min-width: 981px) 1024px, 100vw\" \/><\/figure>\n\n\n\n<p>Barrenetxea bas\u00f3 ese parcial en el saque, ya que del empate a nueve al 13-9 meti\u00f3 cuatro tantos seguidos con el saque e hizo mucho da\u00f1o a un Ansa II que segu\u00eda fr\u00edo y no lograba pelotear. En el 19-10 la final contaba con solo 59 pelotazos e iba muy r\u00e1pido, con muchos tantos de saque y tantos al resto.\u00a0Una vez que el partido se rompi\u00f3 Ansa se calent\u00f3 algo m\u00e1s, pero nunca tuvo chances de remontada, ante un Barrenetxea que tuvo dudas para terminar el partido. Tampoco se sinti\u00f3 c\u00f3modo, pero como dijo al final la txapela estaba sobre su cabeza. El mejor tanto de la final precisamente fue el 30-22 a favor del campe\u00f3n, que suma los dos \u00faltimos torneos individuales.\u00a0<\/p>\n\n\n\n<p>Ansa volvi\u00f3 a pecar de precipitaci\u00f3n, a pesar de que estuvo bien en el saque. Siempre se sinti\u00f3 fr\u00edo y no se encanch\u00f3 en ning\u00fan momento. Endika Barrenetxea lo evit\u00f3 con su saque. Adem\u00e1s, el hernaniarra apenas fall\u00f3 pelota y eso se not\u00f3 en el resultados final.\u00a0El campe\u00f3n termin\u00f3 con once tantos en el peloteo y otros once de saque. Sin apenas fallo en el peloteo, solo uno, hizo dos faltas de saque. Por su parte, Ansa, que hizo tambi\u00e9n once tantos en el peloteo, sum\u00f3 hasta diez fallos con tres faltas de saque y siete en el peloteo. Con el saque sum\u00f3 cinco tantos.<\/p>\n","protected":false},"excerpt":{"rendered":"<p>Endika Barrenetxea se impuso 30-22 a Imanol Ansa en la final de la decimosegunda edici\u00f3n del Iparlur Masters Txapelketa. La victoria otorga al zaguero hernaniarra su segunda txapela del Masters e iguala a Koteto Ezkurra y Xanti Uterga en el palmar\u00e9s, aunque todav\u00eda est\u00e1 lejos de las seis txapelas de Javier Urriza.\u00a0 La victoria de [&hellip;]<\/p>\n","protected":false},"author":5,"featured_media":6295,"comment_status":"closed","ping_status":"open","sticky":false,"template":"","format":"standard","meta":{"_et_pb_use_builder":"off","_et_pb_old_content":"","_et_gb_content_width":"","footnotes":""},"categories":[1],"tags":[],"yoast_head":"<!-- This site is optimized with the Yoast SEO plugin v21.8 - https:\/\/yoast.com\/wordpress\/plugins\/seo\/ -->\n<title>Barrenetxea IV suma su segunda txapela del Masters | Oriamendi 2010<\/title>\n<meta name=\"robots\" content=\"index, follow, max-snippet:-1, max-image-preview:large, max-video-preview:-1\" \/>\n<link rel=\"canonical\" href=\"https:\/\/oriamendi.eus\/es\/2022\/02\/20\/barrenetxea-iv-suma-su-segunda-txapela-del-masters\/\" \/>\n<meta property=\"og:locale\" content=\"es_ES\" \/>\n<meta property=\"og:type\" content=\"article\" \/>\n<meta property=\"og:title\" content=\"Barrenetxea IV suma su segunda txapela del Masters | Oriamendi 2010\" \/>\n<meta property=\"og:description\" content=\"Endika Barrenetxea se impuso 30-22 a Imanol Ansa en la final de la decimosegunda edici\u00f3n del Iparlur Masters Txapelketa. La victoria otorga al zaguero hernaniarra su segunda txapela del Masters e iguala a Koteto Ezkurra y Xanti Uterga en el palmar\u00e9s, aunque todav\u00eda est\u00e1 lejos de las seis txapelas de Javier Urriza.\u00a0 La victoria de [&hellip;]\" \/>\n<meta property=\"og:url\" content=\"https:\/\/oriamendi.eus\/es\/2022\/02\/20\/barrenetxea-iv-suma-su-segunda-txapela-del-masters\/\" \/>\n<meta property=\"og:site_name\" content=\"Oriamendi 2010\" \/>\n<meta property=\"article:publisher\" content=\"https:\/\/www.facebook.com\/oriamendi2010remonte\/\" \/>\n<meta property=\"article:published_time\" content=\"2022-02-20T11:37:22+00:00\" \/>\n<meta property=\"article:modified_time\" content=\"2022-02-20T11:37:25+00:00\" \/>\n<meta property=\"og:image\" content=\"https:\/\/oriamendi.eus\/wp-content\/uploads\/2022\/02\/sariak-masters.jpg\" \/>\n\t<meta property=\"og:image:width\" content=\"1200\" \/>\n\t<meta property=\"og:image:height\" content=\"800\" \/>\n\t<meta property=\"og:image:type\" content=\"image\/jpeg\" \/>\n<meta name=\"author\" content=\"I\u00f1igo Go\u00f1i\" \/>\n<meta name=\"twitter:card\" content=\"summary_large_image\" \/>\n<meta name=\"twitter:creator\" content=\"@oriamendi2010\" \/>\n<meta name=\"twitter:site\" content=\"@oriamendi2010\" \/>\n<meta name=\"twitter:label1\" content=\"Escrito por\" \/>\n\t<meta name=\"twitter:data1\" content=\"I\u00f1igo Go\u00f1i\" \/>\n\t<meta name=\"twitter:label2\" content=\"Tiempo de lectura\" \/>\n\t<meta name=\"twitter:data2\" content=\"2 minutos\" \/>\n<script type=\"application\/ld+json\" class=\"yoast-schema-graph\">{\"@context\":\"https:\/\/schema.org\",\"@graph\":[{\"@type\":\"Article\",\"@id\":\"https:\/\/oriamendi.eus\/es\/2022\/02\/20\/barrenetxea-iv-suma-su-segunda-txapela-del-masters\/#article\",\"isPartOf\":{\"@id\":\"https:\/\/oriamendi.eus\/es\/2022\/02\/20\/barrenetxea-iv-suma-su-segunda-txapela-del-masters\/\"},\"author\":{\"name\":\"I\u00f1igo Go\u00f1i\",\"@id\":\"https:\/\/oriamendi.eus\/es\/#\/schema\/person\/c0bd06c6c747674306a5c82563e2339a\"},\"headline\":\"Barrenetxea IV suma su segunda txapela del Masters\",\"datePublished\":\"2022-02-20T11:37:22+00:00\",\"dateModified\":\"2022-02-20T11:37:25+00:00\",\"mainEntityOfPage\":{\"@id\":\"https:\/\/oriamendi.eus\/es\/2022\/02\/20\/barrenetxea-iv-suma-su-segunda-txapela-del-masters\/\"},\"wordCount\":385,\"publisher\":{\"@id\":\"https:\/\/oriamendi.eus\/es\/#organization\"},\"articleSection\":[\"Sin categorizar\"],\"inLanguage\":\"es\"},{\"@type\":\"WebPage\",\"@id\":\"https:\/\/oriamendi.eus\/es\/2022\/02\/20\/barrenetxea-iv-suma-su-segunda-txapela-del-masters\/\",\"url\":\"https:\/\/oriamendi.eus\/es\/2022\/02\/20\/barrenetxea-iv-suma-su-segunda-txapela-del-masters\/\",\"name\":\"Barrenetxea IV suma su segunda txapela del Masters | Oriamendi 2010\",\"isPartOf\":{\"@id\":\"https:\/\/oriamendi.eus\/es\/#website\"},\"datePublished\":\"2022-02-20T11:37:22+00:00\",\"dateModified\":\"2022-02-20T11:37:25+00:00\",\"breadcrumb\":{\"@id\":\"https:\/\/oriamendi.eus\/es\/2022\/02\/20\/barrenetxea-iv-suma-su-segunda-txapela-del-masters\/#breadcrumb\"},\"inLanguage\":\"es\",\"potentialAction\":[{\"@type\":\"ReadAction\",\"target\":[\"https:\/\/oriamendi.eus\/es\/2022\/02\/20\/barrenetxea-iv-suma-su-segunda-txapela-del-masters\/\"]}]},{\"@type\":\"BreadcrumbList\",\"@id\":\"https:\/\/oriamendi.eus\/es\/2022\/02\/20\/barrenetxea-iv-suma-su-segunda-txapela-del-masters\/#breadcrumb\",\"itemListElement\":[{\"@type\":\"ListItem\",\"position\":1,\"name\":\"Portada\",\"item\":\"https:\/\/oriamendi.eus\/es\/\"},{\"@type\":\"ListItem\",\"position\":2,\"name\":\"Barrenetxea IV suma su segunda txapela del Masters\"}]},{\"@type\":\"WebSite\",\"@id\":\"https:\/\/oriamendi.eus\/es\/#website\",\"url\":\"https:\/\/oriamendi.eus\/es\/\",\"name\":\"Oriamendi\",\"description\":\"Remonte en Galarreta. Hernani. Gipuzkoa\",\"publisher\":{\"@id\":\"https:\/\/oriamendi.eus\/es\/#organization\"},\"potentialAction\":[{\"@type\":\"SearchAction\",\"target\":{\"@type\":\"EntryPoint\",\"urlTemplate\":\"https:\/\/oriamendi.eus\/es\/?s={search_term_string}\"},\"query-input\":\"required name=search_term_string\"}],\"inLanguage\":\"es\"},{\"@type\":\"Organization\",\"@id\":\"https:\/\/oriamendi.eus\/es\/#organization\",\"name\":\"Oriamendi\",\"url\":\"https:\/\/oriamendi.eus\/es\/\",\"logo\":{\"@type\":\"ImageObject\",\"inLanguage\":\"es\",\"@id\":\"https:\/\/oriamendi.eus\/es\/#\/schema\/logo\/image\/\",\"url\":\"https:\/\/oriamendi.eus\/wp-content\/uploads\/2020\/06\/logo-oriamendi.png\",\"contentUrl\":\"https:\/\/oriamendi.eus\/wp-content\/uploads\/2020\/06\/logo-oriamendi.png\",\"width\":300,\"height\":90,\"caption\":\"Oriamendi\"},\"image\":{\"@id\":\"https:\/\/oriamendi.eus\/es\/#\/schema\/logo\/image\/\"},\"sameAs\":[\"https:\/\/www.facebook.com\/oriamendi2010remonte\/\",\"https:\/\/twitter.com\/oriamendi2010\",\"https:\/\/www.instagram.com\/galarretajaialai\/\",\"https:\/\/www.youtube.com\/channel\/UC8gVNzQqB1iwnC-_rI-ihmA\/featured\"]},{\"@type\":\"Person\",\"@id\":\"https:\/\/oriamendi.eus\/es\/#\/schema\/person\/c0bd06c6c747674306a5c82563e2339a\",\"name\":\"I\u00f1igo Go\u00f1i\",\"image\":{\"@type\":\"ImageObject\",\"inLanguage\":\"es\",\"@id\":\"https:\/\/oriamendi.eus\/es\/#\/schema\/person\/image\/\",\"url\":\"https:\/\/secure.gravatar.com\/avatar\/fbb07ffc7b803bbfcc2b6419c06abd3a?s=96&d=mm&r=g\",\"contentUrl\":\"https:\/\/secure.gravatar.com\/avatar\/fbb07ffc7b803bbfcc2b6419c06abd3a?s=96&d=mm&r=g\",\"caption\":\"I\u00f1igo Go\u00f1i\"},\"url\":\"https:\/\/oriamendi.eus\/es\/author\/om-berriak\/\"}]}<\/script>\n<!-- \/ Yoast SEO plugin. -->","yoast_head_json":{"title":"Barrenetxea IV suma su segunda txapela del Masters | Oriamendi 2010","robots":{"index":"index","follow":"follow","max-snippet":"max-snippet:-1","max-image-preview":"max-image-preview:large","max-video-preview":"max-video-preview:-1"},"canonical":"https:\/\/oriamendi.eus\/es\/2022\/02\/20\/barrenetxea-iv-suma-su-segunda-txapela-del-masters\/","og_locale":"es_ES","og_type":"article","og_title":"Barrenetxea IV suma su segunda txapela del Masters | Oriamendi 2010","og_description":"Endika Barrenetxea se impuso 30-22 a Imanol Ansa en la final de la decimosegunda edici\u00f3n del Iparlur Masters Txapelketa. La victoria otorga al zaguero hernaniarra su segunda txapela del Masters e iguala a Koteto Ezkurra y Xanti Uterga en el palmar\u00e9s, aunque todav\u00eda est\u00e1 lejos de las seis txapelas de Javier Urriza.\u00a0 La victoria de [&hellip;]","og_url":"https:\/\/oriamendi.eus\/es\/2022\/02\/20\/barrenetxea-iv-suma-su-segunda-txapela-del-masters\/","og_site_name":"Oriamendi 2010","article_publisher":"https:\/\/www.facebook.com\/oriamendi2010remonte\/","article_published_time":"2022-02-20T11:37:22+00:00","article_modified_time":"2022-02-20T11:37:25+00:00","og_image":[{"width":1200,"height":800,"url":"https:\/\/oriamendi.eus\/wp-content\/uploads\/2022\/02\/sariak-masters.jpg","type":"image\/jpeg"}],"author":"I\u00f1igo Go\u00f1i","twitter_card":"summary_large_image","twitter_creator":"@oriamendi2010","twitter_site":"@oriamendi2010","twitter_misc":{"Escrito por":"I\u00f1igo Go\u00f1i","Tiempo de lectura":"2 minutos"},"schema":{"@context":"https:\/\/schema.org","@graph":[{"@type":"Article","@id":"https:\/\/oriamendi.eus\/es\/2022\/02\/20\/barrenetxea-iv-suma-su-segunda-txapela-del-masters\/#article","isPartOf":{"@id":"https:\/\/oriamendi.eus\/es\/2022\/02\/20\/barrenetxea-iv-suma-su-segunda-txapela-del-masters\/"},"author":{"name":"I\u00f1igo Go\u00f1i","@id":"https:\/\/oriamendi.eus\/es\/#\/schema\/person\/c0bd06c6c747674306a5c82563e2339a"},"headline":"Barrenetxea IV suma su segunda txapela del Masters","datePublished":"2022-02-20T11:37:22+00:00","dateModified":"2022-02-20T11:37:25+00:00","mainEntityOfPage":{"@id":"https:\/\/oriamendi.eus\/es\/2022\/02\/20\/barrenetxea-iv-suma-su-segunda-txapela-del-masters\/"},"wordCount":385,"publisher":{"@id":"https:\/\/oriamendi.eus\/es\/#organization"},"articleSection":["Sin categorizar"],"inLanguage":"es"},{"@type":"WebPage","@id":"https:\/\/oriamendi.eus\/es\/2022\/02\/20\/barrenetxea-iv-suma-su-segunda-txapela-del-masters\/","url":"https:\/\/oriamendi.eus\/es\/2022\/02\/20\/barrenetxea-iv-suma-su-segunda-txapela-del-masters\/","name":"Barrenetxea IV suma su segunda txapela del Masters | Oriamendi 2010","isPartOf":{"@id":"https:\/\/oriamendi.eus\/es\/#website"},"datePublished":"2022-02-20T11:37:22+00:00","dateModified":"2022-02-20T11:37:25+00:00","breadcrumb":{"@id":"https:\/\/oriamendi.eus\/es\/2022\/02\/20\/barrenetxea-iv-suma-su-segunda-txapela-del-masters\/#breadcrumb"},"inLanguage":"es","potentialAction":[{"@type":"ReadAction","target":["https:\/\/oriamendi.eus\/es\/2022\/02\/20\/barrenetxea-iv-suma-su-segunda-txapela-del-masters\/"]}]},{"@type":"BreadcrumbList","@id":"https:\/\/oriamendi.eus\/es\/2022\/02\/20\/barrenetxea-iv-suma-su-segunda-txapela-del-masters\/#breadcrumb","itemListElement":[{"@type":"ListItem","position":1,"name":"Portada","item":"https:\/\/oriamendi.eus\/es\/"},{"@type":"ListItem","position":2,"name":"Barrenetxea IV suma su segunda txapela del Masters"}]},{"@type":"WebSite","@id":"https:\/\/oriamendi.eus\/es\/#website","url":"https:\/\/oriamendi.eus\/es\/","name":"Oriamendi","description":"Remonte en Galarreta. Hernani. Gipuzkoa","publisher":{"@id":"https:\/\/oriamendi.eus\/es\/#organization"},"potentialAction":[{"@type":"SearchAction","target":{"@type":"EntryPoint","urlTemplate":"https:\/\/oriamendi.eus\/es\/?s={search_term_string}"},"query-input":"required name=search_term_string"}],"inLanguage":"es"},{"@type":"Organization","@id":"https:\/\/oriamendi.eus\/es\/#organization","name":"Oriamendi","url":"https:\/\/oriamendi.eus\/es\/","logo":{"@type":"ImageObject","inLanguage":"es","@id":"https:\/\/oriamendi.eus\/es\/#\/schema\/logo\/image\/","url":"https:\/\/oriamendi.eus\/wp-content\/uploads\/2020\/06\/logo-oriamendi.png","contentUrl":"https:\/\/oriamendi.eus\/wp-content\/uploads\/2020\/06\/logo-oriamendi.png","width":300,"height":90,"caption":"Oriamendi"},"image":{"@id":"https:\/\/oriamendi.eus\/es\/#\/schema\/logo\/image\/"},"sameAs":["https:\/\/www.facebook.com\/oriamendi2010remonte\/","https:\/\/twitter.com\/oriamendi2010","https:\/\/www.instagram.com\/galarretajaialai\/","https:\/\/www.youtube.com\/channel\/UC8gVNzQqB1iwnC-_rI-ihmA\/featured"]},{"@type":"Person","@id":"https:\/\/oriamendi.eus\/es\/#\/schema\/person\/c0bd06c6c747674306a5c82563e2339a","name":"I\u00f1igo Go\u00f1i","image":{"@type":"ImageObject","inLanguage":"es","@id":"https:\/\/oriamendi.eus\/es\/#\/schema\/person\/image\/","url":"https:\/\/secure.gravatar.com\/avatar\/fbb07ffc7b803bbfcc2b6419c06abd3a?s=96&d=mm&r=g","contentUrl":"https:\/\/secure.gravatar.com\/avatar\/fbb07ffc7b803bbfcc2b6419c06abd3a?s=96&d=mm&r=g","caption":"I\u00f1igo Go\u00f1i"},"url":"https:\/\/oriamendi.eus\/es\/author\/om-berriak\/"}]}},"_links":{"self":[{"href":"https:\/\/oriamendi.eus\/es\/wp-json\/wp\/v2\/posts\/6296"}],"collection":[{"href":"https:\/\/oriamendi.eus\/es\/wp-json\/wp\/v2\/posts"}],"about":[{"href":"https:\/\/oriamendi.eus\/es\/wp-json\/wp\/v2\/types\/post"}],"author":[{"embeddable":true,"href":"https:\/\/oriamendi.eus\/es\/wp-json\/wp\/v2\/users\/5"}],"replies":[{"embeddable":true,"href":"https:\/\/oriamendi.eus\/es\/wp-json\/wp\/v2\/comments?post=6296"}],"version-history":[{"count":1,"href":"https:\/\/oriamendi.eus\/es\/wp-json\/wp\/v2\/posts\/6296\/revisions"}],"predecessor-version":[{"id":6297,"href":"https:\/\/oriamendi.eus\/es\/wp-json\/wp\/v2\/posts\/6296\/revisions\/6297"}],"wp:featuredmedia":[{"embeddable":true,"href":"https:\/\/oriamendi.eus\/es\/wp-json\/wp\/v2\/media\/6295"}],"wp:attachment":[{"href":"https:\/\/oriamendi.eus\/es\/wp-json\/wp\/v2\/media?parent=6296"}],"wp:term":[{"taxonomy":"category","embeddable":true,"href":"https:\/\/oriamendi.eus\/es\/wp-json\/wp\/v2\/categories?post=6296"},{"taxonomy":"post_tag","embeddable":true,"href":"https:\/\/oriamendi.eus\/es\/wp-json\/wp\/v2\/tags?post=6296"}],"curies":[{"name":"wp","href":"https:\/\/api.w.org\/{rel}","templated":true}]}}