                                        
                                        
                                        
                                        
                                        
                                        
                                        
                                        
                                        
                                        
                                        
                                        
                                        
                                        
                                        
                                        
                                        
                                        
{"id":6276,"date":"2022-02-12T19:53:07","date_gmt":"2022-02-12T18:53:07","guid":{"rendered":"https:\/\/oriamendi.eus\/?p=6276"},"modified":"2022-02-12T19:53:10","modified_gmt":"2022-02-12T18:53:10","slug":"barrenetxea-jugara-la-final-del-iparlur-masters-2022","status":"publish","type":"post","link":"https:\/\/oriamendi.eus\/es\/2022\/02\/12\/barrenetxea-jugara-la-final-del-iparlur-masters-2022\/","title":{"rendered":"Barrenetxea jugar\u00e1 la final del Iparlur Masters 2022"},"content":{"rendered":"\n<p><strong>Se impone con total claridad a Juanenea 30-14 en la semifinal<\/strong>\u00e7<\/p>\n\n\n\n<p><br>Endika Barrenetxea disputar\u00e1 la final del Iparlur Masters 2022 despu\u00e9s de imponerse por 30-14 a Juanenea en la semifinal. Por lo tanto, el zaguero hernaniarra ser\u00e1 el rival de Ansa II en la final del pr\u00f3ximo s\u00e1bado 19 de febrero.<\/p>\n\n\n\n<p>La semifinal tuvo una pel\u00edcula muy parecida al partido que enfrent\u00f3 a Juanenea y Barrenetxea en la liguilla del Torneo Kutxabank de verano. El de Hernani fue muy superior de principio a fin, ante un Juanenea que ve\u00eda impotente como el rival se alejaba m\u00e1s y m\u00e1s en el marcador.\u00a0Una tacada de 0-5 al final hizo maquill\u00f3 algo un marcador que lleg\u00f3 a ense\u00f1ar un contundente 29-9 en el marcador. <\/p>\n\n\n\n<p>Barrenetxea realmente estuvo brilllante y poco pudo hacer un Juanenea que se vio superado. Y eso que el partido comenz\u00f3 con un 0-1, pero a partir del empate a dos no hubo emoci\u00f3n. Barrenetxea se escap\u00f3 10-2 gracias a un parcial de 8-0 y no hubo apenas historia.\u00a0Juanenea no acertaba al resto y el zaguero hernaniarra dominaba con el saque y tambi\u00e9n en el peloteo. Del 10-2 se pas\u00f3 a un claro 21-7 hasta llegar a la m\u00e1xima en el 29-9. Cinco tantos de Juanenea fueron el preludio del cierre con el 30-9.Barrenetxea hizo 25 tantos, diez de ellos de saque por solo tres fallos. Juanenea se qued\u00f3 en 12 tantos y cinco fallos.\u00a0<\/p>\n\n\n\n<p>0-1, 1-1, 2-1, 2-2, 3-2, 4-2,, 5-2, 6-2, 7-2, 8-2, 9-2, 10-2, 10-3, 11-3, 11-4, 11-5, 11-6, 12-6, 13-6, 14-6, 14-7, 15-7, 16-7, 17-7, 18-7,19-7, 20-7, 21-7, 21-8, 22-8, 23-8, 24-8, 25-8, 26-8, 27-8, 27-9, 28-9, 29-9, 29-10, 29-11, 29-12, 29-13, 29-14, 30-14<\/p>\n\n\n\n<figure class=\"wp-block-image size-large\"><img fetchpriority=\"high\" fetchpriority=\"high\" decoding=\"async\" width=\"1024\" height=\"683\" src=\"https:\/\/oriamendi.eus\/wp-content\/uploads\/2022\/02\/eugenio-omenaldia-1-1024x683.jpg\" alt=\"\" class=\"wp-image-6277\" srcset=\"https:\/\/oriamendi.eus\/wp-content\/uploads\/2022\/02\/eugenio-omenaldia-1-1024x683.jpg 1024w, https:\/\/oriamendi.eus\/wp-content\/uploads\/2022\/02\/eugenio-omenaldia-1-980x653.jpg 980w, https:\/\/oriamendi.eus\/wp-content\/uploads\/2022\/02\/eugenio-omenaldia-1-480x320.jpg 480w\" sizes=\"(min-width: 0px) and (max-width: 480px) 480px, (min-width: 481px) and (max-width: 980px) 980px, (min-width: 981px) 1024px, 100vw\" \/><\/figure>\n\n\n\n<p><strong><br>Galarreta homenaje\u00f3 a Eugenio Aranburu<\/strong><br>Donde si hubo emoci\u00f3n fue en el homenaje a Eugenio Aranburu. Galarreta y Oriamendi lo recordaron para siempre. 20 pelotaris del cuadro hicieron pasillo a los dos hijos y la esposa de Aranburu que ve\u00edan como Aritz Eskudero lo record\u00f3 con un bertso y luego los pelotaris pasaron uno a uno por su posici\u00f3n  de juez de centro donde se coloc\u00f3 un cuadro suyo, que se regal\u00f3 con posterioridad a la familia.\u00a0<\/p>\n\n\n\n<p><\/p>\n\n\n\n<p><strong>Segurola y Martirena demuestran su gran estado de forma<br><\/strong>Galarreta vivi\u00f3, al margen de la semifinal del Masters dos partidos de parejas que dejaron diferente sabor. El primero gust\u00f3 much\u00edsimo con la victoria de Ezkurra II y Azpiroz contra Ansa II y Larra\u00f1aga por 33-35. Ezkurra fue el mejor en un partido igualado, precioso y donde el p\u00fablico agradeci\u00f3 el espect\u00e1culo.\u00a0<\/p>\n\n\n\n<p>En el tercero no hubo igualdad y Segurola y Martirena ganaron f\u00e1cil 40-24 a Goikoetxea y Aizpuru. Los ganadores demostraron estar en plena forma y con mucho juego. Pasaron por encima a sus rivales. Segurola fue el mejor y marc\u00f3 diferencias. Adem\u00e1s, Martirena lleva ganados 9 de los \u00faltimos 11 partidos.\u00a0<\/p>\n","protected":false},"excerpt":{"rendered":"<p>Se impone con total claridad a Juanenea 30-14 en la semifinal\u00e7 Endika Barrenetxea disputar\u00e1 la final del Iparlur Masters 2022 despu\u00e9s de imponerse por 30-14 a Juanenea en la semifinal. Por lo tanto, el zaguero hernaniarra ser\u00e1 el rival de Ansa II en la final del pr\u00f3ximo s\u00e1bado 19 de febrero. La semifinal tuvo una [&hellip;]<\/p>\n","protected":false},"author":5,"featured_media":6275,"comment_status":"closed","ping_status":"open","sticky":false,"template":"","format":"standard","meta":{"_et_pb_use_builder":"off","_et_pb_old_content":"","_et_gb_content_width":"","footnotes":""},"categories":[1],"tags":[],"yoast_head":"<!-- This site is optimized with the Yoast SEO plugin v21.8 - https:\/\/yoast.com\/wordpress\/plugins\/seo\/ -->\n<title>Barrenetxea jugar\u00e1 la final del Iparlur Masters 2022 | Oriamendi 2010<\/title>\n<meta name=\"robots\" content=\"index, follow, max-snippet:-1, max-image-preview:large, max-video-preview:-1\" \/>\n<link rel=\"canonical\" href=\"https:\/\/oriamendi.eus\/es\/2022\/02\/12\/barrenetxea-jugara-la-final-del-iparlur-masters-2022\/\" \/>\n<meta property=\"og:locale\" content=\"es_ES\" \/>\n<meta property=\"og:type\" content=\"article\" \/>\n<meta property=\"og:title\" content=\"Barrenetxea jugar\u00e1 la final del Iparlur Masters 2022 | Oriamendi 2010\" \/>\n<meta property=\"og:description\" content=\"Se impone con total claridad a Juanenea 30-14 en la semifinal\u00e7 Endika Barrenetxea disputar\u00e1 la final del Iparlur Masters 2022 despu\u00e9s de imponerse por 30-14 a Juanenea en la semifinal. Por lo tanto, el zaguero hernaniarra ser\u00e1 el rival de Ansa II en la final del pr\u00f3ximo s\u00e1bado 19 de febrero. La semifinal tuvo una [&hellip;]\" \/>\n<meta property=\"og:url\" content=\"https:\/\/oriamendi.eus\/es\/2022\/02\/12\/barrenetxea-jugara-la-final-del-iparlur-masters-2022\/\" \/>\n<meta property=\"og:site_name\" content=\"Oriamendi 2010\" \/>\n<meta property=\"article:publisher\" content=\"https:\/\/www.facebook.com\/oriamendi2010remonte\/\" \/>\n<meta property=\"article:published_time\" content=\"2022-02-12T18:53:07+00:00\" \/>\n<meta property=\"article:modified_time\" content=\"2022-02-12T18:53:10+00:00\" \/>\n<meta property=\"og:image\" content=\"https:\/\/oriamendi.eus\/wp-content\/uploads\/2022\/02\/barrene-juanenea-iparlur3.jpg\" \/>\n\t<meta property=\"og:image:width\" content=\"627\" \/>\n\t<meta property=\"og:image:height\" content=\"417\" \/>\n\t<meta property=\"og:image:type\" content=\"image\/jpeg\" \/>\n<meta name=\"author\" content=\"I\u00f1igo Go\u00f1i\" \/>\n<meta name=\"twitter:card\" content=\"summary_large_image\" \/>\n<meta name=\"twitter:creator\" content=\"@oriamendi2010\" \/>\n<meta name=\"twitter:site\" content=\"@oriamendi2010\" \/>\n<meta name=\"twitter:label1\" content=\"Escrito por\" \/>\n\t<meta name=\"twitter:data1\" content=\"I\u00f1igo Go\u00f1i\" \/>\n\t<meta name=\"twitter:label2\" content=\"Tiempo de lectura\" \/>\n\t<meta name=\"twitter:data2\" content=\"3 minutos\" \/>\n<script type=\"application\/ld+json\" class=\"yoast-schema-graph\">{\"@context\":\"https:\/\/schema.org\",\"@graph\":[{\"@type\":\"Article\",\"@id\":\"https:\/\/oriamendi.eus\/es\/2022\/02\/12\/barrenetxea-jugara-la-final-del-iparlur-masters-2022\/#article\",\"isPartOf\":{\"@id\":\"https:\/\/oriamendi.eus\/es\/2022\/02\/12\/barrenetxea-jugara-la-final-del-iparlur-masters-2022\/\"},\"author\":{\"name\":\"I\u00f1igo Go\u00f1i\",\"@id\":\"https:\/\/oriamendi.eus\/es\/#\/schema\/person\/c0bd06c6c747674306a5c82563e2339a\"},\"headline\":\"Barrenetxea jugar\u00e1 la final del Iparlur Masters 2022\",\"datePublished\":\"2022-02-12T18:53:07+00:00\",\"dateModified\":\"2022-02-12T18:53:10+00:00\",\"mainEntityOfPage\":{\"@id\":\"https:\/\/oriamendi.eus\/es\/2022\/02\/12\/barrenetxea-jugara-la-final-del-iparlur-masters-2022\/\"},\"wordCount\":491,\"publisher\":{\"@id\":\"https:\/\/oriamendi.eus\/es\/#organization\"},\"articleSection\":[\"Sin categorizar\"],\"inLanguage\":\"es\"},{\"@type\":\"WebPage\",\"@id\":\"https:\/\/oriamendi.eus\/es\/2022\/02\/12\/barrenetxea-jugara-la-final-del-iparlur-masters-2022\/\",\"url\":\"https:\/\/oriamendi.eus\/es\/2022\/02\/12\/barrenetxea-jugara-la-final-del-iparlur-masters-2022\/\",\"name\":\"Barrenetxea jugar\u00e1 la final del Iparlur Masters 2022 | Oriamendi 2010\",\"isPartOf\":{\"@id\":\"https:\/\/oriamendi.eus\/es\/#website\"},\"datePublished\":\"2022-02-12T18:53:07+00:00\",\"dateModified\":\"2022-02-12T18:53:10+00:00\",\"breadcrumb\":{\"@id\":\"https:\/\/oriamendi.eus\/es\/2022\/02\/12\/barrenetxea-jugara-la-final-del-iparlur-masters-2022\/#breadcrumb\"},\"inLanguage\":\"es\",\"potentialAction\":[{\"@type\":\"ReadAction\",\"target\":[\"https:\/\/oriamendi.eus\/es\/2022\/02\/12\/barrenetxea-jugara-la-final-del-iparlur-masters-2022\/\"]}]},{\"@type\":\"BreadcrumbList\",\"@id\":\"https:\/\/oriamendi.eus\/es\/2022\/02\/12\/barrenetxea-jugara-la-final-del-iparlur-masters-2022\/#breadcrumb\",\"itemListElement\":[{\"@type\":\"ListItem\",\"position\":1,\"name\":\"Portada\",\"item\":\"https:\/\/oriamendi.eus\/es\/\"},{\"@type\":\"ListItem\",\"position\":2,\"name\":\"Barrenetxea jugar\u00e1 la final del Iparlur Masters 2022\"}]},{\"@type\":\"WebSite\",\"@id\":\"https:\/\/oriamendi.eus\/es\/#website\",\"url\":\"https:\/\/oriamendi.eus\/es\/\",\"name\":\"Oriamendi\",\"description\":\"Remonte en Galarreta. Hernani. Gipuzkoa\",\"publisher\":{\"@id\":\"https:\/\/oriamendi.eus\/es\/#organization\"},\"potentialAction\":[{\"@type\":\"SearchAction\",\"target\":{\"@type\":\"EntryPoint\",\"urlTemplate\":\"https:\/\/oriamendi.eus\/es\/?s={search_term_string}\"},\"query-input\":\"required name=search_term_string\"}],\"inLanguage\":\"es\"},{\"@type\":\"Organization\",\"@id\":\"https:\/\/oriamendi.eus\/es\/#organization\",\"name\":\"Oriamendi\",\"url\":\"https:\/\/oriamendi.eus\/es\/\",\"logo\":{\"@type\":\"ImageObject\",\"inLanguage\":\"es\",\"@id\":\"https:\/\/oriamendi.eus\/es\/#\/schema\/logo\/image\/\",\"url\":\"https:\/\/oriamendi.eus\/wp-content\/uploads\/2020\/06\/logo-oriamendi.png\",\"contentUrl\":\"https:\/\/oriamendi.eus\/wp-content\/uploads\/2020\/06\/logo-oriamendi.png\",\"width\":300,\"height\":90,\"caption\":\"Oriamendi\"},\"image\":{\"@id\":\"https:\/\/oriamendi.eus\/es\/#\/schema\/logo\/image\/\"},\"sameAs\":[\"https:\/\/www.facebook.com\/oriamendi2010remonte\/\",\"https:\/\/twitter.com\/oriamendi2010\",\"https:\/\/www.instagram.com\/galarretajaialai\/\",\"https:\/\/www.youtube.com\/channel\/UC8gVNzQqB1iwnC-_rI-ihmA\/featured\"]},{\"@type\":\"Person\",\"@id\":\"https:\/\/oriamendi.eus\/es\/#\/schema\/person\/c0bd06c6c747674306a5c82563e2339a\",\"name\":\"I\u00f1igo Go\u00f1i\",\"image\":{\"@type\":\"ImageObject\",\"inLanguage\":\"es\",\"@id\":\"https:\/\/oriamendi.eus\/es\/#\/schema\/person\/image\/\",\"url\":\"https:\/\/secure.gravatar.com\/avatar\/fbb07ffc7b803bbfcc2b6419c06abd3a?s=96&d=mm&r=g\",\"contentUrl\":\"https:\/\/secure.gravatar.com\/avatar\/fbb07ffc7b803bbfcc2b6419c06abd3a?s=96&d=mm&r=g\",\"caption\":\"I\u00f1igo Go\u00f1i\"},\"url\":\"https:\/\/oriamendi.eus\/es\/author\/om-berriak\/\"}]}<\/script>\n<!-- \/ Yoast SEO plugin. -->","yoast_head_json":{"title":"Barrenetxea jugar\u00e1 la final del Iparlur Masters 2022 | Oriamendi 2010","robots":{"index":"index","follow":"follow","max-snippet":"max-snippet:-1","max-image-preview":"max-image-preview:large","max-video-preview":"max-video-preview:-1"},"canonical":"https:\/\/oriamendi.eus\/es\/2022\/02\/12\/barrenetxea-jugara-la-final-del-iparlur-masters-2022\/","og_locale":"es_ES","og_type":"article","og_title":"Barrenetxea jugar\u00e1 la final del Iparlur Masters 2022 | Oriamendi 2010","og_description":"Se impone con total claridad a Juanenea 30-14 en la semifinal\u00e7 Endika Barrenetxea disputar\u00e1 la final del Iparlur Masters 2022 despu\u00e9s de imponerse por 30-14 a Juanenea en la semifinal. Por lo tanto, el zaguero hernaniarra ser\u00e1 el rival de Ansa II en la final del pr\u00f3ximo s\u00e1bado 19 de febrero. La semifinal tuvo una [&hellip;]","og_url":"https:\/\/oriamendi.eus\/es\/2022\/02\/12\/barrenetxea-jugara-la-final-del-iparlur-masters-2022\/","og_site_name":"Oriamendi 2010","article_publisher":"https:\/\/www.facebook.com\/oriamendi2010remonte\/","article_published_time":"2022-02-12T18:53:07+00:00","article_modified_time":"2022-02-12T18:53:10+00:00","og_image":[{"width":627,"height":417,"url":"https:\/\/oriamendi.eus\/wp-content\/uploads\/2022\/02\/barrene-juanenea-iparlur3.jpg","type":"image\/jpeg"}],"author":"I\u00f1igo Go\u00f1i","twitter_card":"summary_large_image","twitter_creator":"@oriamendi2010","twitter_site":"@oriamendi2010","twitter_misc":{"Escrito por":"I\u00f1igo Go\u00f1i","Tiempo de lectura":"3 minutos"},"schema":{"@context":"https:\/\/schema.org","@graph":[{"@type":"Article","@id":"https:\/\/oriamendi.eus\/es\/2022\/02\/12\/barrenetxea-jugara-la-final-del-iparlur-masters-2022\/#article","isPartOf":{"@id":"https:\/\/oriamendi.eus\/es\/2022\/02\/12\/barrenetxea-jugara-la-final-del-iparlur-masters-2022\/"},"author":{"name":"I\u00f1igo Go\u00f1i","@id":"https:\/\/oriamendi.eus\/es\/#\/schema\/person\/c0bd06c6c747674306a5c82563e2339a"},"headline":"Barrenetxea jugar\u00e1 la final del Iparlur Masters 2022","datePublished":"2022-02-12T18:53:07+00:00","dateModified":"2022-02-12T18:53:10+00:00","mainEntityOfPage":{"@id":"https:\/\/oriamendi.eus\/es\/2022\/02\/12\/barrenetxea-jugara-la-final-del-iparlur-masters-2022\/"},"wordCount":491,"publisher":{"@id":"https:\/\/oriamendi.eus\/es\/#organization"},"articleSection":["Sin categorizar"],"inLanguage":"es"},{"@type":"WebPage","@id":"https:\/\/oriamendi.eus\/es\/2022\/02\/12\/barrenetxea-jugara-la-final-del-iparlur-masters-2022\/","url":"https:\/\/oriamendi.eus\/es\/2022\/02\/12\/barrenetxea-jugara-la-final-del-iparlur-masters-2022\/","name":"Barrenetxea jugar\u00e1 la final del Iparlur Masters 2022 | Oriamendi 2010","isPartOf":{"@id":"https:\/\/oriamendi.eus\/es\/#website"},"datePublished":"2022-02-12T18:53:07+00:00","dateModified":"2022-02-12T18:53:10+00:00","breadcrumb":{"@id":"https:\/\/oriamendi.eus\/es\/2022\/02\/12\/barrenetxea-jugara-la-final-del-iparlur-masters-2022\/#breadcrumb"},"inLanguage":"es","potentialAction":[{"@type":"ReadAction","target":["https:\/\/oriamendi.eus\/es\/2022\/02\/12\/barrenetxea-jugara-la-final-del-iparlur-masters-2022\/"]}]},{"@type":"BreadcrumbList","@id":"https:\/\/oriamendi.eus\/es\/2022\/02\/12\/barrenetxea-jugara-la-final-del-iparlur-masters-2022\/#breadcrumb","itemListElement":[{"@type":"ListItem","position":1,"name":"Portada","item":"https:\/\/oriamendi.eus\/es\/"},{"@type":"ListItem","position":2,"name":"Barrenetxea jugar\u00e1 la final del Iparlur Masters 2022"}]},{"@type":"WebSite","@id":"https:\/\/oriamendi.eus\/es\/#website","url":"https:\/\/oriamendi.eus\/es\/","name":"Oriamendi","description":"Remonte en Galarreta. Hernani. Gipuzkoa","publisher":{"@id":"https:\/\/oriamendi.eus\/es\/#organization"},"potentialAction":[{"@type":"SearchAction","target":{"@type":"EntryPoint","urlTemplate":"https:\/\/oriamendi.eus\/es\/?s={search_term_string}"},"query-input":"required name=search_term_string"}],"inLanguage":"es"},{"@type":"Organization","@id":"https:\/\/oriamendi.eus\/es\/#organization","name":"Oriamendi","url":"https:\/\/oriamendi.eus\/es\/","logo":{"@type":"ImageObject","inLanguage":"es","@id":"https:\/\/oriamendi.eus\/es\/#\/schema\/logo\/image\/","url":"https:\/\/oriamendi.eus\/wp-content\/uploads\/2020\/06\/logo-oriamendi.png","contentUrl":"https:\/\/oriamendi.eus\/wp-content\/uploads\/2020\/06\/logo-oriamendi.png","width":300,"height":90,"caption":"Oriamendi"},"image":{"@id":"https:\/\/oriamendi.eus\/es\/#\/schema\/logo\/image\/"},"sameAs":["https:\/\/www.facebook.com\/oriamendi2010remonte\/","https:\/\/twitter.com\/oriamendi2010","https:\/\/www.instagram.com\/galarretajaialai\/","https:\/\/www.youtube.com\/channel\/UC8gVNzQqB1iwnC-_rI-ihmA\/featured"]},{"@type":"Person","@id":"https:\/\/oriamendi.eus\/es\/#\/schema\/person\/c0bd06c6c747674306a5c82563e2339a","name":"I\u00f1igo Go\u00f1i","image":{"@type":"ImageObject","inLanguage":"es","@id":"https:\/\/oriamendi.eus\/es\/#\/schema\/person\/image\/","url":"https:\/\/secure.gravatar.com\/avatar\/fbb07ffc7b803bbfcc2b6419c06abd3a?s=96&d=mm&r=g","contentUrl":"https:\/\/secure.gravatar.com\/avatar\/fbb07ffc7b803bbfcc2b6419c06abd3a?s=96&d=mm&r=g","caption":"I\u00f1igo Go\u00f1i"},"url":"https:\/\/oriamendi.eus\/es\/author\/om-berriak\/"}]}},"_links":{"self":[{"href":"https:\/\/oriamendi.eus\/es\/wp-json\/wp\/v2\/posts\/6276"}],"collection":[{"href":"https:\/\/oriamendi.eus\/es\/wp-json\/wp\/v2\/posts"}],"about":[{"href":"https:\/\/oriamendi.eus\/es\/wp-json\/wp\/v2\/types\/post"}],"author":[{"embeddable":true,"href":"https:\/\/oriamendi.eus\/es\/wp-json\/wp\/v2\/users\/5"}],"replies":[{"embeddable":true,"href":"https:\/\/oriamendi.eus\/es\/wp-json\/wp\/v2\/comments?post=6276"}],"version-history":[{"count":2,"href":"https:\/\/oriamendi.eus\/es\/wp-json\/wp\/v2\/posts\/6276\/revisions"}],"predecessor-version":[{"id":6280,"href":"https:\/\/oriamendi.eus\/es\/wp-json\/wp\/v2\/posts\/6276\/revisions\/6280"}],"wp:featuredmedia":[{"embeddable":true,"href":"https:\/\/oriamendi.eus\/es\/wp-json\/wp\/v2\/media\/6275"}],"wp:attachment":[{"href":"https:\/\/oriamendi.eus\/es\/wp-json\/wp\/v2\/media?parent=6276"}],"wp:term":[{"taxonomy":"category","embeddable":true,"href":"https:\/\/oriamendi.eus\/es\/wp-json\/wp\/v2\/categories?post=6276"},{"taxonomy":"post_tag","embeddable":true,"href":"https:\/\/oriamendi.eus\/es\/wp-json\/wp\/v2\/tags?post=6276"}],"curies":[{"name":"wp","href":"https:\/\/api.w.org\/{rel}","templated":true}]}}