                                        
                                        
                                        
                                        
                                        
                                        
                                        
                                        
                                        
                                        
                                        
                                        
                                        
                                        
                                        
                                        
                                        
                                        
{"id":6240,"date":"2022-02-07T16:09:55","date_gmt":"2022-02-07T15:09:55","guid":{"rendered":"https:\/\/oriamendi.eus\/?p=6240"},"modified":"2022-02-07T16:22:37","modified_gmt":"2022-02-07T15:22:37","slug":"fallece-eugenio-aranburu-juez-de-centro-de-galarreta","status":"publish","type":"post","link":"https:\/\/oriamendi.eus\/es\/2022\/02\/07\/fallece-eugenio-aranburu-juez-de-centro-de-galarreta\/","title":{"rendered":"Fallece Eugenio Aranburu, juez de centro de Galarreta"},"content":{"rendered":"\n<p><strong>Exremontista oriotarra de 62 a\u00f1os, el s\u00e1bado dirigi\u00f3 como juez su \u00faltimo festival en el front\u00f3n hernaniarra<\/strong>.<\/p>\n\n\n\n<p>Eugenio Aranburu, el juez de Galarreta, falleci\u00f3 de forma repentina ayer por la tarde-noche a los 62 a\u00f1os anoche en su domicilio de Orio, su pueblo. Desarroll\u00f3 por \u00faltima vez su labor en el front\u00f3n hernaniarra en el festival del s\u00e1bado. Hered\u00f3 este puesto de su padre, Joxe, tras su retirada del remonte en 1990. Los \u00faltimos 32 a\u00f1os los ha dedicado a ser juez en Galarreta y los \u00faltimos 12 con la empresa Oriamendi.<\/p>\n\n\n\n<p><br>Eugenio Aranburu comenz\u00f3 a jugar al remonte en Galarreta a los 14 a\u00f1os, en 1974, y debut\u00f3 como remontista profesional en 1978. Delantero, lleg\u00f3 con proyecci\u00f3n hasta que un accidente de autom\u00f3vil que le provoc\u00f3 fracturas en las piernas trunc\u00f3 su incipiente carrera.\u00a0 Eso recort\u00f3 su periplo como profesional, que se termin\u00f3 en 1990. Nada m\u00e1s acabar su trayectoria deportiva comenz\u00f3 como juez.\u00a0Muy querido por todos, deja un gran vac\u00edo entre aficionados, remontistas y todos los estamentos del remonte. La familia de Oriamendi quiere enviar sus condolencias y un fuerte abrazo a la familia y est\u00e1 consternada por lo sucedido.\u00a0<\/p>\n\n\n\n<p><br>El funeral tendr\u00e1 lugar este martes por la tarde en la iglesia San Nicol\u00e1s de Bari de Orio.<\/p>\n\n\n\n<p><\/p>\n\n\n\n<figure class=\"wp-block-gallery columns-1 is-cropped wp-block-gallery-1 is-layout-flex wp-block-gallery-is-layout-flex\"><ul class=\"blocks-gallery-grid\"><li class=\"blocks-gallery-item\"><figure><img fetchpriority=\"high\" fetchpriority=\"high\" decoding=\"async\" width=\"1024\" height=\"683\" src=\"https:\/\/oriamendi.eus\/wp-content\/uploads\/2022\/02\/001-2-1024x683.jpg\" alt=\"\" data-id=\"6260\" data-full-url=\"https:\/\/oriamendi.eus\/wp-content\/uploads\/2022\/02\/001-2.jpg\" data-link=\"https:\/\/oriamendi.eus\/es\/2022\/02\/07\/fallece-eugenio-aranburu-juez-de-centro-de-galarreta\/001-2-2\/\" class=\"wp-image-6260\" srcset=\"https:\/\/oriamendi.eus\/wp-content\/uploads\/2022\/02\/001-2-1024x683.jpg 1024w, https:\/\/oriamendi.eus\/wp-content\/uploads\/2022\/02\/001-2-980x653.jpg 980w, https:\/\/oriamendi.eus\/wp-content\/uploads\/2022\/02\/001-2-480x320.jpg 480w\" sizes=\"(min-width: 0px) and (max-width: 480px) 480px, (min-width: 481px) and (max-width: 980px) 980px, (min-width: 981px) 1024px, 100vw\" \/><\/figure><\/li><\/ul><\/figure>\n","protected":false},"excerpt":{"rendered":"<p>Exremontista oriotarra de 62 a\u00f1os, el s\u00e1bado dirigi\u00f3 como juez su \u00faltimo festival en el front\u00f3n hernaniarra. Eugenio Aranburu, el juez de Galarreta, falleci\u00f3 de forma repentina ayer por la tarde-noche a los 62 a\u00f1os anoche en su domicilio de Orio, su pueblo. Desarroll\u00f3 por \u00faltima vez su labor en el front\u00f3n hernaniarra en el [&hellip;]<\/p>\n","protected":false},"author":3,"featured_media":6229,"comment_status":"closed","ping_status":"open","sticky":false,"template":"","format":"standard","meta":{"_et_pb_use_builder":"off","_et_pb_old_content":"","_et_gb_content_width":"","footnotes":""},"categories":[1],"tags":[],"yoast_head":"<!-- This site is optimized with the Yoast SEO plugin v21.8 - https:\/\/yoast.com\/wordpress\/plugins\/seo\/ -->\n<title>Fallece Eugenio Aranburu, juez de centro de Galarreta | Oriamendi 2010<\/title>\n<meta name=\"robots\" content=\"index, follow, max-snippet:-1, max-image-preview:large, max-video-preview:-1\" \/>\n<link rel=\"canonical\" href=\"https:\/\/oriamendi.eus\/es\/2022\/02\/07\/fallece-eugenio-aranburu-juez-de-centro-de-galarreta\/\" \/>\n<meta property=\"og:locale\" content=\"es_ES\" \/>\n<meta property=\"og:type\" content=\"article\" \/>\n<meta property=\"og:title\" content=\"Fallece Eugenio Aranburu, juez de centro de Galarreta | Oriamendi 2010\" \/>\n<meta property=\"og:description\" content=\"Exremontista oriotarra de 62 a\u00f1os, el s\u00e1bado dirigi\u00f3 como juez su \u00faltimo festival en el front\u00f3n hernaniarra. Eugenio Aranburu, el juez de Galarreta, falleci\u00f3 de forma repentina ayer por la tarde-noche a los 62 a\u00f1os anoche en su domicilio de Orio, su pueblo. Desarroll\u00f3 por \u00faltima vez su labor en el front\u00f3n hernaniarra en el [&hellip;]\" \/>\n<meta property=\"og:url\" content=\"https:\/\/oriamendi.eus\/es\/2022\/02\/07\/fallece-eugenio-aranburu-juez-de-centro-de-galarreta\/\" \/>\n<meta property=\"og:site_name\" content=\"Oriamendi 2010\" \/>\n<meta property=\"article:publisher\" content=\"https:\/\/www.facebook.com\/oriamendi2010remonte\/\" \/>\n<meta property=\"article:published_time\" content=\"2022-02-07T15:09:55+00:00\" \/>\n<meta property=\"article:modified_time\" content=\"2022-02-07T15:22:37+00:00\" \/>\n<meta property=\"og:image\" content=\"https:\/\/oriamendi.eus\/wp-content\/uploads\/2022\/02\/6fcc1c1e-4445-4856-83c8-c84f908305d0.jpg\" \/>\n\t<meta property=\"og:image:width\" content=\"1200\" \/>\n\t<meta property=\"og:image:height\" content=\"799\" \/>\n\t<meta property=\"og:image:type\" content=\"image\/jpeg\" \/>\n<meta name=\"author\" content=\"Endika Barrenetxea\" \/>\n<meta name=\"twitter:card\" content=\"summary_large_image\" \/>\n<meta name=\"twitter:creator\" content=\"@oriamendi2010\" \/>\n<meta name=\"twitter:site\" content=\"@oriamendi2010\" \/>\n<meta name=\"twitter:label1\" content=\"Escrito por\" \/>\n\t<meta name=\"twitter:data1\" content=\"Endika Barrenetxea\" \/>\n\t<meta name=\"twitter:label2\" content=\"Tiempo de lectura\" \/>\n\t<meta name=\"twitter:data2\" content=\"2 minutos\" \/>\n<script type=\"application\/ld+json\" class=\"yoast-schema-graph\">{\"@context\":\"https:\/\/schema.org\",\"@graph\":[{\"@type\":\"Article\",\"@id\":\"https:\/\/oriamendi.eus\/es\/2022\/02\/07\/fallece-eugenio-aranburu-juez-de-centro-de-galarreta\/#article\",\"isPartOf\":{\"@id\":\"https:\/\/oriamendi.eus\/es\/2022\/02\/07\/fallece-eugenio-aranburu-juez-de-centro-de-galarreta\/\"},\"author\":{\"name\":\"Endika Barrenetxea\",\"@id\":\"https:\/\/oriamendi.eus\/es\/#\/schema\/person\/d50c13df7440d84706fe7d03941cc92f\"},\"headline\":\"Fallece Eugenio Aranburu, juez de centro de Galarreta\",\"datePublished\":\"2022-02-07T15:09:55+00:00\",\"dateModified\":\"2022-02-07T15:22:37+00:00\",\"mainEntityOfPage\":{\"@id\":\"https:\/\/oriamendi.eus\/es\/2022\/02\/07\/fallece-eugenio-aranburu-juez-de-centro-de-galarreta\/\"},\"wordCount\":223,\"publisher\":{\"@id\":\"https:\/\/oriamendi.eus\/es\/#organization\"},\"articleSection\":[\"Sin categorizar\"],\"inLanguage\":\"es\"},{\"@type\":\"WebPage\",\"@id\":\"https:\/\/oriamendi.eus\/es\/2022\/02\/07\/fallece-eugenio-aranburu-juez-de-centro-de-galarreta\/\",\"url\":\"https:\/\/oriamendi.eus\/es\/2022\/02\/07\/fallece-eugenio-aranburu-juez-de-centro-de-galarreta\/\",\"name\":\"Fallece Eugenio Aranburu, juez de centro de Galarreta | Oriamendi 2010\",\"isPartOf\":{\"@id\":\"https:\/\/oriamendi.eus\/es\/#website\"},\"datePublished\":\"2022-02-07T15:09:55+00:00\",\"dateModified\":\"2022-02-07T15:22:37+00:00\",\"breadcrumb\":{\"@id\":\"https:\/\/oriamendi.eus\/es\/2022\/02\/07\/fallece-eugenio-aranburu-juez-de-centro-de-galarreta\/#breadcrumb\"},\"inLanguage\":\"es\",\"potentialAction\":[{\"@type\":\"ReadAction\",\"target\":[\"https:\/\/oriamendi.eus\/es\/2022\/02\/07\/fallece-eugenio-aranburu-juez-de-centro-de-galarreta\/\"]}]},{\"@type\":\"BreadcrumbList\",\"@id\":\"https:\/\/oriamendi.eus\/es\/2022\/02\/07\/fallece-eugenio-aranburu-juez-de-centro-de-galarreta\/#breadcrumb\",\"itemListElement\":[{\"@type\":\"ListItem\",\"position\":1,\"name\":\"Portada\",\"item\":\"https:\/\/oriamendi.eus\/es\/\"},{\"@type\":\"ListItem\",\"position\":2,\"name\":\"Fallece Eugenio Aranburu, juez de centro de Galarreta\"}]},{\"@type\":\"WebSite\",\"@id\":\"https:\/\/oriamendi.eus\/es\/#website\",\"url\":\"https:\/\/oriamendi.eus\/es\/\",\"name\":\"Oriamendi\",\"description\":\"Remonte en Galarreta. Hernani. Gipuzkoa\",\"publisher\":{\"@id\":\"https:\/\/oriamendi.eus\/es\/#organization\"},\"potentialAction\":[{\"@type\":\"SearchAction\",\"target\":{\"@type\":\"EntryPoint\",\"urlTemplate\":\"https:\/\/oriamendi.eus\/es\/?s={search_term_string}\"},\"query-input\":\"required name=search_term_string\"}],\"inLanguage\":\"es\"},{\"@type\":\"Organization\",\"@id\":\"https:\/\/oriamendi.eus\/es\/#organization\",\"name\":\"Oriamendi\",\"url\":\"https:\/\/oriamendi.eus\/es\/\",\"logo\":{\"@type\":\"ImageObject\",\"inLanguage\":\"es\",\"@id\":\"https:\/\/oriamendi.eus\/es\/#\/schema\/logo\/image\/\",\"url\":\"https:\/\/oriamendi.eus\/wp-content\/uploads\/2020\/06\/logo-oriamendi.png\",\"contentUrl\":\"https:\/\/oriamendi.eus\/wp-content\/uploads\/2020\/06\/logo-oriamendi.png\",\"width\":300,\"height\":90,\"caption\":\"Oriamendi\"},\"image\":{\"@id\":\"https:\/\/oriamendi.eus\/es\/#\/schema\/logo\/image\/\"},\"sameAs\":[\"https:\/\/www.facebook.com\/oriamendi2010remonte\/\",\"https:\/\/twitter.com\/oriamendi2010\",\"https:\/\/www.instagram.com\/galarretajaialai\/\",\"https:\/\/www.youtube.com\/channel\/UC8gVNzQqB1iwnC-_rI-ihmA\/featured\"]},{\"@type\":\"Person\",\"@id\":\"https:\/\/oriamendi.eus\/es\/#\/schema\/person\/d50c13df7440d84706fe7d03941cc92f\",\"name\":\"Endika Barrenetxea\",\"image\":{\"@type\":\"ImageObject\",\"inLanguage\":\"es\",\"@id\":\"https:\/\/oriamendi.eus\/es\/#\/schema\/person\/image\/\",\"url\":\"https:\/\/secure.gravatar.com\/avatar\/26a16205d858e579d56d8adc8addd712?s=96&d=mm&r=g\",\"contentUrl\":\"https:\/\/secure.gravatar.com\/avatar\/26a16205d858e579d56d8adc8addd712?s=96&d=mm&r=g\",\"caption\":\"Endika Barrenetxea\"},\"url\":\"https:\/\/oriamendi.eus\/es\/author\/om-kudeaketa\/\"}]}<\/script>\n<!-- \/ Yoast SEO plugin. -->","yoast_head_json":{"title":"Fallece Eugenio Aranburu, juez de centro de Galarreta | Oriamendi 2010","robots":{"index":"index","follow":"follow","max-snippet":"max-snippet:-1","max-image-preview":"max-image-preview:large","max-video-preview":"max-video-preview:-1"},"canonical":"https:\/\/oriamendi.eus\/es\/2022\/02\/07\/fallece-eugenio-aranburu-juez-de-centro-de-galarreta\/","og_locale":"es_ES","og_type":"article","og_title":"Fallece Eugenio Aranburu, juez de centro de Galarreta | Oriamendi 2010","og_description":"Exremontista oriotarra de 62 a\u00f1os, el s\u00e1bado dirigi\u00f3 como juez su \u00faltimo festival en el front\u00f3n hernaniarra. Eugenio Aranburu, el juez de Galarreta, falleci\u00f3 de forma repentina ayer por la tarde-noche a los 62 a\u00f1os anoche en su domicilio de Orio, su pueblo. Desarroll\u00f3 por \u00faltima vez su labor en el front\u00f3n hernaniarra en el [&hellip;]","og_url":"https:\/\/oriamendi.eus\/es\/2022\/02\/07\/fallece-eugenio-aranburu-juez-de-centro-de-galarreta\/","og_site_name":"Oriamendi 2010","article_publisher":"https:\/\/www.facebook.com\/oriamendi2010remonte\/","article_published_time":"2022-02-07T15:09:55+00:00","article_modified_time":"2022-02-07T15:22:37+00:00","og_image":[{"width":1200,"height":799,"url":"https:\/\/oriamendi.eus\/wp-content\/uploads\/2022\/02\/6fcc1c1e-4445-4856-83c8-c84f908305d0.jpg","type":"image\/jpeg"}],"author":"Endika Barrenetxea","twitter_card":"summary_large_image","twitter_creator":"@oriamendi2010","twitter_site":"@oriamendi2010","twitter_misc":{"Escrito por":"Endika Barrenetxea","Tiempo de lectura":"2 minutos"},"schema":{"@context":"https:\/\/schema.org","@graph":[{"@type":"Article","@id":"https:\/\/oriamendi.eus\/es\/2022\/02\/07\/fallece-eugenio-aranburu-juez-de-centro-de-galarreta\/#article","isPartOf":{"@id":"https:\/\/oriamendi.eus\/es\/2022\/02\/07\/fallece-eugenio-aranburu-juez-de-centro-de-galarreta\/"},"author":{"name":"Endika Barrenetxea","@id":"https:\/\/oriamendi.eus\/es\/#\/schema\/person\/d50c13df7440d84706fe7d03941cc92f"},"headline":"Fallece Eugenio Aranburu, juez de centro de Galarreta","datePublished":"2022-02-07T15:09:55+00:00","dateModified":"2022-02-07T15:22:37+00:00","mainEntityOfPage":{"@id":"https:\/\/oriamendi.eus\/es\/2022\/02\/07\/fallece-eugenio-aranburu-juez-de-centro-de-galarreta\/"},"wordCount":223,"publisher":{"@id":"https:\/\/oriamendi.eus\/es\/#organization"},"articleSection":["Sin categorizar"],"inLanguage":"es"},{"@type":"WebPage","@id":"https:\/\/oriamendi.eus\/es\/2022\/02\/07\/fallece-eugenio-aranburu-juez-de-centro-de-galarreta\/","url":"https:\/\/oriamendi.eus\/es\/2022\/02\/07\/fallece-eugenio-aranburu-juez-de-centro-de-galarreta\/","name":"Fallece Eugenio Aranburu, juez de centro de Galarreta | Oriamendi 2010","isPartOf":{"@id":"https:\/\/oriamendi.eus\/es\/#website"},"datePublished":"2022-02-07T15:09:55+00:00","dateModified":"2022-02-07T15:22:37+00:00","breadcrumb":{"@id":"https:\/\/oriamendi.eus\/es\/2022\/02\/07\/fallece-eugenio-aranburu-juez-de-centro-de-galarreta\/#breadcrumb"},"inLanguage":"es","potentialAction":[{"@type":"ReadAction","target":["https:\/\/oriamendi.eus\/es\/2022\/02\/07\/fallece-eugenio-aranburu-juez-de-centro-de-galarreta\/"]}]},{"@type":"BreadcrumbList","@id":"https:\/\/oriamendi.eus\/es\/2022\/02\/07\/fallece-eugenio-aranburu-juez-de-centro-de-galarreta\/#breadcrumb","itemListElement":[{"@type":"ListItem","position":1,"name":"Portada","item":"https:\/\/oriamendi.eus\/es\/"},{"@type":"ListItem","position":2,"name":"Fallece Eugenio Aranburu, juez de centro de Galarreta"}]},{"@type":"WebSite","@id":"https:\/\/oriamendi.eus\/es\/#website","url":"https:\/\/oriamendi.eus\/es\/","name":"Oriamendi","description":"Remonte en Galarreta. Hernani. Gipuzkoa","publisher":{"@id":"https:\/\/oriamendi.eus\/es\/#organization"},"potentialAction":[{"@type":"SearchAction","target":{"@type":"EntryPoint","urlTemplate":"https:\/\/oriamendi.eus\/es\/?s={search_term_string}"},"query-input":"required name=search_term_string"}],"inLanguage":"es"},{"@type":"Organization","@id":"https:\/\/oriamendi.eus\/es\/#organization","name":"Oriamendi","url":"https:\/\/oriamendi.eus\/es\/","logo":{"@type":"ImageObject","inLanguage":"es","@id":"https:\/\/oriamendi.eus\/es\/#\/schema\/logo\/image\/","url":"https:\/\/oriamendi.eus\/wp-content\/uploads\/2020\/06\/logo-oriamendi.png","contentUrl":"https:\/\/oriamendi.eus\/wp-content\/uploads\/2020\/06\/logo-oriamendi.png","width":300,"height":90,"caption":"Oriamendi"},"image":{"@id":"https:\/\/oriamendi.eus\/es\/#\/schema\/logo\/image\/"},"sameAs":["https:\/\/www.facebook.com\/oriamendi2010remonte\/","https:\/\/twitter.com\/oriamendi2010","https:\/\/www.instagram.com\/galarretajaialai\/","https:\/\/www.youtube.com\/channel\/UC8gVNzQqB1iwnC-_rI-ihmA\/featured"]},{"@type":"Person","@id":"https:\/\/oriamendi.eus\/es\/#\/schema\/person\/d50c13df7440d84706fe7d03941cc92f","name":"Endika Barrenetxea","image":{"@type":"ImageObject","inLanguage":"es","@id":"https:\/\/oriamendi.eus\/es\/#\/schema\/person\/image\/","url":"https:\/\/secure.gravatar.com\/avatar\/26a16205d858e579d56d8adc8addd712?s=96&d=mm&r=g","contentUrl":"https:\/\/secure.gravatar.com\/avatar\/26a16205d858e579d56d8adc8addd712?s=96&d=mm&r=g","caption":"Endika Barrenetxea"},"url":"https:\/\/oriamendi.eus\/es\/author\/om-kudeaketa\/"}]}},"_links":{"self":[{"href":"https:\/\/oriamendi.eus\/es\/wp-json\/wp\/v2\/posts\/6240"}],"collection":[{"href":"https:\/\/oriamendi.eus\/es\/wp-json\/wp\/v2\/posts"}],"about":[{"href":"https:\/\/oriamendi.eus\/es\/wp-json\/wp\/v2\/types\/post"}],"author":[{"embeddable":true,"href":"https:\/\/oriamendi.eus\/es\/wp-json\/wp\/v2\/users\/3"}],"replies":[{"embeddable":true,"href":"https:\/\/oriamendi.eus\/es\/wp-json\/wp\/v2\/comments?post=6240"}],"version-history":[{"count":2,"href":"https:\/\/oriamendi.eus\/es\/wp-json\/wp\/v2\/posts\/6240\/revisions"}],"predecessor-version":[{"id":6262,"href":"https:\/\/oriamendi.eus\/es\/wp-json\/wp\/v2\/posts\/6240\/revisions\/6262"}],"wp:featuredmedia":[{"embeddable":true,"href":"https:\/\/oriamendi.eus\/es\/wp-json\/wp\/v2\/media\/6229"}],"wp:attachment":[{"href":"https:\/\/oriamendi.eus\/es\/wp-json\/wp\/v2\/media?parent=6240"}],"wp:term":[{"taxonomy":"category","embeddable":true,"href":"https:\/\/oriamendi.eus\/es\/wp-json\/wp\/v2\/categories?post=6240"},{"taxonomy":"post_tag","embeddable":true,"href":"https:\/\/oriamendi.eus\/es\/wp-json\/wp\/v2\/tags?post=6240"}],"curies":[{"name":"wp","href":"https:\/\/api.w.org\/{rel}","templated":true}]}}