                                        
                                        
                                        
                                        
                                        
                                        
                                        
                                        
                                        
                                        
                                        
                                        
                                        
                                        
                                        
                                        
                                        
                                        
{"id":6222,"date":"2022-02-05T20:50:39","date_gmt":"2022-02-05T19:50:39","guid":{"rendered":"https:\/\/oriamendi.eus\/?p=6222"},"modified":"2022-02-05T20:50:42","modified_gmt":"2022-02-05T19:50:42","slug":"aldabe-y-barrenetxea-se-llevan-el-estelar-por-la-minima","status":"publish","type":"post","link":"https:\/\/oriamendi.eus\/es\/2022\/02\/05\/aldabe-y-barrenetxea-se-llevan-el-estelar-por-la-minima\/","title":{"rendered":"Aldabe y Barrenetxea se llevan el estelar por la m\u00ednima"},"content":{"rendered":"\n<p>La igualdad, la emoci\u00f3n y las rachas fueron protagonistas en el festival de remonte de Galarreta. En los tres partidos disputados solo falt\u00f3 emoci\u00f3n en el primero, pero en los otros dos hubo muchos cambios en el marcador con la incertidumbre como se\u00f1a de identidad.<\/p>\n\n\n\n<p>En el estelar Aldabe y Barrenetxea IV se llevaron la victoria por la m\u00ednima, 40-39, ante Ansa II-Azpiroz, mientras en el tercer partido Loitegi y Martirena se impusieron 33-40. En el primer partido Segurola, que sustitu\u00eda a Goikoetxea V, y Odei ganaron con solvencia, 35-22, a Urrutia II-Labaka.\u00a0<\/p>\n\n\n\n<p>Segurola demostr\u00f3 estar a un nivel superior y fue quien marc\u00f3 las diferencias desde el inicio. En el tercer partido Martirena fue el mejor bien acompa\u00f1ado por un Loitegi que realiz\u00f3 muchas jugadas. Etxarri y Zaldua comenzaron ganando y llevaron una renta c\u00f3moda hasta que reaccionaron los azules y en el tramo\u00a0 final pasaron y se marcharon en el marcador.\u00a0Antes en el estelar hubo se vio una pel\u00edcula parecida, pero todav\u00eda con m\u00e1s vueltas. <\/p>\n\n\n\n<p>El partido comenz\u00f3 igualado, pero Barrenetxea empez\u00f3 a dominar con el saque para adelantarse 14-10 e incluso tener ocho tantos de ventaja en el 21-13. Tras una falta de saque del zaguero hernaniarra los azules cogieron el saque y comenzaron una remontada que les llev\u00f3 a ponerse a cuatro tantos, 24-20, empatar a 25 y a adelantarse 28-30 y 30-36. Ansa II estaba siendo el jefe del partido, bien acompa\u00f1ado por un Azpiroz muy seguro. Aldabe no ve\u00eda modo de sacar un tanto, jhasta que Ansa II empez\u00f3 a fallar en jugadas a dos paredes. Tir\u00f3 tres pelotas abajo y del 30-36 se pas\u00f3 al empate a 36. Adem\u00e1s, cuando el partido estaba empatado a 39 el delantero de Urnieta volvi\u00f3 a arriesgar y en el primer pelotazo entr\u00f3 para jug\u00e1rsela y volver a tirar la pelota al colch\u00f3n de abajo. Le falt\u00f3 tranquilidad.<\/p>\n\n\n\n<p>Los n\u00fameros de los remontistas fueron parecidos. Ansa acab\u00f3 con 20 tantos y seis fallos, cuatro en los momentos clave, cuando llevaba hasta entonces un partido muy bueno. Aldabe tambi\u00e9n estuvo muy acertado. Le\u00a0 falt\u00f3 quiz\u00e1s hacer m\u00e1s jugadas, pero hizo 18 tantos y tres errores. En los zagueros la pelea fue igualada. Barrenetxea realiz\u00f3 m\u00e1s errores, pero los n\u00fameros de ambos fueron muy igualados.\u00a0<\/p>\n","protected":false},"excerpt":{"rendered":"<p>La igualdad, la emoci\u00f3n y las rachas fueron protagonistas en el festival de remonte de Galarreta. En los tres partidos disputados solo falt\u00f3 emoci\u00f3n en el primero, pero en los otros dos hubo muchos cambios en el marcador con la incertidumbre como se\u00f1a de identidad. En el estelar Aldabe y Barrenetxea IV se llevaron la [&hellip;]<\/p>\n","protected":false},"author":5,"featured_media":5187,"comment_status":"closed","ping_status":"open","sticky":false,"template":"","format":"standard","meta":{"_et_pb_use_builder":"off","_et_pb_old_content":"","_et_gb_content_width":"","footnotes":""},"categories":[1],"tags":[],"yoast_head":"<!-- This site is optimized with the Yoast SEO plugin v21.8 - https:\/\/yoast.com\/wordpress\/plugins\/seo\/ -->\n<title>Aldabe y Barrenetxea se llevan el estelar por la m\u00ednima | Oriamendi 2010<\/title>\n<meta name=\"robots\" content=\"index, follow, max-snippet:-1, max-image-preview:large, max-video-preview:-1\" \/>\n<link rel=\"canonical\" href=\"https:\/\/oriamendi.eus\/es\/2022\/02\/05\/aldabe-y-barrenetxea-se-llevan-el-estelar-por-la-minima\/\" \/>\n<meta property=\"og:locale\" content=\"es_ES\" \/>\n<meta property=\"og:type\" content=\"article\" \/>\n<meta property=\"og:title\" content=\"Aldabe y Barrenetxea se llevan el estelar por la m\u00ednima | Oriamendi 2010\" \/>\n<meta property=\"og:description\" content=\"La igualdad, la emoci\u00f3n y las rachas fueron protagonistas en el festival de remonte de Galarreta. En los tres partidos disputados solo falt\u00f3 emoci\u00f3n en el primero, pero en los otros dos hubo muchos cambios en el marcador con la incertidumbre como se\u00f1a de identidad. En el estelar Aldabe y Barrenetxea IV se llevaron la [&hellip;]\" \/>\n<meta property=\"og:url\" content=\"https:\/\/oriamendi.eus\/es\/2022\/02\/05\/aldabe-y-barrenetxea-se-llevan-el-estelar-por-la-minima\/\" \/>\n<meta property=\"og:site_name\" content=\"Oriamendi 2010\" \/>\n<meta property=\"article:publisher\" content=\"https:\/\/www.facebook.com\/oriamendi2010remonte\/\" \/>\n<meta property=\"article:published_time\" content=\"2022-02-05T19:50:39+00:00\" \/>\n<meta property=\"article:modified_time\" content=\"2022-02-05T19:50:42+00:00\" \/>\n<meta property=\"og:image\" content=\"https:\/\/oriamendi.eus\/wp-content\/uploads\/2021\/01\/MA03-1-1024x682.jpg\" \/>\n\t<meta property=\"og:image:width\" content=\"1024\" \/>\n\t<meta property=\"og:image:height\" content=\"682\" \/>\n\t<meta property=\"og:image:type\" content=\"image\/jpeg\" \/>\n<meta name=\"author\" content=\"I\u00f1igo Go\u00f1i\" \/>\n<meta name=\"twitter:card\" content=\"summary_large_image\" \/>\n<meta name=\"twitter:creator\" content=\"@oriamendi2010\" \/>\n<meta name=\"twitter:site\" content=\"@oriamendi2010\" \/>\n<meta name=\"twitter:label1\" content=\"Escrito por\" \/>\n\t<meta name=\"twitter:data1\" content=\"I\u00f1igo Go\u00f1i\" \/>\n\t<meta name=\"twitter:label2\" content=\"Tiempo de lectura\" \/>\n\t<meta name=\"twitter:data2\" content=\"2 minutos\" \/>\n<script type=\"application\/ld+json\" class=\"yoast-schema-graph\">{\"@context\":\"https:\/\/schema.org\",\"@graph\":[{\"@type\":\"Article\",\"@id\":\"https:\/\/oriamendi.eus\/es\/2022\/02\/05\/aldabe-y-barrenetxea-se-llevan-el-estelar-por-la-minima\/#article\",\"isPartOf\":{\"@id\":\"https:\/\/oriamendi.eus\/es\/2022\/02\/05\/aldabe-y-barrenetxea-se-llevan-el-estelar-por-la-minima\/\"},\"author\":{\"name\":\"I\u00f1igo Go\u00f1i\",\"@id\":\"https:\/\/oriamendi.eus\/es\/#\/schema\/person\/c0bd06c6c747674306a5c82563e2339a\"},\"headline\":\"Aldabe y Barrenetxea se llevan el estelar por la m\u00ednima\",\"datePublished\":\"2022-02-05T19:50:39+00:00\",\"dateModified\":\"2022-02-05T19:50:42+00:00\",\"mainEntityOfPage\":{\"@id\":\"https:\/\/oriamendi.eus\/es\/2022\/02\/05\/aldabe-y-barrenetxea-se-llevan-el-estelar-por-la-minima\/\"},\"wordCount\":404,\"publisher\":{\"@id\":\"https:\/\/oriamendi.eus\/es\/#organization\"},\"articleSection\":[\"Sin categorizar\"],\"inLanguage\":\"es\"},{\"@type\":\"WebPage\",\"@id\":\"https:\/\/oriamendi.eus\/es\/2022\/02\/05\/aldabe-y-barrenetxea-se-llevan-el-estelar-por-la-minima\/\",\"url\":\"https:\/\/oriamendi.eus\/es\/2022\/02\/05\/aldabe-y-barrenetxea-se-llevan-el-estelar-por-la-minima\/\",\"name\":\"Aldabe y Barrenetxea se llevan el estelar por la m\u00ednima | Oriamendi 2010\",\"isPartOf\":{\"@id\":\"https:\/\/oriamendi.eus\/es\/#website\"},\"datePublished\":\"2022-02-05T19:50:39+00:00\",\"dateModified\":\"2022-02-05T19:50:42+00:00\",\"breadcrumb\":{\"@id\":\"https:\/\/oriamendi.eus\/es\/2022\/02\/05\/aldabe-y-barrenetxea-se-llevan-el-estelar-por-la-minima\/#breadcrumb\"},\"inLanguage\":\"es\",\"potentialAction\":[{\"@type\":\"ReadAction\",\"target\":[\"https:\/\/oriamendi.eus\/es\/2022\/02\/05\/aldabe-y-barrenetxea-se-llevan-el-estelar-por-la-minima\/\"]}]},{\"@type\":\"BreadcrumbList\",\"@id\":\"https:\/\/oriamendi.eus\/es\/2022\/02\/05\/aldabe-y-barrenetxea-se-llevan-el-estelar-por-la-minima\/#breadcrumb\",\"itemListElement\":[{\"@type\":\"ListItem\",\"position\":1,\"name\":\"Portada\",\"item\":\"https:\/\/oriamendi.eus\/es\/\"},{\"@type\":\"ListItem\",\"position\":2,\"name\":\"Aldabe y Barrenetxea se llevan el estelar por la m\u00ednima\"}]},{\"@type\":\"WebSite\",\"@id\":\"https:\/\/oriamendi.eus\/es\/#website\",\"url\":\"https:\/\/oriamendi.eus\/es\/\",\"name\":\"Oriamendi\",\"description\":\"Remonte en Galarreta. Hernani. Gipuzkoa\",\"publisher\":{\"@id\":\"https:\/\/oriamendi.eus\/es\/#organization\"},\"potentialAction\":[{\"@type\":\"SearchAction\",\"target\":{\"@type\":\"EntryPoint\",\"urlTemplate\":\"https:\/\/oriamendi.eus\/es\/?s={search_term_string}\"},\"query-input\":\"required name=search_term_string\"}],\"inLanguage\":\"es\"},{\"@type\":\"Organization\",\"@id\":\"https:\/\/oriamendi.eus\/es\/#organization\",\"name\":\"Oriamendi\",\"url\":\"https:\/\/oriamendi.eus\/es\/\",\"logo\":{\"@type\":\"ImageObject\",\"inLanguage\":\"es\",\"@id\":\"https:\/\/oriamendi.eus\/es\/#\/schema\/logo\/image\/\",\"url\":\"https:\/\/oriamendi.eus\/wp-content\/uploads\/2020\/06\/logo-oriamendi.png\",\"contentUrl\":\"https:\/\/oriamendi.eus\/wp-content\/uploads\/2020\/06\/logo-oriamendi.png\",\"width\":300,\"height\":90,\"caption\":\"Oriamendi\"},\"image\":{\"@id\":\"https:\/\/oriamendi.eus\/es\/#\/schema\/logo\/image\/\"},\"sameAs\":[\"https:\/\/www.facebook.com\/oriamendi2010remonte\/\",\"https:\/\/twitter.com\/oriamendi2010\",\"https:\/\/www.instagram.com\/galarretajaialai\/\",\"https:\/\/www.youtube.com\/channel\/UC8gVNzQqB1iwnC-_rI-ihmA\/featured\"]},{\"@type\":\"Person\",\"@id\":\"https:\/\/oriamendi.eus\/es\/#\/schema\/person\/c0bd06c6c747674306a5c82563e2339a\",\"name\":\"I\u00f1igo Go\u00f1i\",\"image\":{\"@type\":\"ImageObject\",\"inLanguage\":\"es\",\"@id\":\"https:\/\/oriamendi.eus\/es\/#\/schema\/person\/image\/\",\"url\":\"https:\/\/secure.gravatar.com\/avatar\/fbb07ffc7b803bbfcc2b6419c06abd3a?s=96&d=mm&r=g\",\"contentUrl\":\"https:\/\/secure.gravatar.com\/avatar\/fbb07ffc7b803bbfcc2b6419c06abd3a?s=96&d=mm&r=g\",\"caption\":\"I\u00f1igo Go\u00f1i\"},\"url\":\"https:\/\/oriamendi.eus\/es\/author\/om-berriak\/\"}]}<\/script>\n<!-- \/ Yoast SEO plugin. -->","yoast_head_json":{"title":"Aldabe y Barrenetxea se llevan el estelar por la m\u00ednima | Oriamendi 2010","robots":{"index":"index","follow":"follow","max-snippet":"max-snippet:-1","max-image-preview":"max-image-preview:large","max-video-preview":"max-video-preview:-1"},"canonical":"https:\/\/oriamendi.eus\/es\/2022\/02\/05\/aldabe-y-barrenetxea-se-llevan-el-estelar-por-la-minima\/","og_locale":"es_ES","og_type":"article","og_title":"Aldabe y Barrenetxea se llevan el estelar por la m\u00ednima | Oriamendi 2010","og_description":"La igualdad, la emoci\u00f3n y las rachas fueron protagonistas en el festival de remonte de Galarreta. En los tres partidos disputados solo falt\u00f3 emoci\u00f3n en el primero, pero en los otros dos hubo muchos cambios en el marcador con la incertidumbre como se\u00f1a de identidad. En el estelar Aldabe y Barrenetxea IV se llevaron la [&hellip;]","og_url":"https:\/\/oriamendi.eus\/es\/2022\/02\/05\/aldabe-y-barrenetxea-se-llevan-el-estelar-por-la-minima\/","og_site_name":"Oriamendi 2010","article_publisher":"https:\/\/www.facebook.com\/oriamendi2010remonte\/","article_published_time":"2022-02-05T19:50:39+00:00","article_modified_time":"2022-02-05T19:50:42+00:00","og_image":[{"width":1024,"height":682,"url":"https:\/\/oriamendi.eus\/wp-content\/uploads\/2021\/01\/MA03-1-1024x682.jpg","type":"image\/jpeg"}],"author":"I\u00f1igo Go\u00f1i","twitter_card":"summary_large_image","twitter_creator":"@oriamendi2010","twitter_site":"@oriamendi2010","twitter_misc":{"Escrito por":"I\u00f1igo Go\u00f1i","Tiempo de lectura":"2 minutos"},"schema":{"@context":"https:\/\/schema.org","@graph":[{"@type":"Article","@id":"https:\/\/oriamendi.eus\/es\/2022\/02\/05\/aldabe-y-barrenetxea-se-llevan-el-estelar-por-la-minima\/#article","isPartOf":{"@id":"https:\/\/oriamendi.eus\/es\/2022\/02\/05\/aldabe-y-barrenetxea-se-llevan-el-estelar-por-la-minima\/"},"author":{"name":"I\u00f1igo Go\u00f1i","@id":"https:\/\/oriamendi.eus\/es\/#\/schema\/person\/c0bd06c6c747674306a5c82563e2339a"},"headline":"Aldabe y Barrenetxea se llevan el estelar por la m\u00ednima","datePublished":"2022-02-05T19:50:39+00:00","dateModified":"2022-02-05T19:50:42+00:00","mainEntityOfPage":{"@id":"https:\/\/oriamendi.eus\/es\/2022\/02\/05\/aldabe-y-barrenetxea-se-llevan-el-estelar-por-la-minima\/"},"wordCount":404,"publisher":{"@id":"https:\/\/oriamendi.eus\/es\/#organization"},"articleSection":["Sin categorizar"],"inLanguage":"es"},{"@type":"WebPage","@id":"https:\/\/oriamendi.eus\/es\/2022\/02\/05\/aldabe-y-barrenetxea-se-llevan-el-estelar-por-la-minima\/","url":"https:\/\/oriamendi.eus\/es\/2022\/02\/05\/aldabe-y-barrenetxea-se-llevan-el-estelar-por-la-minima\/","name":"Aldabe y Barrenetxea se llevan el estelar por la m\u00ednima | Oriamendi 2010","isPartOf":{"@id":"https:\/\/oriamendi.eus\/es\/#website"},"datePublished":"2022-02-05T19:50:39+00:00","dateModified":"2022-02-05T19:50:42+00:00","breadcrumb":{"@id":"https:\/\/oriamendi.eus\/es\/2022\/02\/05\/aldabe-y-barrenetxea-se-llevan-el-estelar-por-la-minima\/#breadcrumb"},"inLanguage":"es","potentialAction":[{"@type":"ReadAction","target":["https:\/\/oriamendi.eus\/es\/2022\/02\/05\/aldabe-y-barrenetxea-se-llevan-el-estelar-por-la-minima\/"]}]},{"@type":"BreadcrumbList","@id":"https:\/\/oriamendi.eus\/es\/2022\/02\/05\/aldabe-y-barrenetxea-se-llevan-el-estelar-por-la-minima\/#breadcrumb","itemListElement":[{"@type":"ListItem","position":1,"name":"Portada","item":"https:\/\/oriamendi.eus\/es\/"},{"@type":"ListItem","position":2,"name":"Aldabe y Barrenetxea se llevan el estelar por la m\u00ednima"}]},{"@type":"WebSite","@id":"https:\/\/oriamendi.eus\/es\/#website","url":"https:\/\/oriamendi.eus\/es\/","name":"Oriamendi","description":"Remonte en Galarreta. Hernani. Gipuzkoa","publisher":{"@id":"https:\/\/oriamendi.eus\/es\/#organization"},"potentialAction":[{"@type":"SearchAction","target":{"@type":"EntryPoint","urlTemplate":"https:\/\/oriamendi.eus\/es\/?s={search_term_string}"},"query-input":"required name=search_term_string"}],"inLanguage":"es"},{"@type":"Organization","@id":"https:\/\/oriamendi.eus\/es\/#organization","name":"Oriamendi","url":"https:\/\/oriamendi.eus\/es\/","logo":{"@type":"ImageObject","inLanguage":"es","@id":"https:\/\/oriamendi.eus\/es\/#\/schema\/logo\/image\/","url":"https:\/\/oriamendi.eus\/wp-content\/uploads\/2020\/06\/logo-oriamendi.png","contentUrl":"https:\/\/oriamendi.eus\/wp-content\/uploads\/2020\/06\/logo-oriamendi.png","width":300,"height":90,"caption":"Oriamendi"},"image":{"@id":"https:\/\/oriamendi.eus\/es\/#\/schema\/logo\/image\/"},"sameAs":["https:\/\/www.facebook.com\/oriamendi2010remonte\/","https:\/\/twitter.com\/oriamendi2010","https:\/\/www.instagram.com\/galarretajaialai\/","https:\/\/www.youtube.com\/channel\/UC8gVNzQqB1iwnC-_rI-ihmA\/featured"]},{"@type":"Person","@id":"https:\/\/oriamendi.eus\/es\/#\/schema\/person\/c0bd06c6c747674306a5c82563e2339a","name":"I\u00f1igo Go\u00f1i","image":{"@type":"ImageObject","inLanguage":"es","@id":"https:\/\/oriamendi.eus\/es\/#\/schema\/person\/image\/","url":"https:\/\/secure.gravatar.com\/avatar\/fbb07ffc7b803bbfcc2b6419c06abd3a?s=96&d=mm&r=g","contentUrl":"https:\/\/secure.gravatar.com\/avatar\/fbb07ffc7b803bbfcc2b6419c06abd3a?s=96&d=mm&r=g","caption":"I\u00f1igo Go\u00f1i"},"url":"https:\/\/oriamendi.eus\/es\/author\/om-berriak\/"}]}},"_links":{"self":[{"href":"https:\/\/oriamendi.eus\/es\/wp-json\/wp\/v2\/posts\/6222"}],"collection":[{"href":"https:\/\/oriamendi.eus\/es\/wp-json\/wp\/v2\/posts"}],"about":[{"href":"https:\/\/oriamendi.eus\/es\/wp-json\/wp\/v2\/types\/post"}],"author":[{"embeddable":true,"href":"https:\/\/oriamendi.eus\/es\/wp-json\/wp\/v2\/users\/5"}],"replies":[{"embeddable":true,"href":"https:\/\/oriamendi.eus\/es\/wp-json\/wp\/v2\/comments?post=6222"}],"version-history":[{"count":1,"href":"https:\/\/oriamendi.eus\/es\/wp-json\/wp\/v2\/posts\/6222\/revisions"}],"predecessor-version":[{"id":6223,"href":"https:\/\/oriamendi.eus\/es\/wp-json\/wp\/v2\/posts\/6222\/revisions\/6223"}],"wp:featuredmedia":[{"embeddable":true,"href":"https:\/\/oriamendi.eus\/es\/wp-json\/wp\/v2\/media\/5187"}],"wp:attachment":[{"href":"https:\/\/oriamendi.eus\/es\/wp-json\/wp\/v2\/media?parent=6222"}],"wp:term":[{"taxonomy":"category","embeddable":true,"href":"https:\/\/oriamendi.eus\/es\/wp-json\/wp\/v2\/categories?post=6222"},{"taxonomy":"post_tag","embeddable":true,"href":"https:\/\/oriamendi.eus\/es\/wp-json\/wp\/v2\/tags?post=6222"}],"curies":[{"name":"wp","href":"https:\/\/api.w.org\/{rel}","templated":true}]}}