                                        
                                        
                                        
                                        
                                        
                                        
                                        
                                        
                                        
                                        
                                        
                                        
                                        
                                        
                                        
                                        
                                        
                                        
{"id":6196,"date":"2022-01-21T13:50:43","date_gmt":"2022-01-21T12:50:43","guid":{"rendered":"https:\/\/oriamendi.eus\/?p=6196"},"modified":"2022-01-22T19:56:25","modified_gmt":"2022-01-22T18:56:25","slug":"el-torneo-iparlur-masters-arranca-el-sabado-con-seis-remontistas","status":"publish","type":"post","link":"https:\/\/oriamendi.eus\/es\/2022\/01\/21\/el-torneo-iparlur-masters-arranca-el-sabado-con-seis-remontistas\/","title":{"rendered":"El Torneo Iparlur Masters arranca el s\u00e1bado con seis remontistas"},"content":{"rendered":"\n<p>Zubiri, Goikoetxea V, Juanenea, Ansa II, Urriza y Barrenetx<strong>ea IV son los seis protagonistas<\/strong><\/p>\n\n\n\n<p>Ayer se present\u00f3 en Galarreta el Torneo Iparlur Masters y el Masters individual de este a\u00f1o llega con novedades. Jugar\u00e1n m\u00e1s pelotaris que nunca, seis, y contar\u00e1 con dos debutantes; Zubiri y Goikoetxea V. Los otros cuatro ser\u00e1n Juanenea, Ansa II, Urriza y Barrenetxea IV.<\/p>\n\n\n\n<p><br>Los seis mejores remontistas del Torneo Kutxabank Manomanista disputar\u00e1n el Masters y en total hay cinco partidos anunciados en cinco s\u00e1bados. El primer partido se disputar\u00e1 el 22 de enero y se medir\u00e1n Juanenea y Zubiri. Juanenea fue cuarto en verano y Zubiri quinto. El vencedor pasar\u00e1 a semifinales.<\/p>\n\n\n\n<figure class=\"wp-block-image size-large\"><img fetchpriority=\"high\" fetchpriority=\"high\" decoding=\"async\" width=\"1024\" height=\"683\" src=\"https:\/\/oriamendi.eus\/wp-content\/uploads\/2022\/01\/Masters1-1024x683.jpg\" alt=\"\" class=\"wp-image-6192\" srcset=\"https:\/\/oriamendi.eus\/wp-content\/uploads\/2022\/01\/Masters1-1024x683.jpg 1024w, https:\/\/oriamendi.eus\/wp-content\/uploads\/2022\/01\/Masters1-980x653.jpg 980w, https:\/\/oriamendi.eus\/wp-content\/uploads\/2022\/01\/Masters1-480x320.jpg 480w\" sizes=\"(min-width: 0px) and (max-width: 480px) 480px, (min-width: 481px) and (max-width: 980px) 980px, (min-width: 981px) 1024px, 100vw\" \/><\/figure>\n\n\n\n<p><br>El segundo partido lo disputar\u00e1n Goikoetxea V y Ansa II el 29 de enero. Ser\u00e1 un partido entre dos urnietarras en el que Goikoetxea se clasific\u00f3 sexto en el Torneo Kutxabank y Ansa tercero.<\/p>\n\n\n\n<p><br>La primera semifinal ser\u00e1 el 5 de febrero y Urriza tendr\u00e1 como contrincante al ganador del partido entre Ansa y Goikoetxea.<\/p>\n\n\n\n<p><br>La segunda semifinal la disputar\u00e1 Barrenetxea IV contra Juanenea o Zubiri el 12 de febrero. Cabe recordar que Barrenetxea es campe\u00f3n individual y que Urriza es subcampe\u00f3n.<\/p>\n\n\n\n<p><br>La final la disputar\u00e1n los ganadores de las semifinales el 19 de febrero.<\/p>\n","protected":false},"excerpt":{"rendered":"<p>Zubiri, Goikoetxea V, Juanenea, Ansa II, Urriza y Barrenetxea IV son los seis protagonistas Ayer se present\u00f3 en Galarreta el Torneo Iparlur Masters y el Masters individual de este a\u00f1o llega con novedades. Jugar\u00e1n m\u00e1s pelotaris que nunca, seis, y contar\u00e1 con dos debutantes; Zubiri y Goikoetxea V. Los otros cuatro ser\u00e1n Juanenea, Ansa II, [&hellip;]<\/p>\n","protected":false},"author":5,"featured_media":6199,"comment_status":"closed","ping_status":"open","sticky":false,"template":"","format":"standard","meta":{"_et_pb_use_builder":"off","_et_pb_old_content":"","_et_gb_content_width":"","footnotes":""},"categories":[1],"tags":[],"yoast_head":"<!-- This site is optimized with the Yoast SEO plugin v21.8 - https:\/\/yoast.com\/wordpress\/plugins\/seo\/ -->\n<title>El Torneo Iparlur Masters arranca el s\u00e1bado con seis remontistas | Oriamendi 2010<\/title>\n<meta name=\"robots\" content=\"index, follow, max-snippet:-1, max-image-preview:large, max-video-preview:-1\" \/>\n<link rel=\"canonical\" href=\"https:\/\/oriamendi.eus\/es\/2022\/01\/21\/el-torneo-iparlur-masters-arranca-el-sabado-con-seis-remontistas\/\" \/>\n<meta property=\"og:locale\" content=\"es_ES\" \/>\n<meta property=\"og:type\" content=\"article\" \/>\n<meta property=\"og:title\" content=\"El Torneo Iparlur Masters arranca el s\u00e1bado con seis remontistas | Oriamendi 2010\" \/>\n<meta property=\"og:description\" content=\"Zubiri, Goikoetxea V, Juanenea, Ansa II, Urriza y Barrenetxea IV son los seis protagonistas Ayer se present\u00f3 en Galarreta el Torneo Iparlur Masters y el Masters individual de este a\u00f1o llega con novedades. Jugar\u00e1n m\u00e1s pelotaris que nunca, seis, y contar\u00e1 con dos debutantes; Zubiri y Goikoetxea V. Los otros cuatro ser\u00e1n Juanenea, Ansa II, [&hellip;]\" \/>\n<meta property=\"og:url\" content=\"https:\/\/oriamendi.eus\/es\/2022\/01\/21\/el-torneo-iparlur-masters-arranca-el-sabado-con-seis-remontistas\/\" \/>\n<meta property=\"og:site_name\" content=\"Oriamendi 2010\" \/>\n<meta property=\"article:publisher\" content=\"https:\/\/www.facebook.com\/oriamendi2010remonte\/\" \/>\n<meta property=\"article:published_time\" content=\"2022-01-21T12:50:43+00:00\" \/>\n<meta property=\"article:modified_time\" content=\"2022-01-22T18:56:25+00:00\" \/>\n<meta property=\"og:image\" content=\"https:\/\/oriamendi.eus\/wp-content\/uploads\/2022\/01\/redes-sociales.jpg\" \/>\n\t<meta property=\"og:image:width\" content=\"1080\" \/>\n\t<meta property=\"og:image:height\" content=\"1080\" \/>\n\t<meta property=\"og:image:type\" content=\"image\/jpeg\" \/>\n<meta name=\"author\" content=\"I\u00f1igo Go\u00f1i\" \/>\n<meta name=\"twitter:card\" content=\"summary_large_image\" \/>\n<meta name=\"twitter:creator\" content=\"@oriamendi2010\" \/>\n<meta name=\"twitter:site\" content=\"@oriamendi2010\" \/>\n<meta name=\"twitter:label1\" content=\"Escrito por\" \/>\n\t<meta name=\"twitter:data1\" content=\"I\u00f1igo Go\u00f1i\" \/>\n\t<meta name=\"twitter:label2\" content=\"Tiempo de lectura\" \/>\n\t<meta name=\"twitter:data2\" content=\"2 minutos\" \/>\n<script type=\"application\/ld+json\" class=\"yoast-schema-graph\">{\"@context\":\"https:\/\/schema.org\",\"@graph\":[{\"@type\":\"Article\",\"@id\":\"https:\/\/oriamendi.eus\/es\/2022\/01\/21\/el-torneo-iparlur-masters-arranca-el-sabado-con-seis-remontistas\/#article\",\"isPartOf\":{\"@id\":\"https:\/\/oriamendi.eus\/es\/2022\/01\/21\/el-torneo-iparlur-masters-arranca-el-sabado-con-seis-remontistas\/\"},\"author\":{\"name\":\"I\u00f1igo Go\u00f1i\",\"@id\":\"https:\/\/oriamendi.eus\/es\/#\/schema\/person\/c0bd06c6c747674306a5c82563e2339a\"},\"headline\":\"El Torneo Iparlur Masters arranca el s\u00e1bado con seis remontistas\",\"datePublished\":\"2022-01-21T12:50:43+00:00\",\"dateModified\":\"2022-01-22T18:56:25+00:00\",\"mainEntityOfPage\":{\"@id\":\"https:\/\/oriamendi.eus\/es\/2022\/01\/21\/el-torneo-iparlur-masters-arranca-el-sabado-con-seis-remontistas\/\"},\"wordCount\":220,\"publisher\":{\"@id\":\"https:\/\/oriamendi.eus\/es\/#organization\"},\"articleSection\":[\"Sin categorizar\"],\"inLanguage\":\"es\"},{\"@type\":\"WebPage\",\"@id\":\"https:\/\/oriamendi.eus\/es\/2022\/01\/21\/el-torneo-iparlur-masters-arranca-el-sabado-con-seis-remontistas\/\",\"url\":\"https:\/\/oriamendi.eus\/es\/2022\/01\/21\/el-torneo-iparlur-masters-arranca-el-sabado-con-seis-remontistas\/\",\"name\":\"El Torneo Iparlur Masters arranca el s\u00e1bado con seis remontistas | Oriamendi 2010\",\"isPartOf\":{\"@id\":\"https:\/\/oriamendi.eus\/es\/#website\"},\"datePublished\":\"2022-01-21T12:50:43+00:00\",\"dateModified\":\"2022-01-22T18:56:25+00:00\",\"breadcrumb\":{\"@id\":\"https:\/\/oriamendi.eus\/es\/2022\/01\/21\/el-torneo-iparlur-masters-arranca-el-sabado-con-seis-remontistas\/#breadcrumb\"},\"inLanguage\":\"es\",\"potentialAction\":[{\"@type\":\"ReadAction\",\"target\":[\"https:\/\/oriamendi.eus\/es\/2022\/01\/21\/el-torneo-iparlur-masters-arranca-el-sabado-con-seis-remontistas\/\"]}]},{\"@type\":\"BreadcrumbList\",\"@id\":\"https:\/\/oriamendi.eus\/es\/2022\/01\/21\/el-torneo-iparlur-masters-arranca-el-sabado-con-seis-remontistas\/#breadcrumb\",\"itemListElement\":[{\"@type\":\"ListItem\",\"position\":1,\"name\":\"Portada\",\"item\":\"https:\/\/oriamendi.eus\/es\/\"},{\"@type\":\"ListItem\",\"position\":2,\"name\":\"El Torneo Iparlur Masters arranca el s\u00e1bado con seis remontistas\"}]},{\"@type\":\"WebSite\",\"@id\":\"https:\/\/oriamendi.eus\/es\/#website\",\"url\":\"https:\/\/oriamendi.eus\/es\/\",\"name\":\"Oriamendi\",\"description\":\"Remonte en Galarreta. Hernani. Gipuzkoa\",\"publisher\":{\"@id\":\"https:\/\/oriamendi.eus\/es\/#organization\"},\"potentialAction\":[{\"@type\":\"SearchAction\",\"target\":{\"@type\":\"EntryPoint\",\"urlTemplate\":\"https:\/\/oriamendi.eus\/es\/?s={search_term_string}\"},\"query-input\":\"required name=search_term_string\"}],\"inLanguage\":\"es\"},{\"@type\":\"Organization\",\"@id\":\"https:\/\/oriamendi.eus\/es\/#organization\",\"name\":\"Oriamendi\",\"url\":\"https:\/\/oriamendi.eus\/es\/\",\"logo\":{\"@type\":\"ImageObject\",\"inLanguage\":\"es\",\"@id\":\"https:\/\/oriamendi.eus\/es\/#\/schema\/logo\/image\/\",\"url\":\"https:\/\/oriamendi.eus\/wp-content\/uploads\/2020\/06\/logo-oriamendi.png\",\"contentUrl\":\"https:\/\/oriamendi.eus\/wp-content\/uploads\/2020\/06\/logo-oriamendi.png\",\"width\":300,\"height\":90,\"caption\":\"Oriamendi\"},\"image\":{\"@id\":\"https:\/\/oriamendi.eus\/es\/#\/schema\/logo\/image\/\"},\"sameAs\":[\"https:\/\/www.facebook.com\/oriamendi2010remonte\/\",\"https:\/\/twitter.com\/oriamendi2010\",\"https:\/\/www.instagram.com\/galarretajaialai\/\",\"https:\/\/www.youtube.com\/channel\/UC8gVNzQqB1iwnC-_rI-ihmA\/featured\"]},{\"@type\":\"Person\",\"@id\":\"https:\/\/oriamendi.eus\/es\/#\/schema\/person\/c0bd06c6c747674306a5c82563e2339a\",\"name\":\"I\u00f1igo Go\u00f1i\",\"image\":{\"@type\":\"ImageObject\",\"inLanguage\":\"es\",\"@id\":\"https:\/\/oriamendi.eus\/es\/#\/schema\/person\/image\/\",\"url\":\"https:\/\/secure.gravatar.com\/avatar\/fbb07ffc7b803bbfcc2b6419c06abd3a?s=96&d=mm&r=g\",\"contentUrl\":\"https:\/\/secure.gravatar.com\/avatar\/fbb07ffc7b803bbfcc2b6419c06abd3a?s=96&d=mm&r=g\",\"caption\":\"I\u00f1igo Go\u00f1i\"},\"url\":\"https:\/\/oriamendi.eus\/es\/author\/om-berriak\/\"}]}<\/script>\n<!-- \/ Yoast SEO plugin. -->","yoast_head_json":{"title":"El Torneo Iparlur Masters arranca el s\u00e1bado con seis remontistas | Oriamendi 2010","robots":{"index":"index","follow":"follow","max-snippet":"max-snippet:-1","max-image-preview":"max-image-preview:large","max-video-preview":"max-video-preview:-1"},"canonical":"https:\/\/oriamendi.eus\/es\/2022\/01\/21\/el-torneo-iparlur-masters-arranca-el-sabado-con-seis-remontistas\/","og_locale":"es_ES","og_type":"article","og_title":"El Torneo Iparlur Masters arranca el s\u00e1bado con seis remontistas | Oriamendi 2010","og_description":"Zubiri, Goikoetxea V, Juanenea, Ansa II, Urriza y Barrenetxea IV son los seis protagonistas Ayer se present\u00f3 en Galarreta el Torneo Iparlur Masters y el Masters individual de este a\u00f1o llega con novedades. Jugar\u00e1n m\u00e1s pelotaris que nunca, seis, y contar\u00e1 con dos debutantes; Zubiri y Goikoetxea V. Los otros cuatro ser\u00e1n Juanenea, Ansa II, [&hellip;]","og_url":"https:\/\/oriamendi.eus\/es\/2022\/01\/21\/el-torneo-iparlur-masters-arranca-el-sabado-con-seis-remontistas\/","og_site_name":"Oriamendi 2010","article_publisher":"https:\/\/www.facebook.com\/oriamendi2010remonte\/","article_published_time":"2022-01-21T12:50:43+00:00","article_modified_time":"2022-01-22T18:56:25+00:00","og_image":[{"width":1080,"height":1080,"url":"https:\/\/oriamendi.eus\/wp-content\/uploads\/2022\/01\/redes-sociales.jpg","type":"image\/jpeg"}],"author":"I\u00f1igo Go\u00f1i","twitter_card":"summary_large_image","twitter_creator":"@oriamendi2010","twitter_site":"@oriamendi2010","twitter_misc":{"Escrito por":"I\u00f1igo Go\u00f1i","Tiempo de lectura":"2 minutos"},"schema":{"@context":"https:\/\/schema.org","@graph":[{"@type":"Article","@id":"https:\/\/oriamendi.eus\/es\/2022\/01\/21\/el-torneo-iparlur-masters-arranca-el-sabado-con-seis-remontistas\/#article","isPartOf":{"@id":"https:\/\/oriamendi.eus\/es\/2022\/01\/21\/el-torneo-iparlur-masters-arranca-el-sabado-con-seis-remontistas\/"},"author":{"name":"I\u00f1igo Go\u00f1i","@id":"https:\/\/oriamendi.eus\/es\/#\/schema\/person\/c0bd06c6c747674306a5c82563e2339a"},"headline":"El Torneo Iparlur Masters arranca el s\u00e1bado con seis remontistas","datePublished":"2022-01-21T12:50:43+00:00","dateModified":"2022-01-22T18:56:25+00:00","mainEntityOfPage":{"@id":"https:\/\/oriamendi.eus\/es\/2022\/01\/21\/el-torneo-iparlur-masters-arranca-el-sabado-con-seis-remontistas\/"},"wordCount":220,"publisher":{"@id":"https:\/\/oriamendi.eus\/es\/#organization"},"articleSection":["Sin categorizar"],"inLanguage":"es"},{"@type":"WebPage","@id":"https:\/\/oriamendi.eus\/es\/2022\/01\/21\/el-torneo-iparlur-masters-arranca-el-sabado-con-seis-remontistas\/","url":"https:\/\/oriamendi.eus\/es\/2022\/01\/21\/el-torneo-iparlur-masters-arranca-el-sabado-con-seis-remontistas\/","name":"El Torneo Iparlur Masters arranca el s\u00e1bado con seis remontistas | Oriamendi 2010","isPartOf":{"@id":"https:\/\/oriamendi.eus\/es\/#website"},"datePublished":"2022-01-21T12:50:43+00:00","dateModified":"2022-01-22T18:56:25+00:00","breadcrumb":{"@id":"https:\/\/oriamendi.eus\/es\/2022\/01\/21\/el-torneo-iparlur-masters-arranca-el-sabado-con-seis-remontistas\/#breadcrumb"},"inLanguage":"es","potentialAction":[{"@type":"ReadAction","target":["https:\/\/oriamendi.eus\/es\/2022\/01\/21\/el-torneo-iparlur-masters-arranca-el-sabado-con-seis-remontistas\/"]}]},{"@type":"BreadcrumbList","@id":"https:\/\/oriamendi.eus\/es\/2022\/01\/21\/el-torneo-iparlur-masters-arranca-el-sabado-con-seis-remontistas\/#breadcrumb","itemListElement":[{"@type":"ListItem","position":1,"name":"Portada","item":"https:\/\/oriamendi.eus\/es\/"},{"@type":"ListItem","position":2,"name":"El Torneo Iparlur Masters arranca el s\u00e1bado con seis remontistas"}]},{"@type":"WebSite","@id":"https:\/\/oriamendi.eus\/es\/#website","url":"https:\/\/oriamendi.eus\/es\/","name":"Oriamendi","description":"Remonte en Galarreta. Hernani. Gipuzkoa","publisher":{"@id":"https:\/\/oriamendi.eus\/es\/#organization"},"potentialAction":[{"@type":"SearchAction","target":{"@type":"EntryPoint","urlTemplate":"https:\/\/oriamendi.eus\/es\/?s={search_term_string}"},"query-input":"required name=search_term_string"}],"inLanguage":"es"},{"@type":"Organization","@id":"https:\/\/oriamendi.eus\/es\/#organization","name":"Oriamendi","url":"https:\/\/oriamendi.eus\/es\/","logo":{"@type":"ImageObject","inLanguage":"es","@id":"https:\/\/oriamendi.eus\/es\/#\/schema\/logo\/image\/","url":"https:\/\/oriamendi.eus\/wp-content\/uploads\/2020\/06\/logo-oriamendi.png","contentUrl":"https:\/\/oriamendi.eus\/wp-content\/uploads\/2020\/06\/logo-oriamendi.png","width":300,"height":90,"caption":"Oriamendi"},"image":{"@id":"https:\/\/oriamendi.eus\/es\/#\/schema\/logo\/image\/"},"sameAs":["https:\/\/www.facebook.com\/oriamendi2010remonte\/","https:\/\/twitter.com\/oriamendi2010","https:\/\/www.instagram.com\/galarretajaialai\/","https:\/\/www.youtube.com\/channel\/UC8gVNzQqB1iwnC-_rI-ihmA\/featured"]},{"@type":"Person","@id":"https:\/\/oriamendi.eus\/es\/#\/schema\/person\/c0bd06c6c747674306a5c82563e2339a","name":"I\u00f1igo Go\u00f1i","image":{"@type":"ImageObject","inLanguage":"es","@id":"https:\/\/oriamendi.eus\/es\/#\/schema\/person\/image\/","url":"https:\/\/secure.gravatar.com\/avatar\/fbb07ffc7b803bbfcc2b6419c06abd3a?s=96&d=mm&r=g","contentUrl":"https:\/\/secure.gravatar.com\/avatar\/fbb07ffc7b803bbfcc2b6419c06abd3a?s=96&d=mm&r=g","caption":"I\u00f1igo Go\u00f1i"},"url":"https:\/\/oriamendi.eus\/es\/author\/om-berriak\/"}]}},"_links":{"self":[{"href":"https:\/\/oriamendi.eus\/es\/wp-json\/wp\/v2\/posts\/6196"}],"collection":[{"href":"https:\/\/oriamendi.eus\/es\/wp-json\/wp\/v2\/posts"}],"about":[{"href":"https:\/\/oriamendi.eus\/es\/wp-json\/wp\/v2\/types\/post"}],"author":[{"embeddable":true,"href":"https:\/\/oriamendi.eus\/es\/wp-json\/wp\/v2\/users\/5"}],"replies":[{"embeddable":true,"href":"https:\/\/oriamendi.eus\/es\/wp-json\/wp\/v2\/comments?post=6196"}],"version-history":[{"count":1,"href":"https:\/\/oriamendi.eus\/es\/wp-json\/wp\/v2\/posts\/6196\/revisions"}],"predecessor-version":[{"id":6197,"href":"https:\/\/oriamendi.eus\/es\/wp-json\/wp\/v2\/posts\/6196\/revisions\/6197"}],"wp:featuredmedia":[{"embeddable":true,"href":"https:\/\/oriamendi.eus\/es\/wp-json\/wp\/v2\/media\/6199"}],"wp:attachment":[{"href":"https:\/\/oriamendi.eus\/es\/wp-json\/wp\/v2\/media?parent=6196"}],"wp:term":[{"taxonomy":"category","embeddable":true,"href":"https:\/\/oriamendi.eus\/es\/wp-json\/wp\/v2\/categories?post=6196"},{"taxonomy":"post_tag","embeddable":true,"href":"https:\/\/oriamendi.eus\/es\/wp-json\/wp\/v2\/tags?post=6196"}],"curies":[{"name":"wp","href":"https:\/\/api.w.org\/{rel}","templated":true}]}}