                                        
                                        
                                        
                                        
                                        
                                        
                                        
                                        
                                        
                                        
                                        
                                        
                                        
                                        
                                        
                                        
                                        
                                        
{"id":6151,"date":"2021-12-24T19:50:57","date_gmt":"2021-12-24T18:50:57","guid":{"rendered":"https:\/\/oriamendi.eus\/?p=6151"},"modified":"2021-12-24T19:51:00","modified_gmt":"2021-12-24T18:51:00","slug":"urriza-y-labaka-defenderan-la-txapela-ante-ansa-ii-martirena","status":"publish","type":"post","link":"https:\/\/oriamendi.eus\/es\/2021\/12\/24\/urriza-y-labaka-defenderan-la-txapela-ante-ansa-ii-martirena\/","title":{"rendered":"Urriza y Labaka defender\u00e1n la txapela ante Ansa II-Martirena"},"content":{"rendered":"\n<p>Urriza y Labaka ser\u00e1n los acompa\u00f1antes de Ansa II-Martirena en la final del Parejas del pr\u00f3ximo 30 de diciembre en Galarreta. Se impusieron a Goikoetxea V-Barrenetxea IV en la segunda semifinal por 36-40 en un partido de muchas alternativas y de idas y vueltas.\u00a0<\/p>\n\n\n\n<p>El partido tuvo emoci\u00f3n y fue duro y peloteado. las pelotas tuvieron su influencia y ayudaba a las parejas en sus tacadas. As\u00ed, Goikoetxea y Barrenetxea comenzaron ganando 6-0. El zaguero sacaba bien y dominaba y los azules salieron algo fr\u00edos, aunque se calentaron r\u00e1pido ya con su pelota.<\/p>\n\n\n\n<p>Del 8-2 se pas\u00f3 a un 15-24 con un parcial de 7-22. En ese tramo Urriza fue amo y se\u00f1or ante un Goikoetxea al que los nervios le empezaron a atenazar. No acertaba y Barrenetxea no ve\u00eda hueco. Los azules dominaban el peloteo. Parec\u00eda que el partido iba a tener un claro ganador, pero a partir del 19-27 cambi\u00f3 por completo la decoraci\u00f3n.\u00a0<\/p>\n\n\n\n<p>Barrenetxea comenz\u00f3 a sacar mejor y a entrar m\u00e1s en juego. Su esfuerzo fue enorme y poco a poco fueron acerc\u00e1ndose y hasta se pusieron por delante 30-28 con un parcial de 11-1 a favor. El peloteo ya era dominado por los colorados, pero los azules supieron sufrir y agarrarse al partido.\u00a0Adem\u00e1s, Labaka ense\u00f1\u00f3 que tambi\u00e9n sabe sacar y eso les dio aire a Urriza y a \u00e9l. <\/p>\n\n\n\n<figure class=\"wp-block-image size-large\"><img fetchpriority=\"high\" fetchpriority=\"high\" decoding=\"async\" width=\"1024\" height=\"683\" src=\"https:\/\/oriamendi.eus\/wp-content\/uploads\/2021\/12\/urriza-labaka-1024x683.jpg\" alt=\"\" class=\"wp-image-6152\" srcset=\"https:\/\/oriamendi.eus\/wp-content\/uploads\/2021\/12\/urriza-labaka-1024x683.jpg 1024w, https:\/\/oriamendi.eus\/wp-content\/uploads\/2021\/12\/urriza-labaka-980x653.jpg 980w, https:\/\/oriamendi.eus\/wp-content\/uploads\/2021\/12\/urriza-labaka-480x320.jpg 480w\" sizes=\"(min-width: 0px) and (max-width: 480px) 480px, (min-width: 481px) and (max-width: 980px) 980px, (min-width: 981px) 1024px, 100vw\" \/><\/figure>\n\n\n\n<p>La \u00faltima decena de la semifinal fue igualada. Urriza y Labaka apenas fallaban y se rehicieron en el peloteo. En cambio en los colorados Goikoetxea alternaba alg\u00fan buen tanto con alg\u00fan que otro fallo claro que les hizo mucho da\u00f1o. Tras el empate a 34 dos fallos seguidos de Barrenetxea y Goikoetxea pusieron el 34-36. El 35-37 fue un buen pelotazo de Urriza, el 35-38 un saque de Labaka, Goikoetxea fallaba una pelota clara en el 36-39 y un saque milim\u00e9trico por la pared de Labaka cerraba la semifinal.\u00a0<\/p>\n\n\n\n<p>Urriza termin\u00f3 con 18 tantos y dos fallos. Mientras Labaka fue de gran ayuda con cuatro tantos en el peloteo, siete de saque por solo dos fallos. Barrenetxea fue el pelotari m\u00e1s destacado del partido a pesar de la derrota con 14 tantos en el peloteo, nueve de saque por dos faltas de saque y dos errores en el peloteo. Goikoetxea acab\u00f3 con diez tantos y siete fallos, que fueron clave.\u00a0<\/p>\n","protected":false},"excerpt":{"rendered":"<p>Urriza y Labaka ser\u00e1n los acompa\u00f1antes de Ansa II-Martirena en la final del Parejas del pr\u00f3ximo 30 de diciembre en Galarreta. Se impusieron a Goikoetxea V-Barrenetxea IV en la segunda semifinal por 36-40 en un partido de muchas alternativas y de idas y vueltas.\u00a0 El partido tuvo emoci\u00f3n y fue duro y peloteado. las pelotas [&hellip;]<\/p>\n","protected":false},"author":5,"featured_media":6155,"comment_status":"closed","ping_status":"open","sticky":false,"template":"","format":"standard","meta":{"_et_pb_use_builder":"off","_et_pb_old_content":"","_et_gb_content_width":"","footnotes":""},"categories":[1],"tags":[],"yoast_head":"<!-- This site is optimized with the Yoast SEO plugin v21.8 - https:\/\/yoast.com\/wordpress\/plugins\/seo\/ -->\n<title>Urriza y Labaka defender\u00e1n la txapela ante Ansa II-Martirena | Oriamendi 2010<\/title>\n<meta name=\"robots\" content=\"index, follow, max-snippet:-1, max-image-preview:large, max-video-preview:-1\" \/>\n<link rel=\"canonical\" href=\"https:\/\/oriamendi.eus\/es\/2021\/12\/24\/urriza-y-labaka-defenderan-la-txapela-ante-ansa-ii-martirena\/\" \/>\n<meta property=\"og:locale\" content=\"es_ES\" \/>\n<meta property=\"og:type\" content=\"article\" \/>\n<meta property=\"og:title\" content=\"Urriza y Labaka defender\u00e1n la txapela ante Ansa II-Martirena | Oriamendi 2010\" \/>\n<meta property=\"og:description\" content=\"Urriza y Labaka ser\u00e1n los acompa\u00f1antes de Ansa II-Martirena en la final del Parejas del pr\u00f3ximo 30 de diciembre en Galarreta. Se impusieron a Goikoetxea V-Barrenetxea IV en la segunda semifinal por 36-40 en un partido de muchas alternativas y de idas y vueltas.\u00a0 El partido tuvo emoci\u00f3n y fue duro y peloteado. las pelotas [&hellip;]\" \/>\n<meta property=\"og:url\" content=\"https:\/\/oriamendi.eus\/es\/2021\/12\/24\/urriza-y-labaka-defenderan-la-txapela-ante-ansa-ii-martirena\/\" \/>\n<meta property=\"og:site_name\" content=\"Oriamendi 2010\" \/>\n<meta property=\"article:publisher\" content=\"https:\/\/www.facebook.com\/oriamendi2010remonte\/\" \/>\n<meta property=\"article:published_time\" content=\"2021-12-24T18:50:57+00:00\" \/>\n<meta property=\"article:modified_time\" content=\"2021-12-24T18:51:00+00:00\" \/>\n<meta property=\"og:image\" content=\"https:\/\/oriamendi.eus\/wp-content\/uploads\/2021\/12\/Urriza-Labaka-2.jpg\" \/>\n\t<meta property=\"og:image:width\" content=\"1200\" \/>\n\t<meta property=\"og:image:height\" content=\"800\" \/>\n\t<meta property=\"og:image:type\" content=\"image\/jpeg\" \/>\n<meta name=\"author\" content=\"I\u00f1igo Go\u00f1i\" \/>\n<meta name=\"twitter:card\" content=\"summary_large_image\" \/>\n<meta name=\"twitter:creator\" content=\"@oriamendi2010\" \/>\n<meta name=\"twitter:site\" content=\"@oriamendi2010\" \/>\n<meta name=\"twitter:label1\" content=\"Escrito por\" \/>\n\t<meta name=\"twitter:data1\" content=\"I\u00f1igo Go\u00f1i\" \/>\n\t<meta name=\"twitter:label2\" content=\"Tiempo de lectura\" \/>\n\t<meta name=\"twitter:data2\" content=\"2 minutos\" \/>\n<script type=\"application\/ld+json\" class=\"yoast-schema-graph\">{\"@context\":\"https:\/\/schema.org\",\"@graph\":[{\"@type\":\"Article\",\"@id\":\"https:\/\/oriamendi.eus\/es\/2021\/12\/24\/urriza-y-labaka-defenderan-la-txapela-ante-ansa-ii-martirena\/#article\",\"isPartOf\":{\"@id\":\"https:\/\/oriamendi.eus\/es\/2021\/12\/24\/urriza-y-labaka-defenderan-la-txapela-ante-ansa-ii-martirena\/\"},\"author\":{\"name\":\"I\u00f1igo Go\u00f1i\",\"@id\":\"https:\/\/oriamendi.eus\/es\/#\/schema\/person\/c0bd06c6c747674306a5c82563e2339a\"},\"headline\":\"Urriza y Labaka defender\u00e1n la txapela ante Ansa II-Martirena\",\"datePublished\":\"2021-12-24T18:50:57+00:00\",\"dateModified\":\"2021-12-24T18:51:00+00:00\",\"mainEntityOfPage\":{\"@id\":\"https:\/\/oriamendi.eus\/es\/2021\/12\/24\/urriza-y-labaka-defenderan-la-txapela-ante-ansa-ii-martirena\/\"},\"wordCount\":410,\"publisher\":{\"@id\":\"https:\/\/oriamendi.eus\/es\/#organization\"},\"articleSection\":[\"Sin categorizar\"],\"inLanguage\":\"es\"},{\"@type\":\"WebPage\",\"@id\":\"https:\/\/oriamendi.eus\/es\/2021\/12\/24\/urriza-y-labaka-defenderan-la-txapela-ante-ansa-ii-martirena\/\",\"url\":\"https:\/\/oriamendi.eus\/es\/2021\/12\/24\/urriza-y-labaka-defenderan-la-txapela-ante-ansa-ii-martirena\/\",\"name\":\"Urriza y Labaka defender\u00e1n la txapela ante Ansa II-Martirena | Oriamendi 2010\",\"isPartOf\":{\"@id\":\"https:\/\/oriamendi.eus\/es\/#website\"},\"datePublished\":\"2021-12-24T18:50:57+00:00\",\"dateModified\":\"2021-12-24T18:51:00+00:00\",\"breadcrumb\":{\"@id\":\"https:\/\/oriamendi.eus\/es\/2021\/12\/24\/urriza-y-labaka-defenderan-la-txapela-ante-ansa-ii-martirena\/#breadcrumb\"},\"inLanguage\":\"es\",\"potentialAction\":[{\"@type\":\"ReadAction\",\"target\":[\"https:\/\/oriamendi.eus\/es\/2021\/12\/24\/urriza-y-labaka-defenderan-la-txapela-ante-ansa-ii-martirena\/\"]}]},{\"@type\":\"BreadcrumbList\",\"@id\":\"https:\/\/oriamendi.eus\/es\/2021\/12\/24\/urriza-y-labaka-defenderan-la-txapela-ante-ansa-ii-martirena\/#breadcrumb\",\"itemListElement\":[{\"@type\":\"ListItem\",\"position\":1,\"name\":\"Portada\",\"item\":\"https:\/\/oriamendi.eus\/es\/\"},{\"@type\":\"ListItem\",\"position\":2,\"name\":\"Urriza y Labaka defender\u00e1n la txapela ante Ansa II-Martirena\"}]},{\"@type\":\"WebSite\",\"@id\":\"https:\/\/oriamendi.eus\/es\/#website\",\"url\":\"https:\/\/oriamendi.eus\/es\/\",\"name\":\"Oriamendi\",\"description\":\"Remonte en Galarreta. Hernani. Gipuzkoa\",\"publisher\":{\"@id\":\"https:\/\/oriamendi.eus\/es\/#organization\"},\"potentialAction\":[{\"@type\":\"SearchAction\",\"target\":{\"@type\":\"EntryPoint\",\"urlTemplate\":\"https:\/\/oriamendi.eus\/es\/?s={search_term_string}\"},\"query-input\":\"required name=search_term_string\"}],\"inLanguage\":\"es\"},{\"@type\":\"Organization\",\"@id\":\"https:\/\/oriamendi.eus\/es\/#organization\",\"name\":\"Oriamendi\",\"url\":\"https:\/\/oriamendi.eus\/es\/\",\"logo\":{\"@type\":\"ImageObject\",\"inLanguage\":\"es\",\"@id\":\"https:\/\/oriamendi.eus\/es\/#\/schema\/logo\/image\/\",\"url\":\"https:\/\/oriamendi.eus\/wp-content\/uploads\/2020\/06\/logo-oriamendi.png\",\"contentUrl\":\"https:\/\/oriamendi.eus\/wp-content\/uploads\/2020\/06\/logo-oriamendi.png\",\"width\":300,\"height\":90,\"caption\":\"Oriamendi\"},\"image\":{\"@id\":\"https:\/\/oriamendi.eus\/es\/#\/schema\/logo\/image\/\"},\"sameAs\":[\"https:\/\/www.facebook.com\/oriamendi2010remonte\/\",\"https:\/\/twitter.com\/oriamendi2010\",\"https:\/\/www.instagram.com\/galarretajaialai\/\",\"https:\/\/www.youtube.com\/channel\/UC8gVNzQqB1iwnC-_rI-ihmA\/featured\"]},{\"@type\":\"Person\",\"@id\":\"https:\/\/oriamendi.eus\/es\/#\/schema\/person\/c0bd06c6c747674306a5c82563e2339a\",\"name\":\"I\u00f1igo Go\u00f1i\",\"image\":{\"@type\":\"ImageObject\",\"inLanguage\":\"es\",\"@id\":\"https:\/\/oriamendi.eus\/es\/#\/schema\/person\/image\/\",\"url\":\"https:\/\/secure.gravatar.com\/avatar\/fbb07ffc7b803bbfcc2b6419c06abd3a?s=96&d=mm&r=g\",\"contentUrl\":\"https:\/\/secure.gravatar.com\/avatar\/fbb07ffc7b803bbfcc2b6419c06abd3a?s=96&d=mm&r=g\",\"caption\":\"I\u00f1igo Go\u00f1i\"},\"url\":\"https:\/\/oriamendi.eus\/es\/author\/om-berriak\/\"}]}<\/script>\n<!-- \/ Yoast SEO plugin. -->","yoast_head_json":{"title":"Urriza y Labaka defender\u00e1n la txapela ante Ansa II-Martirena | Oriamendi 2010","robots":{"index":"index","follow":"follow","max-snippet":"max-snippet:-1","max-image-preview":"max-image-preview:large","max-video-preview":"max-video-preview:-1"},"canonical":"https:\/\/oriamendi.eus\/es\/2021\/12\/24\/urriza-y-labaka-defenderan-la-txapela-ante-ansa-ii-martirena\/","og_locale":"es_ES","og_type":"article","og_title":"Urriza y Labaka defender\u00e1n la txapela ante Ansa II-Martirena | Oriamendi 2010","og_description":"Urriza y Labaka ser\u00e1n los acompa\u00f1antes de Ansa II-Martirena en la final del Parejas del pr\u00f3ximo 30 de diciembre en Galarreta. Se impusieron a Goikoetxea V-Barrenetxea IV en la segunda semifinal por 36-40 en un partido de muchas alternativas y de idas y vueltas.\u00a0 El partido tuvo emoci\u00f3n y fue duro y peloteado. las pelotas [&hellip;]","og_url":"https:\/\/oriamendi.eus\/es\/2021\/12\/24\/urriza-y-labaka-defenderan-la-txapela-ante-ansa-ii-martirena\/","og_site_name":"Oriamendi 2010","article_publisher":"https:\/\/www.facebook.com\/oriamendi2010remonte\/","article_published_time":"2021-12-24T18:50:57+00:00","article_modified_time":"2021-12-24T18:51:00+00:00","og_image":[{"width":1200,"height":800,"url":"https:\/\/oriamendi.eus\/wp-content\/uploads\/2021\/12\/Urriza-Labaka-2.jpg","type":"image\/jpeg"}],"author":"I\u00f1igo Go\u00f1i","twitter_card":"summary_large_image","twitter_creator":"@oriamendi2010","twitter_site":"@oriamendi2010","twitter_misc":{"Escrito por":"I\u00f1igo Go\u00f1i","Tiempo de lectura":"2 minutos"},"schema":{"@context":"https:\/\/schema.org","@graph":[{"@type":"Article","@id":"https:\/\/oriamendi.eus\/es\/2021\/12\/24\/urriza-y-labaka-defenderan-la-txapela-ante-ansa-ii-martirena\/#article","isPartOf":{"@id":"https:\/\/oriamendi.eus\/es\/2021\/12\/24\/urriza-y-labaka-defenderan-la-txapela-ante-ansa-ii-martirena\/"},"author":{"name":"I\u00f1igo Go\u00f1i","@id":"https:\/\/oriamendi.eus\/es\/#\/schema\/person\/c0bd06c6c747674306a5c82563e2339a"},"headline":"Urriza y Labaka defender\u00e1n la txapela ante Ansa II-Martirena","datePublished":"2021-12-24T18:50:57+00:00","dateModified":"2021-12-24T18:51:00+00:00","mainEntityOfPage":{"@id":"https:\/\/oriamendi.eus\/es\/2021\/12\/24\/urriza-y-labaka-defenderan-la-txapela-ante-ansa-ii-martirena\/"},"wordCount":410,"publisher":{"@id":"https:\/\/oriamendi.eus\/es\/#organization"},"articleSection":["Sin categorizar"],"inLanguage":"es"},{"@type":"WebPage","@id":"https:\/\/oriamendi.eus\/es\/2021\/12\/24\/urriza-y-labaka-defenderan-la-txapela-ante-ansa-ii-martirena\/","url":"https:\/\/oriamendi.eus\/es\/2021\/12\/24\/urriza-y-labaka-defenderan-la-txapela-ante-ansa-ii-martirena\/","name":"Urriza y Labaka defender\u00e1n la txapela ante Ansa II-Martirena | Oriamendi 2010","isPartOf":{"@id":"https:\/\/oriamendi.eus\/es\/#website"},"datePublished":"2021-12-24T18:50:57+00:00","dateModified":"2021-12-24T18:51:00+00:00","breadcrumb":{"@id":"https:\/\/oriamendi.eus\/es\/2021\/12\/24\/urriza-y-labaka-defenderan-la-txapela-ante-ansa-ii-martirena\/#breadcrumb"},"inLanguage":"es","potentialAction":[{"@type":"ReadAction","target":["https:\/\/oriamendi.eus\/es\/2021\/12\/24\/urriza-y-labaka-defenderan-la-txapela-ante-ansa-ii-martirena\/"]}]},{"@type":"BreadcrumbList","@id":"https:\/\/oriamendi.eus\/es\/2021\/12\/24\/urriza-y-labaka-defenderan-la-txapela-ante-ansa-ii-martirena\/#breadcrumb","itemListElement":[{"@type":"ListItem","position":1,"name":"Portada","item":"https:\/\/oriamendi.eus\/es\/"},{"@type":"ListItem","position":2,"name":"Urriza y Labaka defender\u00e1n la txapela ante Ansa II-Martirena"}]},{"@type":"WebSite","@id":"https:\/\/oriamendi.eus\/es\/#website","url":"https:\/\/oriamendi.eus\/es\/","name":"Oriamendi","description":"Remonte en Galarreta. Hernani. Gipuzkoa","publisher":{"@id":"https:\/\/oriamendi.eus\/es\/#organization"},"potentialAction":[{"@type":"SearchAction","target":{"@type":"EntryPoint","urlTemplate":"https:\/\/oriamendi.eus\/es\/?s={search_term_string}"},"query-input":"required name=search_term_string"}],"inLanguage":"es"},{"@type":"Organization","@id":"https:\/\/oriamendi.eus\/es\/#organization","name":"Oriamendi","url":"https:\/\/oriamendi.eus\/es\/","logo":{"@type":"ImageObject","inLanguage":"es","@id":"https:\/\/oriamendi.eus\/es\/#\/schema\/logo\/image\/","url":"https:\/\/oriamendi.eus\/wp-content\/uploads\/2020\/06\/logo-oriamendi.png","contentUrl":"https:\/\/oriamendi.eus\/wp-content\/uploads\/2020\/06\/logo-oriamendi.png","width":300,"height":90,"caption":"Oriamendi"},"image":{"@id":"https:\/\/oriamendi.eus\/es\/#\/schema\/logo\/image\/"},"sameAs":["https:\/\/www.facebook.com\/oriamendi2010remonte\/","https:\/\/twitter.com\/oriamendi2010","https:\/\/www.instagram.com\/galarretajaialai\/","https:\/\/www.youtube.com\/channel\/UC8gVNzQqB1iwnC-_rI-ihmA\/featured"]},{"@type":"Person","@id":"https:\/\/oriamendi.eus\/es\/#\/schema\/person\/c0bd06c6c747674306a5c82563e2339a","name":"I\u00f1igo Go\u00f1i","image":{"@type":"ImageObject","inLanguage":"es","@id":"https:\/\/oriamendi.eus\/es\/#\/schema\/person\/image\/","url":"https:\/\/secure.gravatar.com\/avatar\/fbb07ffc7b803bbfcc2b6419c06abd3a?s=96&d=mm&r=g","contentUrl":"https:\/\/secure.gravatar.com\/avatar\/fbb07ffc7b803bbfcc2b6419c06abd3a?s=96&d=mm&r=g","caption":"I\u00f1igo Go\u00f1i"},"url":"https:\/\/oriamendi.eus\/es\/author\/om-berriak\/"}]}},"_links":{"self":[{"href":"https:\/\/oriamendi.eus\/es\/wp-json\/wp\/v2\/posts\/6151"}],"collection":[{"href":"https:\/\/oriamendi.eus\/es\/wp-json\/wp\/v2\/posts"}],"about":[{"href":"https:\/\/oriamendi.eus\/es\/wp-json\/wp\/v2\/types\/post"}],"author":[{"embeddable":true,"href":"https:\/\/oriamendi.eus\/es\/wp-json\/wp\/v2\/users\/5"}],"replies":[{"embeddable":true,"href":"https:\/\/oriamendi.eus\/es\/wp-json\/wp\/v2\/comments?post=6151"}],"version-history":[{"count":1,"href":"https:\/\/oriamendi.eus\/es\/wp-json\/wp\/v2\/posts\/6151\/revisions"}],"predecessor-version":[{"id":6154,"href":"https:\/\/oriamendi.eus\/es\/wp-json\/wp\/v2\/posts\/6151\/revisions\/6154"}],"wp:featuredmedia":[{"embeddable":true,"href":"https:\/\/oriamendi.eus\/es\/wp-json\/wp\/v2\/media\/6155"}],"wp:attachment":[{"href":"https:\/\/oriamendi.eus\/es\/wp-json\/wp\/v2\/media?parent=6151"}],"wp:term":[{"taxonomy":"category","embeddable":true,"href":"https:\/\/oriamendi.eus\/es\/wp-json\/wp\/v2\/categories?post=6151"},{"taxonomy":"post_tag","embeddable":true,"href":"https:\/\/oriamendi.eus\/es\/wp-json\/wp\/v2\/tags?post=6151"}],"curies":[{"name":"wp","href":"https:\/\/api.w.org\/{rel}","templated":true}]}}