                                        
                                        
                                        
                                        
                                        
                                        
                                        
                                        
                                        
                                        
                                        
                                        
                                        
                                        
                                        
                                        
                                        
                                        
{"id":6110,"date":"2021-12-10T21:26:52","date_gmt":"2021-12-10T20:26:52","guid":{"rendered":"https:\/\/oriamendi.eus\/?p=6110"},"modified":"2021-12-10T21:26:55","modified_gmt":"2021-12-10T20:26:55","slug":"la-familia-del-remonte-lamenta-el-fallecimiento-de-pablo-lecumberri-a-los-87-anos","status":"publish","type":"post","link":"https:\/\/oriamendi.eus\/es\/2021\/12\/10\/la-familia-del-remonte-lamenta-el-fallecimiento-de-pablo-lecumberri-a-los-87-anos\/","title":{"rendered":"La familia del remonte lamenta el fallecimiento de Pablo Lecumberri a los 87 a\u00f1os"},"content":{"rendered":"\n<p>La empresa Oriamendi quiere enviar sus condolencias a la familia Lecunberri tras el fallecimiento de Pablo Lecumberri Garijo.<\/p>\n\n\n\n<p>Pablo Lecumberri, nacido en Arre (Ezcabarte, Navarra) el 30 de junio de 1934 fue la principal figura del remonte desde los a\u00f1os 60 hasta los 80. Debut\u00f3 a los veinte a\u00f1os en el Euskal Jai de Pamplona, en 1954, en el puesto de delantero. Jug\u00f3 en el Recoletos y en el Urumea y como no en el Euskal Jai y en Galarreta. Jug\u00f3 en el estelar del front\u00f3n hernaniarra en su inauguraci\u00f3n. Obtuvo en 1964 junto al tambi\u00e9n navarro Ugarte el campeonato de Espa\u00f1a de remonte por parejas, t\u00edtulo que hab\u00edan de arrebatarle en 1972, subcampe\u00f3n. Pero en 1977 y junto a su hermano Angel volvi\u00f3 a hacerse con el t\u00edtulo del Parejas. Ganador del trofeo Sarri\u00f3 -remonte- en los a\u00f1os 1973 y 1974.\u00a0Se va sin duda una de las grandes figuras de la historia del remonte y ma\u00f1ana en el festival de Galarreta los remontistas portar\u00e1n crespones negros en homenaje del que fue principal figura de Galarreta y del remonte durante m\u00e1s de una d\u00e9cada.\u00a0<\/p>\n","protected":false},"excerpt":{"rendered":"<p>La empresa Oriamendi quiere enviar sus condolencias a la familia Lecunberri tras el fallecimiento de Pablo Lecumberri Garijo. Pablo Lecumberri, nacido en Arre (Ezcabarte, Navarra) el 30 de junio de 1934 fue la principal figura del remonte desde los a\u00f1os 60 hasta los 80. Debut\u00f3 a los veinte a\u00f1os en el Euskal Jai de Pamplona, [&hellip;]<\/p>\n","protected":false},"author":5,"featured_media":6112,"comment_status":"closed","ping_status":"open","sticky":false,"template":"","format":"standard","meta":{"_et_pb_use_builder":"off","_et_pb_old_content":"","_et_gb_content_width":"","footnotes":""},"categories":[1],"tags":[],"yoast_head":"<!-- This site is optimized with the Yoast SEO plugin v21.8 - https:\/\/yoast.com\/wordpress\/plugins\/seo\/ -->\n<title>La familia del remonte lamenta el fallecimiento de Pablo Lecumberri a los 87 a\u00f1os | Oriamendi 2010<\/title>\n<meta name=\"robots\" content=\"index, follow, max-snippet:-1, max-image-preview:large, max-video-preview:-1\" \/>\n<link rel=\"canonical\" href=\"https:\/\/oriamendi.eus\/es\/2021\/12\/10\/la-familia-del-remonte-lamenta-el-fallecimiento-de-pablo-lecumberri-a-los-87-anos\/\" \/>\n<meta property=\"og:locale\" content=\"es_ES\" \/>\n<meta property=\"og:type\" content=\"article\" \/>\n<meta property=\"og:title\" content=\"La familia del remonte lamenta el fallecimiento de Pablo Lecumberri a los 87 a\u00f1os | Oriamendi 2010\" \/>\n<meta property=\"og:description\" content=\"La empresa Oriamendi quiere enviar sus condolencias a la familia Lecunberri tras el fallecimiento de Pablo Lecumberri Garijo. Pablo Lecumberri, nacido en Arre (Ezcabarte, Navarra) el 30 de junio de 1934 fue la principal figura del remonte desde los a\u00f1os 60 hasta los 80. Debut\u00f3 a los veinte a\u00f1os en el Euskal Jai de Pamplona, [&hellip;]\" \/>\n<meta property=\"og:url\" content=\"https:\/\/oriamendi.eus\/es\/2021\/12\/10\/la-familia-del-remonte-lamenta-el-fallecimiento-de-pablo-lecumberri-a-los-87-anos\/\" \/>\n<meta property=\"og:site_name\" content=\"Oriamendi 2010\" \/>\n<meta property=\"article:publisher\" content=\"https:\/\/www.facebook.com\/oriamendi2010remonte\/\" \/>\n<meta property=\"article:published_time\" content=\"2021-12-10T20:26:52+00:00\" \/>\n<meta property=\"article:modified_time\" content=\"2021-12-10T20:26:55+00:00\" \/>\n<meta property=\"og:image\" content=\"https:\/\/oriamendi.eus\/wp-content\/uploads\/2021\/12\/24003602.jpg\" \/>\n\t<meta property=\"og:image:width\" content=\"469\" \/>\n\t<meta property=\"og:image:height\" content=\"596\" \/>\n\t<meta property=\"og:image:type\" content=\"image\/jpeg\" \/>\n<meta name=\"author\" content=\"I\u00f1igo Go\u00f1i\" \/>\n<meta name=\"twitter:card\" content=\"summary_large_image\" \/>\n<meta name=\"twitter:creator\" content=\"@oriamendi2010\" \/>\n<meta name=\"twitter:site\" content=\"@oriamendi2010\" \/>\n<meta name=\"twitter:label1\" content=\"Escrito por\" \/>\n\t<meta name=\"twitter:data1\" content=\"I\u00f1igo Go\u00f1i\" \/>\n\t<meta name=\"twitter:label2\" content=\"Tiempo de lectura\" \/>\n\t<meta name=\"twitter:data2\" content=\"1 minuto\" \/>\n<script type=\"application\/ld+json\" class=\"yoast-schema-graph\">{\"@context\":\"https:\/\/schema.org\",\"@graph\":[{\"@type\":\"Article\",\"@id\":\"https:\/\/oriamendi.eus\/es\/2021\/12\/10\/la-familia-del-remonte-lamenta-el-fallecimiento-de-pablo-lecumberri-a-los-87-anos\/#article\",\"isPartOf\":{\"@id\":\"https:\/\/oriamendi.eus\/es\/2021\/12\/10\/la-familia-del-remonte-lamenta-el-fallecimiento-de-pablo-lecumberri-a-los-87-anos\/\"},\"author\":{\"name\":\"I\u00f1igo Go\u00f1i\",\"@id\":\"https:\/\/oriamendi.eus\/es\/#\/schema\/person\/c0bd06c6c747674306a5c82563e2339a\"},\"headline\":\"La familia del remonte lamenta el fallecimiento de Pablo Lecumberri a los 87 a\u00f1os\",\"datePublished\":\"2021-12-10T20:26:52+00:00\",\"dateModified\":\"2021-12-10T20:26:55+00:00\",\"mainEntityOfPage\":{\"@id\":\"https:\/\/oriamendi.eus\/es\/2021\/12\/10\/la-familia-del-remonte-lamenta-el-fallecimiento-de-pablo-lecumberri-a-los-87-anos\/\"},\"wordCount\":204,\"publisher\":{\"@id\":\"https:\/\/oriamendi.eus\/es\/#organization\"},\"articleSection\":[\"Sin categorizar\"],\"inLanguage\":\"es\"},{\"@type\":\"WebPage\",\"@id\":\"https:\/\/oriamendi.eus\/es\/2021\/12\/10\/la-familia-del-remonte-lamenta-el-fallecimiento-de-pablo-lecumberri-a-los-87-anos\/\",\"url\":\"https:\/\/oriamendi.eus\/es\/2021\/12\/10\/la-familia-del-remonte-lamenta-el-fallecimiento-de-pablo-lecumberri-a-los-87-anos\/\",\"name\":\"La familia del remonte lamenta el fallecimiento de Pablo Lecumberri a los 87 a\u00f1os | Oriamendi 2010\",\"isPartOf\":{\"@id\":\"https:\/\/oriamendi.eus\/es\/#website\"},\"datePublished\":\"2021-12-10T20:26:52+00:00\",\"dateModified\":\"2021-12-10T20:26:55+00:00\",\"breadcrumb\":{\"@id\":\"https:\/\/oriamendi.eus\/es\/2021\/12\/10\/la-familia-del-remonte-lamenta-el-fallecimiento-de-pablo-lecumberri-a-los-87-anos\/#breadcrumb\"},\"inLanguage\":\"es\",\"potentialAction\":[{\"@type\":\"ReadAction\",\"target\":[\"https:\/\/oriamendi.eus\/es\/2021\/12\/10\/la-familia-del-remonte-lamenta-el-fallecimiento-de-pablo-lecumberri-a-los-87-anos\/\"]}]},{\"@type\":\"BreadcrumbList\",\"@id\":\"https:\/\/oriamendi.eus\/es\/2021\/12\/10\/la-familia-del-remonte-lamenta-el-fallecimiento-de-pablo-lecumberri-a-los-87-anos\/#breadcrumb\",\"itemListElement\":[{\"@type\":\"ListItem\",\"position\":1,\"name\":\"Portada\",\"item\":\"https:\/\/oriamendi.eus\/es\/\"},{\"@type\":\"ListItem\",\"position\":2,\"name\":\"La familia del remonte lamenta el fallecimiento de Pablo Lecumberri a los 87 a\u00f1os\"}]},{\"@type\":\"WebSite\",\"@id\":\"https:\/\/oriamendi.eus\/es\/#website\",\"url\":\"https:\/\/oriamendi.eus\/es\/\",\"name\":\"Oriamendi\",\"description\":\"Remonte en Galarreta. Hernani. Gipuzkoa\",\"publisher\":{\"@id\":\"https:\/\/oriamendi.eus\/es\/#organization\"},\"potentialAction\":[{\"@type\":\"SearchAction\",\"target\":{\"@type\":\"EntryPoint\",\"urlTemplate\":\"https:\/\/oriamendi.eus\/es\/?s={search_term_string}\"},\"query-input\":\"required name=search_term_string\"}],\"inLanguage\":\"es\"},{\"@type\":\"Organization\",\"@id\":\"https:\/\/oriamendi.eus\/es\/#organization\",\"name\":\"Oriamendi\",\"url\":\"https:\/\/oriamendi.eus\/es\/\",\"logo\":{\"@type\":\"ImageObject\",\"inLanguage\":\"es\",\"@id\":\"https:\/\/oriamendi.eus\/es\/#\/schema\/logo\/image\/\",\"url\":\"https:\/\/oriamendi.eus\/wp-content\/uploads\/2020\/06\/logo-oriamendi.png\",\"contentUrl\":\"https:\/\/oriamendi.eus\/wp-content\/uploads\/2020\/06\/logo-oriamendi.png\",\"width\":300,\"height\":90,\"caption\":\"Oriamendi\"},\"image\":{\"@id\":\"https:\/\/oriamendi.eus\/es\/#\/schema\/logo\/image\/\"},\"sameAs\":[\"https:\/\/www.facebook.com\/oriamendi2010remonte\/\",\"https:\/\/twitter.com\/oriamendi2010\",\"https:\/\/www.instagram.com\/galarretajaialai\/\",\"https:\/\/www.youtube.com\/channel\/UC8gVNzQqB1iwnC-_rI-ihmA\/featured\"]},{\"@type\":\"Person\",\"@id\":\"https:\/\/oriamendi.eus\/es\/#\/schema\/person\/c0bd06c6c747674306a5c82563e2339a\",\"name\":\"I\u00f1igo Go\u00f1i\",\"image\":{\"@type\":\"ImageObject\",\"inLanguage\":\"es\",\"@id\":\"https:\/\/oriamendi.eus\/es\/#\/schema\/person\/image\/\",\"url\":\"https:\/\/secure.gravatar.com\/avatar\/fbb07ffc7b803bbfcc2b6419c06abd3a?s=96&d=mm&r=g\",\"contentUrl\":\"https:\/\/secure.gravatar.com\/avatar\/fbb07ffc7b803bbfcc2b6419c06abd3a?s=96&d=mm&r=g\",\"caption\":\"I\u00f1igo Go\u00f1i\"},\"url\":\"https:\/\/oriamendi.eus\/es\/author\/om-berriak\/\"}]}<\/script>\n<!-- \/ Yoast SEO plugin. -->","yoast_head_json":{"title":"La familia del remonte lamenta el fallecimiento de Pablo Lecumberri a los 87 a\u00f1os | Oriamendi 2010","robots":{"index":"index","follow":"follow","max-snippet":"max-snippet:-1","max-image-preview":"max-image-preview:large","max-video-preview":"max-video-preview:-1"},"canonical":"https:\/\/oriamendi.eus\/es\/2021\/12\/10\/la-familia-del-remonte-lamenta-el-fallecimiento-de-pablo-lecumberri-a-los-87-anos\/","og_locale":"es_ES","og_type":"article","og_title":"La familia del remonte lamenta el fallecimiento de Pablo Lecumberri a los 87 a\u00f1os | Oriamendi 2010","og_description":"La empresa Oriamendi quiere enviar sus condolencias a la familia Lecunberri tras el fallecimiento de Pablo Lecumberri Garijo. Pablo Lecumberri, nacido en Arre (Ezcabarte, Navarra) el 30 de junio de 1934 fue la principal figura del remonte desde los a\u00f1os 60 hasta los 80. Debut\u00f3 a los veinte a\u00f1os en el Euskal Jai de Pamplona, [&hellip;]","og_url":"https:\/\/oriamendi.eus\/es\/2021\/12\/10\/la-familia-del-remonte-lamenta-el-fallecimiento-de-pablo-lecumberri-a-los-87-anos\/","og_site_name":"Oriamendi 2010","article_publisher":"https:\/\/www.facebook.com\/oriamendi2010remonte\/","article_published_time":"2021-12-10T20:26:52+00:00","article_modified_time":"2021-12-10T20:26:55+00:00","og_image":[{"width":469,"height":596,"url":"https:\/\/oriamendi.eus\/wp-content\/uploads\/2021\/12\/24003602.jpg","type":"image\/jpeg"}],"author":"I\u00f1igo Go\u00f1i","twitter_card":"summary_large_image","twitter_creator":"@oriamendi2010","twitter_site":"@oriamendi2010","twitter_misc":{"Escrito por":"I\u00f1igo Go\u00f1i","Tiempo de lectura":"1 minuto"},"schema":{"@context":"https:\/\/schema.org","@graph":[{"@type":"Article","@id":"https:\/\/oriamendi.eus\/es\/2021\/12\/10\/la-familia-del-remonte-lamenta-el-fallecimiento-de-pablo-lecumberri-a-los-87-anos\/#article","isPartOf":{"@id":"https:\/\/oriamendi.eus\/es\/2021\/12\/10\/la-familia-del-remonte-lamenta-el-fallecimiento-de-pablo-lecumberri-a-los-87-anos\/"},"author":{"name":"I\u00f1igo Go\u00f1i","@id":"https:\/\/oriamendi.eus\/es\/#\/schema\/person\/c0bd06c6c747674306a5c82563e2339a"},"headline":"La familia del remonte lamenta el fallecimiento de Pablo Lecumberri a los 87 a\u00f1os","datePublished":"2021-12-10T20:26:52+00:00","dateModified":"2021-12-10T20:26:55+00:00","mainEntityOfPage":{"@id":"https:\/\/oriamendi.eus\/es\/2021\/12\/10\/la-familia-del-remonte-lamenta-el-fallecimiento-de-pablo-lecumberri-a-los-87-anos\/"},"wordCount":204,"publisher":{"@id":"https:\/\/oriamendi.eus\/es\/#organization"},"articleSection":["Sin categorizar"],"inLanguage":"es"},{"@type":"WebPage","@id":"https:\/\/oriamendi.eus\/es\/2021\/12\/10\/la-familia-del-remonte-lamenta-el-fallecimiento-de-pablo-lecumberri-a-los-87-anos\/","url":"https:\/\/oriamendi.eus\/es\/2021\/12\/10\/la-familia-del-remonte-lamenta-el-fallecimiento-de-pablo-lecumberri-a-los-87-anos\/","name":"La familia del remonte lamenta el fallecimiento de Pablo Lecumberri a los 87 a\u00f1os | Oriamendi 2010","isPartOf":{"@id":"https:\/\/oriamendi.eus\/es\/#website"},"datePublished":"2021-12-10T20:26:52+00:00","dateModified":"2021-12-10T20:26:55+00:00","breadcrumb":{"@id":"https:\/\/oriamendi.eus\/es\/2021\/12\/10\/la-familia-del-remonte-lamenta-el-fallecimiento-de-pablo-lecumberri-a-los-87-anos\/#breadcrumb"},"inLanguage":"es","potentialAction":[{"@type":"ReadAction","target":["https:\/\/oriamendi.eus\/es\/2021\/12\/10\/la-familia-del-remonte-lamenta-el-fallecimiento-de-pablo-lecumberri-a-los-87-anos\/"]}]},{"@type":"BreadcrumbList","@id":"https:\/\/oriamendi.eus\/es\/2021\/12\/10\/la-familia-del-remonte-lamenta-el-fallecimiento-de-pablo-lecumberri-a-los-87-anos\/#breadcrumb","itemListElement":[{"@type":"ListItem","position":1,"name":"Portada","item":"https:\/\/oriamendi.eus\/es\/"},{"@type":"ListItem","position":2,"name":"La familia del remonte lamenta el fallecimiento de Pablo Lecumberri a los 87 a\u00f1os"}]},{"@type":"WebSite","@id":"https:\/\/oriamendi.eus\/es\/#website","url":"https:\/\/oriamendi.eus\/es\/","name":"Oriamendi","description":"Remonte en Galarreta. Hernani. Gipuzkoa","publisher":{"@id":"https:\/\/oriamendi.eus\/es\/#organization"},"potentialAction":[{"@type":"SearchAction","target":{"@type":"EntryPoint","urlTemplate":"https:\/\/oriamendi.eus\/es\/?s={search_term_string}"},"query-input":"required name=search_term_string"}],"inLanguage":"es"},{"@type":"Organization","@id":"https:\/\/oriamendi.eus\/es\/#organization","name":"Oriamendi","url":"https:\/\/oriamendi.eus\/es\/","logo":{"@type":"ImageObject","inLanguage":"es","@id":"https:\/\/oriamendi.eus\/es\/#\/schema\/logo\/image\/","url":"https:\/\/oriamendi.eus\/wp-content\/uploads\/2020\/06\/logo-oriamendi.png","contentUrl":"https:\/\/oriamendi.eus\/wp-content\/uploads\/2020\/06\/logo-oriamendi.png","width":300,"height":90,"caption":"Oriamendi"},"image":{"@id":"https:\/\/oriamendi.eus\/es\/#\/schema\/logo\/image\/"},"sameAs":["https:\/\/www.facebook.com\/oriamendi2010remonte\/","https:\/\/twitter.com\/oriamendi2010","https:\/\/www.instagram.com\/galarretajaialai\/","https:\/\/www.youtube.com\/channel\/UC8gVNzQqB1iwnC-_rI-ihmA\/featured"]},{"@type":"Person","@id":"https:\/\/oriamendi.eus\/es\/#\/schema\/person\/c0bd06c6c747674306a5c82563e2339a","name":"I\u00f1igo Go\u00f1i","image":{"@type":"ImageObject","inLanguage":"es","@id":"https:\/\/oriamendi.eus\/es\/#\/schema\/person\/image\/","url":"https:\/\/secure.gravatar.com\/avatar\/fbb07ffc7b803bbfcc2b6419c06abd3a?s=96&d=mm&r=g","contentUrl":"https:\/\/secure.gravatar.com\/avatar\/fbb07ffc7b803bbfcc2b6419c06abd3a?s=96&d=mm&r=g","caption":"I\u00f1igo Go\u00f1i"},"url":"https:\/\/oriamendi.eus\/es\/author\/om-berriak\/"}]}},"_links":{"self":[{"href":"https:\/\/oriamendi.eus\/es\/wp-json\/wp\/v2\/posts\/6110"}],"collection":[{"href":"https:\/\/oriamendi.eus\/es\/wp-json\/wp\/v2\/posts"}],"about":[{"href":"https:\/\/oriamendi.eus\/es\/wp-json\/wp\/v2\/types\/post"}],"author":[{"embeddable":true,"href":"https:\/\/oriamendi.eus\/es\/wp-json\/wp\/v2\/users\/5"}],"replies":[{"embeddable":true,"href":"https:\/\/oriamendi.eus\/es\/wp-json\/wp\/v2\/comments?post=6110"}],"version-history":[{"count":2,"href":"https:\/\/oriamendi.eus\/es\/wp-json\/wp\/v2\/posts\/6110\/revisions"}],"predecessor-version":[{"id":6114,"href":"https:\/\/oriamendi.eus\/es\/wp-json\/wp\/v2\/posts\/6110\/revisions\/6114"}],"wp:featuredmedia":[{"embeddable":true,"href":"https:\/\/oriamendi.eus\/es\/wp-json\/wp\/v2\/media\/6112"}],"wp:attachment":[{"href":"https:\/\/oriamendi.eus\/es\/wp-json\/wp\/v2\/media?parent=6110"}],"wp:term":[{"taxonomy":"category","embeddable":true,"href":"https:\/\/oriamendi.eus\/es\/wp-json\/wp\/v2\/categories?post=6110"},{"taxonomy":"post_tag","embeddable":true,"href":"https:\/\/oriamendi.eus\/es\/wp-json\/wp\/v2\/tags?post=6110"}],"curies":[{"name":"wp","href":"https:\/\/api.w.org\/{rel}","templated":true}]}}