                                        
                                        
                                        
                                        
                                        
                                        
                                        
                                        
                                        
                                        
                                        
                                        
                                        
                                        
                                        
                                        
                                        
                                        
{"id":6076,"date":"2021-12-06T14:02:38","date_gmt":"2021-12-06T13:02:38","guid":{"rendered":"https:\/\/oriamendi.eus\/?p=6076"},"modified":"2021-12-06T14:04:20","modified_gmt":"2021-12-06T13:04:20","slug":"goikoetxea-v-y-barrenetxea-iv-suman-su-segunda-victoria","status":"publish","type":"post","link":"https:\/\/oriamendi.eus\/es\/2021\/12\/06\/goikoetxea-v-y-barrenetxea-iv-suman-su-segunda-victoria\/","title":{"rendered":"Goikoetxea V y Barrenetxea IV suman su segunda victoria"},"content":{"rendered":"\n<p>Goikoetxea V y Barrenetxea IV se sacaron la espinita del jueves y ganaron 40-25 a Segurola y Larra\u00f1aga en una nueva jornada del Torneo Parejas. Con esta victoria los colorados suman dos victorias y tienen ya nueve puntos y tienen cerca la clasificaci\u00f3n a semifinales. Los perdedores en lugar de sumar restaron un punto en la clasificaci\u00f3n y cuentan ahora con cero puntos en dos partidos.<\/p>\n\n\n\n<p>Barrenetxea fue amo y se\u00f1or del partido y realiz\u00f3 hasta 24 tantos en total. Est\u00e1 con un juego incre\u00edble. Termin\u00f3 con hasta con nueve tantos de saque y 15 en el peloteo por solo dos faltas de saque con tres fallos en el peloteo.&nbsp;Goikoetxea le acompa\u00f1\u00f3 de menos a m\u00e1s con once tantos y cinco errores. Se le vio atrevi\u00e9ndose y acert\u00f3 en cuatro dos paredes.&nbsp;En los azules Segurola acab\u00f3 con ocho tantos y dos errores, mientras Larra\u00f1aga hizo un tanto de saque, seis en el peloteo con una falta de saque y dos errores en el peloteo. Estuvieron superados en todo momento.<\/p>\n\n\n\n<p>El marcador reflej\u00f3 lo que se vio sobre la cancha de Galarreta. Desde el 3-1 se pas\u00f3 al 8-3, 14-7, 20-12, 26-16, 30-20, 33-23 y 36-25. Parec\u00eda que los azules pod\u00edan sumar un tanto m\u00e1s y no quedarse en menos uno, pero ah\u00ed se quedaron.&nbsp;Los \u00faltimos tantos fueron un saque de Barrenetxea, un rebote del zaguero hernaniarra y un dos paredes de Goikoetxea que cerraba el encuentro.&nbsp;<\/p>\n\n\n\n<p><br><strong>Susperregi ofrece un buena imagen en su debut<\/strong><br>Otro de los grandes protagonistas del festival fue Susperregi que gan\u00f3 25-35 con Labaka ante Urrutia II-Odei. El oiartzuarra jug\u00f3 y gan\u00f3 su primer partido como profesional. Acompa\u00f1ado por Labaka dejaron en 25 a Urrutia II y Odei. Ofreci\u00f3 buenas maneras, dio pelotazos r\u00e1pidos y gust\u00f3 en su debut. Se le vio tranquilo, jugando muy bien.&nbsp;<\/p>\n","protected":false},"excerpt":{"rendered":"<p>Goikoetxea V y Barrenetxea IV se sacaron la espinita del jueves y ganaron 40-25 a Segurola y Larra\u00f1aga en una nueva jornada del Torneo Parejas. Con esta victoria los colorados suman dos victorias y tienen ya nueve puntos y tienen cerca la clasificaci\u00f3n a semifinales. Los perdedores en lugar de sumar restaron un punto en [&hellip;]<\/p>\n","protected":false},"author":5,"featured_media":6082,"comment_status":"closed","ping_status":"open","sticky":false,"template":"","format":"standard","meta":{"_et_pb_use_builder":"off","_et_pb_old_content":"","_et_gb_content_width":"","footnotes":""},"categories":[1],"tags":[],"yoast_head":"<!-- This site is optimized with the Yoast SEO plugin v21.8 - https:\/\/yoast.com\/wordpress\/plugins\/seo\/ -->\n<title>Goikoetxea V y Barrenetxea IV suman su segunda victoria | Oriamendi 2010<\/title>\n<meta name=\"robots\" content=\"index, follow, max-snippet:-1, max-image-preview:large, max-video-preview:-1\" \/>\n<link rel=\"canonical\" href=\"https:\/\/oriamendi.eus\/es\/2021\/12\/06\/goikoetxea-v-y-barrenetxea-iv-suman-su-segunda-victoria\/\" \/>\n<meta property=\"og:locale\" content=\"es_ES\" \/>\n<meta property=\"og:type\" content=\"article\" \/>\n<meta property=\"og:title\" content=\"Goikoetxea V y Barrenetxea IV suman su segunda victoria | Oriamendi 2010\" \/>\n<meta property=\"og:description\" content=\"Goikoetxea V y Barrenetxea IV se sacaron la espinita del jueves y ganaron 40-25 a Segurola y Larra\u00f1aga en una nueva jornada del Torneo Parejas. Con esta victoria los colorados suman dos victorias y tienen ya nueve puntos y tienen cerca la clasificaci\u00f3n a semifinales. Los perdedores en lugar de sumar restaron un punto en [&hellip;]\" \/>\n<meta property=\"og:url\" content=\"https:\/\/oriamendi.eus\/es\/2021\/12\/06\/goikoetxea-v-y-barrenetxea-iv-suman-su-segunda-victoria\/\" \/>\n<meta property=\"og:site_name\" content=\"Oriamendi 2010\" \/>\n<meta property=\"article:publisher\" content=\"https:\/\/www.facebook.com\/oriamendi2010remonte\/\" \/>\n<meta property=\"article:published_time\" content=\"2021-12-06T13:02:38+00:00\" \/>\n<meta property=\"article:modified_time\" content=\"2021-12-06T13:04:20+00:00\" \/>\n<meta property=\"og:image\" content=\"https:\/\/oriamendi.eus\/wp-content\/uploads\/2021\/12\/2021-12-04-Binakako-txapelketaren-sailakapena-copia.jpg\" \/>\n\t<meta property=\"og:image:width\" content=\"1200\" \/>\n\t<meta property=\"og:image:height\" content=\"802\" \/>\n\t<meta property=\"og:image:type\" content=\"image\/jpeg\" \/>\n<meta name=\"author\" content=\"I\u00f1igo Go\u00f1i\" \/>\n<meta name=\"twitter:card\" content=\"summary_large_image\" \/>\n<meta name=\"twitter:creator\" content=\"@oriamendi2010\" \/>\n<meta name=\"twitter:site\" content=\"@oriamendi2010\" \/>\n<meta name=\"twitter:label1\" content=\"Escrito por\" \/>\n\t<meta name=\"twitter:data1\" content=\"I\u00f1igo Go\u00f1i\" \/>\n\t<meta name=\"twitter:label2\" content=\"Tiempo de lectura\" \/>\n\t<meta name=\"twitter:data2\" content=\"2 minutos\" \/>\n<script type=\"application\/ld+json\" class=\"yoast-schema-graph\">{\"@context\":\"https:\/\/schema.org\",\"@graph\":[{\"@type\":\"Article\",\"@id\":\"https:\/\/oriamendi.eus\/es\/2021\/12\/06\/goikoetxea-v-y-barrenetxea-iv-suman-su-segunda-victoria\/#article\",\"isPartOf\":{\"@id\":\"https:\/\/oriamendi.eus\/es\/2021\/12\/06\/goikoetxea-v-y-barrenetxea-iv-suman-su-segunda-victoria\/\"},\"author\":{\"name\":\"I\u00f1igo Go\u00f1i\",\"@id\":\"https:\/\/oriamendi.eus\/es\/#\/schema\/person\/c0bd06c6c747674306a5c82563e2339a\"},\"headline\":\"Goikoetxea V y Barrenetxea IV suman su segunda victoria\",\"datePublished\":\"2021-12-06T13:02:38+00:00\",\"dateModified\":\"2021-12-06T13:04:20+00:00\",\"mainEntityOfPage\":{\"@id\":\"https:\/\/oriamendi.eus\/es\/2021\/12\/06\/goikoetxea-v-y-barrenetxea-iv-suman-su-segunda-victoria\/\"},\"wordCount\":327,\"publisher\":{\"@id\":\"https:\/\/oriamendi.eus\/es\/#organization\"},\"articleSection\":[\"Sin categorizar\"],\"inLanguage\":\"es\"},{\"@type\":\"WebPage\",\"@id\":\"https:\/\/oriamendi.eus\/es\/2021\/12\/06\/goikoetxea-v-y-barrenetxea-iv-suman-su-segunda-victoria\/\",\"url\":\"https:\/\/oriamendi.eus\/es\/2021\/12\/06\/goikoetxea-v-y-barrenetxea-iv-suman-su-segunda-victoria\/\",\"name\":\"Goikoetxea V y Barrenetxea IV suman su segunda victoria | Oriamendi 2010\",\"isPartOf\":{\"@id\":\"https:\/\/oriamendi.eus\/es\/#website\"},\"datePublished\":\"2021-12-06T13:02:38+00:00\",\"dateModified\":\"2021-12-06T13:04:20+00:00\",\"breadcrumb\":{\"@id\":\"https:\/\/oriamendi.eus\/es\/2021\/12\/06\/goikoetxea-v-y-barrenetxea-iv-suman-su-segunda-victoria\/#breadcrumb\"},\"inLanguage\":\"es\",\"potentialAction\":[{\"@type\":\"ReadAction\",\"target\":[\"https:\/\/oriamendi.eus\/es\/2021\/12\/06\/goikoetxea-v-y-barrenetxea-iv-suman-su-segunda-victoria\/\"]}]},{\"@type\":\"BreadcrumbList\",\"@id\":\"https:\/\/oriamendi.eus\/es\/2021\/12\/06\/goikoetxea-v-y-barrenetxea-iv-suman-su-segunda-victoria\/#breadcrumb\",\"itemListElement\":[{\"@type\":\"ListItem\",\"position\":1,\"name\":\"Portada\",\"item\":\"https:\/\/oriamendi.eus\/es\/\"},{\"@type\":\"ListItem\",\"position\":2,\"name\":\"Goikoetxea V y Barrenetxea IV suman su segunda victoria\"}]},{\"@type\":\"WebSite\",\"@id\":\"https:\/\/oriamendi.eus\/es\/#website\",\"url\":\"https:\/\/oriamendi.eus\/es\/\",\"name\":\"Oriamendi\",\"description\":\"Remonte en Galarreta. Hernani. Gipuzkoa\",\"publisher\":{\"@id\":\"https:\/\/oriamendi.eus\/es\/#organization\"},\"potentialAction\":[{\"@type\":\"SearchAction\",\"target\":{\"@type\":\"EntryPoint\",\"urlTemplate\":\"https:\/\/oriamendi.eus\/es\/?s={search_term_string}\"},\"query-input\":\"required name=search_term_string\"}],\"inLanguage\":\"es\"},{\"@type\":\"Organization\",\"@id\":\"https:\/\/oriamendi.eus\/es\/#organization\",\"name\":\"Oriamendi\",\"url\":\"https:\/\/oriamendi.eus\/es\/\",\"logo\":{\"@type\":\"ImageObject\",\"inLanguage\":\"es\",\"@id\":\"https:\/\/oriamendi.eus\/es\/#\/schema\/logo\/image\/\",\"url\":\"https:\/\/oriamendi.eus\/wp-content\/uploads\/2020\/06\/logo-oriamendi.png\",\"contentUrl\":\"https:\/\/oriamendi.eus\/wp-content\/uploads\/2020\/06\/logo-oriamendi.png\",\"width\":300,\"height\":90,\"caption\":\"Oriamendi\"},\"image\":{\"@id\":\"https:\/\/oriamendi.eus\/es\/#\/schema\/logo\/image\/\"},\"sameAs\":[\"https:\/\/www.facebook.com\/oriamendi2010remonte\/\",\"https:\/\/twitter.com\/oriamendi2010\",\"https:\/\/www.instagram.com\/galarretajaialai\/\",\"https:\/\/www.youtube.com\/channel\/UC8gVNzQqB1iwnC-_rI-ihmA\/featured\"]},{\"@type\":\"Person\",\"@id\":\"https:\/\/oriamendi.eus\/es\/#\/schema\/person\/c0bd06c6c747674306a5c82563e2339a\",\"name\":\"I\u00f1igo Go\u00f1i\",\"image\":{\"@type\":\"ImageObject\",\"inLanguage\":\"es\",\"@id\":\"https:\/\/oriamendi.eus\/es\/#\/schema\/person\/image\/\",\"url\":\"https:\/\/secure.gravatar.com\/avatar\/fbb07ffc7b803bbfcc2b6419c06abd3a?s=96&d=mm&r=g\",\"contentUrl\":\"https:\/\/secure.gravatar.com\/avatar\/fbb07ffc7b803bbfcc2b6419c06abd3a?s=96&d=mm&r=g\",\"caption\":\"I\u00f1igo Go\u00f1i\"},\"url\":\"https:\/\/oriamendi.eus\/es\/author\/om-berriak\/\"}]}<\/script>\n<!-- \/ Yoast SEO plugin. -->","yoast_head_json":{"title":"Goikoetxea V y Barrenetxea IV suman su segunda victoria | Oriamendi 2010","robots":{"index":"index","follow":"follow","max-snippet":"max-snippet:-1","max-image-preview":"max-image-preview:large","max-video-preview":"max-video-preview:-1"},"canonical":"https:\/\/oriamendi.eus\/es\/2021\/12\/06\/goikoetxea-v-y-barrenetxea-iv-suman-su-segunda-victoria\/","og_locale":"es_ES","og_type":"article","og_title":"Goikoetxea V y Barrenetxea IV suman su segunda victoria | Oriamendi 2010","og_description":"Goikoetxea V y Barrenetxea IV se sacaron la espinita del jueves y ganaron 40-25 a Segurola y Larra\u00f1aga en una nueva jornada del Torneo Parejas. Con esta victoria los colorados suman dos victorias y tienen ya nueve puntos y tienen cerca la clasificaci\u00f3n a semifinales. Los perdedores en lugar de sumar restaron un punto en [&hellip;]","og_url":"https:\/\/oriamendi.eus\/es\/2021\/12\/06\/goikoetxea-v-y-barrenetxea-iv-suman-su-segunda-victoria\/","og_site_name":"Oriamendi 2010","article_publisher":"https:\/\/www.facebook.com\/oriamendi2010remonte\/","article_published_time":"2021-12-06T13:02:38+00:00","article_modified_time":"2021-12-06T13:04:20+00:00","og_image":[{"width":1200,"height":802,"url":"https:\/\/oriamendi.eus\/wp-content\/uploads\/2021\/12\/2021-12-04-Binakako-txapelketaren-sailakapena-copia.jpg","type":"image\/jpeg"}],"author":"I\u00f1igo Go\u00f1i","twitter_card":"summary_large_image","twitter_creator":"@oriamendi2010","twitter_site":"@oriamendi2010","twitter_misc":{"Escrito por":"I\u00f1igo Go\u00f1i","Tiempo de lectura":"2 minutos"},"schema":{"@context":"https:\/\/schema.org","@graph":[{"@type":"Article","@id":"https:\/\/oriamendi.eus\/es\/2021\/12\/06\/goikoetxea-v-y-barrenetxea-iv-suman-su-segunda-victoria\/#article","isPartOf":{"@id":"https:\/\/oriamendi.eus\/es\/2021\/12\/06\/goikoetxea-v-y-barrenetxea-iv-suman-su-segunda-victoria\/"},"author":{"name":"I\u00f1igo Go\u00f1i","@id":"https:\/\/oriamendi.eus\/es\/#\/schema\/person\/c0bd06c6c747674306a5c82563e2339a"},"headline":"Goikoetxea V y Barrenetxea IV suman su segunda victoria","datePublished":"2021-12-06T13:02:38+00:00","dateModified":"2021-12-06T13:04:20+00:00","mainEntityOfPage":{"@id":"https:\/\/oriamendi.eus\/es\/2021\/12\/06\/goikoetxea-v-y-barrenetxea-iv-suman-su-segunda-victoria\/"},"wordCount":327,"publisher":{"@id":"https:\/\/oriamendi.eus\/es\/#organization"},"articleSection":["Sin categorizar"],"inLanguage":"es"},{"@type":"WebPage","@id":"https:\/\/oriamendi.eus\/es\/2021\/12\/06\/goikoetxea-v-y-barrenetxea-iv-suman-su-segunda-victoria\/","url":"https:\/\/oriamendi.eus\/es\/2021\/12\/06\/goikoetxea-v-y-barrenetxea-iv-suman-su-segunda-victoria\/","name":"Goikoetxea V y Barrenetxea IV suman su segunda victoria | Oriamendi 2010","isPartOf":{"@id":"https:\/\/oriamendi.eus\/es\/#website"},"datePublished":"2021-12-06T13:02:38+00:00","dateModified":"2021-12-06T13:04:20+00:00","breadcrumb":{"@id":"https:\/\/oriamendi.eus\/es\/2021\/12\/06\/goikoetxea-v-y-barrenetxea-iv-suman-su-segunda-victoria\/#breadcrumb"},"inLanguage":"es","potentialAction":[{"@type":"ReadAction","target":["https:\/\/oriamendi.eus\/es\/2021\/12\/06\/goikoetxea-v-y-barrenetxea-iv-suman-su-segunda-victoria\/"]}]},{"@type":"BreadcrumbList","@id":"https:\/\/oriamendi.eus\/es\/2021\/12\/06\/goikoetxea-v-y-barrenetxea-iv-suman-su-segunda-victoria\/#breadcrumb","itemListElement":[{"@type":"ListItem","position":1,"name":"Portada","item":"https:\/\/oriamendi.eus\/es\/"},{"@type":"ListItem","position":2,"name":"Goikoetxea V y Barrenetxea IV suman su segunda victoria"}]},{"@type":"WebSite","@id":"https:\/\/oriamendi.eus\/es\/#website","url":"https:\/\/oriamendi.eus\/es\/","name":"Oriamendi","description":"Remonte en Galarreta. Hernani. Gipuzkoa","publisher":{"@id":"https:\/\/oriamendi.eus\/es\/#organization"},"potentialAction":[{"@type":"SearchAction","target":{"@type":"EntryPoint","urlTemplate":"https:\/\/oriamendi.eus\/es\/?s={search_term_string}"},"query-input":"required name=search_term_string"}],"inLanguage":"es"},{"@type":"Organization","@id":"https:\/\/oriamendi.eus\/es\/#organization","name":"Oriamendi","url":"https:\/\/oriamendi.eus\/es\/","logo":{"@type":"ImageObject","inLanguage":"es","@id":"https:\/\/oriamendi.eus\/es\/#\/schema\/logo\/image\/","url":"https:\/\/oriamendi.eus\/wp-content\/uploads\/2020\/06\/logo-oriamendi.png","contentUrl":"https:\/\/oriamendi.eus\/wp-content\/uploads\/2020\/06\/logo-oriamendi.png","width":300,"height":90,"caption":"Oriamendi"},"image":{"@id":"https:\/\/oriamendi.eus\/es\/#\/schema\/logo\/image\/"},"sameAs":["https:\/\/www.facebook.com\/oriamendi2010remonte\/","https:\/\/twitter.com\/oriamendi2010","https:\/\/www.instagram.com\/galarretajaialai\/","https:\/\/www.youtube.com\/channel\/UC8gVNzQqB1iwnC-_rI-ihmA\/featured"]},{"@type":"Person","@id":"https:\/\/oriamendi.eus\/es\/#\/schema\/person\/c0bd06c6c747674306a5c82563e2339a","name":"I\u00f1igo Go\u00f1i","image":{"@type":"ImageObject","inLanguage":"es","@id":"https:\/\/oriamendi.eus\/es\/#\/schema\/person\/image\/","url":"https:\/\/secure.gravatar.com\/avatar\/fbb07ffc7b803bbfcc2b6419c06abd3a?s=96&d=mm&r=g","contentUrl":"https:\/\/secure.gravatar.com\/avatar\/fbb07ffc7b803bbfcc2b6419c06abd3a?s=96&d=mm&r=g","caption":"I\u00f1igo Go\u00f1i"},"url":"https:\/\/oriamendi.eus\/es\/author\/om-berriak\/"}]}},"_links":{"self":[{"href":"https:\/\/oriamendi.eus\/es\/wp-json\/wp\/v2\/posts\/6076"}],"collection":[{"href":"https:\/\/oriamendi.eus\/es\/wp-json\/wp\/v2\/posts"}],"about":[{"href":"https:\/\/oriamendi.eus\/es\/wp-json\/wp\/v2\/types\/post"}],"author":[{"embeddable":true,"href":"https:\/\/oriamendi.eus\/es\/wp-json\/wp\/v2\/users\/5"}],"replies":[{"embeddable":true,"href":"https:\/\/oriamendi.eus\/es\/wp-json\/wp\/v2\/comments?post=6076"}],"version-history":[{"count":2,"href":"https:\/\/oriamendi.eus\/es\/wp-json\/wp\/v2\/posts\/6076\/revisions"}],"predecessor-version":[{"id":6084,"href":"https:\/\/oriamendi.eus\/es\/wp-json\/wp\/v2\/posts\/6076\/revisions\/6084"}],"wp:featuredmedia":[{"embeddable":true,"href":"https:\/\/oriamendi.eus\/es\/wp-json\/wp\/v2\/media\/6082"}],"wp:attachment":[{"href":"https:\/\/oriamendi.eus\/es\/wp-json\/wp\/v2\/media?parent=6076"}],"wp:term":[{"taxonomy":"category","embeddable":true,"href":"https:\/\/oriamendi.eus\/es\/wp-json\/wp\/v2\/categories?post=6076"},{"taxonomy":"post_tag","embeddable":true,"href":"https:\/\/oriamendi.eus\/es\/wp-json\/wp\/v2\/tags?post=6076"}],"curies":[{"name":"wp","href":"https:\/\/api.w.org\/{rel}","templated":true}]}}