                                        
                                        
                                        
                                        
                                        
                                        
                                        
                                        
                                        
                                        
                                        
                                        
                                        
                                        
                                        
                                        
                                        
                                        
{"id":6064,"date":"2021-11-27T20:20:59","date_gmt":"2021-11-27T19:20:59","guid":{"rendered":"https:\/\/oriamendi.eus\/?p=6064"},"modified":"2021-11-27T20:21:02","modified_gmt":"2021-11-27T19:21:02","slug":"ansa-ii-y-martirena-hacen-valer-su-golpe-y-su-remonte-de-ataque","status":"publish","type":"post","link":"https:\/\/oriamendi.eus\/es\/2021\/11\/27\/ansa-ii-y-martirena-hacen-valer-su-golpe-y-su-remonte-de-ataque\/","title":{"rendered":"Ansa II y Martirena hacen valer su golpe y su remonte de ataque"},"content":{"rendered":"\n<p>Ansa II y Martirena se impusieron 31-40 a Urriza y Labaka en la cuarta jornada del Torneo de Parejas. Con esta segunda victoria Ansa II y Martirena se colocan l\u00edderes con ocho puntos en dos partidos y Urriza-Labaka se quedan como estaban, con cuatro puntos en dos partidos.\u00a0<\/p>\n\n\n\n<p>Los azules arrollaron a los colorados en un tramo del partido y eso les otorg\u00f3 la victoria. Un parcial de 2-20 fue clave e imposible de remontar para Urriza y Labaka y eso que comenzaron con ventajas de siete tantos en el 12-5. Del 12-5 se pas\u00f3 al 14-25 y despu\u00e9s los azules administraron la ventaja sin ning\u00fan problema. Llevaron controlado el marcador con ventajas que rondaban los diez tantos (17-29, 20-32, 24-33, 27-37) hasta el 31-40 final.\u00a0<\/p>\n\n\n\n<figure class=\"wp-block-image size-large\"><img fetchpriority=\"high\" fetchpriority=\"high\" decoding=\"async\" width=\"1024\" height=\"684\" src=\"https:\/\/oriamendi.eus\/wp-content\/uploads\/2021\/11\/2021-11-27-Sailkapen-orokorra-Irudia-1024x684.jpg\" alt=\"\" class=\"wp-image-6061\" srcset=\"https:\/\/oriamendi.eus\/wp-content\/uploads\/2021\/11\/2021-11-27-Sailkapen-orokorra-Irudia-1024x684.jpg 1024w, https:\/\/oriamendi.eus\/wp-content\/uploads\/2021\/11\/2021-11-27-Sailkapen-orokorra-Irudia-980x655.jpg 980w, https:\/\/oriamendi.eus\/wp-content\/uploads\/2021\/11\/2021-11-27-Sailkapen-orokorra-Irudia-480x321.jpg 480w\" sizes=\"(min-width: 0px) and (max-width: 480px) 480px, (min-width: 481px) and (max-width: 980px) 980px, (min-width: 981px) 1024px, 100vw\" \/><\/figure>\n\n\n\n<p>Hay que destacar que Ansa y Martirena son dos pelotaris pegadores y de ataque. Arriesgaron y lo bordaron desde el 12-5 hasta el 14-25. fueron 20 tantos y un juego para enmarcar con dos remontistas al ataque con Martirena sacando de forma espectacular y Ansa terminando los tantos uno tras otro.\u00a0<\/p>\n\n\n\n<p>El delantero de Urnieta fue el pelotari m\u00e1s destacado con 24 tantos y seis fallos, la mayor\u00eda al inicio. Martirena termin\u00f3 con diez tantos por seis fallos, pero su dominio fue mayor de lo que indican los n\u00fameros. Labaka nunca se quit\u00f3 de encima el dominio del rival. Labaka acab\u00f3 con siete tantos y dos fallos, pero sin marcar el ritmo. Urriza estuvo inc\u00f3modo y le falt\u00f3 brillantez, termin\u00f3 con 12 tantos y dos fallos, n\u00fameros pobres para un remontista de su talla.\u00a0<\/p>\n","protected":false},"excerpt":{"rendered":"<p>Ansa II y Martirena se impusieron 31-40 a Urriza y Labaka en la cuarta jornada del Torneo de Parejas. Con esta segunda victoria Ansa II y Martirena se colocan l\u00edderes con ocho puntos en dos partidos y Urriza-Labaka se quedan como estaban, con cuatro puntos en dos partidos.\u00a0 Los azules arrollaron a los colorados en [&hellip;]<\/p>\n","protected":false},"author":5,"featured_media":5909,"comment_status":"closed","ping_status":"open","sticky":false,"template":"","format":"standard","meta":{"_et_pb_use_builder":"off","_et_pb_old_content":"","_et_gb_content_width":"","footnotes":""},"categories":[1],"tags":[],"yoast_head":"<!-- This site is optimized with the Yoast SEO plugin v21.8 - https:\/\/yoast.com\/wordpress\/plugins\/seo\/ -->\n<title>Ansa II y Martirena hacen valer su golpe y su remonte de ataque | Oriamendi 2010<\/title>\n<meta name=\"robots\" content=\"index, follow, max-snippet:-1, max-image-preview:large, max-video-preview:-1\" \/>\n<link rel=\"canonical\" href=\"https:\/\/oriamendi.eus\/es\/2021\/11\/27\/ansa-ii-y-martirena-hacen-valer-su-golpe-y-su-remonte-de-ataque\/\" \/>\n<meta property=\"og:locale\" content=\"es_ES\" \/>\n<meta property=\"og:type\" content=\"article\" \/>\n<meta property=\"og:title\" content=\"Ansa II y Martirena hacen valer su golpe y su remonte de ataque | Oriamendi 2010\" \/>\n<meta property=\"og:description\" content=\"Ansa II y Martirena se impusieron 31-40 a Urriza y Labaka en la cuarta jornada del Torneo de Parejas. Con esta segunda victoria Ansa II y Martirena se colocan l\u00edderes con ocho puntos en dos partidos y Urriza-Labaka se quedan como estaban, con cuatro puntos en dos partidos.\u00a0 Los azules arrollaron a los colorados en [&hellip;]\" \/>\n<meta property=\"og:url\" content=\"https:\/\/oriamendi.eus\/es\/2021\/11\/27\/ansa-ii-y-martirena-hacen-valer-su-golpe-y-su-remonte-de-ataque\/\" \/>\n<meta property=\"og:site_name\" content=\"Oriamendi 2010\" \/>\n<meta property=\"article:publisher\" content=\"https:\/\/www.facebook.com\/oriamendi2010remonte\/\" \/>\n<meta property=\"article:published_time\" content=\"2021-11-27T19:20:59+00:00\" \/>\n<meta property=\"article:modified_time\" content=\"2021-11-27T19:21:02+00:00\" \/>\n<meta property=\"og:image\" content=\"https:\/\/oriamendi.eus\/wp-content\/uploads\/2021\/08\/ansa1.jpg\" \/>\n\t<meta property=\"og:image:width\" content=\"1200\" \/>\n\t<meta property=\"og:image:height\" content=\"800\" \/>\n\t<meta property=\"og:image:type\" content=\"image\/jpeg\" \/>\n<meta name=\"author\" content=\"I\u00f1igo Go\u00f1i\" \/>\n<meta name=\"twitter:card\" content=\"summary_large_image\" \/>\n<meta name=\"twitter:creator\" content=\"@oriamendi2010\" \/>\n<meta name=\"twitter:site\" content=\"@oriamendi2010\" \/>\n<meta name=\"twitter:label1\" content=\"Escrito por\" \/>\n\t<meta name=\"twitter:data1\" content=\"I\u00f1igo Go\u00f1i\" \/>\n\t<meta name=\"twitter:label2\" content=\"Tiempo de lectura\" \/>\n\t<meta name=\"twitter:data2\" content=\"2 minutos\" \/>\n<script type=\"application\/ld+json\" class=\"yoast-schema-graph\">{\"@context\":\"https:\/\/schema.org\",\"@graph\":[{\"@type\":\"Article\",\"@id\":\"https:\/\/oriamendi.eus\/es\/2021\/11\/27\/ansa-ii-y-martirena-hacen-valer-su-golpe-y-su-remonte-de-ataque\/#article\",\"isPartOf\":{\"@id\":\"https:\/\/oriamendi.eus\/es\/2021\/11\/27\/ansa-ii-y-martirena-hacen-valer-su-golpe-y-su-remonte-de-ataque\/\"},\"author\":{\"name\":\"I\u00f1igo Go\u00f1i\",\"@id\":\"https:\/\/oriamendi.eus\/es\/#\/schema\/person\/c0bd06c6c747674306a5c82563e2339a\"},\"headline\":\"Ansa II y Martirena hacen valer su golpe y su remonte de ataque\",\"datePublished\":\"2021-11-27T19:20:59+00:00\",\"dateModified\":\"2021-11-27T19:21:02+00:00\",\"mainEntityOfPage\":{\"@id\":\"https:\/\/oriamendi.eus\/es\/2021\/11\/27\/ansa-ii-y-martirena-hacen-valer-su-golpe-y-su-remonte-de-ataque\/\"},\"wordCount\":278,\"publisher\":{\"@id\":\"https:\/\/oriamendi.eus\/es\/#organization\"},\"articleSection\":[\"Sin categorizar\"],\"inLanguage\":\"es\"},{\"@type\":\"WebPage\",\"@id\":\"https:\/\/oriamendi.eus\/es\/2021\/11\/27\/ansa-ii-y-martirena-hacen-valer-su-golpe-y-su-remonte-de-ataque\/\",\"url\":\"https:\/\/oriamendi.eus\/es\/2021\/11\/27\/ansa-ii-y-martirena-hacen-valer-su-golpe-y-su-remonte-de-ataque\/\",\"name\":\"Ansa II y Martirena hacen valer su golpe y su remonte de ataque | Oriamendi 2010\",\"isPartOf\":{\"@id\":\"https:\/\/oriamendi.eus\/es\/#website\"},\"datePublished\":\"2021-11-27T19:20:59+00:00\",\"dateModified\":\"2021-11-27T19:21:02+00:00\",\"breadcrumb\":{\"@id\":\"https:\/\/oriamendi.eus\/es\/2021\/11\/27\/ansa-ii-y-martirena-hacen-valer-su-golpe-y-su-remonte-de-ataque\/#breadcrumb\"},\"inLanguage\":\"es\",\"potentialAction\":[{\"@type\":\"ReadAction\",\"target\":[\"https:\/\/oriamendi.eus\/es\/2021\/11\/27\/ansa-ii-y-martirena-hacen-valer-su-golpe-y-su-remonte-de-ataque\/\"]}]},{\"@type\":\"BreadcrumbList\",\"@id\":\"https:\/\/oriamendi.eus\/es\/2021\/11\/27\/ansa-ii-y-martirena-hacen-valer-su-golpe-y-su-remonte-de-ataque\/#breadcrumb\",\"itemListElement\":[{\"@type\":\"ListItem\",\"position\":1,\"name\":\"Portada\",\"item\":\"https:\/\/oriamendi.eus\/es\/\"},{\"@type\":\"ListItem\",\"position\":2,\"name\":\"Ansa II y Martirena hacen valer su golpe y su remonte de ataque\"}]},{\"@type\":\"WebSite\",\"@id\":\"https:\/\/oriamendi.eus\/es\/#website\",\"url\":\"https:\/\/oriamendi.eus\/es\/\",\"name\":\"Oriamendi\",\"description\":\"Remonte en Galarreta. Hernani. Gipuzkoa\",\"publisher\":{\"@id\":\"https:\/\/oriamendi.eus\/es\/#organization\"},\"potentialAction\":[{\"@type\":\"SearchAction\",\"target\":{\"@type\":\"EntryPoint\",\"urlTemplate\":\"https:\/\/oriamendi.eus\/es\/?s={search_term_string}\"},\"query-input\":\"required name=search_term_string\"}],\"inLanguage\":\"es\"},{\"@type\":\"Organization\",\"@id\":\"https:\/\/oriamendi.eus\/es\/#organization\",\"name\":\"Oriamendi\",\"url\":\"https:\/\/oriamendi.eus\/es\/\",\"logo\":{\"@type\":\"ImageObject\",\"inLanguage\":\"es\",\"@id\":\"https:\/\/oriamendi.eus\/es\/#\/schema\/logo\/image\/\",\"url\":\"https:\/\/oriamendi.eus\/wp-content\/uploads\/2020\/06\/logo-oriamendi.png\",\"contentUrl\":\"https:\/\/oriamendi.eus\/wp-content\/uploads\/2020\/06\/logo-oriamendi.png\",\"width\":300,\"height\":90,\"caption\":\"Oriamendi\"},\"image\":{\"@id\":\"https:\/\/oriamendi.eus\/es\/#\/schema\/logo\/image\/\"},\"sameAs\":[\"https:\/\/www.facebook.com\/oriamendi2010remonte\/\",\"https:\/\/twitter.com\/oriamendi2010\",\"https:\/\/www.instagram.com\/galarretajaialai\/\",\"https:\/\/www.youtube.com\/channel\/UC8gVNzQqB1iwnC-_rI-ihmA\/featured\"]},{\"@type\":\"Person\",\"@id\":\"https:\/\/oriamendi.eus\/es\/#\/schema\/person\/c0bd06c6c747674306a5c82563e2339a\",\"name\":\"I\u00f1igo Go\u00f1i\",\"image\":{\"@type\":\"ImageObject\",\"inLanguage\":\"es\",\"@id\":\"https:\/\/oriamendi.eus\/es\/#\/schema\/person\/image\/\",\"url\":\"https:\/\/secure.gravatar.com\/avatar\/fbb07ffc7b803bbfcc2b6419c06abd3a?s=96&d=mm&r=g\",\"contentUrl\":\"https:\/\/secure.gravatar.com\/avatar\/fbb07ffc7b803bbfcc2b6419c06abd3a?s=96&d=mm&r=g\",\"caption\":\"I\u00f1igo Go\u00f1i\"},\"url\":\"https:\/\/oriamendi.eus\/es\/author\/om-berriak\/\"}]}<\/script>\n<!-- \/ Yoast SEO plugin. -->","yoast_head_json":{"title":"Ansa II y Martirena hacen valer su golpe y su remonte de ataque | Oriamendi 2010","robots":{"index":"index","follow":"follow","max-snippet":"max-snippet:-1","max-image-preview":"max-image-preview:large","max-video-preview":"max-video-preview:-1"},"canonical":"https:\/\/oriamendi.eus\/es\/2021\/11\/27\/ansa-ii-y-martirena-hacen-valer-su-golpe-y-su-remonte-de-ataque\/","og_locale":"es_ES","og_type":"article","og_title":"Ansa II y Martirena hacen valer su golpe y su remonte de ataque | Oriamendi 2010","og_description":"Ansa II y Martirena se impusieron 31-40 a Urriza y Labaka en la cuarta jornada del Torneo de Parejas. Con esta segunda victoria Ansa II y Martirena se colocan l\u00edderes con ocho puntos en dos partidos y Urriza-Labaka se quedan como estaban, con cuatro puntos en dos partidos.\u00a0 Los azules arrollaron a los colorados en [&hellip;]","og_url":"https:\/\/oriamendi.eus\/es\/2021\/11\/27\/ansa-ii-y-martirena-hacen-valer-su-golpe-y-su-remonte-de-ataque\/","og_site_name":"Oriamendi 2010","article_publisher":"https:\/\/www.facebook.com\/oriamendi2010remonte\/","article_published_time":"2021-11-27T19:20:59+00:00","article_modified_time":"2021-11-27T19:21:02+00:00","og_image":[{"width":1200,"height":800,"url":"https:\/\/oriamendi.eus\/wp-content\/uploads\/2021\/08\/ansa1.jpg","type":"image\/jpeg"}],"author":"I\u00f1igo Go\u00f1i","twitter_card":"summary_large_image","twitter_creator":"@oriamendi2010","twitter_site":"@oriamendi2010","twitter_misc":{"Escrito por":"I\u00f1igo Go\u00f1i","Tiempo de lectura":"2 minutos"},"schema":{"@context":"https:\/\/schema.org","@graph":[{"@type":"Article","@id":"https:\/\/oriamendi.eus\/es\/2021\/11\/27\/ansa-ii-y-martirena-hacen-valer-su-golpe-y-su-remonte-de-ataque\/#article","isPartOf":{"@id":"https:\/\/oriamendi.eus\/es\/2021\/11\/27\/ansa-ii-y-martirena-hacen-valer-su-golpe-y-su-remonte-de-ataque\/"},"author":{"name":"I\u00f1igo Go\u00f1i","@id":"https:\/\/oriamendi.eus\/es\/#\/schema\/person\/c0bd06c6c747674306a5c82563e2339a"},"headline":"Ansa II y Martirena hacen valer su golpe y su remonte de ataque","datePublished":"2021-11-27T19:20:59+00:00","dateModified":"2021-11-27T19:21:02+00:00","mainEntityOfPage":{"@id":"https:\/\/oriamendi.eus\/es\/2021\/11\/27\/ansa-ii-y-martirena-hacen-valer-su-golpe-y-su-remonte-de-ataque\/"},"wordCount":278,"publisher":{"@id":"https:\/\/oriamendi.eus\/es\/#organization"},"articleSection":["Sin categorizar"],"inLanguage":"es"},{"@type":"WebPage","@id":"https:\/\/oriamendi.eus\/es\/2021\/11\/27\/ansa-ii-y-martirena-hacen-valer-su-golpe-y-su-remonte-de-ataque\/","url":"https:\/\/oriamendi.eus\/es\/2021\/11\/27\/ansa-ii-y-martirena-hacen-valer-su-golpe-y-su-remonte-de-ataque\/","name":"Ansa II y Martirena hacen valer su golpe y su remonte de ataque | Oriamendi 2010","isPartOf":{"@id":"https:\/\/oriamendi.eus\/es\/#website"},"datePublished":"2021-11-27T19:20:59+00:00","dateModified":"2021-11-27T19:21:02+00:00","breadcrumb":{"@id":"https:\/\/oriamendi.eus\/es\/2021\/11\/27\/ansa-ii-y-martirena-hacen-valer-su-golpe-y-su-remonte-de-ataque\/#breadcrumb"},"inLanguage":"es","potentialAction":[{"@type":"ReadAction","target":["https:\/\/oriamendi.eus\/es\/2021\/11\/27\/ansa-ii-y-martirena-hacen-valer-su-golpe-y-su-remonte-de-ataque\/"]}]},{"@type":"BreadcrumbList","@id":"https:\/\/oriamendi.eus\/es\/2021\/11\/27\/ansa-ii-y-martirena-hacen-valer-su-golpe-y-su-remonte-de-ataque\/#breadcrumb","itemListElement":[{"@type":"ListItem","position":1,"name":"Portada","item":"https:\/\/oriamendi.eus\/es\/"},{"@type":"ListItem","position":2,"name":"Ansa II y Martirena hacen valer su golpe y su remonte de ataque"}]},{"@type":"WebSite","@id":"https:\/\/oriamendi.eus\/es\/#website","url":"https:\/\/oriamendi.eus\/es\/","name":"Oriamendi","description":"Remonte en Galarreta. Hernani. Gipuzkoa","publisher":{"@id":"https:\/\/oriamendi.eus\/es\/#organization"},"potentialAction":[{"@type":"SearchAction","target":{"@type":"EntryPoint","urlTemplate":"https:\/\/oriamendi.eus\/es\/?s={search_term_string}"},"query-input":"required name=search_term_string"}],"inLanguage":"es"},{"@type":"Organization","@id":"https:\/\/oriamendi.eus\/es\/#organization","name":"Oriamendi","url":"https:\/\/oriamendi.eus\/es\/","logo":{"@type":"ImageObject","inLanguage":"es","@id":"https:\/\/oriamendi.eus\/es\/#\/schema\/logo\/image\/","url":"https:\/\/oriamendi.eus\/wp-content\/uploads\/2020\/06\/logo-oriamendi.png","contentUrl":"https:\/\/oriamendi.eus\/wp-content\/uploads\/2020\/06\/logo-oriamendi.png","width":300,"height":90,"caption":"Oriamendi"},"image":{"@id":"https:\/\/oriamendi.eus\/es\/#\/schema\/logo\/image\/"},"sameAs":["https:\/\/www.facebook.com\/oriamendi2010remonte\/","https:\/\/twitter.com\/oriamendi2010","https:\/\/www.instagram.com\/galarretajaialai\/","https:\/\/www.youtube.com\/channel\/UC8gVNzQqB1iwnC-_rI-ihmA\/featured"]},{"@type":"Person","@id":"https:\/\/oriamendi.eus\/es\/#\/schema\/person\/c0bd06c6c747674306a5c82563e2339a","name":"I\u00f1igo Go\u00f1i","image":{"@type":"ImageObject","inLanguage":"es","@id":"https:\/\/oriamendi.eus\/es\/#\/schema\/person\/image\/","url":"https:\/\/secure.gravatar.com\/avatar\/fbb07ffc7b803bbfcc2b6419c06abd3a?s=96&d=mm&r=g","contentUrl":"https:\/\/secure.gravatar.com\/avatar\/fbb07ffc7b803bbfcc2b6419c06abd3a?s=96&d=mm&r=g","caption":"I\u00f1igo Go\u00f1i"},"url":"https:\/\/oriamendi.eus\/es\/author\/om-berriak\/"}]}},"_links":{"self":[{"href":"https:\/\/oriamendi.eus\/es\/wp-json\/wp\/v2\/posts\/6064"}],"collection":[{"href":"https:\/\/oriamendi.eus\/es\/wp-json\/wp\/v2\/posts"}],"about":[{"href":"https:\/\/oriamendi.eus\/es\/wp-json\/wp\/v2\/types\/post"}],"author":[{"embeddable":true,"href":"https:\/\/oriamendi.eus\/es\/wp-json\/wp\/v2\/users\/5"}],"replies":[{"embeddable":true,"href":"https:\/\/oriamendi.eus\/es\/wp-json\/wp\/v2\/comments?post=6064"}],"version-history":[{"count":2,"href":"https:\/\/oriamendi.eus\/es\/wp-json\/wp\/v2\/posts\/6064\/revisions"}],"predecessor-version":[{"id":6066,"href":"https:\/\/oriamendi.eus\/es\/wp-json\/wp\/v2\/posts\/6064\/revisions\/6066"}],"wp:featuredmedia":[{"embeddable":true,"href":"https:\/\/oriamendi.eus\/es\/wp-json\/wp\/v2\/media\/5909"}],"wp:attachment":[{"href":"https:\/\/oriamendi.eus\/es\/wp-json\/wp\/v2\/media?parent=6064"}],"wp:term":[{"taxonomy":"category","embeddable":true,"href":"https:\/\/oriamendi.eus\/es\/wp-json\/wp\/v2\/categories?post=6064"},{"taxonomy":"post_tag","embeddable":true,"href":"https:\/\/oriamendi.eus\/es\/wp-json\/wp\/v2\/tags?post=6064"}],"curies":[{"name":"wp","href":"https:\/\/api.w.org\/{rel}","templated":true}]}}