                                        
                                        
                                        
                                        
                                        
                                        
                                        
                                        
                                        
                                        
                                        
                                        
                                        
                                        
                                        
                                        
                                        
                                        
{"id":6052,"date":"2021-11-21T18:29:44","date_gmt":"2021-11-21T17:29:44","guid":{"rendered":"https:\/\/oriamendi.eus\/?p=6052"},"modified":"2021-11-21T18:29:47","modified_gmt":"2021-11-21T17:29:47","slug":"ansa-ii-y-martirena-aprietan-al-final-para-sumar-sus-primeros-cuatro-puntos","status":"publish","type":"post","link":"https:\/\/oriamendi.eus\/es\/2021\/11\/21\/ansa-ii-y-martirena-aprietan-al-final-para-sumar-sus-primeros-cuatro-puntos\/","title":{"rendered":"Ansa II y Martirena aprietan al final para sumar sus primeros cuatro puntos"},"content":{"rendered":"\n<p>Ansa II y Martirena se impusieron 40-33 a Juanenea y Aizpuru III en el tercer partido del Campeonato de Remonte Parejas. Ansa II y Martirena se estrenaron con victoria y suman sus primeros cuatro puntos, mientras Juanenea y Aizpuru II perdieron el segundo partido y solo cuentan con un punto, tras el logrado hoy. Les quedan dos partidos y necesitan reaccionar.\u00a0<\/p>\n\n\n\n<p>El partido fue igualado hasta el 32-31, pero Ansa termin\u00f3 muy bien y con un parcial de 8-1 los colorados decidieron el duelo\u00a0El partido fue entretenido y a pesar de que los colorados cogieron rentas de seis tantos, 10-4, los azules hac\u00edan la goma y empataron a 12. Hasta el 19-17 el choque volvi\u00f3 a igualarse, pero Ansa II y Martirena se escapaban 25-17. Mantuvieron las ventajas hasta que los azules volv\u00edan a estrechar la desventaja a un tanto, 31-30 y 32-31.\u00a0El tercer estir\u00f3n de Ansa II y Martirena fue el definitivo. <\/p>\n\n\n\n<figure class=\"wp-block-image size-large\"><img fetchpriority=\"high\" fetchpriority=\"high\" decoding=\"async\" width=\"1024\" height=\"688\" src=\"https:\/\/oriamendi.eus\/wp-content\/uploads\/2021\/11\/3.-Jardunaldia.-Binakako-txapelketaren-sailakapen-copia-1024x688.jpg\" alt=\"\" class=\"wp-image-6054\" srcset=\"https:\/\/oriamendi.eus\/wp-content\/uploads\/2021\/11\/3.-Jardunaldia.-Binakako-txapelketaren-sailakapen-copia-1024x688.jpg 1024w, https:\/\/oriamendi.eus\/wp-content\/uploads\/2021\/11\/3.-Jardunaldia.-Binakako-txapelketaren-sailakapen-copia-980x658.jpg 980w, https:\/\/oriamendi.eus\/wp-content\/uploads\/2021\/11\/3.-Jardunaldia.-Binakako-txapelketaren-sailakapen-copia-480x322.jpg 480w\" sizes=\"(min-width: 0px) and (max-width: 480px) 480px, (min-width: 481px) and (max-width: 980px) 980px, (min-width: 981px) 1024px, 100vw\" \/><\/figure>\n\n\n\n<p>Los colorados hicieron m\u00e1s pareja. Martirena acompa\u00f1\u00f3 muy bien a su delantero con ocho tantos de saque y cinco en el peloteo, a pesar de cometer cinco fallos en total. Ansa termin\u00f3 con 19 tantos y cuatro errores.\u00a0En los azules Aizpuru hizo buen partido con cinco tantos de saque y ocho en el peloteo por solo dos fallos. Aguant\u00f3 bien en el peloteo. Juanenea se qued\u00f3 en once tantos y seis errores. En la pelea de delanteros Ansa estuvo m\u00e1s acertado, peg\u00f3 m\u00e1s fuerte dando m\u00e1s direcci\u00f3n a la pelota y por ah\u00ed lleg\u00f3 la diferencia.\u00a0<\/p>\n","protected":false},"excerpt":{"rendered":"<p>Ansa II y Martirena se impusieron 40-33 a Juanenea y Aizpuru III en el tercer partido del Campeonato de Remonte Parejas. Ansa II y Martirena se estrenaron con victoria y suman sus primeros cuatro puntos, mientras Juanenea y Aizpuru II perdieron el segundo partido y solo cuentan con un punto, tras el logrado hoy. Les [&hellip;]<\/p>\n","protected":false},"author":5,"featured_media":5981,"comment_status":"closed","ping_status":"open","sticky":false,"template":"","format":"standard","meta":{"_et_pb_use_builder":"off","_et_pb_old_content":"","_et_gb_content_width":"","footnotes":""},"categories":[1],"tags":[],"yoast_head":"<!-- This site is optimized with the Yoast SEO plugin v21.8 - https:\/\/yoast.com\/wordpress\/plugins\/seo\/ -->\n<title>Ansa II y Martirena aprietan al final para sumar sus primeros cuatro puntos | Oriamendi 2010<\/title>\n<meta name=\"robots\" content=\"index, follow, max-snippet:-1, max-image-preview:large, max-video-preview:-1\" \/>\n<link rel=\"canonical\" href=\"https:\/\/oriamendi.eus\/es\/2021\/11\/21\/ansa-ii-y-martirena-aprietan-al-final-para-sumar-sus-primeros-cuatro-puntos\/\" \/>\n<meta property=\"og:locale\" content=\"es_ES\" \/>\n<meta property=\"og:type\" content=\"article\" \/>\n<meta property=\"og:title\" content=\"Ansa II y Martirena aprietan al final para sumar sus primeros cuatro puntos | Oriamendi 2010\" \/>\n<meta property=\"og:description\" content=\"Ansa II y Martirena se impusieron 40-33 a Juanenea y Aizpuru III en el tercer partido del Campeonato de Remonte Parejas. Ansa II y Martirena se estrenaron con victoria y suman sus primeros cuatro puntos, mientras Juanenea y Aizpuru II perdieron el segundo partido y solo cuentan con un punto, tras el logrado hoy. Les [&hellip;]\" \/>\n<meta property=\"og:url\" content=\"https:\/\/oriamendi.eus\/es\/2021\/11\/21\/ansa-ii-y-martirena-aprietan-al-final-para-sumar-sus-primeros-cuatro-puntos\/\" \/>\n<meta property=\"og:site_name\" content=\"Oriamendi 2010\" \/>\n<meta property=\"article:publisher\" content=\"https:\/\/www.facebook.com\/oriamendi2010remonte\/\" \/>\n<meta property=\"article:published_time\" content=\"2021-11-21T17:29:44+00:00\" \/>\n<meta property=\"article:modified_time\" content=\"2021-11-21T17:29:47+00:00\" \/>\n<meta property=\"og:image\" content=\"https:\/\/oriamendi.eus\/wp-content\/uploads\/2021\/11\/loitegi.jpg\" \/>\n\t<meta property=\"og:image:width\" content=\"1200\" \/>\n\t<meta property=\"og:image:height\" content=\"800\" \/>\n\t<meta property=\"og:image:type\" content=\"image\/jpeg\" \/>\n<meta name=\"author\" content=\"I\u00f1igo Go\u00f1i\" \/>\n<meta name=\"twitter:card\" content=\"summary_large_image\" \/>\n<meta name=\"twitter:creator\" content=\"@oriamendi2010\" \/>\n<meta name=\"twitter:site\" content=\"@oriamendi2010\" \/>\n<meta name=\"twitter:label1\" content=\"Escrito por\" \/>\n\t<meta name=\"twitter:data1\" content=\"I\u00f1igo Go\u00f1i\" \/>\n\t<meta name=\"twitter:label2\" content=\"Tiempo de lectura\" \/>\n\t<meta name=\"twitter:data2\" content=\"2 minutos\" \/>\n<script type=\"application\/ld+json\" class=\"yoast-schema-graph\">{\"@context\":\"https:\/\/schema.org\",\"@graph\":[{\"@type\":\"Article\",\"@id\":\"https:\/\/oriamendi.eus\/es\/2021\/11\/21\/ansa-ii-y-martirena-aprietan-al-final-para-sumar-sus-primeros-cuatro-puntos\/#article\",\"isPartOf\":{\"@id\":\"https:\/\/oriamendi.eus\/es\/2021\/11\/21\/ansa-ii-y-martirena-aprietan-al-final-para-sumar-sus-primeros-cuatro-puntos\/\"},\"author\":{\"name\":\"I\u00f1igo Go\u00f1i\",\"@id\":\"https:\/\/oriamendi.eus\/es\/#\/schema\/person\/c0bd06c6c747674306a5c82563e2339a\"},\"headline\":\"Ansa II y Martirena aprietan al final para sumar sus primeros cuatro puntos\",\"datePublished\":\"2021-11-21T17:29:44+00:00\",\"dateModified\":\"2021-11-21T17:29:47+00:00\",\"mainEntityOfPage\":{\"@id\":\"https:\/\/oriamendi.eus\/es\/2021\/11\/21\/ansa-ii-y-martirena-aprietan-al-final-para-sumar-sus-primeros-cuatro-puntos\/\"},\"wordCount\":271,\"publisher\":{\"@id\":\"https:\/\/oriamendi.eus\/es\/#organization\"},\"articleSection\":[\"Sin categorizar\"],\"inLanguage\":\"es\"},{\"@type\":\"WebPage\",\"@id\":\"https:\/\/oriamendi.eus\/es\/2021\/11\/21\/ansa-ii-y-martirena-aprietan-al-final-para-sumar-sus-primeros-cuatro-puntos\/\",\"url\":\"https:\/\/oriamendi.eus\/es\/2021\/11\/21\/ansa-ii-y-martirena-aprietan-al-final-para-sumar-sus-primeros-cuatro-puntos\/\",\"name\":\"Ansa II y Martirena aprietan al final para sumar sus primeros cuatro puntos | Oriamendi 2010\",\"isPartOf\":{\"@id\":\"https:\/\/oriamendi.eus\/es\/#website\"},\"datePublished\":\"2021-11-21T17:29:44+00:00\",\"dateModified\":\"2021-11-21T17:29:47+00:00\",\"breadcrumb\":{\"@id\":\"https:\/\/oriamendi.eus\/es\/2021\/11\/21\/ansa-ii-y-martirena-aprietan-al-final-para-sumar-sus-primeros-cuatro-puntos\/#breadcrumb\"},\"inLanguage\":\"es\",\"potentialAction\":[{\"@type\":\"ReadAction\",\"target\":[\"https:\/\/oriamendi.eus\/es\/2021\/11\/21\/ansa-ii-y-martirena-aprietan-al-final-para-sumar-sus-primeros-cuatro-puntos\/\"]}]},{\"@type\":\"BreadcrumbList\",\"@id\":\"https:\/\/oriamendi.eus\/es\/2021\/11\/21\/ansa-ii-y-martirena-aprietan-al-final-para-sumar-sus-primeros-cuatro-puntos\/#breadcrumb\",\"itemListElement\":[{\"@type\":\"ListItem\",\"position\":1,\"name\":\"Portada\",\"item\":\"https:\/\/oriamendi.eus\/es\/\"},{\"@type\":\"ListItem\",\"position\":2,\"name\":\"Ansa II y Martirena aprietan al final para sumar sus primeros cuatro puntos\"}]},{\"@type\":\"WebSite\",\"@id\":\"https:\/\/oriamendi.eus\/es\/#website\",\"url\":\"https:\/\/oriamendi.eus\/es\/\",\"name\":\"Oriamendi\",\"description\":\"Remonte en Galarreta. Hernani. Gipuzkoa\",\"publisher\":{\"@id\":\"https:\/\/oriamendi.eus\/es\/#organization\"},\"potentialAction\":[{\"@type\":\"SearchAction\",\"target\":{\"@type\":\"EntryPoint\",\"urlTemplate\":\"https:\/\/oriamendi.eus\/es\/?s={search_term_string}\"},\"query-input\":\"required name=search_term_string\"}],\"inLanguage\":\"es\"},{\"@type\":\"Organization\",\"@id\":\"https:\/\/oriamendi.eus\/es\/#organization\",\"name\":\"Oriamendi\",\"url\":\"https:\/\/oriamendi.eus\/es\/\",\"logo\":{\"@type\":\"ImageObject\",\"inLanguage\":\"es\",\"@id\":\"https:\/\/oriamendi.eus\/es\/#\/schema\/logo\/image\/\",\"url\":\"https:\/\/oriamendi.eus\/wp-content\/uploads\/2020\/06\/logo-oriamendi.png\",\"contentUrl\":\"https:\/\/oriamendi.eus\/wp-content\/uploads\/2020\/06\/logo-oriamendi.png\",\"width\":300,\"height\":90,\"caption\":\"Oriamendi\"},\"image\":{\"@id\":\"https:\/\/oriamendi.eus\/es\/#\/schema\/logo\/image\/\"},\"sameAs\":[\"https:\/\/www.facebook.com\/oriamendi2010remonte\/\",\"https:\/\/twitter.com\/oriamendi2010\",\"https:\/\/www.instagram.com\/galarretajaialai\/\",\"https:\/\/www.youtube.com\/channel\/UC8gVNzQqB1iwnC-_rI-ihmA\/featured\"]},{\"@type\":\"Person\",\"@id\":\"https:\/\/oriamendi.eus\/es\/#\/schema\/person\/c0bd06c6c747674306a5c82563e2339a\",\"name\":\"I\u00f1igo Go\u00f1i\",\"image\":{\"@type\":\"ImageObject\",\"inLanguage\":\"es\",\"@id\":\"https:\/\/oriamendi.eus\/es\/#\/schema\/person\/image\/\",\"url\":\"https:\/\/secure.gravatar.com\/avatar\/fbb07ffc7b803bbfcc2b6419c06abd3a?s=96&d=mm&r=g\",\"contentUrl\":\"https:\/\/secure.gravatar.com\/avatar\/fbb07ffc7b803bbfcc2b6419c06abd3a?s=96&d=mm&r=g\",\"caption\":\"I\u00f1igo Go\u00f1i\"},\"url\":\"https:\/\/oriamendi.eus\/es\/author\/om-berriak\/\"}]}<\/script>\n<!-- \/ Yoast SEO plugin. -->","yoast_head_json":{"title":"Ansa II y Martirena aprietan al final para sumar sus primeros cuatro puntos | Oriamendi 2010","robots":{"index":"index","follow":"follow","max-snippet":"max-snippet:-1","max-image-preview":"max-image-preview:large","max-video-preview":"max-video-preview:-1"},"canonical":"https:\/\/oriamendi.eus\/es\/2021\/11\/21\/ansa-ii-y-martirena-aprietan-al-final-para-sumar-sus-primeros-cuatro-puntos\/","og_locale":"es_ES","og_type":"article","og_title":"Ansa II y Martirena aprietan al final para sumar sus primeros cuatro puntos | Oriamendi 2010","og_description":"Ansa II y Martirena se impusieron 40-33 a Juanenea y Aizpuru III en el tercer partido del Campeonato de Remonte Parejas. Ansa II y Martirena se estrenaron con victoria y suman sus primeros cuatro puntos, mientras Juanenea y Aizpuru II perdieron el segundo partido y solo cuentan con un punto, tras el logrado hoy. Les [&hellip;]","og_url":"https:\/\/oriamendi.eus\/es\/2021\/11\/21\/ansa-ii-y-martirena-aprietan-al-final-para-sumar-sus-primeros-cuatro-puntos\/","og_site_name":"Oriamendi 2010","article_publisher":"https:\/\/www.facebook.com\/oriamendi2010remonte\/","article_published_time":"2021-11-21T17:29:44+00:00","article_modified_time":"2021-11-21T17:29:47+00:00","og_image":[{"width":1200,"height":800,"url":"https:\/\/oriamendi.eus\/wp-content\/uploads\/2021\/11\/loitegi.jpg","type":"image\/jpeg"}],"author":"I\u00f1igo Go\u00f1i","twitter_card":"summary_large_image","twitter_creator":"@oriamendi2010","twitter_site":"@oriamendi2010","twitter_misc":{"Escrito por":"I\u00f1igo Go\u00f1i","Tiempo de lectura":"2 minutos"},"schema":{"@context":"https:\/\/schema.org","@graph":[{"@type":"Article","@id":"https:\/\/oriamendi.eus\/es\/2021\/11\/21\/ansa-ii-y-martirena-aprietan-al-final-para-sumar-sus-primeros-cuatro-puntos\/#article","isPartOf":{"@id":"https:\/\/oriamendi.eus\/es\/2021\/11\/21\/ansa-ii-y-martirena-aprietan-al-final-para-sumar-sus-primeros-cuatro-puntos\/"},"author":{"name":"I\u00f1igo Go\u00f1i","@id":"https:\/\/oriamendi.eus\/es\/#\/schema\/person\/c0bd06c6c747674306a5c82563e2339a"},"headline":"Ansa II y Martirena aprietan al final para sumar sus primeros cuatro puntos","datePublished":"2021-11-21T17:29:44+00:00","dateModified":"2021-11-21T17:29:47+00:00","mainEntityOfPage":{"@id":"https:\/\/oriamendi.eus\/es\/2021\/11\/21\/ansa-ii-y-martirena-aprietan-al-final-para-sumar-sus-primeros-cuatro-puntos\/"},"wordCount":271,"publisher":{"@id":"https:\/\/oriamendi.eus\/es\/#organization"},"articleSection":["Sin categorizar"],"inLanguage":"es"},{"@type":"WebPage","@id":"https:\/\/oriamendi.eus\/es\/2021\/11\/21\/ansa-ii-y-martirena-aprietan-al-final-para-sumar-sus-primeros-cuatro-puntos\/","url":"https:\/\/oriamendi.eus\/es\/2021\/11\/21\/ansa-ii-y-martirena-aprietan-al-final-para-sumar-sus-primeros-cuatro-puntos\/","name":"Ansa II y Martirena aprietan al final para sumar sus primeros cuatro puntos | Oriamendi 2010","isPartOf":{"@id":"https:\/\/oriamendi.eus\/es\/#website"},"datePublished":"2021-11-21T17:29:44+00:00","dateModified":"2021-11-21T17:29:47+00:00","breadcrumb":{"@id":"https:\/\/oriamendi.eus\/es\/2021\/11\/21\/ansa-ii-y-martirena-aprietan-al-final-para-sumar-sus-primeros-cuatro-puntos\/#breadcrumb"},"inLanguage":"es","potentialAction":[{"@type":"ReadAction","target":["https:\/\/oriamendi.eus\/es\/2021\/11\/21\/ansa-ii-y-martirena-aprietan-al-final-para-sumar-sus-primeros-cuatro-puntos\/"]}]},{"@type":"BreadcrumbList","@id":"https:\/\/oriamendi.eus\/es\/2021\/11\/21\/ansa-ii-y-martirena-aprietan-al-final-para-sumar-sus-primeros-cuatro-puntos\/#breadcrumb","itemListElement":[{"@type":"ListItem","position":1,"name":"Portada","item":"https:\/\/oriamendi.eus\/es\/"},{"@type":"ListItem","position":2,"name":"Ansa II y Martirena aprietan al final para sumar sus primeros cuatro puntos"}]},{"@type":"WebSite","@id":"https:\/\/oriamendi.eus\/es\/#website","url":"https:\/\/oriamendi.eus\/es\/","name":"Oriamendi","description":"Remonte en Galarreta. Hernani. Gipuzkoa","publisher":{"@id":"https:\/\/oriamendi.eus\/es\/#organization"},"potentialAction":[{"@type":"SearchAction","target":{"@type":"EntryPoint","urlTemplate":"https:\/\/oriamendi.eus\/es\/?s={search_term_string}"},"query-input":"required name=search_term_string"}],"inLanguage":"es"},{"@type":"Organization","@id":"https:\/\/oriamendi.eus\/es\/#organization","name":"Oriamendi","url":"https:\/\/oriamendi.eus\/es\/","logo":{"@type":"ImageObject","inLanguage":"es","@id":"https:\/\/oriamendi.eus\/es\/#\/schema\/logo\/image\/","url":"https:\/\/oriamendi.eus\/wp-content\/uploads\/2020\/06\/logo-oriamendi.png","contentUrl":"https:\/\/oriamendi.eus\/wp-content\/uploads\/2020\/06\/logo-oriamendi.png","width":300,"height":90,"caption":"Oriamendi"},"image":{"@id":"https:\/\/oriamendi.eus\/es\/#\/schema\/logo\/image\/"},"sameAs":["https:\/\/www.facebook.com\/oriamendi2010remonte\/","https:\/\/twitter.com\/oriamendi2010","https:\/\/www.instagram.com\/galarretajaialai\/","https:\/\/www.youtube.com\/channel\/UC8gVNzQqB1iwnC-_rI-ihmA\/featured"]},{"@type":"Person","@id":"https:\/\/oriamendi.eus\/es\/#\/schema\/person\/c0bd06c6c747674306a5c82563e2339a","name":"I\u00f1igo Go\u00f1i","image":{"@type":"ImageObject","inLanguage":"es","@id":"https:\/\/oriamendi.eus\/es\/#\/schema\/person\/image\/","url":"https:\/\/secure.gravatar.com\/avatar\/fbb07ffc7b803bbfcc2b6419c06abd3a?s=96&d=mm&r=g","contentUrl":"https:\/\/secure.gravatar.com\/avatar\/fbb07ffc7b803bbfcc2b6419c06abd3a?s=96&d=mm&r=g","caption":"I\u00f1igo Go\u00f1i"},"url":"https:\/\/oriamendi.eus\/es\/author\/om-berriak\/"}]}},"_links":{"self":[{"href":"https:\/\/oriamendi.eus\/es\/wp-json\/wp\/v2\/posts\/6052"}],"collection":[{"href":"https:\/\/oriamendi.eus\/es\/wp-json\/wp\/v2\/posts"}],"about":[{"href":"https:\/\/oriamendi.eus\/es\/wp-json\/wp\/v2\/types\/post"}],"author":[{"embeddable":true,"href":"https:\/\/oriamendi.eus\/es\/wp-json\/wp\/v2\/users\/5"}],"replies":[{"embeddable":true,"href":"https:\/\/oriamendi.eus\/es\/wp-json\/wp\/v2\/comments?post=6052"}],"version-history":[{"count":2,"href":"https:\/\/oriamendi.eus\/es\/wp-json\/wp\/v2\/posts\/6052\/revisions"}],"predecessor-version":[{"id":6056,"href":"https:\/\/oriamendi.eus\/es\/wp-json\/wp\/v2\/posts\/6052\/revisions\/6056"}],"wp:featuredmedia":[{"embeddable":true,"href":"https:\/\/oriamendi.eus\/es\/wp-json\/wp\/v2\/media\/5981"}],"wp:attachment":[{"href":"https:\/\/oriamendi.eus\/es\/wp-json\/wp\/v2\/media?parent=6052"}],"wp:term":[{"taxonomy":"category","embeddable":true,"href":"https:\/\/oriamendi.eus\/es\/wp-json\/wp\/v2\/categories?post=6052"},{"taxonomy":"post_tag","embeddable":true,"href":"https:\/\/oriamendi.eus\/es\/wp-json\/wp\/v2\/tags?post=6052"}],"curies":[{"name":"wp","href":"https:\/\/api.w.org\/{rel}","templated":true}]}}