                                        
                                        
                                        
                                        
                                        
                                        
                                        
                                        
                                        
                                        
                                        
                                        
                                        
                                        
                                        
                                        
                                        
                                        
{"id":6034,"date":"2021-11-13T19:56:13","date_gmt":"2021-11-13T18:56:13","guid":{"rendered":"https:\/\/oriamendi.eus\/?p=6034"},"modified":"2021-11-13T21:21:15","modified_gmt":"2021-11-13T20:21:15","slug":"urriza-y-labaka-comienzan-con-victoria-la-defensa-del-titulo","status":"publish","type":"post","link":"https:\/\/oriamendi.eus\/es\/2021\/11\/13\/urriza-y-labaka-comienzan-con-victoria-la-defensa-del-titulo\/","title":{"rendered":"Urriza y Labaka comienzan con victoria la defensa del t\u00edtulo"},"content":{"rendered":"\n<p>Urriza y Labaka se impusieron 40-32 a Segurola y Larra\u00f1aga en partido correspondiente al Campeonato de remonte de Parejas-Gran Premio Orona. En el segundo partido del campeonato los defensores de la txapela presentaron su candidatura para volver a vestir la txapela de campe\u00f3n, aunque todav\u00eda es muy pronto para hablar de eso.<\/p>\n\n\n\n<p>Una vez m\u00e1s la solidez fue la principal arma de los ganadores. Urriza fue un muro y adem\u00e1s estuvo acertado en ataque y toc\u00f3 muy bien la pared izquierda. Estuvo acompa\u00f1ado por un serio Labaka. Entre ambos pelotaris solo cometieron tres fallos y esa seguridad fue clave para llevarse la victoria ante un Segurola-Larra\u00f1aga que realizaron 15 fallos. Muchos para poder llevarse el partido.&nbsp;Segurola s\u00ed que hizo frente a Urriza, pero Larra\u00f1aga estuvo por debajo de su nivel habitual. Se le vio desconfiado y cometi\u00f3 hasta nueve fallos, dos de saque y siete en el peloteo. Su delantero lo intent\u00f3 y gracias a su gran trabajo rescataron un punto. Desde el 19 al 32 final realiz\u00f3 ocho tantos de dos paredes que le llevaron a sumar merecidamente ese punto.<\/p>\n\n\n\n<p>Urriza con 20 tantos y solo un fallo y Labaka con cinco tantos, dos de saque, y solo dos fallos suman cuatro puntos y empatan en la cabeza de la clasificaci\u00f3n con Goikoetxea y Barrenetxea.&nbsp;<\/p>\n\n\n\n<figure class=\"wp-block-image size-large\"><img fetchpriority=\"high\" fetchpriority=\"high\" decoding=\"async\" width=\"1024\" height=\"683\" src=\"https:\/\/oriamendi.eus\/wp-content\/uploads\/2021\/11\/IMG_13112021_180851-1024x683.jpg\" alt=\"\" class=\"wp-image-6038\" srcset=\"https:\/\/oriamendi.eus\/wp-content\/uploads\/2021\/11\/IMG_13112021_180851-1024x683.jpg 1024w, https:\/\/oriamendi.eus\/wp-content\/uploads\/2021\/11\/IMG_13112021_180851-980x653.jpg 980w, https:\/\/oriamendi.eus\/wp-content\/uploads\/2021\/11\/IMG_13112021_180851-480x320.jpg 480w\" sizes=\"(min-width: 0px) and (max-width: 480px) 480px, (min-width: 481px) and (max-width: 980px) 980px, (min-width: 981px) 1024px, 100vw\" \/><\/figure>\n\n\n\n<p><br><strong>Derrota de Odei en su debut<\/strong><\/p>\n\n\n\n<p>En el primer partido del festival debutaba Odei Arregi, que no pod\u00eda ganar junto a Goikoetxea V ante los hermanos Zaldua. Los hermanos donostiarras ganaron 40-34. Odei cumpli\u00f3, a pesar de que se le notaron los l\u00f3gicos nervios del debutante. Los hermanos Zaldua estuvieron m\u00e1s seguros y de menos a m\u00e1s se impusieron al final.\u00a0<\/p>\n\n\n\n<p><\/p>\n\n\n\n<figure class=\"wp-block-image size-large\"><img decoding=\"async\" width=\"1024\" height=\"688\" src=\"https:\/\/oriamendi.eus\/wp-content\/uploads\/2021\/11\/Binakako-txapelketaren-sailakapen-copia-1024x688.jpg\" alt=\"\" class=\"wp-image-6045\" srcset=\"https:\/\/oriamendi.eus\/wp-content\/uploads\/2021\/11\/Binakako-txapelketaren-sailakapen-copia-1024x688.jpg 1024w, https:\/\/oriamendi.eus\/wp-content\/uploads\/2021\/11\/Binakako-txapelketaren-sailakapen-copia-980x658.jpg 980w, https:\/\/oriamendi.eus\/wp-content\/uploads\/2021\/11\/Binakako-txapelketaren-sailakapen-copia-480x322.jpg 480w\" sizes=\"(min-width: 0px) and (max-width: 480px) 480px, (min-width: 481px) and (max-width: 980px) 980px, (min-width: 981px) 1024px, 100vw\" \/><\/figure>\n","protected":false},"excerpt":{"rendered":"<p>Urriza y Labaka se impusieron 40-32 a Segurola y Larra\u00f1aga en partido correspondiente al Campeonato de remonte de Parejas-Gran Premio Orona. En el segundo partido del campeonato los defensores de la txapela presentaron su candidatura para volver a vestir la txapela de campe\u00f3n, aunque todav\u00eda es muy pronto para hablar de eso. Una vez m\u00e1s [&hellip;]<\/p>\n","protected":false},"author":5,"featured_media":6036,"comment_status":"closed","ping_status":"open","sticky":false,"template":"","format":"standard","meta":{"_et_pb_use_builder":"off","_et_pb_old_content":"","_et_gb_content_width":"","footnotes":""},"categories":[1],"tags":[],"yoast_head":"<!-- This site is optimized with the Yoast SEO plugin v21.8 - https:\/\/yoast.com\/wordpress\/plugins\/seo\/ -->\n<title>Urriza y Labaka comienzan con victoria la defensa del t\u00edtulo | Oriamendi 2010<\/title>\n<meta name=\"robots\" content=\"index, follow, max-snippet:-1, max-image-preview:large, max-video-preview:-1\" \/>\n<link rel=\"canonical\" href=\"https:\/\/oriamendi.eus\/es\/2021\/11\/13\/urriza-y-labaka-comienzan-con-victoria-la-defensa-del-titulo\/\" \/>\n<meta property=\"og:locale\" content=\"es_ES\" \/>\n<meta property=\"og:type\" content=\"article\" \/>\n<meta property=\"og:title\" content=\"Urriza y Labaka comienzan con victoria la defensa del t\u00edtulo | Oriamendi 2010\" \/>\n<meta property=\"og:description\" content=\"Urriza y Labaka se impusieron 40-32 a Segurola y Larra\u00f1aga en partido correspondiente al Campeonato de remonte de Parejas-Gran Premio Orona. En el segundo partido del campeonato los defensores de la txapela presentaron su candidatura para volver a vestir la txapela de campe\u00f3n, aunque todav\u00eda es muy pronto para hablar de eso. Una vez m\u00e1s [&hellip;]\" \/>\n<meta property=\"og:url\" content=\"https:\/\/oriamendi.eus\/es\/2021\/11\/13\/urriza-y-labaka-comienzan-con-victoria-la-defensa-del-titulo\/\" \/>\n<meta property=\"og:site_name\" content=\"Oriamendi 2010\" \/>\n<meta property=\"article:publisher\" content=\"https:\/\/www.facebook.com\/oriamendi2010remonte\/\" \/>\n<meta property=\"article:published_time\" content=\"2021-11-13T18:56:13+00:00\" \/>\n<meta property=\"article:modified_time\" content=\"2021-11-13T20:21:15+00:00\" \/>\n<meta property=\"og:image\" content=\"https:\/\/oriamendi.eus\/wp-content\/uploads\/2021\/11\/IMG_13112021_185530.jpg\" \/>\n\t<meta property=\"og:image:width\" content=\"1200\" \/>\n\t<meta property=\"og:image:height\" content=\"801\" \/>\n\t<meta property=\"og:image:type\" content=\"image\/jpeg\" \/>\n<meta name=\"author\" content=\"I\u00f1igo Go\u00f1i\" \/>\n<meta name=\"twitter:card\" content=\"summary_large_image\" \/>\n<meta name=\"twitter:creator\" content=\"@oriamendi2010\" \/>\n<meta name=\"twitter:site\" content=\"@oriamendi2010\" \/>\n<meta name=\"twitter:label1\" content=\"Escrito por\" \/>\n\t<meta name=\"twitter:data1\" content=\"I\u00f1igo Go\u00f1i\" \/>\n\t<meta name=\"twitter:label2\" content=\"Tiempo de lectura\" \/>\n\t<meta name=\"twitter:data2\" content=\"2 minutos\" \/>\n<script type=\"application\/ld+json\" class=\"yoast-schema-graph\">{\"@context\":\"https:\/\/schema.org\",\"@graph\":[{\"@type\":\"Article\",\"@id\":\"https:\/\/oriamendi.eus\/es\/2021\/11\/13\/urriza-y-labaka-comienzan-con-victoria-la-defensa-del-titulo\/#article\",\"isPartOf\":{\"@id\":\"https:\/\/oriamendi.eus\/es\/2021\/11\/13\/urriza-y-labaka-comienzan-con-victoria-la-defensa-del-titulo\/\"},\"author\":{\"name\":\"I\u00f1igo Go\u00f1i\",\"@id\":\"https:\/\/oriamendi.eus\/es\/#\/schema\/person\/c0bd06c6c747674306a5c82563e2339a\"},\"headline\":\"Urriza y Labaka comienzan con victoria la defensa del t\u00edtulo\",\"datePublished\":\"2021-11-13T18:56:13+00:00\",\"dateModified\":\"2021-11-13T20:21:15+00:00\",\"mainEntityOfPage\":{\"@id\":\"https:\/\/oriamendi.eus\/es\/2021\/11\/13\/urriza-y-labaka-comienzan-con-victoria-la-defensa-del-titulo\/\"},\"wordCount\":300,\"publisher\":{\"@id\":\"https:\/\/oriamendi.eus\/es\/#organization\"},\"articleSection\":[\"Sin categorizar\"],\"inLanguage\":\"es\"},{\"@type\":\"WebPage\",\"@id\":\"https:\/\/oriamendi.eus\/es\/2021\/11\/13\/urriza-y-labaka-comienzan-con-victoria-la-defensa-del-titulo\/\",\"url\":\"https:\/\/oriamendi.eus\/es\/2021\/11\/13\/urriza-y-labaka-comienzan-con-victoria-la-defensa-del-titulo\/\",\"name\":\"Urriza y Labaka comienzan con victoria la defensa del t\u00edtulo | Oriamendi 2010\",\"isPartOf\":{\"@id\":\"https:\/\/oriamendi.eus\/es\/#website\"},\"datePublished\":\"2021-11-13T18:56:13+00:00\",\"dateModified\":\"2021-11-13T20:21:15+00:00\",\"breadcrumb\":{\"@id\":\"https:\/\/oriamendi.eus\/es\/2021\/11\/13\/urriza-y-labaka-comienzan-con-victoria-la-defensa-del-titulo\/#breadcrumb\"},\"inLanguage\":\"es\",\"potentialAction\":[{\"@type\":\"ReadAction\",\"target\":[\"https:\/\/oriamendi.eus\/es\/2021\/11\/13\/urriza-y-labaka-comienzan-con-victoria-la-defensa-del-titulo\/\"]}]},{\"@type\":\"BreadcrumbList\",\"@id\":\"https:\/\/oriamendi.eus\/es\/2021\/11\/13\/urriza-y-labaka-comienzan-con-victoria-la-defensa-del-titulo\/#breadcrumb\",\"itemListElement\":[{\"@type\":\"ListItem\",\"position\":1,\"name\":\"Portada\",\"item\":\"https:\/\/oriamendi.eus\/es\/\"},{\"@type\":\"ListItem\",\"position\":2,\"name\":\"Urriza y Labaka comienzan con victoria la defensa del t\u00edtulo\"}]},{\"@type\":\"WebSite\",\"@id\":\"https:\/\/oriamendi.eus\/es\/#website\",\"url\":\"https:\/\/oriamendi.eus\/es\/\",\"name\":\"Oriamendi\",\"description\":\"Remonte en Galarreta. Hernani. Gipuzkoa\",\"publisher\":{\"@id\":\"https:\/\/oriamendi.eus\/es\/#organization\"},\"potentialAction\":[{\"@type\":\"SearchAction\",\"target\":{\"@type\":\"EntryPoint\",\"urlTemplate\":\"https:\/\/oriamendi.eus\/es\/?s={search_term_string}\"},\"query-input\":\"required name=search_term_string\"}],\"inLanguage\":\"es\"},{\"@type\":\"Organization\",\"@id\":\"https:\/\/oriamendi.eus\/es\/#organization\",\"name\":\"Oriamendi\",\"url\":\"https:\/\/oriamendi.eus\/es\/\",\"logo\":{\"@type\":\"ImageObject\",\"inLanguage\":\"es\",\"@id\":\"https:\/\/oriamendi.eus\/es\/#\/schema\/logo\/image\/\",\"url\":\"https:\/\/oriamendi.eus\/wp-content\/uploads\/2020\/06\/logo-oriamendi.png\",\"contentUrl\":\"https:\/\/oriamendi.eus\/wp-content\/uploads\/2020\/06\/logo-oriamendi.png\",\"width\":300,\"height\":90,\"caption\":\"Oriamendi\"},\"image\":{\"@id\":\"https:\/\/oriamendi.eus\/es\/#\/schema\/logo\/image\/\"},\"sameAs\":[\"https:\/\/www.facebook.com\/oriamendi2010remonte\/\",\"https:\/\/twitter.com\/oriamendi2010\",\"https:\/\/www.instagram.com\/galarretajaialai\/\",\"https:\/\/www.youtube.com\/channel\/UC8gVNzQqB1iwnC-_rI-ihmA\/featured\"]},{\"@type\":\"Person\",\"@id\":\"https:\/\/oriamendi.eus\/es\/#\/schema\/person\/c0bd06c6c747674306a5c82563e2339a\",\"name\":\"I\u00f1igo Go\u00f1i\",\"image\":{\"@type\":\"ImageObject\",\"inLanguage\":\"es\",\"@id\":\"https:\/\/oriamendi.eus\/es\/#\/schema\/person\/image\/\",\"url\":\"https:\/\/secure.gravatar.com\/avatar\/fbb07ffc7b803bbfcc2b6419c06abd3a?s=96&d=mm&r=g\",\"contentUrl\":\"https:\/\/secure.gravatar.com\/avatar\/fbb07ffc7b803bbfcc2b6419c06abd3a?s=96&d=mm&r=g\",\"caption\":\"I\u00f1igo Go\u00f1i\"},\"url\":\"https:\/\/oriamendi.eus\/es\/author\/om-berriak\/\"}]}<\/script>\n<!-- \/ Yoast SEO plugin. -->","yoast_head_json":{"title":"Urriza y Labaka comienzan con victoria la defensa del t\u00edtulo | Oriamendi 2010","robots":{"index":"index","follow":"follow","max-snippet":"max-snippet:-1","max-image-preview":"max-image-preview:large","max-video-preview":"max-video-preview:-1"},"canonical":"https:\/\/oriamendi.eus\/es\/2021\/11\/13\/urriza-y-labaka-comienzan-con-victoria-la-defensa-del-titulo\/","og_locale":"es_ES","og_type":"article","og_title":"Urriza y Labaka comienzan con victoria la defensa del t\u00edtulo | Oriamendi 2010","og_description":"Urriza y Labaka se impusieron 40-32 a Segurola y Larra\u00f1aga en partido correspondiente al Campeonato de remonte de Parejas-Gran Premio Orona. En el segundo partido del campeonato los defensores de la txapela presentaron su candidatura para volver a vestir la txapela de campe\u00f3n, aunque todav\u00eda es muy pronto para hablar de eso. Una vez m\u00e1s [&hellip;]","og_url":"https:\/\/oriamendi.eus\/es\/2021\/11\/13\/urriza-y-labaka-comienzan-con-victoria-la-defensa-del-titulo\/","og_site_name":"Oriamendi 2010","article_publisher":"https:\/\/www.facebook.com\/oriamendi2010remonte\/","article_published_time":"2021-11-13T18:56:13+00:00","article_modified_time":"2021-11-13T20:21:15+00:00","og_image":[{"width":1200,"height":801,"url":"https:\/\/oriamendi.eus\/wp-content\/uploads\/2021\/11\/IMG_13112021_185530.jpg","type":"image\/jpeg"}],"author":"I\u00f1igo Go\u00f1i","twitter_card":"summary_large_image","twitter_creator":"@oriamendi2010","twitter_site":"@oriamendi2010","twitter_misc":{"Escrito por":"I\u00f1igo Go\u00f1i","Tiempo de lectura":"2 minutos"},"schema":{"@context":"https:\/\/schema.org","@graph":[{"@type":"Article","@id":"https:\/\/oriamendi.eus\/es\/2021\/11\/13\/urriza-y-labaka-comienzan-con-victoria-la-defensa-del-titulo\/#article","isPartOf":{"@id":"https:\/\/oriamendi.eus\/es\/2021\/11\/13\/urriza-y-labaka-comienzan-con-victoria-la-defensa-del-titulo\/"},"author":{"name":"I\u00f1igo Go\u00f1i","@id":"https:\/\/oriamendi.eus\/es\/#\/schema\/person\/c0bd06c6c747674306a5c82563e2339a"},"headline":"Urriza y Labaka comienzan con victoria la defensa del t\u00edtulo","datePublished":"2021-11-13T18:56:13+00:00","dateModified":"2021-11-13T20:21:15+00:00","mainEntityOfPage":{"@id":"https:\/\/oriamendi.eus\/es\/2021\/11\/13\/urriza-y-labaka-comienzan-con-victoria-la-defensa-del-titulo\/"},"wordCount":300,"publisher":{"@id":"https:\/\/oriamendi.eus\/es\/#organization"},"articleSection":["Sin categorizar"],"inLanguage":"es"},{"@type":"WebPage","@id":"https:\/\/oriamendi.eus\/es\/2021\/11\/13\/urriza-y-labaka-comienzan-con-victoria-la-defensa-del-titulo\/","url":"https:\/\/oriamendi.eus\/es\/2021\/11\/13\/urriza-y-labaka-comienzan-con-victoria-la-defensa-del-titulo\/","name":"Urriza y Labaka comienzan con victoria la defensa del t\u00edtulo | Oriamendi 2010","isPartOf":{"@id":"https:\/\/oriamendi.eus\/es\/#website"},"datePublished":"2021-11-13T18:56:13+00:00","dateModified":"2021-11-13T20:21:15+00:00","breadcrumb":{"@id":"https:\/\/oriamendi.eus\/es\/2021\/11\/13\/urriza-y-labaka-comienzan-con-victoria-la-defensa-del-titulo\/#breadcrumb"},"inLanguage":"es","potentialAction":[{"@type":"ReadAction","target":["https:\/\/oriamendi.eus\/es\/2021\/11\/13\/urriza-y-labaka-comienzan-con-victoria-la-defensa-del-titulo\/"]}]},{"@type":"BreadcrumbList","@id":"https:\/\/oriamendi.eus\/es\/2021\/11\/13\/urriza-y-labaka-comienzan-con-victoria-la-defensa-del-titulo\/#breadcrumb","itemListElement":[{"@type":"ListItem","position":1,"name":"Portada","item":"https:\/\/oriamendi.eus\/es\/"},{"@type":"ListItem","position":2,"name":"Urriza y Labaka comienzan con victoria la defensa del t\u00edtulo"}]},{"@type":"WebSite","@id":"https:\/\/oriamendi.eus\/es\/#website","url":"https:\/\/oriamendi.eus\/es\/","name":"Oriamendi","description":"Remonte en Galarreta. Hernani. Gipuzkoa","publisher":{"@id":"https:\/\/oriamendi.eus\/es\/#organization"},"potentialAction":[{"@type":"SearchAction","target":{"@type":"EntryPoint","urlTemplate":"https:\/\/oriamendi.eus\/es\/?s={search_term_string}"},"query-input":"required name=search_term_string"}],"inLanguage":"es"},{"@type":"Organization","@id":"https:\/\/oriamendi.eus\/es\/#organization","name":"Oriamendi","url":"https:\/\/oriamendi.eus\/es\/","logo":{"@type":"ImageObject","inLanguage":"es","@id":"https:\/\/oriamendi.eus\/es\/#\/schema\/logo\/image\/","url":"https:\/\/oriamendi.eus\/wp-content\/uploads\/2020\/06\/logo-oriamendi.png","contentUrl":"https:\/\/oriamendi.eus\/wp-content\/uploads\/2020\/06\/logo-oriamendi.png","width":300,"height":90,"caption":"Oriamendi"},"image":{"@id":"https:\/\/oriamendi.eus\/es\/#\/schema\/logo\/image\/"},"sameAs":["https:\/\/www.facebook.com\/oriamendi2010remonte\/","https:\/\/twitter.com\/oriamendi2010","https:\/\/www.instagram.com\/galarretajaialai\/","https:\/\/www.youtube.com\/channel\/UC8gVNzQqB1iwnC-_rI-ihmA\/featured"]},{"@type":"Person","@id":"https:\/\/oriamendi.eus\/es\/#\/schema\/person\/c0bd06c6c747674306a5c82563e2339a","name":"I\u00f1igo Go\u00f1i","image":{"@type":"ImageObject","inLanguage":"es","@id":"https:\/\/oriamendi.eus\/es\/#\/schema\/person\/image\/","url":"https:\/\/secure.gravatar.com\/avatar\/fbb07ffc7b803bbfcc2b6419c06abd3a?s=96&d=mm&r=g","contentUrl":"https:\/\/secure.gravatar.com\/avatar\/fbb07ffc7b803bbfcc2b6419c06abd3a?s=96&d=mm&r=g","caption":"I\u00f1igo Go\u00f1i"},"url":"https:\/\/oriamendi.eus\/es\/author\/om-berriak\/"}]}},"_links":{"self":[{"href":"https:\/\/oriamendi.eus\/es\/wp-json\/wp\/v2\/posts\/6034"}],"collection":[{"href":"https:\/\/oriamendi.eus\/es\/wp-json\/wp\/v2\/posts"}],"about":[{"href":"https:\/\/oriamendi.eus\/es\/wp-json\/wp\/v2\/types\/post"}],"author":[{"embeddable":true,"href":"https:\/\/oriamendi.eus\/es\/wp-json\/wp\/v2\/users\/5"}],"replies":[{"embeddable":true,"href":"https:\/\/oriamendi.eus\/es\/wp-json\/wp\/v2\/comments?post=6034"}],"version-history":[{"count":3,"href":"https:\/\/oriamendi.eus\/es\/wp-json\/wp\/v2\/posts\/6034\/revisions"}],"predecessor-version":[{"id":6047,"href":"https:\/\/oriamendi.eus\/es\/wp-json\/wp\/v2\/posts\/6034\/revisions\/6047"}],"wp:featuredmedia":[{"embeddable":true,"href":"https:\/\/oriamendi.eus\/es\/wp-json\/wp\/v2\/media\/6036"}],"wp:attachment":[{"href":"https:\/\/oriamendi.eus\/es\/wp-json\/wp\/v2\/media?parent=6034"}],"wp:term":[{"taxonomy":"category","embeddable":true,"href":"https:\/\/oriamendi.eus\/es\/wp-json\/wp\/v2\/categories?post=6034"},{"taxonomy":"post_tag","embeddable":true,"href":"https:\/\/oriamendi.eus\/es\/wp-json\/wp\/v2\/tags?post=6034"}],"curies":[{"name":"wp","href":"https:\/\/api.w.org\/{rel}","templated":true}]}}