                                        
                                        
                                        
                                        
                                        
                                        
                                        
                                        
                                        
                                        
                                        
                                        
                                        
                                        
                                        
                                        
                                        
                                        
{"id":5926,"date":"2021-09-11T20:12:20","date_gmt":"2021-09-11T18:12:20","guid":{"rendered":"https:\/\/oriamendi.eus\/?p=5926"},"modified":"2021-09-11T20:12:23","modified_gmt":"2021-09-11T18:12:23","slug":"el-golpe-le-da-la-segunda-txapela-a-barrenetxea-iv-y-deja-sin-la-octava-a-urriza","status":"publish","type":"post","link":"https:\/\/oriamendi.eus\/es\/2021\/09\/11\/el-golpe-le-da-la-segunda-txapela-a-barrenetxea-iv-y-deja-sin-la-octava-a-urriza\/","title":{"rendered":"El golpe le da la segunda txapela a Barrenetxea IV y deja sin la octava a Urriza"},"content":{"rendered":"\n<p>Endika Barrenetxea se impuso 24-30 a Javier Urriza en la gran final del Torneo Individual de Remonte-Gran premio Kutxabank y se proclam\u00f3 por segunda vez campe\u00f3n en el campeonato m\u00e1s importante del remonte.\u00a0El zaguero de Hernani super\u00f3 al favorito y siete veces campe\u00f3n, Urriza, sobre todo en el peloteo y no dej\u00f3 al delantero de Pamplona estar c\u00f3modo sobre la cancha en ning\u00fan momento. A pesar de empezar a ganar 5-0, Barrenetxea se rehizo y mostr\u00f3 su mejor versi\u00f3n ante un rival que no pod\u00eda contrarrestar la velocidad de pelota del ganador.\u00a0<\/p>\n\n\n\n<p>La final gust\u00f3, no fue muy peloteada, pero con el saque tampoco hubo apenas tacadas y se vieron tantos de mucho m\u00e9rito con jugadas bonitas sobre todo por parte de Barrenetxea.\u00a0El partido comenz\u00f3 con Urriza enchufado y sacando muy bien. Una falta de saque de Barrenetxea, otro fallo en un peloteo largo y tres tantos de saque de Urriza pusieron el 5-0 en el marcador. Los aficionados tem\u00edan que no hubiera final, pero el hernaniarra se encarg\u00f3 de que eso no fuera as\u00ed. Cort\u00f3 la recha del delantero de Pamplona y en el 5-1 lleg\u00f3 el tanto m\u00e1s pol\u00e9mico del partido. Barrenetxea sac\u00f3 cort\u00f3 y la mayor\u00eda de espectadores y el propio Urriza pensaban que hab\u00eda sido falta. El juez delantero dio bueno el saque ante la perplejidad de Urriza y el 5-2 subi\u00f3 al marcador.\u00a0<\/p>\n\n\n\n<figure class=\"wp-block-image size-large\"><img fetchpriority=\"high\" fetchpriority=\"high\" decoding=\"async\" width=\"1024\" height=\"683\" src=\"https:\/\/oriamendi.eus\/wp-content\/uploads\/2021\/09\/Barrene-Final-1024x683.jpg\" alt=\"\" class=\"wp-image-5927\" srcset=\"https:\/\/oriamendi.eus\/wp-content\/uploads\/2021\/09\/Barrene-Final-1024x683.jpg 1024w, https:\/\/oriamendi.eus\/wp-content\/uploads\/2021\/09\/Barrene-Final-980x653.jpg 980w, https:\/\/oriamendi.eus\/wp-content\/uploads\/2021\/09\/Barrene-Final-480x320.jpg 480w\" sizes=\"(min-width: 0px) and (max-width: 480px) 480px, (min-width: 481px) and (max-width: 980px) 980px, (min-width: 981px) 1024px, 100vw\" \/><\/figure>\n\n\n\n<p>Es dif\u00edcil cuantificar lo que afect\u00f3 esa decisi\u00f3n a Urriza, pero Barrenetxea empez\u00f3 a sudar y a quitarse los nervios. Otro tanto de saque y una dejada preciosa pon\u00edan el 5-4 en el marcador y comenzaba un nuevo partido. Urriza mantuvo la delantera hasta el 8-7, aunque la final hab\u00eda tomado una direcci\u00f3n ya favorable para el remontista que visti\u00f3 de azul.\u00a0El campe\u00f3n de 2019 empezaba a dominar sobre todo en el peloteo y la pelota le sal\u00eda con una frescura llamativa por la cesta. Urriza trataba de defenderse, pero muchas veces se ve\u00eda atropellado por la velocidad de pelota de Barrenetxea, que cogi\u00f3 el mando del partido en el 8-9 y no lo abandon\u00f3 ya jam\u00e1s salvo en el empate a ocho y en el empate a nueve.\u00a0<\/p>\n\n\n\n<p>La final cog\u00eda temperatura y el tramo m\u00e1s igualado dejaba a los dos pelotaris 13-15 cuando se sentaron en las sillas para tomar el primer descanso. Hab\u00edan dado 100 pelotazos y las espadas estaban en todo lo alto.\u00a0Los consejos de Aritz Zubiri y el buen hacer de Barrenetxea surtieron efecto a la vuelta del descanso, mientras Urriza ve\u00eda como un parcial en contra de 2-9 lo dejaba al borde del abismo en el 15-24. Barrenetxea lo estaba haciendo todo casi perfecto, tocaba la pared izquierda y en el peloteo era superior a Urriza.\u00a0<\/p>\n\n\n\n<p>En el deporte terminar y cerrar los partidos suele ser lo m\u00e1s complicado y era la asignatura que le quedaba al campe\u00f3n en la final. Sac\u00f3 buena nota, pero se notaron los nervios cuando Urriza empez\u00f3 a acercarse. El 22-26 fue el tanto de m\u00e1s pelotazos con 17 y sumaban 200 en total. El pamplon\u00e9s se acercaba peligrosamente y en el siguiente tanto redujo la desventaja a tres tantos, 23-26.\u00a0<\/p>\n\n\n\n<figure class=\"wp-block-image size-large\"><img decoding=\"async\" width=\"1024\" height=\"683\" src=\"https:\/\/oriamendi.eus\/wp-content\/uploads\/2021\/09\/Urriza-final-1024x683.jpg\" alt=\"\" class=\"wp-image-5929\" srcset=\"https:\/\/oriamendi.eus\/wp-content\/uploads\/2021\/09\/Urriza-final-1024x683.jpg 1024w, https:\/\/oriamendi.eus\/wp-content\/uploads\/2021\/09\/Urriza-final-980x653.jpg 980w, https:\/\/oriamendi.eus\/wp-content\/uploads\/2021\/09\/Urriza-final-480x320.jpg 480w\" sizes=\"(min-width: 0px) and (max-width: 480px) 480px, (min-width: 481px) and (max-width: 980px) 980px, (min-width: 981px) 1024px, 100vw\" \/><\/figure>\n\n\n\n<p>Entonces lleg\u00f3 el tanto clave del partido. Urriza sac\u00f3 bien, Barrenetxea llev\u00f3 un gran resto y se defendi\u00f3 el colorado para ver como Barrenetxea arriesgaba con un gran dos paredes para poner un 23-27 que tranquiliz\u00f3 al remontista azul y cortaba la remontada rival. En el siguiente tanto se vio que la final no se le iba a escapar al hernaniarra. Arriesg\u00f3 haciendo una dejada donde la pelota se mor\u00eda en la pared para poner un 23-28 ya decisivo. Urriza hizo un tanto m\u00e1s en el 24-28, pero un resto y un pelotazo que Urriza no acertaba a llevar pon\u00edan el 24-30 definitivo que daba la txapela a Barrenetxea IV.<\/p>\n\n\n\n<p>El partido dur\u00f3 76 minutos y se dieron 227 pelotazos a buena. Barrenetxea hizo 22 tantos en el peloteo cometiendo cuatro fallos. Con el saque hizo cuatro tantos por una falta. A pesar de no realizar muchos tantos de saque, arrim\u00f3 la pelota y siempre o casi siempre puso en dificultades a Urriza con el saque. Muchas veces con el tercer pelotazo gracias al saque terminaba el tanto. Urriza acab\u00f3 con 16 tantos en el peloteo y dos fallos. Con el saque hizo los mismos tantos que Barrenetxea, cuatro, pero cometi\u00f3 una falta m\u00e1s, dos.\u00a0\u00a0<\/p>\n\n\n\n<p><br><strong>MARCADOR:<\/strong>\u00a05-0, 5-4, 6-4, 6-5, 7-5, 7-7, 8-7, 8-9, 9-9, 9-11, 10-11, 10-13, 12-13, 12-14, 13-14, 13-17, 14-17, 14-21, 15-21, 15-24, 19-24, 19-26, 23-26, 23-28, 24-28 y 24-30.<\/p>\n\n\n\n<p><strong>Pelotazos a buena:\u00a0<\/strong>227<\/p>\n\n\n\n<p><strong>Duraci\u00f3n:<\/strong>\u00a076 minutos<\/p>\n","protected":false},"excerpt":{"rendered":"<p>Endika Barrenetxea se impuso 24-30 a Javier Urriza en la gran final del Torneo Individual de Remonte-Gran premio Kutxabank y se proclam\u00f3 por segunda vez campe\u00f3n en el campeonato m\u00e1s importante del remonte.\u00a0El zaguero de Hernani super\u00f3 al favorito y siete veces campe\u00f3n, Urriza, sobre todo en el peloteo y no dej\u00f3 al delantero de [&hellip;]<\/p>\n","protected":false},"author":5,"featured_media":5932,"comment_status":"closed","ping_status":"open","sticky":false,"template":"","format":"standard","meta":{"_et_pb_use_builder":"off","_et_pb_old_content":"","_et_gb_content_width":"","footnotes":""},"categories":[1],"tags":[],"yoast_head":"<!-- This site is optimized with the Yoast SEO plugin v21.8 - https:\/\/yoast.com\/wordpress\/plugins\/seo\/ -->\n<title>El golpe le da la segunda txapela a Barrenetxea IV y deja sin la octava a Urriza | Oriamendi 2010<\/title>\n<meta name=\"robots\" content=\"index, follow, max-snippet:-1, max-image-preview:large, max-video-preview:-1\" \/>\n<link rel=\"canonical\" href=\"https:\/\/oriamendi.eus\/es\/2021\/09\/11\/el-golpe-le-da-la-segunda-txapela-a-barrenetxea-iv-y-deja-sin-la-octava-a-urriza\/\" \/>\n<meta property=\"og:locale\" content=\"es_ES\" \/>\n<meta property=\"og:type\" content=\"article\" \/>\n<meta property=\"og:title\" content=\"El golpe le da la segunda txapela a Barrenetxea IV y deja sin la octava a Urriza | Oriamendi 2010\" \/>\n<meta property=\"og:description\" content=\"Endika Barrenetxea se impuso 24-30 a Javier Urriza en la gran final del Torneo Individual de Remonte-Gran premio Kutxabank y se proclam\u00f3 por segunda vez campe\u00f3n en el campeonato m\u00e1s importante del remonte.\u00a0El zaguero de Hernani super\u00f3 al favorito y siete veces campe\u00f3n, Urriza, sobre todo en el peloteo y no dej\u00f3 al delantero de [&hellip;]\" \/>\n<meta property=\"og:url\" content=\"https:\/\/oriamendi.eus\/es\/2021\/09\/11\/el-golpe-le-da-la-segunda-txapela-a-barrenetxea-iv-y-deja-sin-la-octava-a-urriza\/\" \/>\n<meta property=\"og:site_name\" content=\"Oriamendi 2010\" \/>\n<meta property=\"article:publisher\" content=\"https:\/\/www.facebook.com\/oriamendi2010remonte\/\" \/>\n<meta property=\"article:published_time\" content=\"2021-09-11T18:12:20+00:00\" \/>\n<meta property=\"article:modified_time\" content=\"2021-09-11T18:12:23+00:00\" \/>\n<meta property=\"og:image\" content=\"https:\/\/oriamendi.eus\/wp-content\/uploads\/2021\/09\/Txapela-barrene.jpg\" \/>\n\t<meta property=\"og:image:width\" content=\"1200\" \/>\n\t<meta property=\"og:image:height\" content=\"800\" \/>\n\t<meta property=\"og:image:type\" content=\"image\/jpeg\" \/>\n<meta name=\"author\" content=\"I\u00f1igo Go\u00f1i\" \/>\n<meta name=\"twitter:card\" content=\"summary_large_image\" \/>\n<meta name=\"twitter:creator\" content=\"@oriamendi2010\" \/>\n<meta name=\"twitter:site\" content=\"@oriamendi2010\" \/>\n<meta name=\"twitter:label1\" content=\"Escrito por\" \/>\n\t<meta name=\"twitter:data1\" content=\"I\u00f1igo Go\u00f1i\" \/>\n\t<meta name=\"twitter:label2\" content=\"Tiempo de lectura\" \/>\n\t<meta name=\"twitter:data2\" content=\"4 minutos\" \/>\n<script type=\"application\/ld+json\" class=\"yoast-schema-graph\">{\"@context\":\"https:\/\/schema.org\",\"@graph\":[{\"@type\":\"Article\",\"@id\":\"https:\/\/oriamendi.eus\/es\/2021\/09\/11\/el-golpe-le-da-la-segunda-txapela-a-barrenetxea-iv-y-deja-sin-la-octava-a-urriza\/#article\",\"isPartOf\":{\"@id\":\"https:\/\/oriamendi.eus\/es\/2021\/09\/11\/el-golpe-le-da-la-segunda-txapela-a-barrenetxea-iv-y-deja-sin-la-octava-a-urriza\/\"},\"author\":{\"name\":\"I\u00f1igo Go\u00f1i\",\"@id\":\"https:\/\/oriamendi.eus\/es\/#\/schema\/person\/c0bd06c6c747674306a5c82563e2339a\"},\"headline\":\"El golpe le da la segunda txapela a Barrenetxea IV y deja sin la octava a Urriza\",\"datePublished\":\"2021-09-11T18:12:20+00:00\",\"dateModified\":\"2021-09-11T18:12:23+00:00\",\"mainEntityOfPage\":{\"@id\":\"https:\/\/oriamendi.eus\/es\/2021\/09\/11\/el-golpe-le-da-la-segunda-txapela-a-barrenetxea-iv-y-deja-sin-la-octava-a-urriza\/\"},\"wordCount\":806,\"publisher\":{\"@id\":\"https:\/\/oriamendi.eus\/es\/#organization\"},\"articleSection\":[\"Sin categorizar\"],\"inLanguage\":\"es\"},{\"@type\":\"WebPage\",\"@id\":\"https:\/\/oriamendi.eus\/es\/2021\/09\/11\/el-golpe-le-da-la-segunda-txapela-a-barrenetxea-iv-y-deja-sin-la-octava-a-urriza\/\",\"url\":\"https:\/\/oriamendi.eus\/es\/2021\/09\/11\/el-golpe-le-da-la-segunda-txapela-a-barrenetxea-iv-y-deja-sin-la-octava-a-urriza\/\",\"name\":\"El golpe le da la segunda txapela a Barrenetxea IV y deja sin la octava a Urriza | Oriamendi 2010\",\"isPartOf\":{\"@id\":\"https:\/\/oriamendi.eus\/es\/#website\"},\"datePublished\":\"2021-09-11T18:12:20+00:00\",\"dateModified\":\"2021-09-11T18:12:23+00:00\",\"breadcrumb\":{\"@id\":\"https:\/\/oriamendi.eus\/es\/2021\/09\/11\/el-golpe-le-da-la-segunda-txapela-a-barrenetxea-iv-y-deja-sin-la-octava-a-urriza\/#breadcrumb\"},\"inLanguage\":\"es\",\"potentialAction\":[{\"@type\":\"ReadAction\",\"target\":[\"https:\/\/oriamendi.eus\/es\/2021\/09\/11\/el-golpe-le-da-la-segunda-txapela-a-barrenetxea-iv-y-deja-sin-la-octava-a-urriza\/\"]}]},{\"@type\":\"BreadcrumbList\",\"@id\":\"https:\/\/oriamendi.eus\/es\/2021\/09\/11\/el-golpe-le-da-la-segunda-txapela-a-barrenetxea-iv-y-deja-sin-la-octava-a-urriza\/#breadcrumb\",\"itemListElement\":[{\"@type\":\"ListItem\",\"position\":1,\"name\":\"Portada\",\"item\":\"https:\/\/oriamendi.eus\/es\/\"},{\"@type\":\"ListItem\",\"position\":2,\"name\":\"El golpe le da la segunda txapela a Barrenetxea IV y deja sin la octava a Urriza\"}]},{\"@type\":\"WebSite\",\"@id\":\"https:\/\/oriamendi.eus\/es\/#website\",\"url\":\"https:\/\/oriamendi.eus\/es\/\",\"name\":\"Oriamendi\",\"description\":\"Remonte en Galarreta. Hernani. Gipuzkoa\",\"publisher\":{\"@id\":\"https:\/\/oriamendi.eus\/es\/#organization\"},\"potentialAction\":[{\"@type\":\"SearchAction\",\"target\":{\"@type\":\"EntryPoint\",\"urlTemplate\":\"https:\/\/oriamendi.eus\/es\/?s={search_term_string}\"},\"query-input\":\"required name=search_term_string\"}],\"inLanguage\":\"es\"},{\"@type\":\"Organization\",\"@id\":\"https:\/\/oriamendi.eus\/es\/#organization\",\"name\":\"Oriamendi\",\"url\":\"https:\/\/oriamendi.eus\/es\/\",\"logo\":{\"@type\":\"ImageObject\",\"inLanguage\":\"es\",\"@id\":\"https:\/\/oriamendi.eus\/es\/#\/schema\/logo\/image\/\",\"url\":\"https:\/\/oriamendi.eus\/wp-content\/uploads\/2020\/06\/logo-oriamendi.png\",\"contentUrl\":\"https:\/\/oriamendi.eus\/wp-content\/uploads\/2020\/06\/logo-oriamendi.png\",\"width\":300,\"height\":90,\"caption\":\"Oriamendi\"},\"image\":{\"@id\":\"https:\/\/oriamendi.eus\/es\/#\/schema\/logo\/image\/\"},\"sameAs\":[\"https:\/\/www.facebook.com\/oriamendi2010remonte\/\",\"https:\/\/twitter.com\/oriamendi2010\",\"https:\/\/www.instagram.com\/galarretajaialai\/\",\"https:\/\/www.youtube.com\/channel\/UC8gVNzQqB1iwnC-_rI-ihmA\/featured\"]},{\"@type\":\"Person\",\"@id\":\"https:\/\/oriamendi.eus\/es\/#\/schema\/person\/c0bd06c6c747674306a5c82563e2339a\",\"name\":\"I\u00f1igo Go\u00f1i\",\"image\":{\"@type\":\"ImageObject\",\"inLanguage\":\"es\",\"@id\":\"https:\/\/oriamendi.eus\/es\/#\/schema\/person\/image\/\",\"url\":\"https:\/\/secure.gravatar.com\/avatar\/fbb07ffc7b803bbfcc2b6419c06abd3a?s=96&d=mm&r=g\",\"contentUrl\":\"https:\/\/secure.gravatar.com\/avatar\/fbb07ffc7b803bbfcc2b6419c06abd3a?s=96&d=mm&r=g\",\"caption\":\"I\u00f1igo Go\u00f1i\"},\"url\":\"https:\/\/oriamendi.eus\/es\/author\/om-berriak\/\"}]}<\/script>\n<!-- \/ Yoast SEO plugin. -->","yoast_head_json":{"title":"El golpe le da la segunda txapela a Barrenetxea IV y deja sin la octava a Urriza | Oriamendi 2010","robots":{"index":"index","follow":"follow","max-snippet":"max-snippet:-1","max-image-preview":"max-image-preview:large","max-video-preview":"max-video-preview:-1"},"canonical":"https:\/\/oriamendi.eus\/es\/2021\/09\/11\/el-golpe-le-da-la-segunda-txapela-a-barrenetxea-iv-y-deja-sin-la-octava-a-urriza\/","og_locale":"es_ES","og_type":"article","og_title":"El golpe le da la segunda txapela a Barrenetxea IV y deja sin la octava a Urriza | Oriamendi 2010","og_description":"Endika Barrenetxea se impuso 24-30 a Javier Urriza en la gran final del Torneo Individual de Remonte-Gran premio Kutxabank y se proclam\u00f3 por segunda vez campe\u00f3n en el campeonato m\u00e1s importante del remonte.\u00a0El zaguero de Hernani super\u00f3 al favorito y siete veces campe\u00f3n, Urriza, sobre todo en el peloteo y no dej\u00f3 al delantero de [&hellip;]","og_url":"https:\/\/oriamendi.eus\/es\/2021\/09\/11\/el-golpe-le-da-la-segunda-txapela-a-barrenetxea-iv-y-deja-sin-la-octava-a-urriza\/","og_site_name":"Oriamendi 2010","article_publisher":"https:\/\/www.facebook.com\/oriamendi2010remonte\/","article_published_time":"2021-09-11T18:12:20+00:00","article_modified_time":"2021-09-11T18:12:23+00:00","og_image":[{"width":1200,"height":800,"url":"https:\/\/oriamendi.eus\/wp-content\/uploads\/2021\/09\/Txapela-barrene.jpg","type":"image\/jpeg"}],"author":"I\u00f1igo Go\u00f1i","twitter_card":"summary_large_image","twitter_creator":"@oriamendi2010","twitter_site":"@oriamendi2010","twitter_misc":{"Escrito por":"I\u00f1igo Go\u00f1i","Tiempo de lectura":"4 minutos"},"schema":{"@context":"https:\/\/schema.org","@graph":[{"@type":"Article","@id":"https:\/\/oriamendi.eus\/es\/2021\/09\/11\/el-golpe-le-da-la-segunda-txapela-a-barrenetxea-iv-y-deja-sin-la-octava-a-urriza\/#article","isPartOf":{"@id":"https:\/\/oriamendi.eus\/es\/2021\/09\/11\/el-golpe-le-da-la-segunda-txapela-a-barrenetxea-iv-y-deja-sin-la-octava-a-urriza\/"},"author":{"name":"I\u00f1igo Go\u00f1i","@id":"https:\/\/oriamendi.eus\/es\/#\/schema\/person\/c0bd06c6c747674306a5c82563e2339a"},"headline":"El golpe le da la segunda txapela a Barrenetxea IV y deja sin la octava a Urriza","datePublished":"2021-09-11T18:12:20+00:00","dateModified":"2021-09-11T18:12:23+00:00","mainEntityOfPage":{"@id":"https:\/\/oriamendi.eus\/es\/2021\/09\/11\/el-golpe-le-da-la-segunda-txapela-a-barrenetxea-iv-y-deja-sin-la-octava-a-urriza\/"},"wordCount":806,"publisher":{"@id":"https:\/\/oriamendi.eus\/es\/#organization"},"articleSection":["Sin categorizar"],"inLanguage":"es"},{"@type":"WebPage","@id":"https:\/\/oriamendi.eus\/es\/2021\/09\/11\/el-golpe-le-da-la-segunda-txapela-a-barrenetxea-iv-y-deja-sin-la-octava-a-urriza\/","url":"https:\/\/oriamendi.eus\/es\/2021\/09\/11\/el-golpe-le-da-la-segunda-txapela-a-barrenetxea-iv-y-deja-sin-la-octava-a-urriza\/","name":"El golpe le da la segunda txapela a Barrenetxea IV y deja sin la octava a Urriza | Oriamendi 2010","isPartOf":{"@id":"https:\/\/oriamendi.eus\/es\/#website"},"datePublished":"2021-09-11T18:12:20+00:00","dateModified":"2021-09-11T18:12:23+00:00","breadcrumb":{"@id":"https:\/\/oriamendi.eus\/es\/2021\/09\/11\/el-golpe-le-da-la-segunda-txapela-a-barrenetxea-iv-y-deja-sin-la-octava-a-urriza\/#breadcrumb"},"inLanguage":"es","potentialAction":[{"@type":"ReadAction","target":["https:\/\/oriamendi.eus\/es\/2021\/09\/11\/el-golpe-le-da-la-segunda-txapela-a-barrenetxea-iv-y-deja-sin-la-octava-a-urriza\/"]}]},{"@type":"BreadcrumbList","@id":"https:\/\/oriamendi.eus\/es\/2021\/09\/11\/el-golpe-le-da-la-segunda-txapela-a-barrenetxea-iv-y-deja-sin-la-octava-a-urriza\/#breadcrumb","itemListElement":[{"@type":"ListItem","position":1,"name":"Portada","item":"https:\/\/oriamendi.eus\/es\/"},{"@type":"ListItem","position":2,"name":"El golpe le da la segunda txapela a Barrenetxea IV y deja sin la octava a Urriza"}]},{"@type":"WebSite","@id":"https:\/\/oriamendi.eus\/es\/#website","url":"https:\/\/oriamendi.eus\/es\/","name":"Oriamendi","description":"Remonte en Galarreta. Hernani. Gipuzkoa","publisher":{"@id":"https:\/\/oriamendi.eus\/es\/#organization"},"potentialAction":[{"@type":"SearchAction","target":{"@type":"EntryPoint","urlTemplate":"https:\/\/oriamendi.eus\/es\/?s={search_term_string}"},"query-input":"required name=search_term_string"}],"inLanguage":"es"},{"@type":"Organization","@id":"https:\/\/oriamendi.eus\/es\/#organization","name":"Oriamendi","url":"https:\/\/oriamendi.eus\/es\/","logo":{"@type":"ImageObject","inLanguage":"es","@id":"https:\/\/oriamendi.eus\/es\/#\/schema\/logo\/image\/","url":"https:\/\/oriamendi.eus\/wp-content\/uploads\/2020\/06\/logo-oriamendi.png","contentUrl":"https:\/\/oriamendi.eus\/wp-content\/uploads\/2020\/06\/logo-oriamendi.png","width":300,"height":90,"caption":"Oriamendi"},"image":{"@id":"https:\/\/oriamendi.eus\/es\/#\/schema\/logo\/image\/"},"sameAs":["https:\/\/www.facebook.com\/oriamendi2010remonte\/","https:\/\/twitter.com\/oriamendi2010","https:\/\/www.instagram.com\/galarretajaialai\/","https:\/\/www.youtube.com\/channel\/UC8gVNzQqB1iwnC-_rI-ihmA\/featured"]},{"@type":"Person","@id":"https:\/\/oriamendi.eus\/es\/#\/schema\/person\/c0bd06c6c747674306a5c82563e2339a","name":"I\u00f1igo Go\u00f1i","image":{"@type":"ImageObject","inLanguage":"es","@id":"https:\/\/oriamendi.eus\/es\/#\/schema\/person\/image\/","url":"https:\/\/secure.gravatar.com\/avatar\/fbb07ffc7b803bbfcc2b6419c06abd3a?s=96&d=mm&r=g","contentUrl":"https:\/\/secure.gravatar.com\/avatar\/fbb07ffc7b803bbfcc2b6419c06abd3a?s=96&d=mm&r=g","caption":"I\u00f1igo Go\u00f1i"},"url":"https:\/\/oriamendi.eus\/es\/author\/om-berriak\/"}]}},"_links":{"self":[{"href":"https:\/\/oriamendi.eus\/es\/wp-json\/wp\/v2\/posts\/5926"}],"collection":[{"href":"https:\/\/oriamendi.eus\/es\/wp-json\/wp\/v2\/posts"}],"about":[{"href":"https:\/\/oriamendi.eus\/es\/wp-json\/wp\/v2\/types\/post"}],"author":[{"embeddable":true,"href":"https:\/\/oriamendi.eus\/es\/wp-json\/wp\/v2\/users\/5"}],"replies":[{"embeddable":true,"href":"https:\/\/oriamendi.eus\/es\/wp-json\/wp\/v2\/comments?post=5926"}],"version-history":[{"count":1,"href":"https:\/\/oriamendi.eus\/es\/wp-json\/wp\/v2\/posts\/5926\/revisions"}],"predecessor-version":[{"id":5931,"href":"https:\/\/oriamendi.eus\/es\/wp-json\/wp\/v2\/posts\/5926\/revisions\/5931"}],"wp:featuredmedia":[{"embeddable":true,"href":"https:\/\/oriamendi.eus\/es\/wp-json\/wp\/v2\/media\/5932"}],"wp:attachment":[{"href":"https:\/\/oriamendi.eus\/es\/wp-json\/wp\/v2\/media?parent=5926"}],"wp:term":[{"taxonomy":"category","embeddable":true,"href":"https:\/\/oriamendi.eus\/es\/wp-json\/wp\/v2\/categories?post=5926"},{"taxonomy":"post_tag","embeddable":true,"href":"https:\/\/oriamendi.eus\/es\/wp-json\/wp\/v2\/tags?post=5926"}],"curies":[{"name":"wp","href":"https:\/\/api.w.org\/{rel}","templated":true}]}}