                                        
                                        
                                        
                                        
                                        
                                        
                                        
                                        
                                        
                                        
                                        
                                        
                                        
                                        
                                        
                                        
                                        
                                        
{"id":5915,"date":"2021-09-05T19:48:28","date_gmt":"2021-09-05T17:48:28","guid":{"rendered":"https:\/\/oriamendi.eus\/?p=5915"},"modified":"2021-09-05T19:49:27","modified_gmt":"2021-09-05T17:49:27","slug":"habra-final-clasica-entre-urriza-y-barrenetxea-e-el-individual","status":"publish","type":"post","link":"https:\/\/oriamendi.eus\/es\/2021\/09\/05\/habra-final-clasica-entre-urriza-y-barrenetxea-e-el-individual\/","title":{"rendered":"Habr\u00e1 final cl\u00e1sica entre Urriza y Barrenetxea en el individual"},"content":{"rendered":"\n<p><strong>El zaguero hernaniarra se impuso 23-30 a Ansa en la semifinal<\/strong><\/p>\n\n\n\n<p>Endika Barrenetxea se impuso 23-30 a Imanol Ansa en la semifinal del Torneo Individual de Remonte-Gran Premio Kutxabank y ser\u00e1 el rival de Javier Urriza en la final del pr\u00f3ximo 11 de setiembre en Galarreta. Por lo tanto, habr\u00e1 final cl\u00e1sica en el campeonato m\u00e1s importante del remonte.<\/p>\n\n\n\n<p>Barrenetxea sac\u00f3 a relucir su experiencia y sobre todo su saque para dominar a un Ansa que estuvo nervioso y nunca pudo serenarse, ni siquiera cuando perd\u00eda por once tantos en el 11-22 o en el 14-25.&nbsp; Fue un partido que se jug\u00f3 r\u00e1pido en el que no hubo mucho peloteo y el que se rompi\u00f3 quiz\u00e1s demasiado r\u00e1pido. Falt\u00f3 emoci\u00f3n y la presi\u00f3n hizo presa al delantero urnietarra.<\/p>\n\n\n\n<p>Ansa comenz\u00f3 por detr\u00e1s 1-3, pero reaccion\u00f3 r\u00e1pido y se puso por delante 5-4. Parec\u00eda que iba a ser una semifinal igualada, pero ah\u00ed se termin\u00f3 esa igualdad. Barrenetxea cogi\u00f3 el saque en el 5 iguales e hizo mucho da\u00f1o en ese tramo. Ansa no acertaba al resto y con un parcial de 0-8 se pas\u00f3 a un ya claro 5-12.&nbsp;<\/p>\n\n\n\n<figure class=\"wp-block-image size-large\"><img fetchpriority=\"high\" fetchpriority=\"high\" decoding=\"async\" width=\"1024\" height=\"683\" src=\"https:\/\/oriamendi.eus\/wp-content\/uploads\/2021\/09\/barrene-1024x683.jpg\" alt=\"\" class=\"wp-image-5917\" srcset=\"https:\/\/oriamendi.eus\/wp-content\/uploads\/2021\/09\/barrene-1024x683.jpg 1024w, https:\/\/oriamendi.eus\/wp-content\/uploads\/2021\/09\/barrene-980x653.jpg 980w, https:\/\/oriamendi.eus\/wp-content\/uploads\/2021\/09\/barrene-480x320.jpg 480w\" sizes=\"(min-width: 0px) and (max-width: 480px) 480px, (min-width: 481px) and (max-width: 980px) 980px, (min-width: 981px) 1024px, 100vw\" \/><\/figure>\n\n\n\n<p>Eso desubic\u00f3 todav\u00eda m\u00e1s a Ansa, que tambi\u00e9n empez\u00f3 a verse superado en el peloteo. Barrenetxea apenas comet\u00eda errores y muy serio se marcho en el marcador de forma clara 7-16, 11-21 y las m\u00e1ximas llegaron ya en los comentados 11-22 y 14-25. Fue entonces cuando Ansa empez\u00f3 a sacar mejor. Le empez\u00f3 a funcionar el primer pelotazo y con un parcial de 6-1 se acerc\u00f3 a seis tantos 20-26. Todav\u00eda estaba lejos de Barrenetxea, pero empez\u00f3 a dominar tambi\u00e9n en el peloteo. Demasiado tarde, ya que el zaguero hernaniarra no estaba para regalar nada e hizo el 20-27. Ansa lo intent\u00f3, pero cometi\u00f3 otros dos fallos claros que supusieron el 21-28 de Barrenetxea y el definitivo 23-30.<\/p>\n\n\n\n<p>Al final no hubo diferencia en los n\u00fameros con el saque, pero muchas veces las estad\u00edsticas pueden ser enga\u00f1osas. Barrenetxea hizo siete tantos de saque por ocho de Ansa y ambos cometieron una falta de saque, pero el hernaniarra los hizo para escaparse en el marcador y Ansa cuando estaba el partido casi decidido. Adem\u00e1s, cada saque de Barrenetxea, aunque no fuera tanto pon\u00eda en dificultades al rival.&nbsp;En el peloteo los n\u00fameros fueron claros para el ganador. Barrenetxea hizo 17 tantos por dos errores, mientras Ansa hac\u00eda doce por cinco fallos. Al final los n\u00fameros en el peloteo es donde hubo m\u00e1s diferencia.&nbsp;<\/p>\n","protected":false},"excerpt":{"rendered":"<p>El zaguero hernaniarra se impuso 23-30 a Ansa en la semifinal Endika Barrenetxea se impuso 23-30 a Imanol Ansa en la semifinal del Torneo Individual de Remonte-Gran Premio Kutxabank y ser\u00e1 el rival de Javier Urriza en la final del pr\u00f3ximo 11 de setiembre en Galarreta. Por lo tanto, habr\u00e1 final cl\u00e1sica en el campeonato [&hellip;]<\/p>\n","protected":false},"author":5,"featured_media":5920,"comment_status":"closed","ping_status":"open","sticky":false,"template":"","format":"standard","meta":{"_et_pb_use_builder":"off","_et_pb_old_content":"","_et_gb_content_width":"","footnotes":""},"categories":[1],"tags":[],"yoast_head":"<!-- This site is optimized with the Yoast SEO plugin v21.8 - https:\/\/yoast.com\/wordpress\/plugins\/seo\/ -->\n<title>Habr\u00e1 final cl\u00e1sica entre Urriza y Barrenetxea en el individual | Oriamendi 2010<\/title>\n<meta name=\"robots\" content=\"index, follow, max-snippet:-1, max-image-preview:large, max-video-preview:-1\" \/>\n<link rel=\"canonical\" href=\"https:\/\/oriamendi.eus\/es\/2021\/09\/05\/habra-final-clasica-entre-urriza-y-barrenetxea-e-el-individual\/\" \/>\n<meta property=\"og:locale\" content=\"es_ES\" \/>\n<meta property=\"og:type\" content=\"article\" \/>\n<meta property=\"og:title\" content=\"Habr\u00e1 final cl\u00e1sica entre Urriza y Barrenetxea en el individual | Oriamendi 2010\" \/>\n<meta property=\"og:description\" content=\"El zaguero hernaniarra se impuso 23-30 a Ansa en la semifinal Endika Barrenetxea se impuso 23-30 a Imanol Ansa en la semifinal del Torneo Individual de Remonte-Gran Premio Kutxabank y ser\u00e1 el rival de Javier Urriza en la final del pr\u00f3ximo 11 de setiembre en Galarreta. Por lo tanto, habr\u00e1 final cl\u00e1sica en el campeonato [&hellip;]\" \/>\n<meta property=\"og:url\" content=\"https:\/\/oriamendi.eus\/es\/2021\/09\/05\/habra-final-clasica-entre-urriza-y-barrenetxea-e-el-individual\/\" \/>\n<meta property=\"og:site_name\" content=\"Oriamendi 2010\" \/>\n<meta property=\"article:publisher\" content=\"https:\/\/www.facebook.com\/oriamendi2010remonte\/\" \/>\n<meta property=\"article:published_time\" content=\"2021-09-05T17:48:28+00:00\" \/>\n<meta property=\"article:modified_time\" content=\"2021-09-05T17:49:27+00:00\" \/>\n<meta property=\"og:image\" content=\"https:\/\/oriamendi.eus\/wp-content\/uploads\/2021\/09\/remontebarrene.jpg\" \/>\n\t<meta property=\"og:image:width\" content=\"1200\" \/>\n\t<meta property=\"og:image:height\" content=\"800\" \/>\n\t<meta property=\"og:image:type\" content=\"image\/jpeg\" \/>\n<meta name=\"author\" content=\"I\u00f1igo Go\u00f1i\" \/>\n<meta name=\"twitter:card\" content=\"summary_large_image\" \/>\n<meta name=\"twitter:creator\" content=\"@oriamendi2010\" \/>\n<meta name=\"twitter:site\" content=\"@oriamendi2010\" \/>\n<meta name=\"twitter:label1\" content=\"Escrito por\" \/>\n\t<meta name=\"twitter:data1\" content=\"I\u00f1igo Go\u00f1i\" \/>\n\t<meta name=\"twitter:label2\" content=\"Tiempo de lectura\" \/>\n\t<meta name=\"twitter:data2\" content=\"2 minutos\" \/>\n<script type=\"application\/ld+json\" class=\"yoast-schema-graph\">{\"@context\":\"https:\/\/schema.org\",\"@graph\":[{\"@type\":\"Article\",\"@id\":\"https:\/\/oriamendi.eus\/es\/2021\/09\/05\/habra-final-clasica-entre-urriza-y-barrenetxea-e-el-individual\/#article\",\"isPartOf\":{\"@id\":\"https:\/\/oriamendi.eus\/es\/2021\/09\/05\/habra-final-clasica-entre-urriza-y-barrenetxea-e-el-individual\/\"},\"author\":{\"name\":\"I\u00f1igo Go\u00f1i\",\"@id\":\"https:\/\/oriamendi.eus\/es\/#\/schema\/person\/c0bd06c6c747674306a5c82563e2339a\"},\"headline\":\"Habr\u00e1 final cl\u00e1sica entre Urriza y Barrenetxea en el individual\",\"datePublished\":\"2021-09-05T17:48:28+00:00\",\"dateModified\":\"2021-09-05T17:49:27+00:00\",\"mainEntityOfPage\":{\"@id\":\"https:\/\/oriamendi.eus\/es\/2021\/09\/05\/habra-final-clasica-entre-urriza-y-barrenetxea-e-el-individual\/\"},\"wordCount\":452,\"publisher\":{\"@id\":\"https:\/\/oriamendi.eus\/es\/#organization\"},\"articleSection\":[\"Sin categorizar\"],\"inLanguage\":\"es\"},{\"@type\":\"WebPage\",\"@id\":\"https:\/\/oriamendi.eus\/es\/2021\/09\/05\/habra-final-clasica-entre-urriza-y-barrenetxea-e-el-individual\/\",\"url\":\"https:\/\/oriamendi.eus\/es\/2021\/09\/05\/habra-final-clasica-entre-urriza-y-barrenetxea-e-el-individual\/\",\"name\":\"Habr\u00e1 final cl\u00e1sica entre Urriza y Barrenetxea en el individual | Oriamendi 2010\",\"isPartOf\":{\"@id\":\"https:\/\/oriamendi.eus\/es\/#website\"},\"datePublished\":\"2021-09-05T17:48:28+00:00\",\"dateModified\":\"2021-09-05T17:49:27+00:00\",\"breadcrumb\":{\"@id\":\"https:\/\/oriamendi.eus\/es\/2021\/09\/05\/habra-final-clasica-entre-urriza-y-barrenetxea-e-el-individual\/#breadcrumb\"},\"inLanguage\":\"es\",\"potentialAction\":[{\"@type\":\"ReadAction\",\"target\":[\"https:\/\/oriamendi.eus\/es\/2021\/09\/05\/habra-final-clasica-entre-urriza-y-barrenetxea-e-el-individual\/\"]}]},{\"@type\":\"BreadcrumbList\",\"@id\":\"https:\/\/oriamendi.eus\/es\/2021\/09\/05\/habra-final-clasica-entre-urriza-y-barrenetxea-e-el-individual\/#breadcrumb\",\"itemListElement\":[{\"@type\":\"ListItem\",\"position\":1,\"name\":\"Portada\",\"item\":\"https:\/\/oriamendi.eus\/es\/\"},{\"@type\":\"ListItem\",\"position\":2,\"name\":\"Habr\u00e1 final cl\u00e1sica entre Urriza y Barrenetxea en el individual\"}]},{\"@type\":\"WebSite\",\"@id\":\"https:\/\/oriamendi.eus\/es\/#website\",\"url\":\"https:\/\/oriamendi.eus\/es\/\",\"name\":\"Oriamendi\",\"description\":\"Remonte en Galarreta. Hernani. Gipuzkoa\",\"publisher\":{\"@id\":\"https:\/\/oriamendi.eus\/es\/#organization\"},\"potentialAction\":[{\"@type\":\"SearchAction\",\"target\":{\"@type\":\"EntryPoint\",\"urlTemplate\":\"https:\/\/oriamendi.eus\/es\/?s={search_term_string}\"},\"query-input\":\"required name=search_term_string\"}],\"inLanguage\":\"es\"},{\"@type\":\"Organization\",\"@id\":\"https:\/\/oriamendi.eus\/es\/#organization\",\"name\":\"Oriamendi\",\"url\":\"https:\/\/oriamendi.eus\/es\/\",\"logo\":{\"@type\":\"ImageObject\",\"inLanguage\":\"es\",\"@id\":\"https:\/\/oriamendi.eus\/es\/#\/schema\/logo\/image\/\",\"url\":\"https:\/\/oriamendi.eus\/wp-content\/uploads\/2020\/06\/logo-oriamendi.png\",\"contentUrl\":\"https:\/\/oriamendi.eus\/wp-content\/uploads\/2020\/06\/logo-oriamendi.png\",\"width\":300,\"height\":90,\"caption\":\"Oriamendi\"},\"image\":{\"@id\":\"https:\/\/oriamendi.eus\/es\/#\/schema\/logo\/image\/\"},\"sameAs\":[\"https:\/\/www.facebook.com\/oriamendi2010remonte\/\",\"https:\/\/twitter.com\/oriamendi2010\",\"https:\/\/www.instagram.com\/galarretajaialai\/\",\"https:\/\/www.youtube.com\/channel\/UC8gVNzQqB1iwnC-_rI-ihmA\/featured\"]},{\"@type\":\"Person\",\"@id\":\"https:\/\/oriamendi.eus\/es\/#\/schema\/person\/c0bd06c6c747674306a5c82563e2339a\",\"name\":\"I\u00f1igo Go\u00f1i\",\"image\":{\"@type\":\"ImageObject\",\"inLanguage\":\"es\",\"@id\":\"https:\/\/oriamendi.eus\/es\/#\/schema\/person\/image\/\",\"url\":\"https:\/\/secure.gravatar.com\/avatar\/fbb07ffc7b803bbfcc2b6419c06abd3a?s=96&d=mm&r=g\",\"contentUrl\":\"https:\/\/secure.gravatar.com\/avatar\/fbb07ffc7b803bbfcc2b6419c06abd3a?s=96&d=mm&r=g\",\"caption\":\"I\u00f1igo Go\u00f1i\"},\"url\":\"https:\/\/oriamendi.eus\/es\/author\/om-berriak\/\"}]}<\/script>\n<!-- \/ Yoast SEO plugin. -->","yoast_head_json":{"title":"Habr\u00e1 final cl\u00e1sica entre Urriza y Barrenetxea en el individual | Oriamendi 2010","robots":{"index":"index","follow":"follow","max-snippet":"max-snippet:-1","max-image-preview":"max-image-preview:large","max-video-preview":"max-video-preview:-1"},"canonical":"https:\/\/oriamendi.eus\/es\/2021\/09\/05\/habra-final-clasica-entre-urriza-y-barrenetxea-e-el-individual\/","og_locale":"es_ES","og_type":"article","og_title":"Habr\u00e1 final cl\u00e1sica entre Urriza y Barrenetxea en el individual | Oriamendi 2010","og_description":"El zaguero hernaniarra se impuso 23-30 a Ansa en la semifinal Endika Barrenetxea se impuso 23-30 a Imanol Ansa en la semifinal del Torneo Individual de Remonte-Gran Premio Kutxabank y ser\u00e1 el rival de Javier Urriza en la final del pr\u00f3ximo 11 de setiembre en Galarreta. Por lo tanto, habr\u00e1 final cl\u00e1sica en el campeonato [&hellip;]","og_url":"https:\/\/oriamendi.eus\/es\/2021\/09\/05\/habra-final-clasica-entre-urriza-y-barrenetxea-e-el-individual\/","og_site_name":"Oriamendi 2010","article_publisher":"https:\/\/www.facebook.com\/oriamendi2010remonte\/","article_published_time":"2021-09-05T17:48:28+00:00","article_modified_time":"2021-09-05T17:49:27+00:00","og_image":[{"width":1200,"height":800,"url":"https:\/\/oriamendi.eus\/wp-content\/uploads\/2021\/09\/remontebarrene.jpg","type":"image\/jpeg"}],"author":"I\u00f1igo Go\u00f1i","twitter_card":"summary_large_image","twitter_creator":"@oriamendi2010","twitter_site":"@oriamendi2010","twitter_misc":{"Escrito por":"I\u00f1igo Go\u00f1i","Tiempo de lectura":"2 minutos"},"schema":{"@context":"https:\/\/schema.org","@graph":[{"@type":"Article","@id":"https:\/\/oriamendi.eus\/es\/2021\/09\/05\/habra-final-clasica-entre-urriza-y-barrenetxea-e-el-individual\/#article","isPartOf":{"@id":"https:\/\/oriamendi.eus\/es\/2021\/09\/05\/habra-final-clasica-entre-urriza-y-barrenetxea-e-el-individual\/"},"author":{"name":"I\u00f1igo Go\u00f1i","@id":"https:\/\/oriamendi.eus\/es\/#\/schema\/person\/c0bd06c6c747674306a5c82563e2339a"},"headline":"Habr\u00e1 final cl\u00e1sica entre Urriza y Barrenetxea en el individual","datePublished":"2021-09-05T17:48:28+00:00","dateModified":"2021-09-05T17:49:27+00:00","mainEntityOfPage":{"@id":"https:\/\/oriamendi.eus\/es\/2021\/09\/05\/habra-final-clasica-entre-urriza-y-barrenetxea-e-el-individual\/"},"wordCount":452,"publisher":{"@id":"https:\/\/oriamendi.eus\/es\/#organization"},"articleSection":["Sin categorizar"],"inLanguage":"es"},{"@type":"WebPage","@id":"https:\/\/oriamendi.eus\/es\/2021\/09\/05\/habra-final-clasica-entre-urriza-y-barrenetxea-e-el-individual\/","url":"https:\/\/oriamendi.eus\/es\/2021\/09\/05\/habra-final-clasica-entre-urriza-y-barrenetxea-e-el-individual\/","name":"Habr\u00e1 final cl\u00e1sica entre Urriza y Barrenetxea en el individual | Oriamendi 2010","isPartOf":{"@id":"https:\/\/oriamendi.eus\/es\/#website"},"datePublished":"2021-09-05T17:48:28+00:00","dateModified":"2021-09-05T17:49:27+00:00","breadcrumb":{"@id":"https:\/\/oriamendi.eus\/es\/2021\/09\/05\/habra-final-clasica-entre-urriza-y-barrenetxea-e-el-individual\/#breadcrumb"},"inLanguage":"es","potentialAction":[{"@type":"ReadAction","target":["https:\/\/oriamendi.eus\/es\/2021\/09\/05\/habra-final-clasica-entre-urriza-y-barrenetxea-e-el-individual\/"]}]},{"@type":"BreadcrumbList","@id":"https:\/\/oriamendi.eus\/es\/2021\/09\/05\/habra-final-clasica-entre-urriza-y-barrenetxea-e-el-individual\/#breadcrumb","itemListElement":[{"@type":"ListItem","position":1,"name":"Portada","item":"https:\/\/oriamendi.eus\/es\/"},{"@type":"ListItem","position":2,"name":"Habr\u00e1 final cl\u00e1sica entre Urriza y Barrenetxea en el individual"}]},{"@type":"WebSite","@id":"https:\/\/oriamendi.eus\/es\/#website","url":"https:\/\/oriamendi.eus\/es\/","name":"Oriamendi","description":"Remonte en Galarreta. Hernani. Gipuzkoa","publisher":{"@id":"https:\/\/oriamendi.eus\/es\/#organization"},"potentialAction":[{"@type":"SearchAction","target":{"@type":"EntryPoint","urlTemplate":"https:\/\/oriamendi.eus\/es\/?s={search_term_string}"},"query-input":"required name=search_term_string"}],"inLanguage":"es"},{"@type":"Organization","@id":"https:\/\/oriamendi.eus\/es\/#organization","name":"Oriamendi","url":"https:\/\/oriamendi.eus\/es\/","logo":{"@type":"ImageObject","inLanguage":"es","@id":"https:\/\/oriamendi.eus\/es\/#\/schema\/logo\/image\/","url":"https:\/\/oriamendi.eus\/wp-content\/uploads\/2020\/06\/logo-oriamendi.png","contentUrl":"https:\/\/oriamendi.eus\/wp-content\/uploads\/2020\/06\/logo-oriamendi.png","width":300,"height":90,"caption":"Oriamendi"},"image":{"@id":"https:\/\/oriamendi.eus\/es\/#\/schema\/logo\/image\/"},"sameAs":["https:\/\/www.facebook.com\/oriamendi2010remonte\/","https:\/\/twitter.com\/oriamendi2010","https:\/\/www.instagram.com\/galarretajaialai\/","https:\/\/www.youtube.com\/channel\/UC8gVNzQqB1iwnC-_rI-ihmA\/featured"]},{"@type":"Person","@id":"https:\/\/oriamendi.eus\/es\/#\/schema\/person\/c0bd06c6c747674306a5c82563e2339a","name":"I\u00f1igo Go\u00f1i","image":{"@type":"ImageObject","inLanguage":"es","@id":"https:\/\/oriamendi.eus\/es\/#\/schema\/person\/image\/","url":"https:\/\/secure.gravatar.com\/avatar\/fbb07ffc7b803bbfcc2b6419c06abd3a?s=96&d=mm&r=g","contentUrl":"https:\/\/secure.gravatar.com\/avatar\/fbb07ffc7b803bbfcc2b6419c06abd3a?s=96&d=mm&r=g","caption":"I\u00f1igo Go\u00f1i"},"url":"https:\/\/oriamendi.eus\/es\/author\/om-berriak\/"}]}},"_links":{"self":[{"href":"https:\/\/oriamendi.eus\/es\/wp-json\/wp\/v2\/posts\/5915"}],"collection":[{"href":"https:\/\/oriamendi.eus\/es\/wp-json\/wp\/v2\/posts"}],"about":[{"href":"https:\/\/oriamendi.eus\/es\/wp-json\/wp\/v2\/types\/post"}],"author":[{"embeddable":true,"href":"https:\/\/oriamendi.eus\/es\/wp-json\/wp\/v2\/users\/5"}],"replies":[{"embeddable":true,"href":"https:\/\/oriamendi.eus\/es\/wp-json\/wp\/v2\/comments?post=5915"}],"version-history":[{"count":3,"href":"https:\/\/oriamendi.eus\/es\/wp-json\/wp\/v2\/posts\/5915\/revisions"}],"predecessor-version":[{"id":5922,"href":"https:\/\/oriamendi.eus\/es\/wp-json\/wp\/v2\/posts\/5915\/revisions\/5922"}],"wp:featuredmedia":[{"embeddable":true,"href":"https:\/\/oriamendi.eus\/es\/wp-json\/wp\/v2\/media\/5920"}],"wp:attachment":[{"href":"https:\/\/oriamendi.eus\/es\/wp-json\/wp\/v2\/media?parent=5915"}],"wp:term":[{"taxonomy":"category","embeddable":true,"href":"https:\/\/oriamendi.eus\/es\/wp-json\/wp\/v2\/categories?post=5915"},{"taxonomy":"post_tag","embeddable":true,"href":"https:\/\/oriamendi.eus\/es\/wp-json\/wp\/v2\/tags?post=5915"}],"curies":[{"name":"wp","href":"https:\/\/api.w.org\/{rel}","templated":true}]}}