                                        
                                        
                                        
                                        
                                        
                                        
                                        
                                        
                                        
                                        
                                        
                                        
                                        
                                        
                                        
                                        
                                        
                                        
{"id":5907,"date":"2021-08-28T19:47:37","date_gmt":"2021-08-28T17:47:37","guid":{"rendered":"https:\/\/oriamendi.eus\/?p=5907"},"modified":"2021-08-28T19:47:39","modified_gmt":"2021-08-28T17:47:39","slug":"ansa-ii-termina-segundo-la-liguilla-tras-ganar-a-barrenetxea-iv","status":"publish","type":"post","link":"https:\/\/oriamendi.eus\/es\/2021\/08\/28\/ansa-ii-termina-segundo-la-liguilla-tras-ganar-a-barrenetxea-iv\/","title":{"rendered":"Ansa II termina segundo la liguilla tras ganar a Barrenetxea IV"},"content":{"rendered":"\n<p>Ansa II y Barrenetxea IV disputar\u00e1n la semifinal del Torneo Individual de remonte-Gran Premio Kutxabank despu\u00e9s que en el mismo partido, Ansa haya ganado 28-30 al zaguero hernaniarra.&nbsp;Barrenetxea ya estaba clasificado para semifinales, mientras Ansa necesitaba hacer 17 tantos. No solo hizo 17 sino que gan\u00f3 su primer partido en la liguilla de semifinales y ha terminado segundo en la clasificaci\u00f3n con ocho puntos. <\/p>\n\n\n\n<p>Una liguilla que ha terminado con Urriza como primero con 12 puntos y clasificado para la final. Ansa ha terminado segundo con ocho puntos, Barrenetxea tercero con seis puntos y Juanenea ha cerrado la clasificaci\u00f3n con tres puntos.<\/p>\n\n\n\n<p>El partido que cerr\u00f3 la liguilla ser\u00e1 el mismo que el s\u00e1bado que viene se dispute en la semifinal. La victoria de hoy de Ansa puede dar unas pistas de como puede ser la semifinal.&nbsp;Ansa y Barrenetxea disputaron un partido igualado y con emoci\u00f3n hasta el final. Eso s\u00ed, el partido fue de rachas. <\/p>\n\n\n\n<p>Protagonizaron un duelo precioso, bien jugado y en el que hubo velocidad. Ansa comenz\u00f3 el partido m\u00e1s centrado y se adelant\u00f3 2-9. Barrenetxea se acerc\u00f3 poco a poco hasta empatar a 17 y hasta el 22 iguales se sucedieron las igualadas a 18, 19, 20, 21 y 22.&nbsp;<\/p>\n\n\n\n<p>Para entonces ambos remontistas ya sab\u00edan que estaban clasificados y eso quit\u00f3 presi\u00f3n al juego lo que hizo que cogieron m\u00e1s riesgos. Barrenetxea se escap\u00f3 28-23 y parec\u00eda que ten\u00eda el partido en el bolsillo. Nunca m\u00e1s lejos de la realidad. Una falta de saque puso el 24-28 en el electr\u00f3nico y otros seis tantos seguidos del urnietarra le otorg\u00f3 una victoria que le puede dar fuerzas para la semifinal.&nbsp;<\/p>\n\n\n\n<p>Ansa hizo 18 tantos en el peloteo y cuatro fallos. Con el saque hizo siete tantos por una falta de saque. Barrenetxea acab\u00f3 con 8 tantos de saque, pero tambi\u00e9n con cuatro faltas para hacer 15 tantos en el peloteo por un fallo.&nbsp;El partido de hoy ha podido ser el mejor preludio de lo que veremos el pr\u00f3ximo s\u00e1bado.&nbsp;<\/p>\n","protected":false},"excerpt":{"rendered":"<p>Ansa II y Barrenetxea IV disputar\u00e1n la semifinal del Torneo Individual de remonte-Gran Premio Kutxabank despu\u00e9s que en el mismo partido, Ansa haya ganado 28-30 al zaguero hernaniarra.&nbsp;Barrenetxea ya estaba clasificado para semifinales, mientras Ansa necesitaba hacer 17 tantos. No solo hizo 17 sino que gan\u00f3 su primer partido en la liguilla de semifinales y [&hellip;]<\/p>\n","protected":false},"author":5,"featured_media":5909,"comment_status":"closed","ping_status":"open","sticky":false,"template":"","format":"standard","meta":{"_et_pb_use_builder":"off","_et_pb_old_content":"","_et_gb_content_width":"","footnotes":""},"categories":[1],"tags":[],"yoast_head":"<!-- This site is optimized with the Yoast SEO plugin v21.8 - https:\/\/yoast.com\/wordpress\/plugins\/seo\/ -->\n<title>Ansa II termina segundo la liguilla tras ganar a Barrenetxea IV | Oriamendi 2010<\/title>\n<meta name=\"robots\" content=\"index, follow, max-snippet:-1, max-image-preview:large, max-video-preview:-1\" \/>\n<link rel=\"canonical\" href=\"https:\/\/oriamendi.eus\/es\/2021\/08\/28\/ansa-ii-termina-segundo-la-liguilla-tras-ganar-a-barrenetxea-iv\/\" \/>\n<meta property=\"og:locale\" content=\"es_ES\" \/>\n<meta property=\"og:type\" content=\"article\" \/>\n<meta property=\"og:title\" content=\"Ansa II termina segundo la liguilla tras ganar a Barrenetxea IV | Oriamendi 2010\" \/>\n<meta property=\"og:description\" content=\"Ansa II y Barrenetxea IV disputar\u00e1n la semifinal del Torneo Individual de remonte-Gran Premio Kutxabank despu\u00e9s que en el mismo partido, Ansa haya ganado 28-30 al zaguero hernaniarra.&nbsp;Barrenetxea ya estaba clasificado para semifinales, mientras Ansa necesitaba hacer 17 tantos. No solo hizo 17 sino que gan\u00f3 su primer partido en la liguilla de semifinales y [&hellip;]\" \/>\n<meta property=\"og:url\" content=\"https:\/\/oriamendi.eus\/es\/2021\/08\/28\/ansa-ii-termina-segundo-la-liguilla-tras-ganar-a-barrenetxea-iv\/\" \/>\n<meta property=\"og:site_name\" content=\"Oriamendi 2010\" \/>\n<meta property=\"article:publisher\" content=\"https:\/\/www.facebook.com\/oriamendi2010remonte\/\" \/>\n<meta property=\"article:published_time\" content=\"2021-08-28T17:47:37+00:00\" \/>\n<meta property=\"article:modified_time\" content=\"2021-08-28T17:47:39+00:00\" \/>\n<meta property=\"og:image\" content=\"https:\/\/oriamendi.eus\/wp-content\/uploads\/2021\/08\/ansa1.jpg\" \/>\n\t<meta property=\"og:image:width\" content=\"1200\" \/>\n\t<meta property=\"og:image:height\" content=\"800\" \/>\n\t<meta property=\"og:image:type\" content=\"image\/jpeg\" \/>\n<meta name=\"author\" content=\"I\u00f1igo Go\u00f1i\" \/>\n<meta name=\"twitter:card\" content=\"summary_large_image\" \/>\n<meta name=\"twitter:creator\" content=\"@oriamendi2010\" \/>\n<meta name=\"twitter:site\" content=\"@oriamendi2010\" \/>\n<meta name=\"twitter:label1\" content=\"Escrito por\" \/>\n\t<meta name=\"twitter:data1\" content=\"I\u00f1igo Go\u00f1i\" \/>\n\t<meta name=\"twitter:label2\" content=\"Tiempo de lectura\" \/>\n\t<meta name=\"twitter:data2\" content=\"2 minutos\" \/>\n<script type=\"application\/ld+json\" class=\"yoast-schema-graph\">{\"@context\":\"https:\/\/schema.org\",\"@graph\":[{\"@type\":\"Article\",\"@id\":\"https:\/\/oriamendi.eus\/es\/2021\/08\/28\/ansa-ii-termina-segundo-la-liguilla-tras-ganar-a-barrenetxea-iv\/#article\",\"isPartOf\":{\"@id\":\"https:\/\/oriamendi.eus\/es\/2021\/08\/28\/ansa-ii-termina-segundo-la-liguilla-tras-ganar-a-barrenetxea-iv\/\"},\"author\":{\"name\":\"I\u00f1igo Go\u00f1i\",\"@id\":\"https:\/\/oriamendi.eus\/es\/#\/schema\/person\/c0bd06c6c747674306a5c82563e2339a\"},\"headline\":\"Ansa II termina segundo la liguilla tras ganar a Barrenetxea IV\",\"datePublished\":\"2021-08-28T17:47:37+00:00\",\"dateModified\":\"2021-08-28T17:47:39+00:00\",\"mainEntityOfPage\":{\"@id\":\"https:\/\/oriamendi.eus\/es\/2021\/08\/28\/ansa-ii-termina-segundo-la-liguilla-tras-ganar-a-barrenetxea-iv\/\"},\"wordCount\":357,\"publisher\":{\"@id\":\"https:\/\/oriamendi.eus\/es\/#organization\"},\"articleSection\":[\"Sin categorizar\"],\"inLanguage\":\"es\"},{\"@type\":\"WebPage\",\"@id\":\"https:\/\/oriamendi.eus\/es\/2021\/08\/28\/ansa-ii-termina-segundo-la-liguilla-tras-ganar-a-barrenetxea-iv\/\",\"url\":\"https:\/\/oriamendi.eus\/es\/2021\/08\/28\/ansa-ii-termina-segundo-la-liguilla-tras-ganar-a-barrenetxea-iv\/\",\"name\":\"Ansa II termina segundo la liguilla tras ganar a Barrenetxea IV | Oriamendi 2010\",\"isPartOf\":{\"@id\":\"https:\/\/oriamendi.eus\/es\/#website\"},\"datePublished\":\"2021-08-28T17:47:37+00:00\",\"dateModified\":\"2021-08-28T17:47:39+00:00\",\"breadcrumb\":{\"@id\":\"https:\/\/oriamendi.eus\/es\/2021\/08\/28\/ansa-ii-termina-segundo-la-liguilla-tras-ganar-a-barrenetxea-iv\/#breadcrumb\"},\"inLanguage\":\"es\",\"potentialAction\":[{\"@type\":\"ReadAction\",\"target\":[\"https:\/\/oriamendi.eus\/es\/2021\/08\/28\/ansa-ii-termina-segundo-la-liguilla-tras-ganar-a-barrenetxea-iv\/\"]}]},{\"@type\":\"BreadcrumbList\",\"@id\":\"https:\/\/oriamendi.eus\/es\/2021\/08\/28\/ansa-ii-termina-segundo-la-liguilla-tras-ganar-a-barrenetxea-iv\/#breadcrumb\",\"itemListElement\":[{\"@type\":\"ListItem\",\"position\":1,\"name\":\"Portada\",\"item\":\"https:\/\/oriamendi.eus\/es\/\"},{\"@type\":\"ListItem\",\"position\":2,\"name\":\"Ansa II termina segundo la liguilla tras ganar a Barrenetxea IV\"}]},{\"@type\":\"WebSite\",\"@id\":\"https:\/\/oriamendi.eus\/es\/#website\",\"url\":\"https:\/\/oriamendi.eus\/es\/\",\"name\":\"Oriamendi\",\"description\":\"Remonte en Galarreta. Hernani. Gipuzkoa\",\"publisher\":{\"@id\":\"https:\/\/oriamendi.eus\/es\/#organization\"},\"potentialAction\":[{\"@type\":\"SearchAction\",\"target\":{\"@type\":\"EntryPoint\",\"urlTemplate\":\"https:\/\/oriamendi.eus\/es\/?s={search_term_string}\"},\"query-input\":\"required name=search_term_string\"}],\"inLanguage\":\"es\"},{\"@type\":\"Organization\",\"@id\":\"https:\/\/oriamendi.eus\/es\/#organization\",\"name\":\"Oriamendi\",\"url\":\"https:\/\/oriamendi.eus\/es\/\",\"logo\":{\"@type\":\"ImageObject\",\"inLanguage\":\"es\",\"@id\":\"https:\/\/oriamendi.eus\/es\/#\/schema\/logo\/image\/\",\"url\":\"https:\/\/oriamendi.eus\/wp-content\/uploads\/2020\/06\/logo-oriamendi.png\",\"contentUrl\":\"https:\/\/oriamendi.eus\/wp-content\/uploads\/2020\/06\/logo-oriamendi.png\",\"width\":300,\"height\":90,\"caption\":\"Oriamendi\"},\"image\":{\"@id\":\"https:\/\/oriamendi.eus\/es\/#\/schema\/logo\/image\/\"},\"sameAs\":[\"https:\/\/www.facebook.com\/oriamendi2010remonte\/\",\"https:\/\/twitter.com\/oriamendi2010\",\"https:\/\/www.instagram.com\/galarretajaialai\/\",\"https:\/\/www.youtube.com\/channel\/UC8gVNzQqB1iwnC-_rI-ihmA\/featured\"]},{\"@type\":\"Person\",\"@id\":\"https:\/\/oriamendi.eus\/es\/#\/schema\/person\/c0bd06c6c747674306a5c82563e2339a\",\"name\":\"I\u00f1igo Go\u00f1i\",\"image\":{\"@type\":\"ImageObject\",\"inLanguage\":\"es\",\"@id\":\"https:\/\/oriamendi.eus\/es\/#\/schema\/person\/image\/\",\"url\":\"https:\/\/secure.gravatar.com\/avatar\/fbb07ffc7b803bbfcc2b6419c06abd3a?s=96&d=mm&r=g\",\"contentUrl\":\"https:\/\/secure.gravatar.com\/avatar\/fbb07ffc7b803bbfcc2b6419c06abd3a?s=96&d=mm&r=g\",\"caption\":\"I\u00f1igo Go\u00f1i\"},\"url\":\"https:\/\/oriamendi.eus\/es\/author\/om-berriak\/\"}]}<\/script>\n<!-- \/ Yoast SEO plugin. -->","yoast_head_json":{"title":"Ansa II termina segundo la liguilla tras ganar a Barrenetxea IV | Oriamendi 2010","robots":{"index":"index","follow":"follow","max-snippet":"max-snippet:-1","max-image-preview":"max-image-preview:large","max-video-preview":"max-video-preview:-1"},"canonical":"https:\/\/oriamendi.eus\/es\/2021\/08\/28\/ansa-ii-termina-segundo-la-liguilla-tras-ganar-a-barrenetxea-iv\/","og_locale":"es_ES","og_type":"article","og_title":"Ansa II termina segundo la liguilla tras ganar a Barrenetxea IV | Oriamendi 2010","og_description":"Ansa II y Barrenetxea IV disputar\u00e1n la semifinal del Torneo Individual de remonte-Gran Premio Kutxabank despu\u00e9s que en el mismo partido, Ansa haya ganado 28-30 al zaguero hernaniarra.&nbsp;Barrenetxea ya estaba clasificado para semifinales, mientras Ansa necesitaba hacer 17 tantos. No solo hizo 17 sino que gan\u00f3 su primer partido en la liguilla de semifinales y [&hellip;]","og_url":"https:\/\/oriamendi.eus\/es\/2021\/08\/28\/ansa-ii-termina-segundo-la-liguilla-tras-ganar-a-barrenetxea-iv\/","og_site_name":"Oriamendi 2010","article_publisher":"https:\/\/www.facebook.com\/oriamendi2010remonte\/","article_published_time":"2021-08-28T17:47:37+00:00","article_modified_time":"2021-08-28T17:47:39+00:00","og_image":[{"width":1200,"height":800,"url":"https:\/\/oriamendi.eus\/wp-content\/uploads\/2021\/08\/ansa1.jpg","type":"image\/jpeg"}],"author":"I\u00f1igo Go\u00f1i","twitter_card":"summary_large_image","twitter_creator":"@oriamendi2010","twitter_site":"@oriamendi2010","twitter_misc":{"Escrito por":"I\u00f1igo Go\u00f1i","Tiempo de lectura":"2 minutos"},"schema":{"@context":"https:\/\/schema.org","@graph":[{"@type":"Article","@id":"https:\/\/oriamendi.eus\/es\/2021\/08\/28\/ansa-ii-termina-segundo-la-liguilla-tras-ganar-a-barrenetxea-iv\/#article","isPartOf":{"@id":"https:\/\/oriamendi.eus\/es\/2021\/08\/28\/ansa-ii-termina-segundo-la-liguilla-tras-ganar-a-barrenetxea-iv\/"},"author":{"name":"I\u00f1igo Go\u00f1i","@id":"https:\/\/oriamendi.eus\/es\/#\/schema\/person\/c0bd06c6c747674306a5c82563e2339a"},"headline":"Ansa II termina segundo la liguilla tras ganar a Barrenetxea IV","datePublished":"2021-08-28T17:47:37+00:00","dateModified":"2021-08-28T17:47:39+00:00","mainEntityOfPage":{"@id":"https:\/\/oriamendi.eus\/es\/2021\/08\/28\/ansa-ii-termina-segundo-la-liguilla-tras-ganar-a-barrenetxea-iv\/"},"wordCount":357,"publisher":{"@id":"https:\/\/oriamendi.eus\/es\/#organization"},"articleSection":["Sin categorizar"],"inLanguage":"es"},{"@type":"WebPage","@id":"https:\/\/oriamendi.eus\/es\/2021\/08\/28\/ansa-ii-termina-segundo-la-liguilla-tras-ganar-a-barrenetxea-iv\/","url":"https:\/\/oriamendi.eus\/es\/2021\/08\/28\/ansa-ii-termina-segundo-la-liguilla-tras-ganar-a-barrenetxea-iv\/","name":"Ansa II termina segundo la liguilla tras ganar a Barrenetxea IV | Oriamendi 2010","isPartOf":{"@id":"https:\/\/oriamendi.eus\/es\/#website"},"datePublished":"2021-08-28T17:47:37+00:00","dateModified":"2021-08-28T17:47:39+00:00","breadcrumb":{"@id":"https:\/\/oriamendi.eus\/es\/2021\/08\/28\/ansa-ii-termina-segundo-la-liguilla-tras-ganar-a-barrenetxea-iv\/#breadcrumb"},"inLanguage":"es","potentialAction":[{"@type":"ReadAction","target":["https:\/\/oriamendi.eus\/es\/2021\/08\/28\/ansa-ii-termina-segundo-la-liguilla-tras-ganar-a-barrenetxea-iv\/"]}]},{"@type":"BreadcrumbList","@id":"https:\/\/oriamendi.eus\/es\/2021\/08\/28\/ansa-ii-termina-segundo-la-liguilla-tras-ganar-a-barrenetxea-iv\/#breadcrumb","itemListElement":[{"@type":"ListItem","position":1,"name":"Portada","item":"https:\/\/oriamendi.eus\/es\/"},{"@type":"ListItem","position":2,"name":"Ansa II termina segundo la liguilla tras ganar a Barrenetxea IV"}]},{"@type":"WebSite","@id":"https:\/\/oriamendi.eus\/es\/#website","url":"https:\/\/oriamendi.eus\/es\/","name":"Oriamendi","description":"Remonte en Galarreta. Hernani. Gipuzkoa","publisher":{"@id":"https:\/\/oriamendi.eus\/es\/#organization"},"potentialAction":[{"@type":"SearchAction","target":{"@type":"EntryPoint","urlTemplate":"https:\/\/oriamendi.eus\/es\/?s={search_term_string}"},"query-input":"required name=search_term_string"}],"inLanguage":"es"},{"@type":"Organization","@id":"https:\/\/oriamendi.eus\/es\/#organization","name":"Oriamendi","url":"https:\/\/oriamendi.eus\/es\/","logo":{"@type":"ImageObject","inLanguage":"es","@id":"https:\/\/oriamendi.eus\/es\/#\/schema\/logo\/image\/","url":"https:\/\/oriamendi.eus\/wp-content\/uploads\/2020\/06\/logo-oriamendi.png","contentUrl":"https:\/\/oriamendi.eus\/wp-content\/uploads\/2020\/06\/logo-oriamendi.png","width":300,"height":90,"caption":"Oriamendi"},"image":{"@id":"https:\/\/oriamendi.eus\/es\/#\/schema\/logo\/image\/"},"sameAs":["https:\/\/www.facebook.com\/oriamendi2010remonte\/","https:\/\/twitter.com\/oriamendi2010","https:\/\/www.instagram.com\/galarretajaialai\/","https:\/\/www.youtube.com\/channel\/UC8gVNzQqB1iwnC-_rI-ihmA\/featured"]},{"@type":"Person","@id":"https:\/\/oriamendi.eus\/es\/#\/schema\/person\/c0bd06c6c747674306a5c82563e2339a","name":"I\u00f1igo Go\u00f1i","image":{"@type":"ImageObject","inLanguage":"es","@id":"https:\/\/oriamendi.eus\/es\/#\/schema\/person\/image\/","url":"https:\/\/secure.gravatar.com\/avatar\/fbb07ffc7b803bbfcc2b6419c06abd3a?s=96&d=mm&r=g","contentUrl":"https:\/\/secure.gravatar.com\/avatar\/fbb07ffc7b803bbfcc2b6419c06abd3a?s=96&d=mm&r=g","caption":"I\u00f1igo Go\u00f1i"},"url":"https:\/\/oriamendi.eus\/es\/author\/om-berriak\/"}]}},"_links":{"self":[{"href":"https:\/\/oriamendi.eus\/es\/wp-json\/wp\/v2\/posts\/5907"}],"collection":[{"href":"https:\/\/oriamendi.eus\/es\/wp-json\/wp\/v2\/posts"}],"about":[{"href":"https:\/\/oriamendi.eus\/es\/wp-json\/wp\/v2\/types\/post"}],"author":[{"embeddable":true,"href":"https:\/\/oriamendi.eus\/es\/wp-json\/wp\/v2\/users\/5"}],"replies":[{"embeddable":true,"href":"https:\/\/oriamendi.eus\/es\/wp-json\/wp\/v2\/comments?post=5907"}],"version-history":[{"count":2,"href":"https:\/\/oriamendi.eus\/es\/wp-json\/wp\/v2\/posts\/5907\/revisions"}],"predecessor-version":[{"id":5911,"href":"https:\/\/oriamendi.eus\/es\/wp-json\/wp\/v2\/posts\/5907\/revisions\/5911"}],"wp:featuredmedia":[{"embeddable":true,"href":"https:\/\/oriamendi.eus\/es\/wp-json\/wp\/v2\/media\/5909"}],"wp:attachment":[{"href":"https:\/\/oriamendi.eus\/es\/wp-json\/wp\/v2\/media?parent=5907"}],"wp:term":[{"taxonomy":"category","embeddable":true,"href":"https:\/\/oriamendi.eus\/es\/wp-json\/wp\/v2\/categories?post=5907"},{"taxonomy":"post_tag","embeddable":true,"href":"https:\/\/oriamendi.eus\/es\/wp-json\/wp\/v2\/tags?post=5907"}],"curies":[{"name":"wp","href":"https:\/\/api.w.org\/{rel}","templated":true}]}}