                                        
                                        
                                        
                                        
                                        
                                        
                                        
                                        
                                        
                                        
                                        
                                        
                                        
                                        
                                        
                                        
                                        
                                        
{"id":5872,"date":"2021-08-13T12:51:03","date_gmt":"2021-08-13T10:51:03","guid":{"rendered":"https:\/\/oriamendi.eus\/?p=5872"},"modified":"2021-08-13T12:51:05","modified_gmt":"2021-08-13T10:51:05","slug":"urriza-sufre-para-ganar-a-un-ansa-que-presenta-su-candidatura","status":"publish","type":"post","link":"https:\/\/oriamendi.eus\/es\/2021\/08\/13\/urriza-sufre-para-ganar-a-un-ansa-que-presenta-su-candidatura\/","title":{"rendered":"Urriza sufre para ganar a un Ansa que presenta su candidatura"},"content":{"rendered":"\n<p>Urriza se impuso 30-28 a Ansa II en el primer partido de la liguilla de semifinales del Torneo Individual-Gran Premio Kutxabank. El ganador suma sus primeros cuatro puntos y el perdedor suma dos.<\/p>\n\n\n\n<p>A pesar de la victoria el siete veces ganador de la txapela individual sufri\u00f3 para superar a un Ansa que present\u00f3 su candidatura a hacer algo grande. El partido fue precioso, para enmarcar en el que ambos pelotaris brillaron con un juego espectacular. Al finalizar el partido el p\u00fablico reunido en Galarreta les aplaudi\u00f3 levantados de sus asientos. Se lo merec\u00edan despu\u00e9s de ver el duelo que ofrecieron durante m\u00e1s de 75 minutos.\u00a0De poder a poder, se vieron tantos preciosos, no hubo apenas errores y el saque tampoco fue decisivo. Eso hizo que se vieran peloteos preciosos y defensas numantinas, en su l\u00ednea, por parte de Urriza. <\/p>\n\n\n\n<p>Ansa arriesgaba m\u00e1s y puso en muchos aprietos al campe\u00f3n.\u00a0El delantero de Urnieta se adelant\u00f3 0-1, pero Urriza puso la directa y se march\u00f3 7-2. Parec\u00eda que no iba haber mucha emoci\u00f3n, ya que Ansa cometi\u00f3 algunos errores claros, pero se rehizo y dio vuelta a la situaci\u00f3n. Incluso pas\u00f3 a Urriza en el marcador en el 8-9.\u00a0El segundo tir\u00f3n del delantero de Pamplona tampoco fue decisivo. Volvi\u00f3 apretar, esta vez con el saque, y se march\u00f3 16-10. Es muy complicado volver a acercarse a Urriza una segunda vez, pero Ansa lo logr\u00f3. Con pelotazos brillantes y dominando en el peloteo volvi\u00f3 a meterse de lleno en el partido 18-16 y empat\u00f3 a 22.\u00a0<\/p>\n\n\n\n<p>Parec\u00eda que Urriza estaba m\u00e1s cansado, pero sac\u00f3 su casta de campe\u00f3n y jug\u00f3 sus mejores tantos para volver a tomar una ventaja de tres tantos en el 26-23. No hubo m\u00e1s empates, pero si emoci\u00f3n. Ansa acort\u00f3 ventajas a la m\u00ednima expresi\u00f3n en el 28-27 y en el 29-28, pero el \u00faltimo tanto cay\u00f3 del lado del navarro tras arrimar una pelota que Ansa lo llev\u00f3 justo y toc\u00f3 en la chapa.\u00a0A pesar de la derrota Ansa pele\u00f3 de t\u00fa a t\u00fa con Urriza e incluso en el peloteo no fue inferior. Urriza a base de trabajo, experiencia y su defensa ya hist\u00f3rica pudo sumar los cuatro primeros puntos.El Individual no ha podido comenzar de mejor forma en su liguilla de semifinal y el s\u00e1bado tendr\u00e1 su continuidad con el segundo partido entre Barrenetxea y Juanenea.\u00a0<\/p>\n","protected":false},"excerpt":{"rendered":"<p>Urriza se impuso 30-28 a Ansa II en el primer partido de la liguilla de semifinales del Torneo Individual-Gran Premio Kutxabank. El ganador suma sus primeros cuatro puntos y el perdedor suma dos. A pesar de la victoria el siete veces ganador de la txapela individual sufri\u00f3 para superar a un Ansa que present\u00f3 su [&hellip;]<\/p>\n","protected":false},"author":5,"featured_media":5824,"comment_status":"closed","ping_status":"open","sticky":false,"template":"","format":"standard","meta":{"_et_pb_use_builder":"off","_et_pb_old_content":"","_et_gb_content_width":"","footnotes":""},"categories":[1],"tags":[],"yoast_head":"<!-- This site is optimized with the Yoast SEO plugin v21.8 - https:\/\/yoast.com\/wordpress\/plugins\/seo\/ -->\n<title>Urriza sufre para ganar a un Ansa que presenta su candidatura | Oriamendi 2010<\/title>\n<meta name=\"robots\" content=\"index, follow, max-snippet:-1, max-image-preview:large, max-video-preview:-1\" \/>\n<link rel=\"canonical\" href=\"https:\/\/oriamendi.eus\/es\/2021\/08\/13\/urriza-sufre-para-ganar-a-un-ansa-que-presenta-su-candidatura\/\" \/>\n<meta property=\"og:locale\" content=\"es_ES\" \/>\n<meta property=\"og:type\" content=\"article\" \/>\n<meta property=\"og:title\" content=\"Urriza sufre para ganar a un Ansa que presenta su candidatura | Oriamendi 2010\" \/>\n<meta property=\"og:description\" content=\"Urriza se impuso 30-28 a Ansa II en el primer partido de la liguilla de semifinales del Torneo Individual-Gran Premio Kutxabank. El ganador suma sus primeros cuatro puntos y el perdedor suma dos. A pesar de la victoria el siete veces ganador de la txapela individual sufri\u00f3 para superar a un Ansa que present\u00f3 su [&hellip;]\" \/>\n<meta property=\"og:url\" content=\"https:\/\/oriamendi.eus\/es\/2021\/08\/13\/urriza-sufre-para-ganar-a-un-ansa-que-presenta-su-candidatura\/\" \/>\n<meta property=\"og:site_name\" content=\"Oriamendi 2010\" \/>\n<meta property=\"article:publisher\" content=\"https:\/\/www.facebook.com\/oriamendi2010remonte\/\" \/>\n<meta property=\"article:published_time\" content=\"2021-08-13T10:51:03+00:00\" \/>\n<meta property=\"article:modified_time\" content=\"2021-08-13T10:51:05+00:00\" \/>\n<meta property=\"og:image\" content=\"https:\/\/oriamendi.eus\/wp-content\/uploads\/2021\/07\/20210714172555__52A8809-01.jpeg\" \/>\n\t<meta property=\"og:image:width\" content=\"1200\" \/>\n\t<meta property=\"og:image:height\" content=\"800\" \/>\n\t<meta property=\"og:image:type\" content=\"image\/jpeg\" \/>\n<meta name=\"author\" content=\"I\u00f1igo Go\u00f1i\" \/>\n<meta name=\"twitter:card\" content=\"summary_large_image\" \/>\n<meta name=\"twitter:creator\" content=\"@oriamendi2010\" \/>\n<meta name=\"twitter:site\" content=\"@oriamendi2010\" \/>\n<meta name=\"twitter:label1\" content=\"Escrito por\" \/>\n\t<meta name=\"twitter:data1\" content=\"I\u00f1igo Go\u00f1i\" \/>\n\t<meta name=\"twitter:label2\" content=\"Tiempo de lectura\" \/>\n\t<meta name=\"twitter:data2\" content=\"2 minutos\" \/>\n<script type=\"application\/ld+json\" class=\"yoast-schema-graph\">{\"@context\":\"https:\/\/schema.org\",\"@graph\":[{\"@type\":\"Article\",\"@id\":\"https:\/\/oriamendi.eus\/es\/2021\/08\/13\/urriza-sufre-para-ganar-a-un-ansa-que-presenta-su-candidatura\/#article\",\"isPartOf\":{\"@id\":\"https:\/\/oriamendi.eus\/es\/2021\/08\/13\/urriza-sufre-para-ganar-a-un-ansa-que-presenta-su-candidatura\/\"},\"author\":{\"name\":\"I\u00f1igo Go\u00f1i\",\"@id\":\"https:\/\/oriamendi.eus\/es\/#\/schema\/person\/c0bd06c6c747674306a5c82563e2339a\"},\"headline\":\"Urriza sufre para ganar a un Ansa que presenta su candidatura\",\"datePublished\":\"2021-08-13T10:51:03+00:00\",\"dateModified\":\"2021-08-13T10:51:05+00:00\",\"mainEntityOfPage\":{\"@id\":\"https:\/\/oriamendi.eus\/es\/2021\/08\/13\/urriza-sufre-para-ganar-a-un-ansa-que-presenta-su-candidatura\/\"},\"wordCount\":425,\"publisher\":{\"@id\":\"https:\/\/oriamendi.eus\/es\/#organization\"},\"articleSection\":[\"Sin categorizar\"],\"inLanguage\":\"es\"},{\"@type\":\"WebPage\",\"@id\":\"https:\/\/oriamendi.eus\/es\/2021\/08\/13\/urriza-sufre-para-ganar-a-un-ansa-que-presenta-su-candidatura\/\",\"url\":\"https:\/\/oriamendi.eus\/es\/2021\/08\/13\/urriza-sufre-para-ganar-a-un-ansa-que-presenta-su-candidatura\/\",\"name\":\"Urriza sufre para ganar a un Ansa que presenta su candidatura | Oriamendi 2010\",\"isPartOf\":{\"@id\":\"https:\/\/oriamendi.eus\/es\/#website\"},\"datePublished\":\"2021-08-13T10:51:03+00:00\",\"dateModified\":\"2021-08-13T10:51:05+00:00\",\"breadcrumb\":{\"@id\":\"https:\/\/oriamendi.eus\/es\/2021\/08\/13\/urriza-sufre-para-ganar-a-un-ansa-que-presenta-su-candidatura\/#breadcrumb\"},\"inLanguage\":\"es\",\"potentialAction\":[{\"@type\":\"ReadAction\",\"target\":[\"https:\/\/oriamendi.eus\/es\/2021\/08\/13\/urriza-sufre-para-ganar-a-un-ansa-que-presenta-su-candidatura\/\"]}]},{\"@type\":\"BreadcrumbList\",\"@id\":\"https:\/\/oriamendi.eus\/es\/2021\/08\/13\/urriza-sufre-para-ganar-a-un-ansa-que-presenta-su-candidatura\/#breadcrumb\",\"itemListElement\":[{\"@type\":\"ListItem\",\"position\":1,\"name\":\"Portada\",\"item\":\"https:\/\/oriamendi.eus\/es\/\"},{\"@type\":\"ListItem\",\"position\":2,\"name\":\"Urriza sufre para ganar a un Ansa que presenta su candidatura\"}]},{\"@type\":\"WebSite\",\"@id\":\"https:\/\/oriamendi.eus\/es\/#website\",\"url\":\"https:\/\/oriamendi.eus\/es\/\",\"name\":\"Oriamendi\",\"description\":\"Remonte en Galarreta. Hernani. Gipuzkoa\",\"publisher\":{\"@id\":\"https:\/\/oriamendi.eus\/es\/#organization\"},\"potentialAction\":[{\"@type\":\"SearchAction\",\"target\":{\"@type\":\"EntryPoint\",\"urlTemplate\":\"https:\/\/oriamendi.eus\/es\/?s={search_term_string}\"},\"query-input\":\"required name=search_term_string\"}],\"inLanguage\":\"es\"},{\"@type\":\"Organization\",\"@id\":\"https:\/\/oriamendi.eus\/es\/#organization\",\"name\":\"Oriamendi\",\"url\":\"https:\/\/oriamendi.eus\/es\/\",\"logo\":{\"@type\":\"ImageObject\",\"inLanguage\":\"es\",\"@id\":\"https:\/\/oriamendi.eus\/es\/#\/schema\/logo\/image\/\",\"url\":\"https:\/\/oriamendi.eus\/wp-content\/uploads\/2020\/06\/logo-oriamendi.png\",\"contentUrl\":\"https:\/\/oriamendi.eus\/wp-content\/uploads\/2020\/06\/logo-oriamendi.png\",\"width\":300,\"height\":90,\"caption\":\"Oriamendi\"},\"image\":{\"@id\":\"https:\/\/oriamendi.eus\/es\/#\/schema\/logo\/image\/\"},\"sameAs\":[\"https:\/\/www.facebook.com\/oriamendi2010remonte\/\",\"https:\/\/twitter.com\/oriamendi2010\",\"https:\/\/www.instagram.com\/galarretajaialai\/\",\"https:\/\/www.youtube.com\/channel\/UC8gVNzQqB1iwnC-_rI-ihmA\/featured\"]},{\"@type\":\"Person\",\"@id\":\"https:\/\/oriamendi.eus\/es\/#\/schema\/person\/c0bd06c6c747674306a5c82563e2339a\",\"name\":\"I\u00f1igo Go\u00f1i\",\"image\":{\"@type\":\"ImageObject\",\"inLanguage\":\"es\",\"@id\":\"https:\/\/oriamendi.eus\/es\/#\/schema\/person\/image\/\",\"url\":\"https:\/\/secure.gravatar.com\/avatar\/fbb07ffc7b803bbfcc2b6419c06abd3a?s=96&d=mm&r=g\",\"contentUrl\":\"https:\/\/secure.gravatar.com\/avatar\/fbb07ffc7b803bbfcc2b6419c06abd3a?s=96&d=mm&r=g\",\"caption\":\"I\u00f1igo Go\u00f1i\"},\"url\":\"https:\/\/oriamendi.eus\/es\/author\/om-berriak\/\"}]}<\/script>\n<!-- \/ Yoast SEO plugin. -->","yoast_head_json":{"title":"Urriza sufre para ganar a un Ansa que presenta su candidatura | Oriamendi 2010","robots":{"index":"index","follow":"follow","max-snippet":"max-snippet:-1","max-image-preview":"max-image-preview:large","max-video-preview":"max-video-preview:-1"},"canonical":"https:\/\/oriamendi.eus\/es\/2021\/08\/13\/urriza-sufre-para-ganar-a-un-ansa-que-presenta-su-candidatura\/","og_locale":"es_ES","og_type":"article","og_title":"Urriza sufre para ganar a un Ansa que presenta su candidatura | Oriamendi 2010","og_description":"Urriza se impuso 30-28 a Ansa II en el primer partido de la liguilla de semifinales del Torneo Individual-Gran Premio Kutxabank. El ganador suma sus primeros cuatro puntos y el perdedor suma dos. A pesar de la victoria el siete veces ganador de la txapela individual sufri\u00f3 para superar a un Ansa que present\u00f3 su [&hellip;]","og_url":"https:\/\/oriamendi.eus\/es\/2021\/08\/13\/urriza-sufre-para-ganar-a-un-ansa-que-presenta-su-candidatura\/","og_site_name":"Oriamendi 2010","article_publisher":"https:\/\/www.facebook.com\/oriamendi2010remonte\/","article_published_time":"2021-08-13T10:51:03+00:00","article_modified_time":"2021-08-13T10:51:05+00:00","og_image":[{"width":1200,"height":800,"url":"https:\/\/oriamendi.eus\/wp-content\/uploads\/2021\/07\/20210714172555__52A8809-01.jpeg","type":"image\/jpeg"}],"author":"I\u00f1igo Go\u00f1i","twitter_card":"summary_large_image","twitter_creator":"@oriamendi2010","twitter_site":"@oriamendi2010","twitter_misc":{"Escrito por":"I\u00f1igo Go\u00f1i","Tiempo de lectura":"2 minutos"},"schema":{"@context":"https:\/\/schema.org","@graph":[{"@type":"Article","@id":"https:\/\/oriamendi.eus\/es\/2021\/08\/13\/urriza-sufre-para-ganar-a-un-ansa-que-presenta-su-candidatura\/#article","isPartOf":{"@id":"https:\/\/oriamendi.eus\/es\/2021\/08\/13\/urriza-sufre-para-ganar-a-un-ansa-que-presenta-su-candidatura\/"},"author":{"name":"I\u00f1igo Go\u00f1i","@id":"https:\/\/oriamendi.eus\/es\/#\/schema\/person\/c0bd06c6c747674306a5c82563e2339a"},"headline":"Urriza sufre para ganar a un Ansa que presenta su candidatura","datePublished":"2021-08-13T10:51:03+00:00","dateModified":"2021-08-13T10:51:05+00:00","mainEntityOfPage":{"@id":"https:\/\/oriamendi.eus\/es\/2021\/08\/13\/urriza-sufre-para-ganar-a-un-ansa-que-presenta-su-candidatura\/"},"wordCount":425,"publisher":{"@id":"https:\/\/oriamendi.eus\/es\/#organization"},"articleSection":["Sin categorizar"],"inLanguage":"es"},{"@type":"WebPage","@id":"https:\/\/oriamendi.eus\/es\/2021\/08\/13\/urriza-sufre-para-ganar-a-un-ansa-que-presenta-su-candidatura\/","url":"https:\/\/oriamendi.eus\/es\/2021\/08\/13\/urriza-sufre-para-ganar-a-un-ansa-que-presenta-su-candidatura\/","name":"Urriza sufre para ganar a un Ansa que presenta su candidatura | Oriamendi 2010","isPartOf":{"@id":"https:\/\/oriamendi.eus\/es\/#website"},"datePublished":"2021-08-13T10:51:03+00:00","dateModified":"2021-08-13T10:51:05+00:00","breadcrumb":{"@id":"https:\/\/oriamendi.eus\/es\/2021\/08\/13\/urriza-sufre-para-ganar-a-un-ansa-que-presenta-su-candidatura\/#breadcrumb"},"inLanguage":"es","potentialAction":[{"@type":"ReadAction","target":["https:\/\/oriamendi.eus\/es\/2021\/08\/13\/urriza-sufre-para-ganar-a-un-ansa-que-presenta-su-candidatura\/"]}]},{"@type":"BreadcrumbList","@id":"https:\/\/oriamendi.eus\/es\/2021\/08\/13\/urriza-sufre-para-ganar-a-un-ansa-que-presenta-su-candidatura\/#breadcrumb","itemListElement":[{"@type":"ListItem","position":1,"name":"Portada","item":"https:\/\/oriamendi.eus\/es\/"},{"@type":"ListItem","position":2,"name":"Urriza sufre para ganar a un Ansa que presenta su candidatura"}]},{"@type":"WebSite","@id":"https:\/\/oriamendi.eus\/es\/#website","url":"https:\/\/oriamendi.eus\/es\/","name":"Oriamendi","description":"Remonte en Galarreta. Hernani. Gipuzkoa","publisher":{"@id":"https:\/\/oriamendi.eus\/es\/#organization"},"potentialAction":[{"@type":"SearchAction","target":{"@type":"EntryPoint","urlTemplate":"https:\/\/oriamendi.eus\/es\/?s={search_term_string}"},"query-input":"required name=search_term_string"}],"inLanguage":"es"},{"@type":"Organization","@id":"https:\/\/oriamendi.eus\/es\/#organization","name":"Oriamendi","url":"https:\/\/oriamendi.eus\/es\/","logo":{"@type":"ImageObject","inLanguage":"es","@id":"https:\/\/oriamendi.eus\/es\/#\/schema\/logo\/image\/","url":"https:\/\/oriamendi.eus\/wp-content\/uploads\/2020\/06\/logo-oriamendi.png","contentUrl":"https:\/\/oriamendi.eus\/wp-content\/uploads\/2020\/06\/logo-oriamendi.png","width":300,"height":90,"caption":"Oriamendi"},"image":{"@id":"https:\/\/oriamendi.eus\/es\/#\/schema\/logo\/image\/"},"sameAs":["https:\/\/www.facebook.com\/oriamendi2010remonte\/","https:\/\/twitter.com\/oriamendi2010","https:\/\/www.instagram.com\/galarretajaialai\/","https:\/\/www.youtube.com\/channel\/UC8gVNzQqB1iwnC-_rI-ihmA\/featured"]},{"@type":"Person","@id":"https:\/\/oriamendi.eus\/es\/#\/schema\/person\/c0bd06c6c747674306a5c82563e2339a","name":"I\u00f1igo Go\u00f1i","image":{"@type":"ImageObject","inLanguage":"es","@id":"https:\/\/oriamendi.eus\/es\/#\/schema\/person\/image\/","url":"https:\/\/secure.gravatar.com\/avatar\/fbb07ffc7b803bbfcc2b6419c06abd3a?s=96&d=mm&r=g","contentUrl":"https:\/\/secure.gravatar.com\/avatar\/fbb07ffc7b803bbfcc2b6419c06abd3a?s=96&d=mm&r=g","caption":"I\u00f1igo Go\u00f1i"},"url":"https:\/\/oriamendi.eus\/es\/author\/om-berriak\/"}]}},"_links":{"self":[{"href":"https:\/\/oriamendi.eus\/es\/wp-json\/wp\/v2\/posts\/5872"}],"collection":[{"href":"https:\/\/oriamendi.eus\/es\/wp-json\/wp\/v2\/posts"}],"about":[{"href":"https:\/\/oriamendi.eus\/es\/wp-json\/wp\/v2\/types\/post"}],"author":[{"embeddable":true,"href":"https:\/\/oriamendi.eus\/es\/wp-json\/wp\/v2\/users\/5"}],"replies":[{"embeddable":true,"href":"https:\/\/oriamendi.eus\/es\/wp-json\/wp\/v2\/comments?post=5872"}],"version-history":[{"count":1,"href":"https:\/\/oriamendi.eus\/es\/wp-json\/wp\/v2\/posts\/5872\/revisions"}],"predecessor-version":[{"id":5873,"href":"https:\/\/oriamendi.eus\/es\/wp-json\/wp\/v2\/posts\/5872\/revisions\/5873"}],"wp:featuredmedia":[{"embeddable":true,"href":"https:\/\/oriamendi.eus\/es\/wp-json\/wp\/v2\/media\/5824"}],"wp:attachment":[{"href":"https:\/\/oriamendi.eus\/es\/wp-json\/wp\/v2\/media?parent=5872"}],"wp:term":[{"taxonomy":"category","embeddable":true,"href":"https:\/\/oriamendi.eus\/es\/wp-json\/wp\/v2\/categories?post=5872"},{"taxonomy":"post_tag","embeddable":true,"href":"https:\/\/oriamendi.eus\/es\/wp-json\/wp\/v2\/tags?post=5872"}],"curies":[{"name":"wp","href":"https:\/\/api.w.org\/{rel}","templated":true}]}}