                                        
                                        
                                        
                                        
                                        
                                        
                                        
                                        
                                        
                                        
                                        
                                        
                                        
                                        
                                        
                                        
                                        
                                        
{"id":5870,"date":"2021-08-09T19:53:02","date_gmt":"2021-08-09T17:53:02","guid":{"rendered":"https:\/\/oriamendi.eus\/?p=5870"},"modified":"2021-08-09T19:53:05","modified_gmt":"2021-08-09T17:53:05","slug":"ansa-ii-pasa-de-ronda-tras-dejar-en-once-tantos-a-goikoetxea-v","status":"publish","type":"post","link":"https:\/\/oriamendi.eus\/es\/2021\/08\/09\/ansa-ii-pasa-de-ronda-tras-dejar-en-once-tantos-a-goikoetxea-v\/","title":{"rendered":"Ansa II pasa de ronda tras dejar en once tantos a Goikoetxea V"},"content":{"rendered":"\n<p>Ansa II demostr\u00f3 estar un escal\u00f3n por encima de Goikoetxea V y le gan\u00f3 30-11 en el \u00faltimo partido de la liguilla previa del Torneo Individual-Gran Premio Kutxabank. Ansa II necesitaba hacer 24 tantos, pero no quiso dejar dudas y fue superior a su rival desde el inicio. Goikoetxea lo intent\u00f3, pero se vio superado por su paisano. El ganador termina la primera liguilla con ocho puntos, dos victorias, y ahora se medir\u00e1 a Urriza el pr\u00f3ximo jueves en el primer partido de la liguilla.<\/p>\n\n\n\n<p>Ansa II sac\u00f3 a relucir sus recursos y sac\u00f3 muy bien y tambi\u00e9n se luci\u00f3 en el peloteo. Termin\u00f3 con 12 tantos de saque y trece en el peloteo. Goikoetxea se qued\u00f3 en un tanto de saque y nueve en el peloteo. El marcador dej\u00f3 claro la diferencia que hubo entre uno y otro.&nbsp;<\/p>\n\n\n\n<p>En el estelar de parejas Urriza jug\u00f3 al final con Zubiri y Barrenetxea con Juanenea y \u00e9stos \u00faltimos ganaron 28-40 en un estelar muy bonito. El marcador es enga\u00f1oso, ya que los colorados perd\u00edan solo por dos tantos en el 27-29 y un parcial de 1-11 decidi\u00f3 el choque.&nbsp;<\/p>\n\n\n\n<p>Hasta entonces el choque fue igualado. Urriza reaparec\u00eda tras el confinamiento y lo hizo a gran nivel, pero los azules hicieron m\u00e1s pareja. Juanenea estuvo a gran nivel y Barrenetxea ha vuelto de su lesi\u00f3n de mu\u00f1eca m\u00e1s fuerte.&nbsp;<\/p>\n","protected":false},"excerpt":{"rendered":"<p>Ansa II demostr\u00f3 estar un escal\u00f3n por encima de Goikoetxea V y le gan\u00f3 30-11 en el \u00faltimo partido de la liguilla previa del Torneo Individual-Gran Premio Kutxabank. Ansa II necesitaba hacer 24 tantos, pero no quiso dejar dudas y fue superior a su rival desde el inicio. Goikoetxea lo intent\u00f3, pero se vio superado [&hellip;]<\/p>\n","protected":false},"author":5,"featured_media":5801,"comment_status":"closed","ping_status":"open","sticky":false,"template":"","format":"standard","meta":{"_et_pb_use_builder":"off","_et_pb_old_content":"","_et_gb_content_width":"","footnotes":""},"categories":[1],"tags":[],"yoast_head":"<!-- This site is optimized with the Yoast SEO plugin v21.8 - https:\/\/yoast.com\/wordpress\/plugins\/seo\/ -->\n<title>Ansa II pasa de ronda tras dejar en once tantos a Goikoetxea V | Oriamendi 2010<\/title>\n<meta name=\"robots\" content=\"index, follow, max-snippet:-1, max-image-preview:large, max-video-preview:-1\" \/>\n<link rel=\"canonical\" href=\"https:\/\/oriamendi.eus\/es\/2021\/08\/09\/ansa-ii-pasa-de-ronda-tras-dejar-en-once-tantos-a-goikoetxea-v\/\" \/>\n<meta property=\"og:locale\" content=\"es_ES\" \/>\n<meta property=\"og:type\" content=\"article\" \/>\n<meta property=\"og:title\" content=\"Ansa II pasa de ronda tras dejar en once tantos a Goikoetxea V | Oriamendi 2010\" \/>\n<meta property=\"og:description\" content=\"Ansa II demostr\u00f3 estar un escal\u00f3n por encima de Goikoetxea V y le gan\u00f3 30-11 en el \u00faltimo partido de la liguilla previa del Torneo Individual-Gran Premio Kutxabank. Ansa II necesitaba hacer 24 tantos, pero no quiso dejar dudas y fue superior a su rival desde el inicio. Goikoetxea lo intent\u00f3, pero se vio superado [&hellip;]\" \/>\n<meta property=\"og:url\" content=\"https:\/\/oriamendi.eus\/es\/2021\/08\/09\/ansa-ii-pasa-de-ronda-tras-dejar-en-once-tantos-a-goikoetxea-v\/\" \/>\n<meta property=\"og:site_name\" content=\"Oriamendi 2010\" \/>\n<meta property=\"article:publisher\" content=\"https:\/\/www.facebook.com\/oriamendi2010remonte\/\" \/>\n<meta property=\"article:published_time\" content=\"2021-08-09T17:53:02+00:00\" \/>\n<meta property=\"article:modified_time\" content=\"2021-08-09T17:53:05+00:00\" \/>\n<meta property=\"og:image\" content=\"https:\/\/oriamendi.eus\/wp-content\/uploads\/2021\/07\/ansa.jpg\" \/>\n\t<meta property=\"og:image:width\" content=\"1200\" \/>\n\t<meta property=\"og:image:height\" content=\"800\" \/>\n\t<meta property=\"og:image:type\" content=\"image\/jpeg\" \/>\n<meta name=\"author\" content=\"I\u00f1igo Go\u00f1i\" \/>\n<meta name=\"twitter:card\" content=\"summary_large_image\" \/>\n<meta name=\"twitter:creator\" content=\"@oriamendi2010\" \/>\n<meta name=\"twitter:site\" content=\"@oriamendi2010\" \/>\n<meta name=\"twitter:label1\" content=\"Escrito por\" \/>\n\t<meta name=\"twitter:data1\" content=\"I\u00f1igo Go\u00f1i\" \/>\n\t<meta name=\"twitter:label2\" content=\"Tiempo de lectura\" \/>\n\t<meta name=\"twitter:data2\" content=\"1 minuto\" \/>\n<script type=\"application\/ld+json\" class=\"yoast-schema-graph\">{\"@context\":\"https:\/\/schema.org\",\"@graph\":[{\"@type\":\"Article\",\"@id\":\"https:\/\/oriamendi.eus\/es\/2021\/08\/09\/ansa-ii-pasa-de-ronda-tras-dejar-en-once-tantos-a-goikoetxea-v\/#article\",\"isPartOf\":{\"@id\":\"https:\/\/oriamendi.eus\/es\/2021\/08\/09\/ansa-ii-pasa-de-ronda-tras-dejar-en-once-tantos-a-goikoetxea-v\/\"},\"author\":{\"name\":\"I\u00f1igo Go\u00f1i\",\"@id\":\"https:\/\/oriamendi.eus\/es\/#\/schema\/person\/c0bd06c6c747674306a5c82563e2339a\"},\"headline\":\"Ansa II pasa de ronda tras dejar en once tantos a Goikoetxea V\",\"datePublished\":\"2021-08-09T17:53:02+00:00\",\"dateModified\":\"2021-08-09T17:53:05+00:00\",\"mainEntityOfPage\":{\"@id\":\"https:\/\/oriamendi.eus\/es\/2021\/08\/09\/ansa-ii-pasa-de-ronda-tras-dejar-en-once-tantos-a-goikoetxea-v\/\"},\"wordCount\":251,\"publisher\":{\"@id\":\"https:\/\/oriamendi.eus\/es\/#organization\"},\"articleSection\":[\"Sin categorizar\"],\"inLanguage\":\"es\"},{\"@type\":\"WebPage\",\"@id\":\"https:\/\/oriamendi.eus\/es\/2021\/08\/09\/ansa-ii-pasa-de-ronda-tras-dejar-en-once-tantos-a-goikoetxea-v\/\",\"url\":\"https:\/\/oriamendi.eus\/es\/2021\/08\/09\/ansa-ii-pasa-de-ronda-tras-dejar-en-once-tantos-a-goikoetxea-v\/\",\"name\":\"Ansa II pasa de ronda tras dejar en once tantos a Goikoetxea V | Oriamendi 2010\",\"isPartOf\":{\"@id\":\"https:\/\/oriamendi.eus\/es\/#website\"},\"datePublished\":\"2021-08-09T17:53:02+00:00\",\"dateModified\":\"2021-08-09T17:53:05+00:00\",\"breadcrumb\":{\"@id\":\"https:\/\/oriamendi.eus\/es\/2021\/08\/09\/ansa-ii-pasa-de-ronda-tras-dejar-en-once-tantos-a-goikoetxea-v\/#breadcrumb\"},\"inLanguage\":\"es\",\"potentialAction\":[{\"@type\":\"ReadAction\",\"target\":[\"https:\/\/oriamendi.eus\/es\/2021\/08\/09\/ansa-ii-pasa-de-ronda-tras-dejar-en-once-tantos-a-goikoetxea-v\/\"]}]},{\"@type\":\"BreadcrumbList\",\"@id\":\"https:\/\/oriamendi.eus\/es\/2021\/08\/09\/ansa-ii-pasa-de-ronda-tras-dejar-en-once-tantos-a-goikoetxea-v\/#breadcrumb\",\"itemListElement\":[{\"@type\":\"ListItem\",\"position\":1,\"name\":\"Portada\",\"item\":\"https:\/\/oriamendi.eus\/es\/\"},{\"@type\":\"ListItem\",\"position\":2,\"name\":\"Ansa II pasa de ronda tras dejar en once tantos a Goikoetxea V\"}]},{\"@type\":\"WebSite\",\"@id\":\"https:\/\/oriamendi.eus\/es\/#website\",\"url\":\"https:\/\/oriamendi.eus\/es\/\",\"name\":\"Oriamendi\",\"description\":\"Remonte en Galarreta. Hernani. Gipuzkoa\",\"publisher\":{\"@id\":\"https:\/\/oriamendi.eus\/es\/#organization\"},\"potentialAction\":[{\"@type\":\"SearchAction\",\"target\":{\"@type\":\"EntryPoint\",\"urlTemplate\":\"https:\/\/oriamendi.eus\/es\/?s={search_term_string}\"},\"query-input\":\"required name=search_term_string\"}],\"inLanguage\":\"es\"},{\"@type\":\"Organization\",\"@id\":\"https:\/\/oriamendi.eus\/es\/#organization\",\"name\":\"Oriamendi\",\"url\":\"https:\/\/oriamendi.eus\/es\/\",\"logo\":{\"@type\":\"ImageObject\",\"inLanguage\":\"es\",\"@id\":\"https:\/\/oriamendi.eus\/es\/#\/schema\/logo\/image\/\",\"url\":\"https:\/\/oriamendi.eus\/wp-content\/uploads\/2020\/06\/logo-oriamendi.png\",\"contentUrl\":\"https:\/\/oriamendi.eus\/wp-content\/uploads\/2020\/06\/logo-oriamendi.png\",\"width\":300,\"height\":90,\"caption\":\"Oriamendi\"},\"image\":{\"@id\":\"https:\/\/oriamendi.eus\/es\/#\/schema\/logo\/image\/\"},\"sameAs\":[\"https:\/\/www.facebook.com\/oriamendi2010remonte\/\",\"https:\/\/twitter.com\/oriamendi2010\",\"https:\/\/www.instagram.com\/galarretajaialai\/\",\"https:\/\/www.youtube.com\/channel\/UC8gVNzQqB1iwnC-_rI-ihmA\/featured\"]},{\"@type\":\"Person\",\"@id\":\"https:\/\/oriamendi.eus\/es\/#\/schema\/person\/c0bd06c6c747674306a5c82563e2339a\",\"name\":\"I\u00f1igo Go\u00f1i\",\"image\":{\"@type\":\"ImageObject\",\"inLanguage\":\"es\",\"@id\":\"https:\/\/oriamendi.eus\/es\/#\/schema\/person\/image\/\",\"url\":\"https:\/\/secure.gravatar.com\/avatar\/fbb07ffc7b803bbfcc2b6419c06abd3a?s=96&d=mm&r=g\",\"contentUrl\":\"https:\/\/secure.gravatar.com\/avatar\/fbb07ffc7b803bbfcc2b6419c06abd3a?s=96&d=mm&r=g\",\"caption\":\"I\u00f1igo Go\u00f1i\"},\"url\":\"https:\/\/oriamendi.eus\/es\/author\/om-berriak\/\"}]}<\/script>\n<!-- \/ Yoast SEO plugin. -->","yoast_head_json":{"title":"Ansa II pasa de ronda tras dejar en once tantos a Goikoetxea V | Oriamendi 2010","robots":{"index":"index","follow":"follow","max-snippet":"max-snippet:-1","max-image-preview":"max-image-preview:large","max-video-preview":"max-video-preview:-1"},"canonical":"https:\/\/oriamendi.eus\/es\/2021\/08\/09\/ansa-ii-pasa-de-ronda-tras-dejar-en-once-tantos-a-goikoetxea-v\/","og_locale":"es_ES","og_type":"article","og_title":"Ansa II pasa de ronda tras dejar en once tantos a Goikoetxea V | Oriamendi 2010","og_description":"Ansa II demostr\u00f3 estar un escal\u00f3n por encima de Goikoetxea V y le gan\u00f3 30-11 en el \u00faltimo partido de la liguilla previa del Torneo Individual-Gran Premio Kutxabank. Ansa II necesitaba hacer 24 tantos, pero no quiso dejar dudas y fue superior a su rival desde el inicio. Goikoetxea lo intent\u00f3, pero se vio superado [&hellip;]","og_url":"https:\/\/oriamendi.eus\/es\/2021\/08\/09\/ansa-ii-pasa-de-ronda-tras-dejar-en-once-tantos-a-goikoetxea-v\/","og_site_name":"Oriamendi 2010","article_publisher":"https:\/\/www.facebook.com\/oriamendi2010remonte\/","article_published_time":"2021-08-09T17:53:02+00:00","article_modified_time":"2021-08-09T17:53:05+00:00","og_image":[{"width":1200,"height":800,"url":"https:\/\/oriamendi.eus\/wp-content\/uploads\/2021\/07\/ansa.jpg","type":"image\/jpeg"}],"author":"I\u00f1igo Go\u00f1i","twitter_card":"summary_large_image","twitter_creator":"@oriamendi2010","twitter_site":"@oriamendi2010","twitter_misc":{"Escrito por":"I\u00f1igo Go\u00f1i","Tiempo de lectura":"1 minuto"},"schema":{"@context":"https:\/\/schema.org","@graph":[{"@type":"Article","@id":"https:\/\/oriamendi.eus\/es\/2021\/08\/09\/ansa-ii-pasa-de-ronda-tras-dejar-en-once-tantos-a-goikoetxea-v\/#article","isPartOf":{"@id":"https:\/\/oriamendi.eus\/es\/2021\/08\/09\/ansa-ii-pasa-de-ronda-tras-dejar-en-once-tantos-a-goikoetxea-v\/"},"author":{"name":"I\u00f1igo Go\u00f1i","@id":"https:\/\/oriamendi.eus\/es\/#\/schema\/person\/c0bd06c6c747674306a5c82563e2339a"},"headline":"Ansa II pasa de ronda tras dejar en once tantos a Goikoetxea V","datePublished":"2021-08-09T17:53:02+00:00","dateModified":"2021-08-09T17:53:05+00:00","mainEntityOfPage":{"@id":"https:\/\/oriamendi.eus\/es\/2021\/08\/09\/ansa-ii-pasa-de-ronda-tras-dejar-en-once-tantos-a-goikoetxea-v\/"},"wordCount":251,"publisher":{"@id":"https:\/\/oriamendi.eus\/es\/#organization"},"articleSection":["Sin categorizar"],"inLanguage":"es"},{"@type":"WebPage","@id":"https:\/\/oriamendi.eus\/es\/2021\/08\/09\/ansa-ii-pasa-de-ronda-tras-dejar-en-once-tantos-a-goikoetxea-v\/","url":"https:\/\/oriamendi.eus\/es\/2021\/08\/09\/ansa-ii-pasa-de-ronda-tras-dejar-en-once-tantos-a-goikoetxea-v\/","name":"Ansa II pasa de ronda tras dejar en once tantos a Goikoetxea V | Oriamendi 2010","isPartOf":{"@id":"https:\/\/oriamendi.eus\/es\/#website"},"datePublished":"2021-08-09T17:53:02+00:00","dateModified":"2021-08-09T17:53:05+00:00","breadcrumb":{"@id":"https:\/\/oriamendi.eus\/es\/2021\/08\/09\/ansa-ii-pasa-de-ronda-tras-dejar-en-once-tantos-a-goikoetxea-v\/#breadcrumb"},"inLanguage":"es","potentialAction":[{"@type":"ReadAction","target":["https:\/\/oriamendi.eus\/es\/2021\/08\/09\/ansa-ii-pasa-de-ronda-tras-dejar-en-once-tantos-a-goikoetxea-v\/"]}]},{"@type":"BreadcrumbList","@id":"https:\/\/oriamendi.eus\/es\/2021\/08\/09\/ansa-ii-pasa-de-ronda-tras-dejar-en-once-tantos-a-goikoetxea-v\/#breadcrumb","itemListElement":[{"@type":"ListItem","position":1,"name":"Portada","item":"https:\/\/oriamendi.eus\/es\/"},{"@type":"ListItem","position":2,"name":"Ansa II pasa de ronda tras dejar en once tantos a Goikoetxea V"}]},{"@type":"WebSite","@id":"https:\/\/oriamendi.eus\/es\/#website","url":"https:\/\/oriamendi.eus\/es\/","name":"Oriamendi","description":"Remonte en Galarreta. Hernani. Gipuzkoa","publisher":{"@id":"https:\/\/oriamendi.eus\/es\/#organization"},"potentialAction":[{"@type":"SearchAction","target":{"@type":"EntryPoint","urlTemplate":"https:\/\/oriamendi.eus\/es\/?s={search_term_string}"},"query-input":"required name=search_term_string"}],"inLanguage":"es"},{"@type":"Organization","@id":"https:\/\/oriamendi.eus\/es\/#organization","name":"Oriamendi","url":"https:\/\/oriamendi.eus\/es\/","logo":{"@type":"ImageObject","inLanguage":"es","@id":"https:\/\/oriamendi.eus\/es\/#\/schema\/logo\/image\/","url":"https:\/\/oriamendi.eus\/wp-content\/uploads\/2020\/06\/logo-oriamendi.png","contentUrl":"https:\/\/oriamendi.eus\/wp-content\/uploads\/2020\/06\/logo-oriamendi.png","width":300,"height":90,"caption":"Oriamendi"},"image":{"@id":"https:\/\/oriamendi.eus\/es\/#\/schema\/logo\/image\/"},"sameAs":["https:\/\/www.facebook.com\/oriamendi2010remonte\/","https:\/\/twitter.com\/oriamendi2010","https:\/\/www.instagram.com\/galarretajaialai\/","https:\/\/www.youtube.com\/channel\/UC8gVNzQqB1iwnC-_rI-ihmA\/featured"]},{"@type":"Person","@id":"https:\/\/oriamendi.eus\/es\/#\/schema\/person\/c0bd06c6c747674306a5c82563e2339a","name":"I\u00f1igo Go\u00f1i","image":{"@type":"ImageObject","inLanguage":"es","@id":"https:\/\/oriamendi.eus\/es\/#\/schema\/person\/image\/","url":"https:\/\/secure.gravatar.com\/avatar\/fbb07ffc7b803bbfcc2b6419c06abd3a?s=96&d=mm&r=g","contentUrl":"https:\/\/secure.gravatar.com\/avatar\/fbb07ffc7b803bbfcc2b6419c06abd3a?s=96&d=mm&r=g","caption":"I\u00f1igo Go\u00f1i"},"url":"https:\/\/oriamendi.eus\/es\/author\/om-berriak\/"}]}},"_links":{"self":[{"href":"https:\/\/oriamendi.eus\/es\/wp-json\/wp\/v2\/posts\/5870"}],"collection":[{"href":"https:\/\/oriamendi.eus\/es\/wp-json\/wp\/v2\/posts"}],"about":[{"href":"https:\/\/oriamendi.eus\/es\/wp-json\/wp\/v2\/types\/post"}],"author":[{"embeddable":true,"href":"https:\/\/oriamendi.eus\/es\/wp-json\/wp\/v2\/users\/5"}],"replies":[{"embeddable":true,"href":"https:\/\/oriamendi.eus\/es\/wp-json\/wp\/v2\/comments?post=5870"}],"version-history":[{"count":1,"href":"https:\/\/oriamendi.eus\/es\/wp-json\/wp\/v2\/posts\/5870\/revisions"}],"predecessor-version":[{"id":5871,"href":"https:\/\/oriamendi.eus\/es\/wp-json\/wp\/v2\/posts\/5870\/revisions\/5871"}],"wp:featuredmedia":[{"embeddable":true,"href":"https:\/\/oriamendi.eus\/es\/wp-json\/wp\/v2\/media\/5801"}],"wp:attachment":[{"href":"https:\/\/oriamendi.eus\/es\/wp-json\/wp\/v2\/media?parent=5870"}],"wp:term":[{"taxonomy":"category","embeddable":true,"href":"https:\/\/oriamendi.eus\/es\/wp-json\/wp\/v2\/categories?post=5870"},{"taxonomy":"post_tag","embeddable":true,"href":"https:\/\/oriamendi.eus\/es\/wp-json\/wp\/v2\/tags?post=5870"}],"curies":[{"name":"wp","href":"https:\/\/api.w.org\/{rel}","templated":true}]}}