                                        
                                        
                                        
                                        
                                        
                                        
                                        
                                        
                                        
                                        
                                        
                                        
                                        
                                        
                                        
                                        
                                        
                                        
{"id":5842,"date":"2021-07-31T16:45:52","date_gmt":"2021-07-31T14:45:52","guid":{"rendered":"https:\/\/oriamendi.eus\/?p=5842"},"modified":"2021-07-31T16:46:59","modified_gmt":"2021-07-31T14:46:59","slug":"urriza-da-buruz-buruko-erremonte-txapelketa-kutxabank-sari-nagusia-irabazteko-hautagai-nagusia-galarreta-jai-alai-jaialai","status":"publish","type":"post","link":"https:\/\/oriamendi.eus\/es\/2021\/07\/31\/urriza-da-buruz-buruko-erremonte-txapelketa-kutxabank-sari-nagusia-irabazteko-hautagai-nagusia-galarreta-jai-alai-jaialai\/","title":{"rendered":"Urriza sigue siendo el favorito para ganar el Torneo Individual de Remonte-Gran Premio Kutxabank"},"content":{"rendered":"\n<p>El front\u00f3n Galarreta de Hernani fue escenario de la presentaci\u00f3n de la 39 edici\u00f3n del Torneo Individual de Remonte-Gran Premio Kutxabank. Un campeonato que volver\u00e1 a tener a Javier Urriza de favorito, pero que no estuvo presente en el acto, ya que se encuentra confinado.<\/p>\n\n\n\n<p>Eso s\u00ed, no fallaron los otros cinco remontistas que tratar\u00e1n de destronar al campe\u00f3n de Pamplona. Encabezaba la terna el campe\u00f3n de 2019, Barrenetxea IV y tambi\u00e9n acudieron Juanenea, Ansa II, Aizpuru III y Zubiri.&nbsp;<\/p>\n\n\n\n<p>El Torneo Kutxabank comenzar\u00e1 este mismo s\u00e1bado, 31 de julio, con el duelo entre Zubiri, ganador de la previa, y Ansa II, que esperaba al zaguero goizuetarra y a Aizpuru III en la primera liguilla. Los tres remontistas tendr\u00e1n como objetivo quedar primero y as\u00ed pasar a la liguilla final. El segundo y tercer clasificados en esta liguilla previa quedar\u00e1n eliminados. La clasificaci\u00f3n volver\u00e1 a medirse por puntos y se disputar\u00e1n tres partidos.&nbsp;<\/p>\n\n\n\n<p>Todos los partidos del campeonato se disputar\u00e1n los jueves y los s\u00e1bados en festivales que comenzar\u00e1n a las 17:00 horas. Por lo tanto, el segundo partido de la primera liguilla se disputar\u00e1 el 5 de agosto y el tercero, que pondr\u00e1 el final el 7 de agosto.<\/p>\n\n\n\n<p>El primer clasificado pasar\u00e1 a una segunda liguilla de semifinales donde le esperan los grandes favoritos a la txapela: Urriza, Barrenetxea IV y Juanenea. Los cuatro disputar\u00e1n la liguilla todos contra todos en un total de seis jornadas o partidos.&nbsp;<\/p>\n\n\n\n<p>El primer clasificado pasar\u00e1 a la final del d\u00eda 11 de setiembre y el segundo y tercer clasificados se enfrentar\u00e1n en una semifinal que se disputar\u00e1 el 4 de setiembre. El que cierre la liguilla quedar\u00e1 eliminado del campeonato. La clasificaci\u00f3n volver\u00e1 a ser mediante puntos. En caso de empate se tomar\u00e1 en cuenta el duelo entre los implicados y en caso de triple empate se valorar\u00e1 el tanteo global.&nbsp;<\/p>\n\n\n\n<p>El primer partido de la liguilla de semifinales, como es tradici\u00f3n, lo abrir\u00e1 el campe\u00f3n de la pasada edici\u00f3n, en este caso Urriza y se medir\u00e1 al campe\u00f3n de la liguilla previa. Eso ser\u00e1 el 12 de agosto y Barrenetxea y Juanenea se estrenar\u00e1n en el campeonato el 14 de agosto. Las otras cuatro jornadas se jugar\u00e1n el 19, 21, 26 y 28 de agosto.&nbsp;<\/p>\n\n\n\n<p>En la presentaci\u00f3n tambi\u00e9n estuvieron presentes los principales patrocinadores del evento. Represent\u00f3 a Kutxabank Estitxu Urbieta y este a\u00f1o se cuenta como novedad con la inestimable ayuda del Donostia San Sebasti\u00e1n Turismo. La instituci\u00f3n donostiarra cont\u00f3 con la presencia de su directora Eider Calder\u00f3n.&nbsp;<\/p>\n\n\n\n<p>El gerente de Oriamendi2010, Xabi Gonz\u00e1lez destac\u00f3 la importancia del Torneo Kutxabank y agradeci\u00f3 la ayuda recibida en una presentaci\u00f3n dirigida por la periodista Oihane Mateos.\u00a0<\/p>\n\n\n\n<p><\/p>\n\n\n\n<figure class=\"wp-block-image size-large\"><img fetchpriority=\"high\" fetchpriority=\"high\" decoding=\"async\" width=\"1024\" height=\"607\" src=\"https:\/\/oriamendi.eus\/wp-content\/uploads\/2021\/07\/MA0009-copia-1024x607.jpg\" alt=\"\" class=\"wp-image-5841\" srcset=\"https:\/\/oriamendi.eus\/wp-content\/uploads\/2021\/07\/MA0009-copia-1024x607.jpg 1024w, https:\/\/oriamendi.eus\/wp-content\/uploads\/2021\/07\/MA0009-copia-980x581.jpg 980w, https:\/\/oriamendi.eus\/wp-content\/uploads\/2021\/07\/MA0009-copia-480x285.jpg 480w\" sizes=\"(min-width: 0px) and (max-width: 480px) 480px, (min-width: 481px) and (max-width: 980px) 980px, (min-width: 981px) 1024px, 100vw\" \/><\/figure>\n","protected":false},"excerpt":{"rendered":"<p>El front\u00f3n Galarreta de Hernani fue escenario de la presentaci\u00f3n de la 39 edici\u00f3n del Torneo Individual de Remonte-Gran Premio Kutxabank. Un campeonato que volver\u00e1 a tener a Javier Urriza de favorito, pero que no estuvo presente en el acto, ya que se encuentra confinado. Eso s\u00ed, no fallaron los otros cinco remontistas que tratar\u00e1n [&hellip;]<\/p>\n","protected":false},"author":3,"featured_media":5839,"comment_status":"closed","ping_status":"open","sticky":false,"template":"","format":"standard","meta":{"_et_pb_use_builder":"off","_et_pb_old_content":"","_et_gb_content_width":"","footnotes":""},"categories":[1],"tags":[],"yoast_head":"<!-- This site is optimized with the Yoast SEO plugin v21.8 - https:\/\/yoast.com\/wordpress\/plugins\/seo\/ -->\n<title>Urriza sigue siendo el favorito para ganar el Torneo Individual de Remonte-Gran Premio Kutxabank | Oriamendi 2010<\/title>\n<meta name=\"robots\" content=\"index, follow, max-snippet:-1, max-image-preview:large, max-video-preview:-1\" \/>\n<link rel=\"canonical\" href=\"https:\/\/oriamendi.eus\/es\/2021\/07\/31\/urriza-da-buruz-buruko-erremonte-txapelketa-kutxabank-sari-nagusia-irabazteko-hautagai-nagusia-galarreta-jai-alai-jaialai\/\" \/>\n<meta property=\"og:locale\" content=\"es_ES\" \/>\n<meta property=\"og:type\" content=\"article\" \/>\n<meta property=\"og:title\" content=\"Urriza sigue siendo el favorito para ganar el Torneo Individual de Remonte-Gran Premio Kutxabank | Oriamendi 2010\" \/>\n<meta property=\"og:description\" content=\"El front\u00f3n Galarreta de Hernani fue escenario de la presentaci\u00f3n de la 39 edici\u00f3n del Torneo Individual de Remonte-Gran Premio Kutxabank. Un campeonato que volver\u00e1 a tener a Javier Urriza de favorito, pero que no estuvo presente en el acto, ya que se encuentra confinado. Eso s\u00ed, no fallaron los otros cinco remontistas que tratar\u00e1n [&hellip;]\" \/>\n<meta property=\"og:url\" content=\"https:\/\/oriamendi.eus\/es\/2021\/07\/31\/urriza-da-buruz-buruko-erremonte-txapelketa-kutxabank-sari-nagusia-irabazteko-hautagai-nagusia-galarreta-jai-alai-jaialai\/\" \/>\n<meta property=\"og:site_name\" content=\"Oriamendi 2010\" \/>\n<meta property=\"article:publisher\" content=\"https:\/\/www.facebook.com\/oriamendi2010remonte\/\" \/>\n<meta property=\"article:published_time\" content=\"2021-07-31T14:45:52+00:00\" \/>\n<meta property=\"article:modified_time\" content=\"2021-07-31T14:46:59+00:00\" \/>\n<meta property=\"og:image\" content=\"https:\/\/oriamendi.eus\/wp-content\/uploads\/2021\/07\/MA0019-copia.jpg\" \/>\n\t<meta property=\"og:image:width\" content=\"1181\" \/>\n\t<meta property=\"og:image:height\" content=\"775\" \/>\n\t<meta property=\"og:image:type\" content=\"image\/jpeg\" \/>\n<meta name=\"author\" content=\"Endika Barrenetxea\" \/>\n<meta name=\"twitter:card\" content=\"summary_large_image\" \/>\n<meta name=\"twitter:creator\" content=\"@oriamendi2010\" \/>\n<meta name=\"twitter:site\" content=\"@oriamendi2010\" \/>\n<meta name=\"twitter:label1\" content=\"Escrito por\" \/>\n\t<meta name=\"twitter:data1\" content=\"Endika Barrenetxea\" \/>\n\t<meta name=\"twitter:label2\" content=\"Tiempo de lectura\" \/>\n\t<meta name=\"twitter:data2\" content=\"3 minutos\" \/>\n<script type=\"application\/ld+json\" class=\"yoast-schema-graph\">{\"@context\":\"https:\/\/schema.org\",\"@graph\":[{\"@type\":\"Article\",\"@id\":\"https:\/\/oriamendi.eus\/es\/2021\/07\/31\/urriza-da-buruz-buruko-erremonte-txapelketa-kutxabank-sari-nagusia-irabazteko-hautagai-nagusia-galarreta-jai-alai-jaialai\/#article\",\"isPartOf\":{\"@id\":\"https:\/\/oriamendi.eus\/es\/2021\/07\/31\/urriza-da-buruz-buruko-erremonte-txapelketa-kutxabank-sari-nagusia-irabazteko-hautagai-nagusia-galarreta-jai-alai-jaialai\/\"},\"author\":{\"name\":\"Endika Barrenetxea\",\"@id\":\"https:\/\/oriamendi.eus\/es\/#\/schema\/person\/d50c13df7440d84706fe7d03941cc92f\"},\"headline\":\"Urriza sigue siendo el favorito para ganar el Torneo Individual de Remonte-Gran Premio Kutxabank\",\"datePublished\":\"2021-07-31T14:45:52+00:00\",\"dateModified\":\"2021-07-31T14:46:59+00:00\",\"mainEntityOfPage\":{\"@id\":\"https:\/\/oriamendi.eus\/es\/2021\/07\/31\/urriza-da-buruz-buruko-erremonte-txapelketa-kutxabank-sari-nagusia-irabazteko-hautagai-nagusia-galarreta-jai-alai-jaialai\/\"},\"wordCount\":484,\"publisher\":{\"@id\":\"https:\/\/oriamendi.eus\/es\/#organization\"},\"articleSection\":[\"Sin categorizar\"],\"inLanguage\":\"es\"},{\"@type\":\"WebPage\",\"@id\":\"https:\/\/oriamendi.eus\/es\/2021\/07\/31\/urriza-da-buruz-buruko-erremonte-txapelketa-kutxabank-sari-nagusia-irabazteko-hautagai-nagusia-galarreta-jai-alai-jaialai\/\",\"url\":\"https:\/\/oriamendi.eus\/es\/2021\/07\/31\/urriza-da-buruz-buruko-erremonte-txapelketa-kutxabank-sari-nagusia-irabazteko-hautagai-nagusia-galarreta-jai-alai-jaialai\/\",\"name\":\"Urriza sigue siendo el favorito para ganar el Torneo Individual de Remonte-Gran Premio Kutxabank | Oriamendi 2010\",\"isPartOf\":{\"@id\":\"https:\/\/oriamendi.eus\/es\/#website\"},\"datePublished\":\"2021-07-31T14:45:52+00:00\",\"dateModified\":\"2021-07-31T14:46:59+00:00\",\"breadcrumb\":{\"@id\":\"https:\/\/oriamendi.eus\/es\/2021\/07\/31\/urriza-da-buruz-buruko-erremonte-txapelketa-kutxabank-sari-nagusia-irabazteko-hautagai-nagusia-galarreta-jai-alai-jaialai\/#breadcrumb\"},\"inLanguage\":\"es\",\"potentialAction\":[{\"@type\":\"ReadAction\",\"target\":[\"https:\/\/oriamendi.eus\/es\/2021\/07\/31\/urriza-da-buruz-buruko-erremonte-txapelketa-kutxabank-sari-nagusia-irabazteko-hautagai-nagusia-galarreta-jai-alai-jaialai\/\"]}]},{\"@type\":\"BreadcrumbList\",\"@id\":\"https:\/\/oriamendi.eus\/es\/2021\/07\/31\/urriza-da-buruz-buruko-erremonte-txapelketa-kutxabank-sari-nagusia-irabazteko-hautagai-nagusia-galarreta-jai-alai-jaialai\/#breadcrumb\",\"itemListElement\":[{\"@type\":\"ListItem\",\"position\":1,\"name\":\"Portada\",\"item\":\"https:\/\/oriamendi.eus\/es\/\"},{\"@type\":\"ListItem\",\"position\":2,\"name\":\"Urriza sigue siendo el favorito para ganar el Torneo Individual de Remonte-Gran Premio Kutxabank\"}]},{\"@type\":\"WebSite\",\"@id\":\"https:\/\/oriamendi.eus\/es\/#website\",\"url\":\"https:\/\/oriamendi.eus\/es\/\",\"name\":\"Oriamendi\",\"description\":\"Remonte en Galarreta. Hernani. Gipuzkoa\",\"publisher\":{\"@id\":\"https:\/\/oriamendi.eus\/es\/#organization\"},\"potentialAction\":[{\"@type\":\"SearchAction\",\"target\":{\"@type\":\"EntryPoint\",\"urlTemplate\":\"https:\/\/oriamendi.eus\/es\/?s={search_term_string}\"},\"query-input\":\"required name=search_term_string\"}],\"inLanguage\":\"es\"},{\"@type\":\"Organization\",\"@id\":\"https:\/\/oriamendi.eus\/es\/#organization\",\"name\":\"Oriamendi\",\"url\":\"https:\/\/oriamendi.eus\/es\/\",\"logo\":{\"@type\":\"ImageObject\",\"inLanguage\":\"es\",\"@id\":\"https:\/\/oriamendi.eus\/es\/#\/schema\/logo\/image\/\",\"url\":\"https:\/\/oriamendi.eus\/wp-content\/uploads\/2020\/06\/logo-oriamendi.png\",\"contentUrl\":\"https:\/\/oriamendi.eus\/wp-content\/uploads\/2020\/06\/logo-oriamendi.png\",\"width\":300,\"height\":90,\"caption\":\"Oriamendi\"},\"image\":{\"@id\":\"https:\/\/oriamendi.eus\/es\/#\/schema\/logo\/image\/\"},\"sameAs\":[\"https:\/\/www.facebook.com\/oriamendi2010remonte\/\",\"https:\/\/twitter.com\/oriamendi2010\",\"https:\/\/www.instagram.com\/galarretajaialai\/\",\"https:\/\/www.youtube.com\/channel\/UC8gVNzQqB1iwnC-_rI-ihmA\/featured\"]},{\"@type\":\"Person\",\"@id\":\"https:\/\/oriamendi.eus\/es\/#\/schema\/person\/d50c13df7440d84706fe7d03941cc92f\",\"name\":\"Endika Barrenetxea\",\"image\":{\"@type\":\"ImageObject\",\"inLanguage\":\"es\",\"@id\":\"https:\/\/oriamendi.eus\/es\/#\/schema\/person\/image\/\",\"url\":\"https:\/\/secure.gravatar.com\/avatar\/26a16205d858e579d56d8adc8addd712?s=96&d=mm&r=g\",\"contentUrl\":\"https:\/\/secure.gravatar.com\/avatar\/26a16205d858e579d56d8adc8addd712?s=96&d=mm&r=g\",\"caption\":\"Endika Barrenetxea\"},\"url\":\"https:\/\/oriamendi.eus\/es\/author\/om-kudeaketa\/\"}]}<\/script>\n<!-- \/ Yoast SEO plugin. -->","yoast_head_json":{"title":"Urriza sigue siendo el favorito para ganar el Torneo Individual de Remonte-Gran Premio Kutxabank | Oriamendi 2010","robots":{"index":"index","follow":"follow","max-snippet":"max-snippet:-1","max-image-preview":"max-image-preview:large","max-video-preview":"max-video-preview:-1"},"canonical":"https:\/\/oriamendi.eus\/es\/2021\/07\/31\/urriza-da-buruz-buruko-erremonte-txapelketa-kutxabank-sari-nagusia-irabazteko-hautagai-nagusia-galarreta-jai-alai-jaialai\/","og_locale":"es_ES","og_type":"article","og_title":"Urriza sigue siendo el favorito para ganar el Torneo Individual de Remonte-Gran Premio Kutxabank | Oriamendi 2010","og_description":"El front\u00f3n Galarreta de Hernani fue escenario de la presentaci\u00f3n de la 39 edici\u00f3n del Torneo Individual de Remonte-Gran Premio Kutxabank. Un campeonato que volver\u00e1 a tener a Javier Urriza de favorito, pero que no estuvo presente en el acto, ya que se encuentra confinado. Eso s\u00ed, no fallaron los otros cinco remontistas que tratar\u00e1n [&hellip;]","og_url":"https:\/\/oriamendi.eus\/es\/2021\/07\/31\/urriza-da-buruz-buruko-erremonte-txapelketa-kutxabank-sari-nagusia-irabazteko-hautagai-nagusia-galarreta-jai-alai-jaialai\/","og_site_name":"Oriamendi 2010","article_publisher":"https:\/\/www.facebook.com\/oriamendi2010remonte\/","article_published_time":"2021-07-31T14:45:52+00:00","article_modified_time":"2021-07-31T14:46:59+00:00","og_image":[{"width":1181,"height":775,"url":"https:\/\/oriamendi.eus\/wp-content\/uploads\/2021\/07\/MA0019-copia.jpg","type":"image\/jpeg"}],"author":"Endika Barrenetxea","twitter_card":"summary_large_image","twitter_creator":"@oriamendi2010","twitter_site":"@oriamendi2010","twitter_misc":{"Escrito por":"Endika Barrenetxea","Tiempo de lectura":"3 minutos"},"schema":{"@context":"https:\/\/schema.org","@graph":[{"@type":"Article","@id":"https:\/\/oriamendi.eus\/es\/2021\/07\/31\/urriza-da-buruz-buruko-erremonte-txapelketa-kutxabank-sari-nagusia-irabazteko-hautagai-nagusia-galarreta-jai-alai-jaialai\/#article","isPartOf":{"@id":"https:\/\/oriamendi.eus\/es\/2021\/07\/31\/urriza-da-buruz-buruko-erremonte-txapelketa-kutxabank-sari-nagusia-irabazteko-hautagai-nagusia-galarreta-jai-alai-jaialai\/"},"author":{"name":"Endika Barrenetxea","@id":"https:\/\/oriamendi.eus\/es\/#\/schema\/person\/d50c13df7440d84706fe7d03941cc92f"},"headline":"Urriza sigue siendo el favorito para ganar el Torneo Individual de Remonte-Gran Premio Kutxabank","datePublished":"2021-07-31T14:45:52+00:00","dateModified":"2021-07-31T14:46:59+00:00","mainEntityOfPage":{"@id":"https:\/\/oriamendi.eus\/es\/2021\/07\/31\/urriza-da-buruz-buruko-erremonte-txapelketa-kutxabank-sari-nagusia-irabazteko-hautagai-nagusia-galarreta-jai-alai-jaialai\/"},"wordCount":484,"publisher":{"@id":"https:\/\/oriamendi.eus\/es\/#organization"},"articleSection":["Sin categorizar"],"inLanguage":"es"},{"@type":"WebPage","@id":"https:\/\/oriamendi.eus\/es\/2021\/07\/31\/urriza-da-buruz-buruko-erremonte-txapelketa-kutxabank-sari-nagusia-irabazteko-hautagai-nagusia-galarreta-jai-alai-jaialai\/","url":"https:\/\/oriamendi.eus\/es\/2021\/07\/31\/urriza-da-buruz-buruko-erremonte-txapelketa-kutxabank-sari-nagusia-irabazteko-hautagai-nagusia-galarreta-jai-alai-jaialai\/","name":"Urriza sigue siendo el favorito para ganar el Torneo Individual de Remonte-Gran Premio Kutxabank | Oriamendi 2010","isPartOf":{"@id":"https:\/\/oriamendi.eus\/es\/#website"},"datePublished":"2021-07-31T14:45:52+00:00","dateModified":"2021-07-31T14:46:59+00:00","breadcrumb":{"@id":"https:\/\/oriamendi.eus\/es\/2021\/07\/31\/urriza-da-buruz-buruko-erremonte-txapelketa-kutxabank-sari-nagusia-irabazteko-hautagai-nagusia-galarreta-jai-alai-jaialai\/#breadcrumb"},"inLanguage":"es","potentialAction":[{"@type":"ReadAction","target":["https:\/\/oriamendi.eus\/es\/2021\/07\/31\/urriza-da-buruz-buruko-erremonte-txapelketa-kutxabank-sari-nagusia-irabazteko-hautagai-nagusia-galarreta-jai-alai-jaialai\/"]}]},{"@type":"BreadcrumbList","@id":"https:\/\/oriamendi.eus\/es\/2021\/07\/31\/urriza-da-buruz-buruko-erremonte-txapelketa-kutxabank-sari-nagusia-irabazteko-hautagai-nagusia-galarreta-jai-alai-jaialai\/#breadcrumb","itemListElement":[{"@type":"ListItem","position":1,"name":"Portada","item":"https:\/\/oriamendi.eus\/es\/"},{"@type":"ListItem","position":2,"name":"Urriza sigue siendo el favorito para ganar el Torneo Individual de Remonte-Gran Premio Kutxabank"}]},{"@type":"WebSite","@id":"https:\/\/oriamendi.eus\/es\/#website","url":"https:\/\/oriamendi.eus\/es\/","name":"Oriamendi","description":"Remonte en Galarreta. Hernani. Gipuzkoa","publisher":{"@id":"https:\/\/oriamendi.eus\/es\/#organization"},"potentialAction":[{"@type":"SearchAction","target":{"@type":"EntryPoint","urlTemplate":"https:\/\/oriamendi.eus\/es\/?s={search_term_string}"},"query-input":"required name=search_term_string"}],"inLanguage":"es"},{"@type":"Organization","@id":"https:\/\/oriamendi.eus\/es\/#organization","name":"Oriamendi","url":"https:\/\/oriamendi.eus\/es\/","logo":{"@type":"ImageObject","inLanguage":"es","@id":"https:\/\/oriamendi.eus\/es\/#\/schema\/logo\/image\/","url":"https:\/\/oriamendi.eus\/wp-content\/uploads\/2020\/06\/logo-oriamendi.png","contentUrl":"https:\/\/oriamendi.eus\/wp-content\/uploads\/2020\/06\/logo-oriamendi.png","width":300,"height":90,"caption":"Oriamendi"},"image":{"@id":"https:\/\/oriamendi.eus\/es\/#\/schema\/logo\/image\/"},"sameAs":["https:\/\/www.facebook.com\/oriamendi2010remonte\/","https:\/\/twitter.com\/oriamendi2010","https:\/\/www.instagram.com\/galarretajaialai\/","https:\/\/www.youtube.com\/channel\/UC8gVNzQqB1iwnC-_rI-ihmA\/featured"]},{"@type":"Person","@id":"https:\/\/oriamendi.eus\/es\/#\/schema\/person\/d50c13df7440d84706fe7d03941cc92f","name":"Endika Barrenetxea","image":{"@type":"ImageObject","inLanguage":"es","@id":"https:\/\/oriamendi.eus\/es\/#\/schema\/person\/image\/","url":"https:\/\/secure.gravatar.com\/avatar\/26a16205d858e579d56d8adc8addd712?s=96&d=mm&r=g","contentUrl":"https:\/\/secure.gravatar.com\/avatar\/26a16205d858e579d56d8adc8addd712?s=96&d=mm&r=g","caption":"Endika Barrenetxea"},"url":"https:\/\/oriamendi.eus\/es\/author\/om-kudeaketa\/"}]}},"_links":{"self":[{"href":"https:\/\/oriamendi.eus\/es\/wp-json\/wp\/v2\/posts\/5842"}],"collection":[{"href":"https:\/\/oriamendi.eus\/es\/wp-json\/wp\/v2\/posts"}],"about":[{"href":"https:\/\/oriamendi.eus\/es\/wp-json\/wp\/v2\/types\/post"}],"author":[{"embeddable":true,"href":"https:\/\/oriamendi.eus\/es\/wp-json\/wp\/v2\/users\/3"}],"replies":[{"embeddable":true,"href":"https:\/\/oriamendi.eus\/es\/wp-json\/wp\/v2\/comments?post=5842"}],"version-history":[{"count":2,"href":"https:\/\/oriamendi.eus\/es\/wp-json\/wp\/v2\/posts\/5842\/revisions"}],"predecessor-version":[{"id":5845,"href":"https:\/\/oriamendi.eus\/es\/wp-json\/wp\/v2\/posts\/5842\/revisions\/5845"}],"wp:featuredmedia":[{"embeddable":true,"href":"https:\/\/oriamendi.eus\/es\/wp-json\/wp\/v2\/media\/5839"}],"wp:attachment":[{"href":"https:\/\/oriamendi.eus\/es\/wp-json\/wp\/v2\/media?parent=5842"}],"wp:term":[{"taxonomy":"category","embeddable":true,"href":"https:\/\/oriamendi.eus\/es\/wp-json\/wp\/v2\/categories?post=5842"},{"taxonomy":"post_tag","embeddable":true,"href":"https:\/\/oriamendi.eus\/es\/wp-json\/wp\/v2\/tags?post=5842"}],"curies":[{"name":"wp","href":"https:\/\/api.w.org\/{rel}","templated":true}]}}