                                        
                                        
                                        
                                        
                                        
                                        
                                        
                                        
                                        
                                        
                                        
                                        
                                        
                                        
                                        
                                        
                                        
                                        
{"id":5799,"date":"2021-07-08T12:09:04","date_gmt":"2021-07-08T10:09:04","guid":{"rendered":"https:\/\/oriamendi.eus\/?p=5799"},"modified":"2021-07-08T12:09:06","modified_gmt":"2021-07-08T10:09:06","slug":"ansa-ii-larranaga-seran-los-rivales-de-urriza-aizpuru-iii-en-la-final-del-san-fermin","status":"publish","type":"post","link":"https:\/\/oriamendi.eus\/es\/2021\/07\/08\/ansa-ii-larranaga-seran-los-rivales-de-urriza-aizpuru-iii-en-la-final-del-san-fermin\/","title":{"rendered":"Ansa II-Larra\u00f1aga ser\u00e1n los rivales de Urriza-Aizpuru III en la final del San Ferm\u00edn"},"content":{"rendered":"\n<p><br>Ansa II-Larra\u00f1aga ganaron 26-30 a Juanenea-Barrenetxea IV en la semifinal del Torneo San Ferm\u00edn y ser\u00e1n los rivales de Urriza y Aizpuru III en la final que se jugar\u00e1 el pr\u00f3ximo mi\u00e9rcoles 14 de julio en Galarreta.\u00a0<\/p>\n\n\n\n<p>La semifinal no defraud\u00f3. Fue un partido muy bonito en el que los cuatro remontistas jugaron a gran velocidad y a la que por pedir algo, solo le falt\u00f3 un poco m\u00e1s de jugadas vistosas. Los dos delanteros prefirieron exprimir su principal virtud, que es golpear a la pelota con fuerza d\u00e1ndole velocidad.\u00a0<\/p>\n\n\n\n<p>Juanenea y Barrenetxea llevaron la iniciativa, pero no supieron cerrar el partido. Despu\u00e9s del 25-24, un parcial de 1-6, con cuatro tantos de Larra\u00f1aga decantaron el partido a favor de los azules.\u00a0El inicio de partido fue favorable para los colorados que cogieron ventajas de cuatro tantos que mantuvieron hasta el ecuador. Ansa y Larra\u00f1aga empataron a 18, a 22 y terminaron m\u00e1s fuertes que sus rivales.<\/p>\n\n\n\n<p> Ansa III acab\u00f3 con 17 tantos y dos errores siendo el que llev\u00f3 el peso de la pareja y en los colorados Barrenetxea jug\u00f3 a gran nivel con tres tantos de saque y hasta diez en el peloteo. Eso s\u00ed, Larra\u00f1aga que hizo dos tantos de saque y cinco en el peloteo encaden\u00f3 dos saques y dos tantos al final que decantaron la semifinal. Juanenea termin\u00f3 con diez tantos y tres errores. <\/p>\n\n\n\n<p>En la final, los ganadores se encontrar\u00e1n con un Urriza y Aizpuru, que les ganaron en la liguilla, pero tambi\u00e9n cayeron derrotados ante Juanenea y Barrenetxea y en la semifinal le han dado la vuelta a la situaci\u00f3n.\u00a0<\/p>\n\n\n\n<p><strong>Loitegi y Zubiri, finalistas<\/strong><\/p>\n\n\n\n<p>En el Torneo San Ferm\u00edn del grupo B, Loitegi y Zubiri ganaron 30-26 a Zaldua II y Labaka en la semifinal y jugar\u00e1n la final ante Urrutia II-Martirena. El partido tuvo al final suspense, despu\u00e9s de que Loitegi y Zubiri lo dominaran con claridad. Tras un inicio igualado los colorados se escaparon 17-10, 22-15 y 27-19, pero Zaldua II y Labaka, a base de trabajo y entrega recortaron la desventaja hasta acercarse a dos tantos, 27-25, pero Loitegi y Zubiri no se amilanaron y pudieron clasificarse a la final. Destacaron los zagueros. Labaka acab\u00f3 con 12 tantos y un error, mientras Zubiri fue el m\u00e1s destacado con 15 tantos y dos errores.\u00a0<\/p>\n\n\n\n<p><br><strong>Entradas para la final<\/strong><\/p>\n\n\n\n<p>Las dos finales del Torneo San Ferm\u00edn se disputar\u00e1n el pr\u00f3ximo 14 de julio en Galarreta y Oriamendi ha puesto a la venta las entradas en el siguiente enlace.\u00a0<a href=\"https:\/\/tickets.kutxabank.es\/#\/es\/detalle\/JAIALDIA210714@Janto_KB\/GALARRET\" target=\"_blank\" rel=\"noreferrer noopener\">https:\/\/tickets.kutxabank.es\/#\/es\/detalle\/JAIALDIA210714@Janto_KB\/GALARRET<\/a><\/p>\n","protected":false},"excerpt":{"rendered":"<p>Ansa II-Larra\u00f1aga ganaron 26-30 a Juanenea-Barrenetxea IV en la semifinal del Torneo San Ferm\u00edn y ser\u00e1n los rivales de Urriza y Aizpuru III en la final que se jugar\u00e1 el pr\u00f3ximo mi\u00e9rcoles 14 de julio en Galarreta.\u00a0 La semifinal no defraud\u00f3. Fue un partido muy bonito en el que los cuatro remontistas jugaron a gran [&hellip;]<\/p>\n","protected":false},"author":5,"featured_media":5801,"comment_status":"closed","ping_status":"open","sticky":false,"template":"","format":"standard","meta":{"_et_pb_use_builder":"off","_et_pb_old_content":"","_et_gb_content_width":"","footnotes":""},"categories":[1],"tags":[],"yoast_head":"<!-- This site is optimized with the Yoast SEO plugin v21.8 - https:\/\/yoast.com\/wordpress\/plugins\/seo\/ -->\n<title>Ansa II-Larra\u00f1aga ser\u00e1n los rivales de Urriza-Aizpuru III en la final del San Ferm\u00edn | Oriamendi 2010<\/title>\n<meta name=\"robots\" content=\"index, follow, max-snippet:-1, max-image-preview:large, max-video-preview:-1\" \/>\n<link rel=\"canonical\" href=\"https:\/\/oriamendi.eus\/es\/2021\/07\/08\/ansa-ii-larranaga-seran-los-rivales-de-urriza-aizpuru-iii-en-la-final-del-san-fermin\/\" \/>\n<meta property=\"og:locale\" content=\"es_ES\" \/>\n<meta property=\"og:type\" content=\"article\" \/>\n<meta property=\"og:title\" content=\"Ansa II-Larra\u00f1aga ser\u00e1n los rivales de Urriza-Aizpuru III en la final del San Ferm\u00edn | Oriamendi 2010\" \/>\n<meta property=\"og:description\" content=\"Ansa II-Larra\u00f1aga ganaron 26-30 a Juanenea-Barrenetxea IV en la semifinal del Torneo San Ferm\u00edn y ser\u00e1n los rivales de Urriza y Aizpuru III en la final que se jugar\u00e1 el pr\u00f3ximo mi\u00e9rcoles 14 de julio en Galarreta.\u00a0 La semifinal no defraud\u00f3. Fue un partido muy bonito en el que los cuatro remontistas jugaron a gran [&hellip;]\" \/>\n<meta property=\"og:url\" content=\"https:\/\/oriamendi.eus\/es\/2021\/07\/08\/ansa-ii-larranaga-seran-los-rivales-de-urriza-aizpuru-iii-en-la-final-del-san-fermin\/\" \/>\n<meta property=\"og:site_name\" content=\"Oriamendi 2010\" \/>\n<meta property=\"article:publisher\" content=\"https:\/\/www.facebook.com\/oriamendi2010remonte\/\" \/>\n<meta property=\"article:published_time\" content=\"2021-07-08T10:09:04+00:00\" \/>\n<meta property=\"article:modified_time\" content=\"2021-07-08T10:09:06+00:00\" \/>\n<meta property=\"og:image\" content=\"https:\/\/oriamendi.eus\/wp-content\/uploads\/2021\/07\/ansa.jpg\" \/>\n\t<meta property=\"og:image:width\" content=\"1200\" \/>\n\t<meta property=\"og:image:height\" content=\"800\" \/>\n\t<meta property=\"og:image:type\" content=\"image\/jpeg\" \/>\n<meta name=\"author\" content=\"I\u00f1igo Go\u00f1i\" \/>\n<meta name=\"twitter:card\" content=\"summary_large_image\" \/>\n<meta name=\"twitter:creator\" content=\"@oriamendi2010\" \/>\n<meta name=\"twitter:site\" content=\"@oriamendi2010\" \/>\n<meta name=\"twitter:label1\" content=\"Escrito por\" \/>\n\t<meta name=\"twitter:data1\" content=\"I\u00f1igo Go\u00f1i\" \/>\n\t<meta name=\"twitter:label2\" content=\"Tiempo de lectura\" \/>\n\t<meta name=\"twitter:data2\" content=\"2 minutos\" \/>\n<script type=\"application\/ld+json\" class=\"yoast-schema-graph\">{\"@context\":\"https:\/\/schema.org\",\"@graph\":[{\"@type\":\"Article\",\"@id\":\"https:\/\/oriamendi.eus\/es\/2021\/07\/08\/ansa-ii-larranaga-seran-los-rivales-de-urriza-aizpuru-iii-en-la-final-del-san-fermin\/#article\",\"isPartOf\":{\"@id\":\"https:\/\/oriamendi.eus\/es\/2021\/07\/08\/ansa-ii-larranaga-seran-los-rivales-de-urriza-aizpuru-iii-en-la-final-del-san-fermin\/\"},\"author\":{\"name\":\"I\u00f1igo Go\u00f1i\",\"@id\":\"https:\/\/oriamendi.eus\/es\/#\/schema\/person\/c0bd06c6c747674306a5c82563e2339a\"},\"headline\":\"Ansa II-Larra\u00f1aga ser\u00e1n los rivales de Urriza-Aizpuru III en la final del San Ferm\u00edn\",\"datePublished\":\"2021-07-08T10:09:04+00:00\",\"dateModified\":\"2021-07-08T10:09:06+00:00\",\"mainEntityOfPage\":{\"@id\":\"https:\/\/oriamendi.eus\/es\/2021\/07\/08\/ansa-ii-larranaga-seran-los-rivales-de-urriza-aizpuru-iii-en-la-final-del-san-fermin\/\"},\"wordCount\":458,\"publisher\":{\"@id\":\"https:\/\/oriamendi.eus\/es\/#organization\"},\"articleSection\":[\"Sin categorizar\"],\"inLanguage\":\"es\"},{\"@type\":\"WebPage\",\"@id\":\"https:\/\/oriamendi.eus\/es\/2021\/07\/08\/ansa-ii-larranaga-seran-los-rivales-de-urriza-aizpuru-iii-en-la-final-del-san-fermin\/\",\"url\":\"https:\/\/oriamendi.eus\/es\/2021\/07\/08\/ansa-ii-larranaga-seran-los-rivales-de-urriza-aizpuru-iii-en-la-final-del-san-fermin\/\",\"name\":\"Ansa II-Larra\u00f1aga ser\u00e1n los rivales de Urriza-Aizpuru III en la final del San Ferm\u00edn | Oriamendi 2010\",\"isPartOf\":{\"@id\":\"https:\/\/oriamendi.eus\/es\/#website\"},\"datePublished\":\"2021-07-08T10:09:04+00:00\",\"dateModified\":\"2021-07-08T10:09:06+00:00\",\"breadcrumb\":{\"@id\":\"https:\/\/oriamendi.eus\/es\/2021\/07\/08\/ansa-ii-larranaga-seran-los-rivales-de-urriza-aizpuru-iii-en-la-final-del-san-fermin\/#breadcrumb\"},\"inLanguage\":\"es\",\"potentialAction\":[{\"@type\":\"ReadAction\",\"target\":[\"https:\/\/oriamendi.eus\/es\/2021\/07\/08\/ansa-ii-larranaga-seran-los-rivales-de-urriza-aizpuru-iii-en-la-final-del-san-fermin\/\"]}]},{\"@type\":\"BreadcrumbList\",\"@id\":\"https:\/\/oriamendi.eus\/es\/2021\/07\/08\/ansa-ii-larranaga-seran-los-rivales-de-urriza-aizpuru-iii-en-la-final-del-san-fermin\/#breadcrumb\",\"itemListElement\":[{\"@type\":\"ListItem\",\"position\":1,\"name\":\"Portada\",\"item\":\"https:\/\/oriamendi.eus\/es\/\"},{\"@type\":\"ListItem\",\"position\":2,\"name\":\"Ansa II-Larra\u00f1aga ser\u00e1n los rivales de Urriza-Aizpuru III en la final del San Ferm\u00edn\"}]},{\"@type\":\"WebSite\",\"@id\":\"https:\/\/oriamendi.eus\/es\/#website\",\"url\":\"https:\/\/oriamendi.eus\/es\/\",\"name\":\"Oriamendi\",\"description\":\"Remonte en Galarreta. Hernani. Gipuzkoa\",\"publisher\":{\"@id\":\"https:\/\/oriamendi.eus\/es\/#organization\"},\"potentialAction\":[{\"@type\":\"SearchAction\",\"target\":{\"@type\":\"EntryPoint\",\"urlTemplate\":\"https:\/\/oriamendi.eus\/es\/?s={search_term_string}\"},\"query-input\":\"required name=search_term_string\"}],\"inLanguage\":\"es\"},{\"@type\":\"Organization\",\"@id\":\"https:\/\/oriamendi.eus\/es\/#organization\",\"name\":\"Oriamendi\",\"url\":\"https:\/\/oriamendi.eus\/es\/\",\"logo\":{\"@type\":\"ImageObject\",\"inLanguage\":\"es\",\"@id\":\"https:\/\/oriamendi.eus\/es\/#\/schema\/logo\/image\/\",\"url\":\"https:\/\/oriamendi.eus\/wp-content\/uploads\/2020\/06\/logo-oriamendi.png\",\"contentUrl\":\"https:\/\/oriamendi.eus\/wp-content\/uploads\/2020\/06\/logo-oriamendi.png\",\"width\":300,\"height\":90,\"caption\":\"Oriamendi\"},\"image\":{\"@id\":\"https:\/\/oriamendi.eus\/es\/#\/schema\/logo\/image\/\"},\"sameAs\":[\"https:\/\/www.facebook.com\/oriamendi2010remonte\/\",\"https:\/\/twitter.com\/oriamendi2010\",\"https:\/\/www.instagram.com\/galarretajaialai\/\",\"https:\/\/www.youtube.com\/channel\/UC8gVNzQqB1iwnC-_rI-ihmA\/featured\"]},{\"@type\":\"Person\",\"@id\":\"https:\/\/oriamendi.eus\/es\/#\/schema\/person\/c0bd06c6c747674306a5c82563e2339a\",\"name\":\"I\u00f1igo Go\u00f1i\",\"image\":{\"@type\":\"ImageObject\",\"inLanguage\":\"es\",\"@id\":\"https:\/\/oriamendi.eus\/es\/#\/schema\/person\/image\/\",\"url\":\"https:\/\/secure.gravatar.com\/avatar\/fbb07ffc7b803bbfcc2b6419c06abd3a?s=96&d=mm&r=g\",\"contentUrl\":\"https:\/\/secure.gravatar.com\/avatar\/fbb07ffc7b803bbfcc2b6419c06abd3a?s=96&d=mm&r=g\",\"caption\":\"I\u00f1igo Go\u00f1i\"},\"url\":\"https:\/\/oriamendi.eus\/es\/author\/om-berriak\/\"}]}<\/script>\n<!-- \/ Yoast SEO plugin. -->","yoast_head_json":{"title":"Ansa II-Larra\u00f1aga ser\u00e1n los rivales de Urriza-Aizpuru III en la final del San Ferm\u00edn | Oriamendi 2010","robots":{"index":"index","follow":"follow","max-snippet":"max-snippet:-1","max-image-preview":"max-image-preview:large","max-video-preview":"max-video-preview:-1"},"canonical":"https:\/\/oriamendi.eus\/es\/2021\/07\/08\/ansa-ii-larranaga-seran-los-rivales-de-urriza-aizpuru-iii-en-la-final-del-san-fermin\/","og_locale":"es_ES","og_type":"article","og_title":"Ansa II-Larra\u00f1aga ser\u00e1n los rivales de Urriza-Aizpuru III en la final del San Ferm\u00edn | Oriamendi 2010","og_description":"Ansa II-Larra\u00f1aga ganaron 26-30 a Juanenea-Barrenetxea IV en la semifinal del Torneo San Ferm\u00edn y ser\u00e1n los rivales de Urriza y Aizpuru III en la final que se jugar\u00e1 el pr\u00f3ximo mi\u00e9rcoles 14 de julio en Galarreta.\u00a0 La semifinal no defraud\u00f3. Fue un partido muy bonito en el que los cuatro remontistas jugaron a gran [&hellip;]","og_url":"https:\/\/oriamendi.eus\/es\/2021\/07\/08\/ansa-ii-larranaga-seran-los-rivales-de-urriza-aizpuru-iii-en-la-final-del-san-fermin\/","og_site_name":"Oriamendi 2010","article_publisher":"https:\/\/www.facebook.com\/oriamendi2010remonte\/","article_published_time":"2021-07-08T10:09:04+00:00","article_modified_time":"2021-07-08T10:09:06+00:00","og_image":[{"width":1200,"height":800,"url":"https:\/\/oriamendi.eus\/wp-content\/uploads\/2021\/07\/ansa.jpg","type":"image\/jpeg"}],"author":"I\u00f1igo Go\u00f1i","twitter_card":"summary_large_image","twitter_creator":"@oriamendi2010","twitter_site":"@oriamendi2010","twitter_misc":{"Escrito por":"I\u00f1igo Go\u00f1i","Tiempo de lectura":"2 minutos"},"schema":{"@context":"https:\/\/schema.org","@graph":[{"@type":"Article","@id":"https:\/\/oriamendi.eus\/es\/2021\/07\/08\/ansa-ii-larranaga-seran-los-rivales-de-urriza-aizpuru-iii-en-la-final-del-san-fermin\/#article","isPartOf":{"@id":"https:\/\/oriamendi.eus\/es\/2021\/07\/08\/ansa-ii-larranaga-seran-los-rivales-de-urriza-aizpuru-iii-en-la-final-del-san-fermin\/"},"author":{"name":"I\u00f1igo Go\u00f1i","@id":"https:\/\/oriamendi.eus\/es\/#\/schema\/person\/c0bd06c6c747674306a5c82563e2339a"},"headline":"Ansa II-Larra\u00f1aga ser\u00e1n los rivales de Urriza-Aizpuru III en la final del San Ferm\u00edn","datePublished":"2021-07-08T10:09:04+00:00","dateModified":"2021-07-08T10:09:06+00:00","mainEntityOfPage":{"@id":"https:\/\/oriamendi.eus\/es\/2021\/07\/08\/ansa-ii-larranaga-seran-los-rivales-de-urriza-aizpuru-iii-en-la-final-del-san-fermin\/"},"wordCount":458,"publisher":{"@id":"https:\/\/oriamendi.eus\/es\/#organization"},"articleSection":["Sin categorizar"],"inLanguage":"es"},{"@type":"WebPage","@id":"https:\/\/oriamendi.eus\/es\/2021\/07\/08\/ansa-ii-larranaga-seran-los-rivales-de-urriza-aizpuru-iii-en-la-final-del-san-fermin\/","url":"https:\/\/oriamendi.eus\/es\/2021\/07\/08\/ansa-ii-larranaga-seran-los-rivales-de-urriza-aizpuru-iii-en-la-final-del-san-fermin\/","name":"Ansa II-Larra\u00f1aga ser\u00e1n los rivales de Urriza-Aizpuru III en la final del San Ferm\u00edn | Oriamendi 2010","isPartOf":{"@id":"https:\/\/oriamendi.eus\/es\/#website"},"datePublished":"2021-07-08T10:09:04+00:00","dateModified":"2021-07-08T10:09:06+00:00","breadcrumb":{"@id":"https:\/\/oriamendi.eus\/es\/2021\/07\/08\/ansa-ii-larranaga-seran-los-rivales-de-urriza-aizpuru-iii-en-la-final-del-san-fermin\/#breadcrumb"},"inLanguage":"es","potentialAction":[{"@type":"ReadAction","target":["https:\/\/oriamendi.eus\/es\/2021\/07\/08\/ansa-ii-larranaga-seran-los-rivales-de-urriza-aizpuru-iii-en-la-final-del-san-fermin\/"]}]},{"@type":"BreadcrumbList","@id":"https:\/\/oriamendi.eus\/es\/2021\/07\/08\/ansa-ii-larranaga-seran-los-rivales-de-urriza-aizpuru-iii-en-la-final-del-san-fermin\/#breadcrumb","itemListElement":[{"@type":"ListItem","position":1,"name":"Portada","item":"https:\/\/oriamendi.eus\/es\/"},{"@type":"ListItem","position":2,"name":"Ansa II-Larra\u00f1aga ser\u00e1n los rivales de Urriza-Aizpuru III en la final del San Ferm\u00edn"}]},{"@type":"WebSite","@id":"https:\/\/oriamendi.eus\/es\/#website","url":"https:\/\/oriamendi.eus\/es\/","name":"Oriamendi","description":"Remonte en Galarreta. Hernani. Gipuzkoa","publisher":{"@id":"https:\/\/oriamendi.eus\/es\/#organization"},"potentialAction":[{"@type":"SearchAction","target":{"@type":"EntryPoint","urlTemplate":"https:\/\/oriamendi.eus\/es\/?s={search_term_string}"},"query-input":"required name=search_term_string"}],"inLanguage":"es"},{"@type":"Organization","@id":"https:\/\/oriamendi.eus\/es\/#organization","name":"Oriamendi","url":"https:\/\/oriamendi.eus\/es\/","logo":{"@type":"ImageObject","inLanguage":"es","@id":"https:\/\/oriamendi.eus\/es\/#\/schema\/logo\/image\/","url":"https:\/\/oriamendi.eus\/wp-content\/uploads\/2020\/06\/logo-oriamendi.png","contentUrl":"https:\/\/oriamendi.eus\/wp-content\/uploads\/2020\/06\/logo-oriamendi.png","width":300,"height":90,"caption":"Oriamendi"},"image":{"@id":"https:\/\/oriamendi.eus\/es\/#\/schema\/logo\/image\/"},"sameAs":["https:\/\/www.facebook.com\/oriamendi2010remonte\/","https:\/\/twitter.com\/oriamendi2010","https:\/\/www.instagram.com\/galarretajaialai\/","https:\/\/www.youtube.com\/channel\/UC8gVNzQqB1iwnC-_rI-ihmA\/featured"]},{"@type":"Person","@id":"https:\/\/oriamendi.eus\/es\/#\/schema\/person\/c0bd06c6c747674306a5c82563e2339a","name":"I\u00f1igo Go\u00f1i","image":{"@type":"ImageObject","inLanguage":"es","@id":"https:\/\/oriamendi.eus\/es\/#\/schema\/person\/image\/","url":"https:\/\/secure.gravatar.com\/avatar\/fbb07ffc7b803bbfcc2b6419c06abd3a?s=96&d=mm&r=g","contentUrl":"https:\/\/secure.gravatar.com\/avatar\/fbb07ffc7b803bbfcc2b6419c06abd3a?s=96&d=mm&r=g","caption":"I\u00f1igo Go\u00f1i"},"url":"https:\/\/oriamendi.eus\/es\/author\/om-berriak\/"}]}},"_links":{"self":[{"href":"https:\/\/oriamendi.eus\/es\/wp-json\/wp\/v2\/posts\/5799"}],"collection":[{"href":"https:\/\/oriamendi.eus\/es\/wp-json\/wp\/v2\/posts"}],"about":[{"href":"https:\/\/oriamendi.eus\/es\/wp-json\/wp\/v2\/types\/post"}],"author":[{"embeddable":true,"href":"https:\/\/oriamendi.eus\/es\/wp-json\/wp\/v2\/users\/5"}],"replies":[{"embeddable":true,"href":"https:\/\/oriamendi.eus\/es\/wp-json\/wp\/v2\/comments?post=5799"}],"version-history":[{"count":1,"href":"https:\/\/oriamendi.eus\/es\/wp-json\/wp\/v2\/posts\/5799\/revisions"}],"predecessor-version":[{"id":5800,"href":"https:\/\/oriamendi.eus\/es\/wp-json\/wp\/v2\/posts\/5799\/revisions\/5800"}],"wp:featuredmedia":[{"embeddable":true,"href":"https:\/\/oriamendi.eus\/es\/wp-json\/wp\/v2\/media\/5801"}],"wp:attachment":[{"href":"https:\/\/oriamendi.eus\/es\/wp-json\/wp\/v2\/media?parent=5799"}],"wp:term":[{"taxonomy":"category","embeddable":true,"href":"https:\/\/oriamendi.eus\/es\/wp-json\/wp\/v2\/categories?post=5799"},{"taxonomy":"post_tag","embeddable":true,"href":"https:\/\/oriamendi.eus\/es\/wp-json\/wp\/v2\/tags?post=5799"}],"curies":[{"name":"wp","href":"https:\/\/api.w.org\/{rel}","templated":true}]}}