                                        
                                        
                                        
                                        
                                        
                                        
                                        
                                        
                                        
                                        
                                        
                                        
                                        
                                        
                                        
                                        
                                        
                                        
{"id":5756,"date":"2021-06-21T14:22:56","date_gmt":"2021-06-21T12:22:56","guid":{"rendered":"https:\/\/oriamendi.eus\/?p=5756"},"modified":"2021-06-21T14:22:59","modified_gmt":"2021-06-21T12:22:59","slug":"juanenea-y-barrenetxea-iv-toman-ventaja-en-el-torneo-san-fermin","status":"publish","type":"post","link":"https:\/\/oriamendi.eus\/es\/2021\/06\/21\/juanenea-y-barrenetxea-iv-toman-ventaja-en-el-torneo-san-fermin\/","title":{"rendered":"Juanenea y Barrenetxea IV toman ventaja en el Torneo San Ferm\u00edn"},"content":{"rendered":"\n<p>Juanenea y Barrenetxea IV han dado un paso para la final del Torneo San Ferm\u00edn despu\u00e9s de ganar 30-26 en el estreno a Ansa II y Larra\u00f1aga. Los ganadores suman 4 puntos, mientras los perdedores tienen dos. Hay que recordar que tres parejas luchan por el t\u00edtulo y el primero de la liguilla entra a la final y el segundo y tercero jugar\u00e1n la semifinal.<\/p>\n\n\n\n<p>El partido estuvo igualado y peleado, pero al final los colorados consiguieron cerrar el partido gracias a una gran actuaci\u00f3n de Juanenea, que fue el pelotari m\u00e1s destacado del partido.\u00a0<\/p>\n\n\n\n<p>En el campeonato B se disputaron dos partidos con el debut de Murgiondo y Loitegi. Se estrenaron en profesionales en el tercer partido uno contra otro. El zaguero hernaniarra, acompa\u00f1ado por Goikoetxea en la delantera se impusieron 30-24 a Loitegi y Zubiri. Destac\u00f3 el saque de Murgiondo, que sum\u00f3 hasta trece tantos de saque. Se vio un buen partido.<\/p>\n\n\n\n<p>Donde no hubo ninguna historia fue en el primer partido del festival. Era el primer partido del campeonato B y Urrutia-Martirena pasaron por encima de Zaldua II-Labaka que se quedaron solo en once tantos.\u00a0Con estos dosnresultados las dos parejas ganadoras suman cuatro puntos, Loitegi y Zubiri sumaron un punto, mientras Zaldua II y Labaka cuentan con punto negativo.\u00a0La pr\u00f3xima jornada se jugar\u00e1 el 1 de julio.\u00a0<\/p>\n","protected":false},"excerpt":{"rendered":"<p>Juanenea y Barrenetxea IV han dado un paso para la final del Torneo San Ferm\u00edn despu\u00e9s de ganar 30-26 en el estreno a Ansa II y Larra\u00f1aga. Los ganadores suman 4 puntos, mientras los perdedores tienen dos. Hay que recordar que tres parejas luchan por el t\u00edtulo y el primero de la liguilla entra a [&hellip;]<\/p>\n","protected":false},"author":5,"featured_media":5754,"comment_status":"closed","ping_status":"open","sticky":false,"template":"","format":"standard","meta":{"_et_pb_use_builder":"off","_et_pb_old_content":"","_et_gb_content_width":"","footnotes":""},"categories":[1],"tags":[],"yoast_head":"<!-- This site is optimized with the Yoast SEO plugin v21.8 - https:\/\/yoast.com\/wordpress\/plugins\/seo\/ -->\n<title>Juanenea y Barrenetxea IV toman ventaja en el Torneo San Ferm\u00edn | Oriamendi 2010<\/title>\n<meta name=\"robots\" content=\"index, follow, max-snippet:-1, max-image-preview:large, max-video-preview:-1\" \/>\n<link rel=\"canonical\" href=\"https:\/\/oriamendi.eus\/es\/2021\/06\/21\/juanenea-y-barrenetxea-iv-toman-ventaja-en-el-torneo-san-fermin\/\" \/>\n<meta property=\"og:locale\" content=\"es_ES\" \/>\n<meta property=\"og:type\" content=\"article\" \/>\n<meta property=\"og:title\" content=\"Juanenea y Barrenetxea IV toman ventaja en el Torneo San Ferm\u00edn | Oriamendi 2010\" \/>\n<meta property=\"og:description\" content=\"Juanenea y Barrenetxea IV han dado un paso para la final del Torneo San Ferm\u00edn despu\u00e9s de ganar 30-26 en el estreno a Ansa II y Larra\u00f1aga. Los ganadores suman 4 puntos, mientras los perdedores tienen dos. Hay que recordar que tres parejas luchan por el t\u00edtulo y el primero de la liguilla entra a [&hellip;]\" \/>\n<meta property=\"og:url\" content=\"https:\/\/oriamendi.eus\/es\/2021\/06\/21\/juanenea-y-barrenetxea-iv-toman-ventaja-en-el-torneo-san-fermin\/\" \/>\n<meta property=\"og:site_name\" content=\"Oriamendi 2010\" \/>\n<meta property=\"article:publisher\" content=\"https:\/\/www.facebook.com\/oriamendi2010remonte\/\" \/>\n<meta property=\"article:published_time\" content=\"2021-06-21T12:22:56+00:00\" \/>\n<meta property=\"article:modified_time\" content=\"2021-06-21T12:22:59+00:00\" \/>\n<meta property=\"og:image\" content=\"https:\/\/oriamendi.eus\/wp-content\/uploads\/2021\/06\/erremontea.jpeg\" \/>\n\t<meta property=\"og:image:width\" content=\"1200\" \/>\n\t<meta property=\"og:image:height\" content=\"679\" \/>\n\t<meta property=\"og:image:type\" content=\"image\/jpeg\" \/>\n<meta name=\"author\" content=\"I\u00f1igo Go\u00f1i\" \/>\n<meta name=\"twitter:card\" content=\"summary_large_image\" \/>\n<meta name=\"twitter:creator\" content=\"@oriamendi2010\" \/>\n<meta name=\"twitter:site\" content=\"@oriamendi2010\" \/>\n<meta name=\"twitter:label1\" content=\"Escrito por\" \/>\n\t<meta name=\"twitter:data1\" content=\"I\u00f1igo Go\u00f1i\" \/>\n\t<meta name=\"twitter:label2\" content=\"Tiempo de lectura\" \/>\n\t<meta name=\"twitter:data2\" content=\"1 minuto\" \/>\n<script type=\"application\/ld+json\" class=\"yoast-schema-graph\">{\"@context\":\"https:\/\/schema.org\",\"@graph\":[{\"@type\":\"Article\",\"@id\":\"https:\/\/oriamendi.eus\/es\/2021\/06\/21\/juanenea-y-barrenetxea-iv-toman-ventaja-en-el-torneo-san-fermin\/#article\",\"isPartOf\":{\"@id\":\"https:\/\/oriamendi.eus\/es\/2021\/06\/21\/juanenea-y-barrenetxea-iv-toman-ventaja-en-el-torneo-san-fermin\/\"},\"author\":{\"name\":\"I\u00f1igo Go\u00f1i\",\"@id\":\"https:\/\/oriamendi.eus\/es\/#\/schema\/person\/c0bd06c6c747674306a5c82563e2339a\"},\"headline\":\"Juanenea y Barrenetxea IV toman ventaja en el Torneo San Ferm\u00edn\",\"datePublished\":\"2021-06-21T12:22:56+00:00\",\"dateModified\":\"2021-06-21T12:22:59+00:00\",\"mainEntityOfPage\":{\"@id\":\"https:\/\/oriamendi.eus\/es\/2021\/06\/21\/juanenea-y-barrenetxea-iv-toman-ventaja-en-el-torneo-san-fermin\/\"},\"wordCount\":241,\"publisher\":{\"@id\":\"https:\/\/oriamendi.eus\/es\/#organization\"},\"articleSection\":[\"Sin categorizar\"],\"inLanguage\":\"es\"},{\"@type\":\"WebPage\",\"@id\":\"https:\/\/oriamendi.eus\/es\/2021\/06\/21\/juanenea-y-barrenetxea-iv-toman-ventaja-en-el-torneo-san-fermin\/\",\"url\":\"https:\/\/oriamendi.eus\/es\/2021\/06\/21\/juanenea-y-barrenetxea-iv-toman-ventaja-en-el-torneo-san-fermin\/\",\"name\":\"Juanenea y Barrenetxea IV toman ventaja en el Torneo San Ferm\u00edn | Oriamendi 2010\",\"isPartOf\":{\"@id\":\"https:\/\/oriamendi.eus\/es\/#website\"},\"datePublished\":\"2021-06-21T12:22:56+00:00\",\"dateModified\":\"2021-06-21T12:22:59+00:00\",\"breadcrumb\":{\"@id\":\"https:\/\/oriamendi.eus\/es\/2021\/06\/21\/juanenea-y-barrenetxea-iv-toman-ventaja-en-el-torneo-san-fermin\/#breadcrumb\"},\"inLanguage\":\"es\",\"potentialAction\":[{\"@type\":\"ReadAction\",\"target\":[\"https:\/\/oriamendi.eus\/es\/2021\/06\/21\/juanenea-y-barrenetxea-iv-toman-ventaja-en-el-torneo-san-fermin\/\"]}]},{\"@type\":\"BreadcrumbList\",\"@id\":\"https:\/\/oriamendi.eus\/es\/2021\/06\/21\/juanenea-y-barrenetxea-iv-toman-ventaja-en-el-torneo-san-fermin\/#breadcrumb\",\"itemListElement\":[{\"@type\":\"ListItem\",\"position\":1,\"name\":\"Portada\",\"item\":\"https:\/\/oriamendi.eus\/es\/\"},{\"@type\":\"ListItem\",\"position\":2,\"name\":\"Juanenea y Barrenetxea IV toman ventaja en el Torneo San Ferm\u00edn\"}]},{\"@type\":\"WebSite\",\"@id\":\"https:\/\/oriamendi.eus\/es\/#website\",\"url\":\"https:\/\/oriamendi.eus\/es\/\",\"name\":\"Oriamendi\",\"description\":\"Remonte en Galarreta. Hernani. Gipuzkoa\",\"publisher\":{\"@id\":\"https:\/\/oriamendi.eus\/es\/#organization\"},\"potentialAction\":[{\"@type\":\"SearchAction\",\"target\":{\"@type\":\"EntryPoint\",\"urlTemplate\":\"https:\/\/oriamendi.eus\/es\/?s={search_term_string}\"},\"query-input\":\"required name=search_term_string\"}],\"inLanguage\":\"es\"},{\"@type\":\"Organization\",\"@id\":\"https:\/\/oriamendi.eus\/es\/#organization\",\"name\":\"Oriamendi\",\"url\":\"https:\/\/oriamendi.eus\/es\/\",\"logo\":{\"@type\":\"ImageObject\",\"inLanguage\":\"es\",\"@id\":\"https:\/\/oriamendi.eus\/es\/#\/schema\/logo\/image\/\",\"url\":\"https:\/\/oriamendi.eus\/wp-content\/uploads\/2020\/06\/logo-oriamendi.png\",\"contentUrl\":\"https:\/\/oriamendi.eus\/wp-content\/uploads\/2020\/06\/logo-oriamendi.png\",\"width\":300,\"height\":90,\"caption\":\"Oriamendi\"},\"image\":{\"@id\":\"https:\/\/oriamendi.eus\/es\/#\/schema\/logo\/image\/\"},\"sameAs\":[\"https:\/\/www.facebook.com\/oriamendi2010remonte\/\",\"https:\/\/twitter.com\/oriamendi2010\",\"https:\/\/www.instagram.com\/galarretajaialai\/\",\"https:\/\/www.youtube.com\/channel\/UC8gVNzQqB1iwnC-_rI-ihmA\/featured\"]},{\"@type\":\"Person\",\"@id\":\"https:\/\/oriamendi.eus\/es\/#\/schema\/person\/c0bd06c6c747674306a5c82563e2339a\",\"name\":\"I\u00f1igo Go\u00f1i\",\"image\":{\"@type\":\"ImageObject\",\"inLanguage\":\"es\",\"@id\":\"https:\/\/oriamendi.eus\/es\/#\/schema\/person\/image\/\",\"url\":\"https:\/\/secure.gravatar.com\/avatar\/fbb07ffc7b803bbfcc2b6419c06abd3a?s=96&d=mm&r=g\",\"contentUrl\":\"https:\/\/secure.gravatar.com\/avatar\/fbb07ffc7b803bbfcc2b6419c06abd3a?s=96&d=mm&r=g\",\"caption\":\"I\u00f1igo Go\u00f1i\"},\"url\":\"https:\/\/oriamendi.eus\/es\/author\/om-berriak\/\"}]}<\/script>\n<!-- \/ Yoast SEO plugin. -->","yoast_head_json":{"title":"Juanenea y Barrenetxea IV toman ventaja en el Torneo San Ferm\u00edn | Oriamendi 2010","robots":{"index":"index","follow":"follow","max-snippet":"max-snippet:-1","max-image-preview":"max-image-preview:large","max-video-preview":"max-video-preview:-1"},"canonical":"https:\/\/oriamendi.eus\/es\/2021\/06\/21\/juanenea-y-barrenetxea-iv-toman-ventaja-en-el-torneo-san-fermin\/","og_locale":"es_ES","og_type":"article","og_title":"Juanenea y Barrenetxea IV toman ventaja en el Torneo San Ferm\u00edn | Oriamendi 2010","og_description":"Juanenea y Barrenetxea IV han dado un paso para la final del Torneo San Ferm\u00edn despu\u00e9s de ganar 30-26 en el estreno a Ansa II y Larra\u00f1aga. Los ganadores suman 4 puntos, mientras los perdedores tienen dos. Hay que recordar que tres parejas luchan por el t\u00edtulo y el primero de la liguilla entra a [&hellip;]","og_url":"https:\/\/oriamendi.eus\/es\/2021\/06\/21\/juanenea-y-barrenetxea-iv-toman-ventaja-en-el-torneo-san-fermin\/","og_site_name":"Oriamendi 2010","article_publisher":"https:\/\/www.facebook.com\/oriamendi2010remonte\/","article_published_time":"2021-06-21T12:22:56+00:00","article_modified_time":"2021-06-21T12:22:59+00:00","og_image":[{"width":1200,"height":679,"url":"https:\/\/oriamendi.eus\/wp-content\/uploads\/2021\/06\/erremontea.jpeg","type":"image\/jpeg"}],"author":"I\u00f1igo Go\u00f1i","twitter_card":"summary_large_image","twitter_creator":"@oriamendi2010","twitter_site":"@oriamendi2010","twitter_misc":{"Escrito por":"I\u00f1igo Go\u00f1i","Tiempo de lectura":"1 minuto"},"schema":{"@context":"https:\/\/schema.org","@graph":[{"@type":"Article","@id":"https:\/\/oriamendi.eus\/es\/2021\/06\/21\/juanenea-y-barrenetxea-iv-toman-ventaja-en-el-torneo-san-fermin\/#article","isPartOf":{"@id":"https:\/\/oriamendi.eus\/es\/2021\/06\/21\/juanenea-y-barrenetxea-iv-toman-ventaja-en-el-torneo-san-fermin\/"},"author":{"name":"I\u00f1igo Go\u00f1i","@id":"https:\/\/oriamendi.eus\/es\/#\/schema\/person\/c0bd06c6c747674306a5c82563e2339a"},"headline":"Juanenea y Barrenetxea IV toman ventaja en el Torneo San Ferm\u00edn","datePublished":"2021-06-21T12:22:56+00:00","dateModified":"2021-06-21T12:22:59+00:00","mainEntityOfPage":{"@id":"https:\/\/oriamendi.eus\/es\/2021\/06\/21\/juanenea-y-barrenetxea-iv-toman-ventaja-en-el-torneo-san-fermin\/"},"wordCount":241,"publisher":{"@id":"https:\/\/oriamendi.eus\/es\/#organization"},"articleSection":["Sin categorizar"],"inLanguage":"es"},{"@type":"WebPage","@id":"https:\/\/oriamendi.eus\/es\/2021\/06\/21\/juanenea-y-barrenetxea-iv-toman-ventaja-en-el-torneo-san-fermin\/","url":"https:\/\/oriamendi.eus\/es\/2021\/06\/21\/juanenea-y-barrenetxea-iv-toman-ventaja-en-el-torneo-san-fermin\/","name":"Juanenea y Barrenetxea IV toman ventaja en el Torneo San Ferm\u00edn | Oriamendi 2010","isPartOf":{"@id":"https:\/\/oriamendi.eus\/es\/#website"},"datePublished":"2021-06-21T12:22:56+00:00","dateModified":"2021-06-21T12:22:59+00:00","breadcrumb":{"@id":"https:\/\/oriamendi.eus\/es\/2021\/06\/21\/juanenea-y-barrenetxea-iv-toman-ventaja-en-el-torneo-san-fermin\/#breadcrumb"},"inLanguage":"es","potentialAction":[{"@type":"ReadAction","target":["https:\/\/oriamendi.eus\/es\/2021\/06\/21\/juanenea-y-barrenetxea-iv-toman-ventaja-en-el-torneo-san-fermin\/"]}]},{"@type":"BreadcrumbList","@id":"https:\/\/oriamendi.eus\/es\/2021\/06\/21\/juanenea-y-barrenetxea-iv-toman-ventaja-en-el-torneo-san-fermin\/#breadcrumb","itemListElement":[{"@type":"ListItem","position":1,"name":"Portada","item":"https:\/\/oriamendi.eus\/es\/"},{"@type":"ListItem","position":2,"name":"Juanenea y Barrenetxea IV toman ventaja en el Torneo San Ferm\u00edn"}]},{"@type":"WebSite","@id":"https:\/\/oriamendi.eus\/es\/#website","url":"https:\/\/oriamendi.eus\/es\/","name":"Oriamendi","description":"Remonte en Galarreta. Hernani. Gipuzkoa","publisher":{"@id":"https:\/\/oriamendi.eus\/es\/#organization"},"potentialAction":[{"@type":"SearchAction","target":{"@type":"EntryPoint","urlTemplate":"https:\/\/oriamendi.eus\/es\/?s={search_term_string}"},"query-input":"required name=search_term_string"}],"inLanguage":"es"},{"@type":"Organization","@id":"https:\/\/oriamendi.eus\/es\/#organization","name":"Oriamendi","url":"https:\/\/oriamendi.eus\/es\/","logo":{"@type":"ImageObject","inLanguage":"es","@id":"https:\/\/oriamendi.eus\/es\/#\/schema\/logo\/image\/","url":"https:\/\/oriamendi.eus\/wp-content\/uploads\/2020\/06\/logo-oriamendi.png","contentUrl":"https:\/\/oriamendi.eus\/wp-content\/uploads\/2020\/06\/logo-oriamendi.png","width":300,"height":90,"caption":"Oriamendi"},"image":{"@id":"https:\/\/oriamendi.eus\/es\/#\/schema\/logo\/image\/"},"sameAs":["https:\/\/www.facebook.com\/oriamendi2010remonte\/","https:\/\/twitter.com\/oriamendi2010","https:\/\/www.instagram.com\/galarretajaialai\/","https:\/\/www.youtube.com\/channel\/UC8gVNzQqB1iwnC-_rI-ihmA\/featured"]},{"@type":"Person","@id":"https:\/\/oriamendi.eus\/es\/#\/schema\/person\/c0bd06c6c747674306a5c82563e2339a","name":"I\u00f1igo Go\u00f1i","image":{"@type":"ImageObject","inLanguage":"es","@id":"https:\/\/oriamendi.eus\/es\/#\/schema\/person\/image\/","url":"https:\/\/secure.gravatar.com\/avatar\/fbb07ffc7b803bbfcc2b6419c06abd3a?s=96&d=mm&r=g","contentUrl":"https:\/\/secure.gravatar.com\/avatar\/fbb07ffc7b803bbfcc2b6419c06abd3a?s=96&d=mm&r=g","caption":"I\u00f1igo Go\u00f1i"},"url":"https:\/\/oriamendi.eus\/es\/author\/om-berriak\/"}]}},"_links":{"self":[{"href":"https:\/\/oriamendi.eus\/es\/wp-json\/wp\/v2\/posts\/5756"}],"collection":[{"href":"https:\/\/oriamendi.eus\/es\/wp-json\/wp\/v2\/posts"}],"about":[{"href":"https:\/\/oriamendi.eus\/es\/wp-json\/wp\/v2\/types\/post"}],"author":[{"embeddable":true,"href":"https:\/\/oriamendi.eus\/es\/wp-json\/wp\/v2\/users\/5"}],"replies":[{"embeddable":true,"href":"https:\/\/oriamendi.eus\/es\/wp-json\/wp\/v2\/comments?post=5756"}],"version-history":[{"count":1,"href":"https:\/\/oriamendi.eus\/es\/wp-json\/wp\/v2\/posts\/5756\/revisions"}],"predecessor-version":[{"id":5757,"href":"https:\/\/oriamendi.eus\/es\/wp-json\/wp\/v2\/posts\/5756\/revisions\/5757"}],"wp:featuredmedia":[{"embeddable":true,"href":"https:\/\/oriamendi.eus\/es\/wp-json\/wp\/v2\/media\/5754"}],"wp:attachment":[{"href":"https:\/\/oriamendi.eus\/es\/wp-json\/wp\/v2\/media?parent=5756"}],"wp:term":[{"taxonomy":"category","embeddable":true,"href":"https:\/\/oriamendi.eus\/es\/wp-json\/wp\/v2\/categories?post=5756"},{"taxonomy":"post_tag","embeddable":true,"href":"https:\/\/oriamendi.eus\/es\/wp-json\/wp\/v2\/tags?post=5756"}],"curies":[{"name":"wp","href":"https:\/\/api.w.org\/{rel}","templated":true}]}}