                                        
                                        
                                        
                                        
                                        
                                        
                                        
                                        
                                        
                                        
                                        
                                        
                                        
                                        
                                        
                                        
                                        
                                        
{"id":5748,"date":"2021-06-17T14:02:28","date_gmt":"2021-06-17T12:02:28","guid":{"rendered":"https:\/\/oriamendi.eus\/?p=5748"},"modified":"2021-06-17T14:02:30","modified_gmt":"2021-06-17T12:02:30","slug":"el-torneo-san-fermin-se-disputara-en-galarreta-a-partir-del-viernes-18-de-junio","status":"publish","type":"post","link":"https:\/\/oriamendi.eus\/es\/2021\/06\/17\/el-torneo-san-fermin-se-disputara-en-galarreta-a-partir-del-viernes-18-de-junio\/","title":{"rendered":"El Torneo San Ferm\u00edn se disputar\u00e1 en Galarreta a partir del viernes 18 de junio"},"content":{"rendered":"\n<p><strong>Se pondr\u00e1n en juego dos txapelas, la principal con el torneo del grupo A y la segunda, del grupo B<\/strong><\/p>\n\n\n\n<p><br>Galarreta ha acogido la presentaci\u00f3n del Torneo San Ferm\u00edn que comenzar\u00e1 el pr\u00f3ximo viernes 18 de junio y que se dilatar\u00e1 en el tiempo hasta el 14 de julio, d\u00eda en el que pondr\u00e1n en juego los dos campeonatos en disputa con dos finales.\u00a0<\/p>\n\n\n\n<p>Oriamendi2010 ha dividido el Torneo en dos grupos, el A y el B, con tres parejas en el primero y cuatro en el segundo. El grupo A disputar\u00e1 el Torneo San Ferm\u00edn principal con tres parejas y los seis pelotaris m\u00e1s destacados del cuadro. El grupo B est\u00e1 compuesto por el resto de remontistas y se disputar\u00e1n una segunda txapela con alicientes.<\/p>\n\n\n\n<p>\u00a0Las tres parejas que componen el grupo A son Urriza-Aizpuru III, Juanenea-Barrenetxea IV y Ansa II-Larra\u00f1aga. El grupo B lo componen Zaldua II-Labaka, Urrutia II-Martirena, Loitegi-Zubiri y Goikoetxea V-Murgiondo.\u00a0El Torneo se jugar\u00e1 en cinco jornadas. Los d\u00edas 18 de junio, 1 de julio y el 3 de julio se disputar\u00e1n partidos correspondientes a una liguilla de todos contra todos en ambos grupos. El 7 de julio se disputar\u00e1n la semifinal del grupo A y del grupo B y las finales de ambos grupos se jugar\u00e1n el 14 de julio.\u00a0<\/p>\n\n\n\n<p>La pandemia ha obligado que todo el Torneo San Ferm\u00edn se desarrolle en Galarreta y no como suele ser habitual en el Euskal Jai de Huarte. Con esa principal novedad el primer clasificado en la liguilla pasar\u00e1 a la final y el segundo y tercer clasificado jugar\u00e1n una semifinal. En el grupo B el cuarto clasificado quedar\u00e1 eliminado.\u00a0Los partidos se jugar\u00e1n a 30 tantos y se puntuar\u00e1 como en el Sagardoaren Txapelketa. Cuatro puntos el ganador, dos puntos quien haga entre 29-27 tantos, un punto el que haga entre 26-24 tantos, no puntuar\u00e1 la pareja que se quede entre 23-17 tantos y tendr\u00e1 un punto negativo quien haga 16 tantos o menos.<\/p>\n\n\n\n<figure class=\"wp-block-image size-large\"><img fetchpriority=\"high\" fetchpriority=\"high\" decoding=\"async\" width=\"1024\" height=\"683\" src=\"https:\/\/oriamendi.eus\/wp-content\/uploads\/2021\/06\/210619Erremontea1-1024x683.jpg\" alt=\"\" class=\"wp-image-5743\" srcset=\"https:\/\/oriamendi.eus\/wp-content\/uploads\/2021\/06\/210619Erremontea1-1024x683.jpg 1024w, https:\/\/oriamendi.eus\/wp-content\/uploads\/2021\/06\/210619Erremontea1-980x653.jpg 980w, https:\/\/oriamendi.eus\/wp-content\/uploads\/2021\/06\/210619Erremontea1-480x320.jpg 480w\" sizes=\"(min-width: 0px) and (max-width: 480px) 480px, (min-width: 481px) and (max-width: 980px) 980px, (min-width: 981px) 1024px, 100vw\" \/><\/figure>\n\n\n\n<p>La liguilla comenzar\u00e1 el viernes y se jugar\u00e1n tres partidos con las c\u00e1maras de ETB1 en directo, a partir de las 22:20 horas. En esa primera jornada en el grupo A se medir\u00e1n Urriza-Aizpuru III contra Ansa II-Larra\u00f1aga. En el grupo B los emparejamientos son: Zaldua II-Labaka contra Urrutia II-Martirena y Loitegi-Zubiri contra Goikoetxea V-Murgiondo.<\/p>\n\n\n\n<p>Hay que destacar que el viernes debutar\u00e1n en profesionales el delantero de Urnieta Loitegi y el zaguero de hernaniarra Murgiondo. En la presentaci\u00f3n el zaguero de Hernani asegur\u00f3 estar \u00abcon muchas ganas sabiendo que va a ser complicado a medirse a remontistas de m\u00e1s nivel, pero tendr\u00e9 la ayuda de un delantero de la talla de Goikoetxea V, que me va a ayudar menos\u00bb. <\/p>\n\n\n\n<p>Loitegi no pudo estar en la presentaci\u00f3n.\u00a0\u00a0Hay que destacar que la segunda y tercera jornadas de la liguilla comenzar\u00e1n a las 17:00 horas y a la espera de las decisiones de las autoridades hay esperanzas que sea con p\u00fablico.\u00a0Las dos semifinales del d\u00eda 7 de julio y las dos finales del d\u00eda 14 de julio tambi\u00e9n contar\u00e1n con las c\u00e1maras de ETB1 en directo, a partir de las 17:00 horas.<\/p>\n\n\n\n<p>El Torneo San Ferm\u00edn contar\u00e1 con la inestimable colaboraci\u00f3n y apoyo de la constructora Sukia y el peri\u00f3dico Berria. Alfredo Pozueta represent\u00f3 a Sukia e Irati Azkue represent\u00f3 a Berria en la presentaci\u00f3n, que estuve dirigido por Oihane Mateeos y tambi\u00e9n cont\u00f3 con Xabi Gonz\u00e1lez de Oriamendi2010 y los pelotaris participantes, salvo algunas ausencias por temas laborales.<\/p>\n\n\n\n<p><\/p>\n","protected":false},"excerpt":{"rendered":"<p>Se pondr\u00e1n en juego dos txapelas, la principal con el torneo del grupo A y la segunda, del grupo B Galarreta ha acogido la presentaci\u00f3n del Torneo San Ferm\u00edn que comenzar\u00e1 el pr\u00f3ximo viernes 18 de junio y que se dilatar\u00e1 en el tiempo hasta el 14 de julio, d\u00eda en el que pondr\u00e1n en [&hellip;]<\/p>\n","protected":false},"author":5,"featured_media":5746,"comment_status":"closed","ping_status":"open","sticky":false,"template":"","format":"standard","meta":{"_et_pb_use_builder":"off","_et_pb_old_content":"","_et_gb_content_width":"","footnotes":""},"categories":[1],"tags":[],"yoast_head":"<!-- This site is optimized with the Yoast SEO plugin v21.8 - https:\/\/yoast.com\/wordpress\/plugins\/seo\/ -->\n<title>El Torneo San Ferm\u00edn se disputar\u00e1 en Galarreta a partir del viernes 18 de junio | Oriamendi 2010<\/title>\n<meta name=\"robots\" content=\"index, follow, max-snippet:-1, max-image-preview:large, max-video-preview:-1\" \/>\n<link rel=\"canonical\" href=\"https:\/\/oriamendi.eus\/es\/2021\/06\/17\/el-torneo-san-fermin-se-disputara-en-galarreta-a-partir-del-viernes-18-de-junio\/\" \/>\n<meta property=\"og:locale\" content=\"es_ES\" \/>\n<meta property=\"og:type\" content=\"article\" \/>\n<meta property=\"og:title\" content=\"El Torneo San Ferm\u00edn se disputar\u00e1 en Galarreta a partir del viernes 18 de junio | Oriamendi 2010\" \/>\n<meta property=\"og:description\" content=\"Se pondr\u00e1n en juego dos txapelas, la principal con el torneo del grupo A y la segunda, del grupo B Galarreta ha acogido la presentaci\u00f3n del Torneo San Ferm\u00edn que comenzar\u00e1 el pr\u00f3ximo viernes 18 de junio y que se dilatar\u00e1 en el tiempo hasta el 14 de julio, d\u00eda en el que pondr\u00e1n en [&hellip;]\" \/>\n<meta property=\"og:url\" content=\"https:\/\/oriamendi.eus\/es\/2021\/06\/17\/el-torneo-san-fermin-se-disputara-en-galarreta-a-partir-del-viernes-18-de-junio\/\" \/>\n<meta property=\"og:site_name\" content=\"Oriamendi 2010\" \/>\n<meta property=\"article:publisher\" content=\"https:\/\/www.facebook.com\/oriamendi2010remonte\/\" \/>\n<meta property=\"article:published_time\" content=\"2021-06-17T12:02:28+00:00\" \/>\n<meta property=\"article:modified_time\" content=\"2021-06-17T12:02:30+00:00\" \/>\n<meta property=\"og:image\" content=\"https:\/\/oriamendi.eus\/wp-content\/uploads\/2021\/06\/20210616170624__52A3728-01.jpg\" \/>\n\t<meta property=\"og:image:width\" content=\"1200\" \/>\n\t<meta property=\"og:image:height\" content=\"800\" \/>\n\t<meta property=\"og:image:type\" content=\"image\/jpeg\" \/>\n<meta name=\"author\" content=\"I\u00f1igo Go\u00f1i\" \/>\n<meta name=\"twitter:card\" content=\"summary_large_image\" \/>\n<meta name=\"twitter:creator\" content=\"@oriamendi2010\" \/>\n<meta name=\"twitter:site\" content=\"@oriamendi2010\" \/>\n<meta name=\"twitter:label1\" content=\"Escrito por\" \/>\n\t<meta name=\"twitter:data1\" content=\"I\u00f1igo Go\u00f1i\" \/>\n\t<meta name=\"twitter:label2\" content=\"Tiempo de lectura\" \/>\n\t<meta name=\"twitter:data2\" content=\"3 minutos\" \/>\n<script type=\"application\/ld+json\" class=\"yoast-schema-graph\">{\"@context\":\"https:\/\/schema.org\",\"@graph\":[{\"@type\":\"Article\",\"@id\":\"https:\/\/oriamendi.eus\/es\/2021\/06\/17\/el-torneo-san-fermin-se-disputara-en-galarreta-a-partir-del-viernes-18-de-junio\/#article\",\"isPartOf\":{\"@id\":\"https:\/\/oriamendi.eus\/es\/2021\/06\/17\/el-torneo-san-fermin-se-disputara-en-galarreta-a-partir-del-viernes-18-de-junio\/\"},\"author\":{\"name\":\"I\u00f1igo Go\u00f1i\",\"@id\":\"https:\/\/oriamendi.eus\/es\/#\/schema\/person\/c0bd06c6c747674306a5c82563e2339a\"},\"headline\":\"El Torneo San Ferm\u00edn se disputar\u00e1 en Galarreta a partir del viernes 18 de junio\",\"datePublished\":\"2021-06-17T12:02:28+00:00\",\"dateModified\":\"2021-06-17T12:02:30+00:00\",\"mainEntityOfPage\":{\"@id\":\"https:\/\/oriamendi.eus\/es\/2021\/06\/17\/el-torneo-san-fermin-se-disputara-en-galarreta-a-partir-del-viernes-18-de-junio\/\"},\"wordCount\":616,\"publisher\":{\"@id\":\"https:\/\/oriamendi.eus\/es\/#organization\"},\"articleSection\":[\"Sin categorizar\"],\"inLanguage\":\"es\"},{\"@type\":\"WebPage\",\"@id\":\"https:\/\/oriamendi.eus\/es\/2021\/06\/17\/el-torneo-san-fermin-se-disputara-en-galarreta-a-partir-del-viernes-18-de-junio\/\",\"url\":\"https:\/\/oriamendi.eus\/es\/2021\/06\/17\/el-torneo-san-fermin-se-disputara-en-galarreta-a-partir-del-viernes-18-de-junio\/\",\"name\":\"El Torneo San Ferm\u00edn se disputar\u00e1 en Galarreta a partir del viernes 18 de junio | Oriamendi 2010\",\"isPartOf\":{\"@id\":\"https:\/\/oriamendi.eus\/es\/#website\"},\"datePublished\":\"2021-06-17T12:02:28+00:00\",\"dateModified\":\"2021-06-17T12:02:30+00:00\",\"breadcrumb\":{\"@id\":\"https:\/\/oriamendi.eus\/es\/2021\/06\/17\/el-torneo-san-fermin-se-disputara-en-galarreta-a-partir-del-viernes-18-de-junio\/#breadcrumb\"},\"inLanguage\":\"es\",\"potentialAction\":[{\"@type\":\"ReadAction\",\"target\":[\"https:\/\/oriamendi.eus\/es\/2021\/06\/17\/el-torneo-san-fermin-se-disputara-en-galarreta-a-partir-del-viernes-18-de-junio\/\"]}]},{\"@type\":\"BreadcrumbList\",\"@id\":\"https:\/\/oriamendi.eus\/es\/2021\/06\/17\/el-torneo-san-fermin-se-disputara-en-galarreta-a-partir-del-viernes-18-de-junio\/#breadcrumb\",\"itemListElement\":[{\"@type\":\"ListItem\",\"position\":1,\"name\":\"Portada\",\"item\":\"https:\/\/oriamendi.eus\/es\/\"},{\"@type\":\"ListItem\",\"position\":2,\"name\":\"El Torneo San Ferm\u00edn se disputar\u00e1 en Galarreta a partir del viernes 18 de junio\"}]},{\"@type\":\"WebSite\",\"@id\":\"https:\/\/oriamendi.eus\/es\/#website\",\"url\":\"https:\/\/oriamendi.eus\/es\/\",\"name\":\"Oriamendi\",\"description\":\"Remonte en Galarreta. Hernani. Gipuzkoa\",\"publisher\":{\"@id\":\"https:\/\/oriamendi.eus\/es\/#organization\"},\"potentialAction\":[{\"@type\":\"SearchAction\",\"target\":{\"@type\":\"EntryPoint\",\"urlTemplate\":\"https:\/\/oriamendi.eus\/es\/?s={search_term_string}\"},\"query-input\":\"required name=search_term_string\"}],\"inLanguage\":\"es\"},{\"@type\":\"Organization\",\"@id\":\"https:\/\/oriamendi.eus\/es\/#organization\",\"name\":\"Oriamendi\",\"url\":\"https:\/\/oriamendi.eus\/es\/\",\"logo\":{\"@type\":\"ImageObject\",\"inLanguage\":\"es\",\"@id\":\"https:\/\/oriamendi.eus\/es\/#\/schema\/logo\/image\/\",\"url\":\"https:\/\/oriamendi.eus\/wp-content\/uploads\/2020\/06\/logo-oriamendi.png\",\"contentUrl\":\"https:\/\/oriamendi.eus\/wp-content\/uploads\/2020\/06\/logo-oriamendi.png\",\"width\":300,\"height\":90,\"caption\":\"Oriamendi\"},\"image\":{\"@id\":\"https:\/\/oriamendi.eus\/es\/#\/schema\/logo\/image\/\"},\"sameAs\":[\"https:\/\/www.facebook.com\/oriamendi2010remonte\/\",\"https:\/\/twitter.com\/oriamendi2010\",\"https:\/\/www.instagram.com\/galarretajaialai\/\",\"https:\/\/www.youtube.com\/channel\/UC8gVNzQqB1iwnC-_rI-ihmA\/featured\"]},{\"@type\":\"Person\",\"@id\":\"https:\/\/oriamendi.eus\/es\/#\/schema\/person\/c0bd06c6c747674306a5c82563e2339a\",\"name\":\"I\u00f1igo Go\u00f1i\",\"image\":{\"@type\":\"ImageObject\",\"inLanguage\":\"es\",\"@id\":\"https:\/\/oriamendi.eus\/es\/#\/schema\/person\/image\/\",\"url\":\"https:\/\/secure.gravatar.com\/avatar\/fbb07ffc7b803bbfcc2b6419c06abd3a?s=96&d=mm&r=g\",\"contentUrl\":\"https:\/\/secure.gravatar.com\/avatar\/fbb07ffc7b803bbfcc2b6419c06abd3a?s=96&d=mm&r=g\",\"caption\":\"I\u00f1igo Go\u00f1i\"},\"url\":\"https:\/\/oriamendi.eus\/es\/author\/om-berriak\/\"}]}<\/script>\n<!-- \/ Yoast SEO plugin. -->","yoast_head_json":{"title":"El Torneo San Ferm\u00edn se disputar\u00e1 en Galarreta a partir del viernes 18 de junio | Oriamendi 2010","robots":{"index":"index","follow":"follow","max-snippet":"max-snippet:-1","max-image-preview":"max-image-preview:large","max-video-preview":"max-video-preview:-1"},"canonical":"https:\/\/oriamendi.eus\/es\/2021\/06\/17\/el-torneo-san-fermin-se-disputara-en-galarreta-a-partir-del-viernes-18-de-junio\/","og_locale":"es_ES","og_type":"article","og_title":"El Torneo San Ferm\u00edn se disputar\u00e1 en Galarreta a partir del viernes 18 de junio | Oriamendi 2010","og_description":"Se pondr\u00e1n en juego dos txapelas, la principal con el torneo del grupo A y la segunda, del grupo B Galarreta ha acogido la presentaci\u00f3n del Torneo San Ferm\u00edn que comenzar\u00e1 el pr\u00f3ximo viernes 18 de junio y que se dilatar\u00e1 en el tiempo hasta el 14 de julio, d\u00eda en el que pondr\u00e1n en [&hellip;]","og_url":"https:\/\/oriamendi.eus\/es\/2021\/06\/17\/el-torneo-san-fermin-se-disputara-en-galarreta-a-partir-del-viernes-18-de-junio\/","og_site_name":"Oriamendi 2010","article_publisher":"https:\/\/www.facebook.com\/oriamendi2010remonte\/","article_published_time":"2021-06-17T12:02:28+00:00","article_modified_time":"2021-06-17T12:02:30+00:00","og_image":[{"width":1200,"height":800,"url":"https:\/\/oriamendi.eus\/wp-content\/uploads\/2021\/06\/20210616170624__52A3728-01.jpg","type":"image\/jpeg"}],"author":"I\u00f1igo Go\u00f1i","twitter_card":"summary_large_image","twitter_creator":"@oriamendi2010","twitter_site":"@oriamendi2010","twitter_misc":{"Escrito por":"I\u00f1igo Go\u00f1i","Tiempo de lectura":"3 minutos"},"schema":{"@context":"https:\/\/schema.org","@graph":[{"@type":"Article","@id":"https:\/\/oriamendi.eus\/es\/2021\/06\/17\/el-torneo-san-fermin-se-disputara-en-galarreta-a-partir-del-viernes-18-de-junio\/#article","isPartOf":{"@id":"https:\/\/oriamendi.eus\/es\/2021\/06\/17\/el-torneo-san-fermin-se-disputara-en-galarreta-a-partir-del-viernes-18-de-junio\/"},"author":{"name":"I\u00f1igo Go\u00f1i","@id":"https:\/\/oriamendi.eus\/es\/#\/schema\/person\/c0bd06c6c747674306a5c82563e2339a"},"headline":"El Torneo San Ferm\u00edn se disputar\u00e1 en Galarreta a partir del viernes 18 de junio","datePublished":"2021-06-17T12:02:28+00:00","dateModified":"2021-06-17T12:02:30+00:00","mainEntityOfPage":{"@id":"https:\/\/oriamendi.eus\/es\/2021\/06\/17\/el-torneo-san-fermin-se-disputara-en-galarreta-a-partir-del-viernes-18-de-junio\/"},"wordCount":616,"publisher":{"@id":"https:\/\/oriamendi.eus\/es\/#organization"},"articleSection":["Sin categorizar"],"inLanguage":"es"},{"@type":"WebPage","@id":"https:\/\/oriamendi.eus\/es\/2021\/06\/17\/el-torneo-san-fermin-se-disputara-en-galarreta-a-partir-del-viernes-18-de-junio\/","url":"https:\/\/oriamendi.eus\/es\/2021\/06\/17\/el-torneo-san-fermin-se-disputara-en-galarreta-a-partir-del-viernes-18-de-junio\/","name":"El Torneo San Ferm\u00edn se disputar\u00e1 en Galarreta a partir del viernes 18 de junio | Oriamendi 2010","isPartOf":{"@id":"https:\/\/oriamendi.eus\/es\/#website"},"datePublished":"2021-06-17T12:02:28+00:00","dateModified":"2021-06-17T12:02:30+00:00","breadcrumb":{"@id":"https:\/\/oriamendi.eus\/es\/2021\/06\/17\/el-torneo-san-fermin-se-disputara-en-galarreta-a-partir-del-viernes-18-de-junio\/#breadcrumb"},"inLanguage":"es","potentialAction":[{"@type":"ReadAction","target":["https:\/\/oriamendi.eus\/es\/2021\/06\/17\/el-torneo-san-fermin-se-disputara-en-galarreta-a-partir-del-viernes-18-de-junio\/"]}]},{"@type":"BreadcrumbList","@id":"https:\/\/oriamendi.eus\/es\/2021\/06\/17\/el-torneo-san-fermin-se-disputara-en-galarreta-a-partir-del-viernes-18-de-junio\/#breadcrumb","itemListElement":[{"@type":"ListItem","position":1,"name":"Portada","item":"https:\/\/oriamendi.eus\/es\/"},{"@type":"ListItem","position":2,"name":"El Torneo San Ferm\u00edn se disputar\u00e1 en Galarreta a partir del viernes 18 de junio"}]},{"@type":"WebSite","@id":"https:\/\/oriamendi.eus\/es\/#website","url":"https:\/\/oriamendi.eus\/es\/","name":"Oriamendi","description":"Remonte en Galarreta. Hernani. Gipuzkoa","publisher":{"@id":"https:\/\/oriamendi.eus\/es\/#organization"},"potentialAction":[{"@type":"SearchAction","target":{"@type":"EntryPoint","urlTemplate":"https:\/\/oriamendi.eus\/es\/?s={search_term_string}"},"query-input":"required name=search_term_string"}],"inLanguage":"es"},{"@type":"Organization","@id":"https:\/\/oriamendi.eus\/es\/#organization","name":"Oriamendi","url":"https:\/\/oriamendi.eus\/es\/","logo":{"@type":"ImageObject","inLanguage":"es","@id":"https:\/\/oriamendi.eus\/es\/#\/schema\/logo\/image\/","url":"https:\/\/oriamendi.eus\/wp-content\/uploads\/2020\/06\/logo-oriamendi.png","contentUrl":"https:\/\/oriamendi.eus\/wp-content\/uploads\/2020\/06\/logo-oriamendi.png","width":300,"height":90,"caption":"Oriamendi"},"image":{"@id":"https:\/\/oriamendi.eus\/es\/#\/schema\/logo\/image\/"},"sameAs":["https:\/\/www.facebook.com\/oriamendi2010remonte\/","https:\/\/twitter.com\/oriamendi2010","https:\/\/www.instagram.com\/galarretajaialai\/","https:\/\/www.youtube.com\/channel\/UC8gVNzQqB1iwnC-_rI-ihmA\/featured"]},{"@type":"Person","@id":"https:\/\/oriamendi.eus\/es\/#\/schema\/person\/c0bd06c6c747674306a5c82563e2339a","name":"I\u00f1igo Go\u00f1i","image":{"@type":"ImageObject","inLanguage":"es","@id":"https:\/\/oriamendi.eus\/es\/#\/schema\/person\/image\/","url":"https:\/\/secure.gravatar.com\/avatar\/fbb07ffc7b803bbfcc2b6419c06abd3a?s=96&d=mm&r=g","contentUrl":"https:\/\/secure.gravatar.com\/avatar\/fbb07ffc7b803bbfcc2b6419c06abd3a?s=96&d=mm&r=g","caption":"I\u00f1igo Go\u00f1i"},"url":"https:\/\/oriamendi.eus\/es\/author\/om-berriak\/"}]}},"_links":{"self":[{"href":"https:\/\/oriamendi.eus\/es\/wp-json\/wp\/v2\/posts\/5748"}],"collection":[{"href":"https:\/\/oriamendi.eus\/es\/wp-json\/wp\/v2\/posts"}],"about":[{"href":"https:\/\/oriamendi.eus\/es\/wp-json\/wp\/v2\/types\/post"}],"author":[{"embeddable":true,"href":"https:\/\/oriamendi.eus\/es\/wp-json\/wp\/v2\/users\/5"}],"replies":[{"embeddable":true,"href":"https:\/\/oriamendi.eus\/es\/wp-json\/wp\/v2\/comments?post=5748"}],"version-history":[{"count":2,"href":"https:\/\/oriamendi.eus\/es\/wp-json\/wp\/v2\/posts\/5748\/revisions"}],"predecessor-version":[{"id":5750,"href":"https:\/\/oriamendi.eus\/es\/wp-json\/wp\/v2\/posts\/5748\/revisions\/5750"}],"wp:featuredmedia":[{"embeddable":true,"href":"https:\/\/oriamendi.eus\/es\/wp-json\/wp\/v2\/media\/5746"}],"wp:attachment":[{"href":"https:\/\/oriamendi.eus\/es\/wp-json\/wp\/v2\/media?parent=5748"}],"wp:term":[{"taxonomy":"category","embeddable":true,"href":"https:\/\/oriamendi.eus\/es\/wp-json\/wp\/v2\/categories?post=5748"},{"taxonomy":"post_tag","embeddable":true,"href":"https:\/\/oriamendi.eus\/es\/wp-json\/wp\/v2\/tags?post=5748"}],"curies":[{"name":"wp","href":"https:\/\/api.w.org\/{rel}","templated":true}]}}