                                        
                                        
                                        
                                        
                                        
                                        
                                        
                                        
                                        
                                        
                                        
                                        
                                        
                                        
                                        
                                        
                                        
                                        
{"id":5732,"date":"2021-06-10T21:23:51","date_gmt":"2021-06-10T19:23:51","guid":{"rendered":"https:\/\/oriamendi.eus\/?p=5732"},"modified":"2021-06-10T21:23:54","modified_gmt":"2021-06-10T19:23:54","slug":"urriza-y-zaldua-campeones-del-torneo-de-la-sidra","status":"publish","type":"post","link":"https:\/\/oriamendi.eus\/es\/2021\/06\/10\/urriza-y-zaldua-campeones-del-torneo-de-la-sidra\/","title":{"rendered":"Urriza y Zaldua, campeones del Torneo de la Sidra"},"content":{"rendered":"\n<p>Urriza y Zaldua ganaron la final de la txapela del Sagardoaren Txapelketa tras superar en el \u00faltimo partido a Ansa II y Labaka por 30-22. As\u00ed, la sidrer\u00eda Bereziartua se ha hecho con la txapela y Seti\u00e9n ha quedado subcampe\u00f3n.<\/p>\n\n\n\n<p>Ansa y Labaka perdieron su primer partido de competici\u00f3n y la fat\u00eddica derrota lleg\u00f3 en el partido m\u00e1s importante. Sin embargo, hay que destacar la labor de Urriza y Zaldua. Ambas parejas tuvieron su momento brillante en una gran final.<\/p>\n\n\n\n<p>El partido fue muy igualado y disfrutaron los espectadores que se congregaron ante el televisor. La pelea entre Urriza y Ansa congreg\u00f3 la mayor\u00eda de las miradas y Zaldua tambi\u00e9n tuvo una batalla apasionante con Labaka.<\/p>\n\n\n\n<p>Al principio se adelantaron 4-0 Urriza y Zaldua, pero Ansa y Labaka reaccionaron y se pusieron 4-5 por delante. Con peque\u00f1as tacadas tomaban la delantera unos y otros. Los colorados cogieron cinco tantos de ventaja por 22-17 y lograron mantener la ventaja cerrando la final con la m\u00e1xima diferencia, 30-22.<\/p>\n\n\n\n<figure class=\"wp-block-image size-large\"><img fetchpriority=\"high\" fetchpriority=\"high\" decoding=\"async\" width=\"1024\" height=\"683\" src=\"https:\/\/oriamendi.eus\/wp-content\/uploads\/2021\/06\/Urriza-finalean-1024x683.jpg\" alt=\"\" class=\"wp-image-5730\" srcset=\"https:\/\/oriamendi.eus\/wp-content\/uploads\/2021\/06\/Urriza-finalean-1024x683.jpg 1024w, https:\/\/oriamendi.eus\/wp-content\/uploads\/2021\/06\/Urriza-finalean-980x653.jpg 980w, https:\/\/oriamendi.eus\/wp-content\/uploads\/2021\/06\/Urriza-finalean-480x320.jpg 480w\" sizes=\"(min-width: 0px) and (max-width: 480px) 480px, (min-width: 481px) and (max-width: 980px) 980px, (min-width: 981px) 1024px, 100vw\" \/><\/figure>\n\n\n\n<p><br>El partido fue intenso, se vieron bonitos tantos y tuvo un nivel alto. Urriza demostr\u00f3 por qu\u00e9 es el rey del remonte y se vio una vez m\u00e1s que no puede ser m\u00e1s peligroso en las finales. En total hizo 21 tantos y decidi\u00f3 la final, dando un paso adelante. Hizo 21 tantos y s\u00f3lo cometi\u00f3 dos errores.<\/p>\n\n\n\n<p>En la final se vieron pocos errores y Zaldua tambi\u00e9n jug\u00f3 de maravilla. Urriza tuvo mucha ayuda y apret\u00f3 bien e incluso realiz\u00f3 jugadas, haciendo tambi\u00e9n un buen trabajo defensivo. Adem\u00e1s logr\u00f3 el tanto final con un saque.<\/p>\n\n\n\n<p>Ansa y Labaka no jugaron mal, pero les falt\u00f3 dar un paso m\u00e1s en el momento decisivo. Ansa hizo 13 tantos y fue una final de delanteros. Labaka aguant\u00f3 bien y marc\u00f3 dos tantos de saque, pero no domin\u00f3 a Zaldua.<\/p>\n\n\n\n<p>El Sagardoaren Txapelketa ha terminado y ha dejado un buen  sabor deportivo y una retransmisi\u00f3n del programa Erremontari en ETB1 moderno e innovador.<\/p>\n","protected":false},"excerpt":{"rendered":"<p>Urriza y Zaldua ganaron la final de la txapela del Sagardoaren Txapelketa tras superar en el \u00faltimo partido a Ansa II y Labaka por 30-22. As\u00ed, la sidrer\u00eda Bereziartua se ha hecho con la txapela y Seti\u00e9n ha quedado subcampe\u00f3n. Ansa y Labaka perdieron su primer partido de competici\u00f3n y la fat\u00eddica derrota lleg\u00f3 en [&hellip;]<\/p>\n","protected":false},"author":5,"featured_media":5728,"comment_status":"closed","ping_status":"open","sticky":false,"template":"","format":"standard","meta":{"_et_pb_use_builder":"off","_et_pb_old_content":"","_et_gb_content_width":"","footnotes":""},"categories":[1],"tags":[],"yoast_head":"<!-- This site is optimized with the Yoast SEO plugin v21.8 - https:\/\/yoast.com\/wordpress\/plugins\/seo\/ -->\n<title>Urriza y Zaldua, campeones del Torneo de la Sidra | Oriamendi 2010<\/title>\n<meta name=\"robots\" content=\"index, follow, max-snippet:-1, max-image-preview:large, max-video-preview:-1\" \/>\n<link rel=\"canonical\" href=\"https:\/\/oriamendi.eus\/es\/2021\/06\/10\/urriza-y-zaldua-campeones-del-torneo-de-la-sidra\/\" \/>\n<meta property=\"og:locale\" content=\"es_ES\" \/>\n<meta property=\"og:type\" content=\"article\" \/>\n<meta property=\"og:title\" content=\"Urriza y Zaldua, campeones del Torneo de la Sidra | Oriamendi 2010\" \/>\n<meta property=\"og:description\" content=\"Urriza y Zaldua ganaron la final de la txapela del Sagardoaren Txapelketa tras superar en el \u00faltimo partido a Ansa II y Labaka por 30-22. As\u00ed, la sidrer\u00eda Bereziartua se ha hecho con la txapela y Seti\u00e9n ha quedado subcampe\u00f3n. Ansa y Labaka perdieron su primer partido de competici\u00f3n y la fat\u00eddica derrota lleg\u00f3 en [&hellip;]\" \/>\n<meta property=\"og:url\" content=\"https:\/\/oriamendi.eus\/es\/2021\/06\/10\/urriza-y-zaldua-campeones-del-torneo-de-la-sidra\/\" \/>\n<meta property=\"og:site_name\" content=\"Oriamendi 2010\" \/>\n<meta property=\"article:publisher\" content=\"https:\/\/www.facebook.com\/oriamendi2010remonte\/\" \/>\n<meta property=\"article:published_time\" content=\"2021-06-10T19:23:51+00:00\" \/>\n<meta property=\"article:modified_time\" content=\"2021-06-10T19:23:54+00:00\" \/>\n<meta property=\"og:image\" content=\"https:\/\/oriamendi.eus\/wp-content\/uploads\/2021\/06\/finala-sagardoa.jpg\" \/>\n\t<meta property=\"og:image:width\" content=\"1200\" \/>\n\t<meta property=\"og:image:height\" content=\"800\" \/>\n\t<meta property=\"og:image:type\" content=\"image\/jpeg\" \/>\n<meta name=\"author\" content=\"I\u00f1igo Go\u00f1i\" \/>\n<meta name=\"twitter:card\" content=\"summary_large_image\" \/>\n<meta name=\"twitter:creator\" content=\"@oriamendi2010\" \/>\n<meta name=\"twitter:site\" content=\"@oriamendi2010\" \/>\n<meta name=\"twitter:label1\" content=\"Escrito por\" \/>\n\t<meta name=\"twitter:data1\" content=\"I\u00f1igo Go\u00f1i\" \/>\n\t<meta name=\"twitter:label2\" content=\"Tiempo de lectura\" \/>\n\t<meta name=\"twitter:data2\" content=\"2 minutos\" \/>\n<script type=\"application\/ld+json\" class=\"yoast-schema-graph\">{\"@context\":\"https:\/\/schema.org\",\"@graph\":[{\"@type\":\"Article\",\"@id\":\"https:\/\/oriamendi.eus\/es\/2021\/06\/10\/urriza-y-zaldua-campeones-del-torneo-de-la-sidra\/#article\",\"isPartOf\":{\"@id\":\"https:\/\/oriamendi.eus\/es\/2021\/06\/10\/urriza-y-zaldua-campeones-del-torneo-de-la-sidra\/\"},\"author\":{\"name\":\"I\u00f1igo Go\u00f1i\",\"@id\":\"https:\/\/oriamendi.eus\/es\/#\/schema\/person\/c0bd06c6c747674306a5c82563e2339a\"},\"headline\":\"Urriza y Zaldua, campeones del Torneo de la Sidra\",\"datePublished\":\"2021-06-10T19:23:51+00:00\",\"dateModified\":\"2021-06-10T19:23:54+00:00\",\"mainEntityOfPage\":{\"@id\":\"https:\/\/oriamendi.eus\/es\/2021\/06\/10\/urriza-y-zaldua-campeones-del-torneo-de-la-sidra\/\"},\"wordCount\":350,\"publisher\":{\"@id\":\"https:\/\/oriamendi.eus\/es\/#organization\"},\"articleSection\":[\"Sin categorizar\"],\"inLanguage\":\"es\"},{\"@type\":\"WebPage\",\"@id\":\"https:\/\/oriamendi.eus\/es\/2021\/06\/10\/urriza-y-zaldua-campeones-del-torneo-de-la-sidra\/\",\"url\":\"https:\/\/oriamendi.eus\/es\/2021\/06\/10\/urriza-y-zaldua-campeones-del-torneo-de-la-sidra\/\",\"name\":\"Urriza y Zaldua, campeones del Torneo de la Sidra | Oriamendi 2010\",\"isPartOf\":{\"@id\":\"https:\/\/oriamendi.eus\/es\/#website\"},\"datePublished\":\"2021-06-10T19:23:51+00:00\",\"dateModified\":\"2021-06-10T19:23:54+00:00\",\"breadcrumb\":{\"@id\":\"https:\/\/oriamendi.eus\/es\/2021\/06\/10\/urriza-y-zaldua-campeones-del-torneo-de-la-sidra\/#breadcrumb\"},\"inLanguage\":\"es\",\"potentialAction\":[{\"@type\":\"ReadAction\",\"target\":[\"https:\/\/oriamendi.eus\/es\/2021\/06\/10\/urriza-y-zaldua-campeones-del-torneo-de-la-sidra\/\"]}]},{\"@type\":\"BreadcrumbList\",\"@id\":\"https:\/\/oriamendi.eus\/es\/2021\/06\/10\/urriza-y-zaldua-campeones-del-torneo-de-la-sidra\/#breadcrumb\",\"itemListElement\":[{\"@type\":\"ListItem\",\"position\":1,\"name\":\"Portada\",\"item\":\"https:\/\/oriamendi.eus\/es\/\"},{\"@type\":\"ListItem\",\"position\":2,\"name\":\"Urriza y Zaldua, campeones del Torneo de la Sidra\"}]},{\"@type\":\"WebSite\",\"@id\":\"https:\/\/oriamendi.eus\/es\/#website\",\"url\":\"https:\/\/oriamendi.eus\/es\/\",\"name\":\"Oriamendi\",\"description\":\"Remonte en Galarreta. Hernani. Gipuzkoa\",\"publisher\":{\"@id\":\"https:\/\/oriamendi.eus\/es\/#organization\"},\"potentialAction\":[{\"@type\":\"SearchAction\",\"target\":{\"@type\":\"EntryPoint\",\"urlTemplate\":\"https:\/\/oriamendi.eus\/es\/?s={search_term_string}\"},\"query-input\":\"required name=search_term_string\"}],\"inLanguage\":\"es\"},{\"@type\":\"Organization\",\"@id\":\"https:\/\/oriamendi.eus\/es\/#organization\",\"name\":\"Oriamendi\",\"url\":\"https:\/\/oriamendi.eus\/es\/\",\"logo\":{\"@type\":\"ImageObject\",\"inLanguage\":\"es\",\"@id\":\"https:\/\/oriamendi.eus\/es\/#\/schema\/logo\/image\/\",\"url\":\"https:\/\/oriamendi.eus\/wp-content\/uploads\/2020\/06\/logo-oriamendi.png\",\"contentUrl\":\"https:\/\/oriamendi.eus\/wp-content\/uploads\/2020\/06\/logo-oriamendi.png\",\"width\":300,\"height\":90,\"caption\":\"Oriamendi\"},\"image\":{\"@id\":\"https:\/\/oriamendi.eus\/es\/#\/schema\/logo\/image\/\"},\"sameAs\":[\"https:\/\/www.facebook.com\/oriamendi2010remonte\/\",\"https:\/\/twitter.com\/oriamendi2010\",\"https:\/\/www.instagram.com\/galarretajaialai\/\",\"https:\/\/www.youtube.com\/channel\/UC8gVNzQqB1iwnC-_rI-ihmA\/featured\"]},{\"@type\":\"Person\",\"@id\":\"https:\/\/oriamendi.eus\/es\/#\/schema\/person\/c0bd06c6c747674306a5c82563e2339a\",\"name\":\"I\u00f1igo Go\u00f1i\",\"image\":{\"@type\":\"ImageObject\",\"inLanguage\":\"es\",\"@id\":\"https:\/\/oriamendi.eus\/es\/#\/schema\/person\/image\/\",\"url\":\"https:\/\/secure.gravatar.com\/avatar\/fbb07ffc7b803bbfcc2b6419c06abd3a?s=96&d=mm&r=g\",\"contentUrl\":\"https:\/\/secure.gravatar.com\/avatar\/fbb07ffc7b803bbfcc2b6419c06abd3a?s=96&d=mm&r=g\",\"caption\":\"I\u00f1igo Go\u00f1i\"},\"url\":\"https:\/\/oriamendi.eus\/es\/author\/om-berriak\/\"}]}<\/script>\n<!-- \/ Yoast SEO plugin. -->","yoast_head_json":{"title":"Urriza y Zaldua, campeones del Torneo de la Sidra | Oriamendi 2010","robots":{"index":"index","follow":"follow","max-snippet":"max-snippet:-1","max-image-preview":"max-image-preview:large","max-video-preview":"max-video-preview:-1"},"canonical":"https:\/\/oriamendi.eus\/es\/2021\/06\/10\/urriza-y-zaldua-campeones-del-torneo-de-la-sidra\/","og_locale":"es_ES","og_type":"article","og_title":"Urriza y Zaldua, campeones del Torneo de la Sidra | Oriamendi 2010","og_description":"Urriza y Zaldua ganaron la final de la txapela del Sagardoaren Txapelketa tras superar en el \u00faltimo partido a Ansa II y Labaka por 30-22. As\u00ed, la sidrer\u00eda Bereziartua se ha hecho con la txapela y Seti\u00e9n ha quedado subcampe\u00f3n. Ansa y Labaka perdieron su primer partido de competici\u00f3n y la fat\u00eddica derrota lleg\u00f3 en [&hellip;]","og_url":"https:\/\/oriamendi.eus\/es\/2021\/06\/10\/urriza-y-zaldua-campeones-del-torneo-de-la-sidra\/","og_site_name":"Oriamendi 2010","article_publisher":"https:\/\/www.facebook.com\/oriamendi2010remonte\/","article_published_time":"2021-06-10T19:23:51+00:00","article_modified_time":"2021-06-10T19:23:54+00:00","og_image":[{"width":1200,"height":800,"url":"https:\/\/oriamendi.eus\/wp-content\/uploads\/2021\/06\/finala-sagardoa.jpg","type":"image\/jpeg"}],"author":"I\u00f1igo Go\u00f1i","twitter_card":"summary_large_image","twitter_creator":"@oriamendi2010","twitter_site":"@oriamendi2010","twitter_misc":{"Escrito por":"I\u00f1igo Go\u00f1i","Tiempo de lectura":"2 minutos"},"schema":{"@context":"https:\/\/schema.org","@graph":[{"@type":"Article","@id":"https:\/\/oriamendi.eus\/es\/2021\/06\/10\/urriza-y-zaldua-campeones-del-torneo-de-la-sidra\/#article","isPartOf":{"@id":"https:\/\/oriamendi.eus\/es\/2021\/06\/10\/urriza-y-zaldua-campeones-del-torneo-de-la-sidra\/"},"author":{"name":"I\u00f1igo Go\u00f1i","@id":"https:\/\/oriamendi.eus\/es\/#\/schema\/person\/c0bd06c6c747674306a5c82563e2339a"},"headline":"Urriza y Zaldua, campeones del Torneo de la Sidra","datePublished":"2021-06-10T19:23:51+00:00","dateModified":"2021-06-10T19:23:54+00:00","mainEntityOfPage":{"@id":"https:\/\/oriamendi.eus\/es\/2021\/06\/10\/urriza-y-zaldua-campeones-del-torneo-de-la-sidra\/"},"wordCount":350,"publisher":{"@id":"https:\/\/oriamendi.eus\/es\/#organization"},"articleSection":["Sin categorizar"],"inLanguage":"es"},{"@type":"WebPage","@id":"https:\/\/oriamendi.eus\/es\/2021\/06\/10\/urriza-y-zaldua-campeones-del-torneo-de-la-sidra\/","url":"https:\/\/oriamendi.eus\/es\/2021\/06\/10\/urriza-y-zaldua-campeones-del-torneo-de-la-sidra\/","name":"Urriza y Zaldua, campeones del Torneo de la Sidra | Oriamendi 2010","isPartOf":{"@id":"https:\/\/oriamendi.eus\/es\/#website"},"datePublished":"2021-06-10T19:23:51+00:00","dateModified":"2021-06-10T19:23:54+00:00","breadcrumb":{"@id":"https:\/\/oriamendi.eus\/es\/2021\/06\/10\/urriza-y-zaldua-campeones-del-torneo-de-la-sidra\/#breadcrumb"},"inLanguage":"es","potentialAction":[{"@type":"ReadAction","target":["https:\/\/oriamendi.eus\/es\/2021\/06\/10\/urriza-y-zaldua-campeones-del-torneo-de-la-sidra\/"]}]},{"@type":"BreadcrumbList","@id":"https:\/\/oriamendi.eus\/es\/2021\/06\/10\/urriza-y-zaldua-campeones-del-torneo-de-la-sidra\/#breadcrumb","itemListElement":[{"@type":"ListItem","position":1,"name":"Portada","item":"https:\/\/oriamendi.eus\/es\/"},{"@type":"ListItem","position":2,"name":"Urriza y Zaldua, campeones del Torneo de la Sidra"}]},{"@type":"WebSite","@id":"https:\/\/oriamendi.eus\/es\/#website","url":"https:\/\/oriamendi.eus\/es\/","name":"Oriamendi","description":"Remonte en Galarreta. Hernani. Gipuzkoa","publisher":{"@id":"https:\/\/oriamendi.eus\/es\/#organization"},"potentialAction":[{"@type":"SearchAction","target":{"@type":"EntryPoint","urlTemplate":"https:\/\/oriamendi.eus\/es\/?s={search_term_string}"},"query-input":"required name=search_term_string"}],"inLanguage":"es"},{"@type":"Organization","@id":"https:\/\/oriamendi.eus\/es\/#organization","name":"Oriamendi","url":"https:\/\/oriamendi.eus\/es\/","logo":{"@type":"ImageObject","inLanguage":"es","@id":"https:\/\/oriamendi.eus\/es\/#\/schema\/logo\/image\/","url":"https:\/\/oriamendi.eus\/wp-content\/uploads\/2020\/06\/logo-oriamendi.png","contentUrl":"https:\/\/oriamendi.eus\/wp-content\/uploads\/2020\/06\/logo-oriamendi.png","width":300,"height":90,"caption":"Oriamendi"},"image":{"@id":"https:\/\/oriamendi.eus\/es\/#\/schema\/logo\/image\/"},"sameAs":["https:\/\/www.facebook.com\/oriamendi2010remonte\/","https:\/\/twitter.com\/oriamendi2010","https:\/\/www.instagram.com\/galarretajaialai\/","https:\/\/www.youtube.com\/channel\/UC8gVNzQqB1iwnC-_rI-ihmA\/featured"]},{"@type":"Person","@id":"https:\/\/oriamendi.eus\/es\/#\/schema\/person\/c0bd06c6c747674306a5c82563e2339a","name":"I\u00f1igo Go\u00f1i","image":{"@type":"ImageObject","inLanguage":"es","@id":"https:\/\/oriamendi.eus\/es\/#\/schema\/person\/image\/","url":"https:\/\/secure.gravatar.com\/avatar\/fbb07ffc7b803bbfcc2b6419c06abd3a?s=96&d=mm&r=g","contentUrl":"https:\/\/secure.gravatar.com\/avatar\/fbb07ffc7b803bbfcc2b6419c06abd3a?s=96&d=mm&r=g","caption":"I\u00f1igo Go\u00f1i"},"url":"https:\/\/oriamendi.eus\/es\/author\/om-berriak\/"}]}},"_links":{"self":[{"href":"https:\/\/oriamendi.eus\/es\/wp-json\/wp\/v2\/posts\/5732"}],"collection":[{"href":"https:\/\/oriamendi.eus\/es\/wp-json\/wp\/v2\/posts"}],"about":[{"href":"https:\/\/oriamendi.eus\/es\/wp-json\/wp\/v2\/types\/post"}],"author":[{"embeddable":true,"href":"https:\/\/oriamendi.eus\/es\/wp-json\/wp\/v2\/users\/5"}],"replies":[{"embeddable":true,"href":"https:\/\/oriamendi.eus\/es\/wp-json\/wp\/v2\/comments?post=5732"}],"version-history":[{"count":1,"href":"https:\/\/oriamendi.eus\/es\/wp-json\/wp\/v2\/posts\/5732\/revisions"}],"predecessor-version":[{"id":5733,"href":"https:\/\/oriamendi.eus\/es\/wp-json\/wp\/v2\/posts\/5732\/revisions\/5733"}],"wp:featuredmedia":[{"embeddable":true,"href":"https:\/\/oriamendi.eus\/es\/wp-json\/wp\/v2\/media\/5728"}],"wp:attachment":[{"href":"https:\/\/oriamendi.eus\/es\/wp-json\/wp\/v2\/media?parent=5732"}],"wp:term":[{"taxonomy":"category","embeddable":true,"href":"https:\/\/oriamendi.eus\/es\/wp-json\/wp\/v2\/categories?post=5732"},{"taxonomy":"post_tag","embeddable":true,"href":"https:\/\/oriamendi.eus\/es\/wp-json\/wp\/v2\/tags?post=5732"}],"curies":[{"name":"wp","href":"https:\/\/api.w.org\/{rel}","templated":true}]}}