                                        
                                        
                                        
                                        
                                        
                                        
                                        
                                        
                                        
                                        
                                        
                                        
                                        
                                        
                                        
                                        
                                        
                                        
{"id":5715,"date":"2021-05-25T21:38:25","date_gmt":"2021-05-25T19:38:25","guid":{"rendered":"https:\/\/oriamendi.eus\/?p=5715"},"modified":"2021-05-25T21:38:27","modified_gmt":"2021-05-25T19:38:27","slug":"las-semifinales-del-sagardoaren-txapelketa-quedan-decididas-en-la-ultima-jornada","status":"publish","type":"post","link":"https:\/\/oriamendi.eus\/es\/2021\/05\/25\/las-semifinales-del-sagardoaren-txapelketa-quedan-decididas-en-la-ultima-jornada\/","title":{"rendered":"Las semifinales del Sagardoaren Txapelketa quedan decididas en la \u00faltima jornada"},"content":{"rendered":"\n<p>Ansa II-Labaka jugar\u00e1n contra Goikoetxea V-Aizpuru III y Urriza-Zaldua contra Segurola-Larra\u00f1aga<\/p>\n\n\n\n<p>La \u00faltima jornada no supuso cambios en la clasificaci\u00f3n del Sagardoaren Txapelketa y se repite la de la semana anterior. Ansa II-Labaka vencieron en la \u00faltima jornada, 30-22, ante Goikoetxea-Aizpuru, por lo que este mismo partido se disputar\u00e1 en semifinales.<\/p>\n\n\n\n<figure class=\"wp-block-image size-large\"><img fetchpriority=\"high\" fetchpriority=\"high\" decoding=\"async\" width=\"1024\" height=\"724\" src=\"https:\/\/oriamendi.eus\/wp-content\/uploads\/2021\/05\/2021-05-24-Bikoteen-sailkapen-nagusia-1024x724.jpg\" alt=\"\" class=\"wp-image-5712\" srcset=\"https:\/\/oriamendi.eus\/wp-content\/uploads\/2021\/05\/2021-05-24-Bikoteen-sailkapen-nagusia-1024x724.jpg 1024w, https:\/\/oriamendi.eus\/wp-content\/uploads\/2021\/05\/2021-05-24-Bikoteen-sailkapen-nagusia-980x693.jpg 980w, https:\/\/oriamendi.eus\/wp-content\/uploads\/2021\/05\/2021-05-24-Bikoteen-sailkapen-nagusia-480x340.jpg 480w\" sizes=\"(min-width: 0px) and (max-width: 480px) 480px, (min-width: 481px) and (max-width: 980px) 980px, (min-width: 981px) 1024px, 100vw\" \/><\/figure>\n\n\n\n<p>En el primer partido de la jornada Juanenea y Zubiri lograron la primera victoria 21-30, pero no ten\u00edan opciones de clasificarse y Segurola y Larra\u00f1aga se han clasificado terceros a pesar de perder. De esta manera, Segurola y Larra\u00f1aga se enfrentar\u00e1n en la semifinal a Urriza y Zaldua.<\/p>\n\n\n\n<p>Los dos \u00faltimos partidos tuvieron algunas sorpresas. Para empezar Juanenea y Zubiri no ganaron ning\u00fan partido y sin la presi\u00f3n de la clasificaci\u00f3n disputaron el mejor partido del campeonato y lograron la victoria con total merecimiento. Se impusieron de principio a fin. Segurola y Larra\u00f1aga no sumaron ning\u00fan punto.<\/p>\n\n\n\n<p>Aun as\u00ed no perdieron puesto en la clasificaci\u00f3n ya que Goikoetxea y Aizpuru no lograron la victoria en el \u00faltimo partido. Fueron por delante ante Ansa y Labaka, pero cuando lideraban el marcador 16-20 entraron en crisis y la pareja de la sidrer\u00eda Seti\u00e9n le dio la vuelta al marcador con un parcial final de 14-2.<\/p>\n\n\n\n<p>Urrutia y Barrenetxea, la pareja de Gurutzeta necesitaban quedarse en 16 o menos tantos para clasificarse, pero Goikoetxea y Aizpuru no tuvieron problemas para llegar al 17.<\/p>\n\n\n\n<p>As\u00ed las sidrer\u00edas clasificadas son Seti\u00e9n, Bereziartua, Gazta\u00f1aga y Gurutzeta y se han quedado fuera Oialume Zar y Larre Gain.<\/p>\n","protected":false},"excerpt":{"rendered":"<p>Ansa II-Labaka jugar\u00e1n contra Goikoetxea V-Aizpuru III y Urriza-Zaldua contra Segurola-Larra\u00f1aga La \u00faltima jornada no supuso cambios en la clasificaci\u00f3n del Sagardoaren Txapelketa y se repite la de la semana anterior. Ansa II-Labaka vencieron en la \u00faltima jornada, 30-22, ante Goikoetxea-Aizpuru, por lo que este mismo partido se disputar\u00e1 en semifinales. En el primer partido [&hellip;]<\/p>\n","protected":false},"author":5,"featured_media":5680,"comment_status":"closed","ping_status":"open","sticky":false,"template":"","format":"standard","meta":{"_et_pb_use_builder":"off","_et_pb_old_content":"","_et_gb_content_width":"","footnotes":""},"categories":[1],"tags":[],"yoast_head":"<!-- This site is optimized with the Yoast SEO plugin v21.8 - https:\/\/yoast.com\/wordpress\/plugins\/seo\/ -->\n<title>Las semifinales del Sagardoaren Txapelketa quedan decididas en la \u00faltima jornada | Oriamendi 2010<\/title>\n<meta name=\"robots\" content=\"index, follow, max-snippet:-1, max-image-preview:large, max-video-preview:-1\" \/>\n<link rel=\"canonical\" href=\"https:\/\/oriamendi.eus\/es\/2021\/05\/25\/las-semifinales-del-sagardoaren-txapelketa-quedan-decididas-en-la-ultima-jornada\/\" \/>\n<meta property=\"og:locale\" content=\"es_ES\" \/>\n<meta property=\"og:type\" content=\"article\" \/>\n<meta property=\"og:title\" content=\"Las semifinales del Sagardoaren Txapelketa quedan decididas en la \u00faltima jornada | Oriamendi 2010\" \/>\n<meta property=\"og:description\" content=\"Ansa II-Labaka jugar\u00e1n contra Goikoetxea V-Aizpuru III y Urriza-Zaldua contra Segurola-Larra\u00f1aga La \u00faltima jornada no supuso cambios en la clasificaci\u00f3n del Sagardoaren Txapelketa y se repite la de la semana anterior. Ansa II-Labaka vencieron en la \u00faltima jornada, 30-22, ante Goikoetxea-Aizpuru, por lo que este mismo partido se disputar\u00e1 en semifinales. En el primer partido [&hellip;]\" \/>\n<meta property=\"og:url\" content=\"https:\/\/oriamendi.eus\/es\/2021\/05\/25\/las-semifinales-del-sagardoaren-txapelketa-quedan-decididas-en-la-ultima-jornada\/\" \/>\n<meta property=\"og:site_name\" content=\"Oriamendi 2010\" \/>\n<meta property=\"article:publisher\" content=\"https:\/\/www.facebook.com\/oriamendi2010remonte\/\" \/>\n<meta property=\"article:published_time\" content=\"2021-05-25T19:38:25+00:00\" \/>\n<meta property=\"article:modified_time\" content=\"2021-05-25T19:38:27+00:00\" \/>\n<meta property=\"og:image\" content=\"https:\/\/oriamendi.eus\/wp-content\/uploads\/2021\/04\/Ansa.jpg\" \/>\n\t<meta property=\"og:image:width\" content=\"1200\" \/>\n\t<meta property=\"og:image:height\" content=\"675\" \/>\n\t<meta property=\"og:image:type\" content=\"image\/jpeg\" \/>\n<meta name=\"author\" content=\"I\u00f1igo Go\u00f1i\" \/>\n<meta name=\"twitter:card\" content=\"summary_large_image\" \/>\n<meta name=\"twitter:creator\" content=\"@oriamendi2010\" \/>\n<meta name=\"twitter:site\" content=\"@oriamendi2010\" \/>\n<meta name=\"twitter:label1\" content=\"Escrito por\" \/>\n\t<meta name=\"twitter:data1\" content=\"I\u00f1igo Go\u00f1i\" \/>\n\t<meta name=\"twitter:label2\" content=\"Tiempo de lectura\" \/>\n\t<meta name=\"twitter:data2\" content=\"2 minutos\" \/>\n<script type=\"application\/ld+json\" class=\"yoast-schema-graph\">{\"@context\":\"https:\/\/schema.org\",\"@graph\":[{\"@type\":\"Article\",\"@id\":\"https:\/\/oriamendi.eus\/es\/2021\/05\/25\/las-semifinales-del-sagardoaren-txapelketa-quedan-decididas-en-la-ultima-jornada\/#article\",\"isPartOf\":{\"@id\":\"https:\/\/oriamendi.eus\/es\/2021\/05\/25\/las-semifinales-del-sagardoaren-txapelketa-quedan-decididas-en-la-ultima-jornada\/\"},\"author\":{\"name\":\"I\u00f1igo Go\u00f1i\",\"@id\":\"https:\/\/oriamendi.eus\/es\/#\/schema\/person\/c0bd06c6c747674306a5c82563e2339a\"},\"headline\":\"Las semifinales del Sagardoaren Txapelketa quedan decididas en la \u00faltima jornada\",\"datePublished\":\"2021-05-25T19:38:25+00:00\",\"dateModified\":\"2021-05-25T19:38:27+00:00\",\"mainEntityOfPage\":{\"@id\":\"https:\/\/oriamendi.eus\/es\/2021\/05\/25\/las-semifinales-del-sagardoaren-txapelketa-quedan-decididas-en-la-ultima-jornada\/\"},\"wordCount\":278,\"publisher\":{\"@id\":\"https:\/\/oriamendi.eus\/es\/#organization\"},\"articleSection\":[\"Sin categorizar\"],\"inLanguage\":\"es\"},{\"@type\":\"WebPage\",\"@id\":\"https:\/\/oriamendi.eus\/es\/2021\/05\/25\/las-semifinales-del-sagardoaren-txapelketa-quedan-decididas-en-la-ultima-jornada\/\",\"url\":\"https:\/\/oriamendi.eus\/es\/2021\/05\/25\/las-semifinales-del-sagardoaren-txapelketa-quedan-decididas-en-la-ultima-jornada\/\",\"name\":\"Las semifinales del Sagardoaren Txapelketa quedan decididas en la \u00faltima jornada | Oriamendi 2010\",\"isPartOf\":{\"@id\":\"https:\/\/oriamendi.eus\/es\/#website\"},\"datePublished\":\"2021-05-25T19:38:25+00:00\",\"dateModified\":\"2021-05-25T19:38:27+00:00\",\"breadcrumb\":{\"@id\":\"https:\/\/oriamendi.eus\/es\/2021\/05\/25\/las-semifinales-del-sagardoaren-txapelketa-quedan-decididas-en-la-ultima-jornada\/#breadcrumb\"},\"inLanguage\":\"es\",\"potentialAction\":[{\"@type\":\"ReadAction\",\"target\":[\"https:\/\/oriamendi.eus\/es\/2021\/05\/25\/las-semifinales-del-sagardoaren-txapelketa-quedan-decididas-en-la-ultima-jornada\/\"]}]},{\"@type\":\"BreadcrumbList\",\"@id\":\"https:\/\/oriamendi.eus\/es\/2021\/05\/25\/las-semifinales-del-sagardoaren-txapelketa-quedan-decididas-en-la-ultima-jornada\/#breadcrumb\",\"itemListElement\":[{\"@type\":\"ListItem\",\"position\":1,\"name\":\"Portada\",\"item\":\"https:\/\/oriamendi.eus\/es\/\"},{\"@type\":\"ListItem\",\"position\":2,\"name\":\"Las semifinales del Sagardoaren Txapelketa quedan decididas en la \u00faltima jornada\"}]},{\"@type\":\"WebSite\",\"@id\":\"https:\/\/oriamendi.eus\/es\/#website\",\"url\":\"https:\/\/oriamendi.eus\/es\/\",\"name\":\"Oriamendi\",\"description\":\"Remonte en Galarreta. Hernani. Gipuzkoa\",\"publisher\":{\"@id\":\"https:\/\/oriamendi.eus\/es\/#organization\"},\"potentialAction\":[{\"@type\":\"SearchAction\",\"target\":{\"@type\":\"EntryPoint\",\"urlTemplate\":\"https:\/\/oriamendi.eus\/es\/?s={search_term_string}\"},\"query-input\":\"required name=search_term_string\"}],\"inLanguage\":\"es\"},{\"@type\":\"Organization\",\"@id\":\"https:\/\/oriamendi.eus\/es\/#organization\",\"name\":\"Oriamendi\",\"url\":\"https:\/\/oriamendi.eus\/es\/\",\"logo\":{\"@type\":\"ImageObject\",\"inLanguage\":\"es\",\"@id\":\"https:\/\/oriamendi.eus\/es\/#\/schema\/logo\/image\/\",\"url\":\"https:\/\/oriamendi.eus\/wp-content\/uploads\/2020\/06\/logo-oriamendi.png\",\"contentUrl\":\"https:\/\/oriamendi.eus\/wp-content\/uploads\/2020\/06\/logo-oriamendi.png\",\"width\":300,\"height\":90,\"caption\":\"Oriamendi\"},\"image\":{\"@id\":\"https:\/\/oriamendi.eus\/es\/#\/schema\/logo\/image\/\"},\"sameAs\":[\"https:\/\/www.facebook.com\/oriamendi2010remonte\/\",\"https:\/\/twitter.com\/oriamendi2010\",\"https:\/\/www.instagram.com\/galarretajaialai\/\",\"https:\/\/www.youtube.com\/channel\/UC8gVNzQqB1iwnC-_rI-ihmA\/featured\"]},{\"@type\":\"Person\",\"@id\":\"https:\/\/oriamendi.eus\/es\/#\/schema\/person\/c0bd06c6c747674306a5c82563e2339a\",\"name\":\"I\u00f1igo Go\u00f1i\",\"image\":{\"@type\":\"ImageObject\",\"inLanguage\":\"es\",\"@id\":\"https:\/\/oriamendi.eus\/es\/#\/schema\/person\/image\/\",\"url\":\"https:\/\/secure.gravatar.com\/avatar\/fbb07ffc7b803bbfcc2b6419c06abd3a?s=96&d=mm&r=g\",\"contentUrl\":\"https:\/\/secure.gravatar.com\/avatar\/fbb07ffc7b803bbfcc2b6419c06abd3a?s=96&d=mm&r=g\",\"caption\":\"I\u00f1igo Go\u00f1i\"},\"url\":\"https:\/\/oriamendi.eus\/es\/author\/om-berriak\/\"}]}<\/script>\n<!-- \/ Yoast SEO plugin. -->","yoast_head_json":{"title":"Las semifinales del Sagardoaren Txapelketa quedan decididas en la \u00faltima jornada | Oriamendi 2010","robots":{"index":"index","follow":"follow","max-snippet":"max-snippet:-1","max-image-preview":"max-image-preview:large","max-video-preview":"max-video-preview:-1"},"canonical":"https:\/\/oriamendi.eus\/es\/2021\/05\/25\/las-semifinales-del-sagardoaren-txapelketa-quedan-decididas-en-la-ultima-jornada\/","og_locale":"es_ES","og_type":"article","og_title":"Las semifinales del Sagardoaren Txapelketa quedan decididas en la \u00faltima jornada | Oriamendi 2010","og_description":"Ansa II-Labaka jugar\u00e1n contra Goikoetxea V-Aizpuru III y Urriza-Zaldua contra Segurola-Larra\u00f1aga La \u00faltima jornada no supuso cambios en la clasificaci\u00f3n del Sagardoaren Txapelketa y se repite la de la semana anterior. Ansa II-Labaka vencieron en la \u00faltima jornada, 30-22, ante Goikoetxea-Aizpuru, por lo que este mismo partido se disputar\u00e1 en semifinales. En el primer partido [&hellip;]","og_url":"https:\/\/oriamendi.eus\/es\/2021\/05\/25\/las-semifinales-del-sagardoaren-txapelketa-quedan-decididas-en-la-ultima-jornada\/","og_site_name":"Oriamendi 2010","article_publisher":"https:\/\/www.facebook.com\/oriamendi2010remonte\/","article_published_time":"2021-05-25T19:38:25+00:00","article_modified_time":"2021-05-25T19:38:27+00:00","og_image":[{"width":1200,"height":675,"url":"https:\/\/oriamendi.eus\/wp-content\/uploads\/2021\/04\/Ansa.jpg","type":"image\/jpeg"}],"author":"I\u00f1igo Go\u00f1i","twitter_card":"summary_large_image","twitter_creator":"@oriamendi2010","twitter_site":"@oriamendi2010","twitter_misc":{"Escrito por":"I\u00f1igo Go\u00f1i","Tiempo de lectura":"2 minutos"},"schema":{"@context":"https:\/\/schema.org","@graph":[{"@type":"Article","@id":"https:\/\/oriamendi.eus\/es\/2021\/05\/25\/las-semifinales-del-sagardoaren-txapelketa-quedan-decididas-en-la-ultima-jornada\/#article","isPartOf":{"@id":"https:\/\/oriamendi.eus\/es\/2021\/05\/25\/las-semifinales-del-sagardoaren-txapelketa-quedan-decididas-en-la-ultima-jornada\/"},"author":{"name":"I\u00f1igo Go\u00f1i","@id":"https:\/\/oriamendi.eus\/es\/#\/schema\/person\/c0bd06c6c747674306a5c82563e2339a"},"headline":"Las semifinales del Sagardoaren Txapelketa quedan decididas en la \u00faltima jornada","datePublished":"2021-05-25T19:38:25+00:00","dateModified":"2021-05-25T19:38:27+00:00","mainEntityOfPage":{"@id":"https:\/\/oriamendi.eus\/es\/2021\/05\/25\/las-semifinales-del-sagardoaren-txapelketa-quedan-decididas-en-la-ultima-jornada\/"},"wordCount":278,"publisher":{"@id":"https:\/\/oriamendi.eus\/es\/#organization"},"articleSection":["Sin categorizar"],"inLanguage":"es"},{"@type":"WebPage","@id":"https:\/\/oriamendi.eus\/es\/2021\/05\/25\/las-semifinales-del-sagardoaren-txapelketa-quedan-decididas-en-la-ultima-jornada\/","url":"https:\/\/oriamendi.eus\/es\/2021\/05\/25\/las-semifinales-del-sagardoaren-txapelketa-quedan-decididas-en-la-ultima-jornada\/","name":"Las semifinales del Sagardoaren Txapelketa quedan decididas en la \u00faltima jornada | Oriamendi 2010","isPartOf":{"@id":"https:\/\/oriamendi.eus\/es\/#website"},"datePublished":"2021-05-25T19:38:25+00:00","dateModified":"2021-05-25T19:38:27+00:00","breadcrumb":{"@id":"https:\/\/oriamendi.eus\/es\/2021\/05\/25\/las-semifinales-del-sagardoaren-txapelketa-quedan-decididas-en-la-ultima-jornada\/#breadcrumb"},"inLanguage":"es","potentialAction":[{"@type":"ReadAction","target":["https:\/\/oriamendi.eus\/es\/2021\/05\/25\/las-semifinales-del-sagardoaren-txapelketa-quedan-decididas-en-la-ultima-jornada\/"]}]},{"@type":"BreadcrumbList","@id":"https:\/\/oriamendi.eus\/es\/2021\/05\/25\/las-semifinales-del-sagardoaren-txapelketa-quedan-decididas-en-la-ultima-jornada\/#breadcrumb","itemListElement":[{"@type":"ListItem","position":1,"name":"Portada","item":"https:\/\/oriamendi.eus\/es\/"},{"@type":"ListItem","position":2,"name":"Las semifinales del Sagardoaren Txapelketa quedan decididas en la \u00faltima jornada"}]},{"@type":"WebSite","@id":"https:\/\/oriamendi.eus\/es\/#website","url":"https:\/\/oriamendi.eus\/es\/","name":"Oriamendi","description":"Remonte en Galarreta. Hernani. Gipuzkoa","publisher":{"@id":"https:\/\/oriamendi.eus\/es\/#organization"},"potentialAction":[{"@type":"SearchAction","target":{"@type":"EntryPoint","urlTemplate":"https:\/\/oriamendi.eus\/es\/?s={search_term_string}"},"query-input":"required name=search_term_string"}],"inLanguage":"es"},{"@type":"Organization","@id":"https:\/\/oriamendi.eus\/es\/#organization","name":"Oriamendi","url":"https:\/\/oriamendi.eus\/es\/","logo":{"@type":"ImageObject","inLanguage":"es","@id":"https:\/\/oriamendi.eus\/es\/#\/schema\/logo\/image\/","url":"https:\/\/oriamendi.eus\/wp-content\/uploads\/2020\/06\/logo-oriamendi.png","contentUrl":"https:\/\/oriamendi.eus\/wp-content\/uploads\/2020\/06\/logo-oriamendi.png","width":300,"height":90,"caption":"Oriamendi"},"image":{"@id":"https:\/\/oriamendi.eus\/es\/#\/schema\/logo\/image\/"},"sameAs":["https:\/\/www.facebook.com\/oriamendi2010remonte\/","https:\/\/twitter.com\/oriamendi2010","https:\/\/www.instagram.com\/galarretajaialai\/","https:\/\/www.youtube.com\/channel\/UC8gVNzQqB1iwnC-_rI-ihmA\/featured"]},{"@type":"Person","@id":"https:\/\/oriamendi.eus\/es\/#\/schema\/person\/c0bd06c6c747674306a5c82563e2339a","name":"I\u00f1igo Go\u00f1i","image":{"@type":"ImageObject","inLanguage":"es","@id":"https:\/\/oriamendi.eus\/es\/#\/schema\/person\/image\/","url":"https:\/\/secure.gravatar.com\/avatar\/fbb07ffc7b803bbfcc2b6419c06abd3a?s=96&d=mm&r=g","contentUrl":"https:\/\/secure.gravatar.com\/avatar\/fbb07ffc7b803bbfcc2b6419c06abd3a?s=96&d=mm&r=g","caption":"I\u00f1igo Go\u00f1i"},"url":"https:\/\/oriamendi.eus\/es\/author\/om-berriak\/"}]}},"_links":{"self":[{"href":"https:\/\/oriamendi.eus\/es\/wp-json\/wp\/v2\/posts\/5715"}],"collection":[{"href":"https:\/\/oriamendi.eus\/es\/wp-json\/wp\/v2\/posts"}],"about":[{"href":"https:\/\/oriamendi.eus\/es\/wp-json\/wp\/v2\/types\/post"}],"author":[{"embeddable":true,"href":"https:\/\/oriamendi.eus\/es\/wp-json\/wp\/v2\/users\/5"}],"replies":[{"embeddable":true,"href":"https:\/\/oriamendi.eus\/es\/wp-json\/wp\/v2\/comments?post=5715"}],"version-history":[{"count":1,"href":"https:\/\/oriamendi.eus\/es\/wp-json\/wp\/v2\/posts\/5715\/revisions"}],"predecessor-version":[{"id":5716,"href":"https:\/\/oriamendi.eus\/es\/wp-json\/wp\/v2\/posts\/5715\/revisions\/5716"}],"wp:featuredmedia":[{"embeddable":true,"href":"https:\/\/oriamendi.eus\/es\/wp-json\/wp\/v2\/media\/5680"}],"wp:attachment":[{"href":"https:\/\/oriamendi.eus\/es\/wp-json\/wp\/v2\/media?parent=5715"}],"wp:term":[{"taxonomy":"category","embeddable":true,"href":"https:\/\/oriamendi.eus\/es\/wp-json\/wp\/v2\/categories?post=5715"},{"taxonomy":"post_tag","embeddable":true,"href":"https:\/\/oriamendi.eus\/es\/wp-json\/wp\/v2\/tags?post=5715"}],"curies":[{"name":"wp","href":"https:\/\/api.w.org\/{rel}","templated":true}]}}