                                        
                                        
                                        
                                        
                                        
                                        
                                        
                                        
                                        
                                        
                                        
                                        
                                        
                                        
                                        
                                        
                                        
                                        
{"id":5451,"date":"2021-03-11T21:02:19","date_gmt":"2021-03-11T20:02:19","guid":{"rendered":"https:\/\/oriamendi.eus\/?p=5451"},"modified":"2021-03-11T21:02:22","modified_gmt":"2021-03-11T20:02:22","slug":"las-victorias-de-segurola-zaldua-i-y-zaldua-ii-larranaga-cierran-la-liguilla","status":"publish","type":"post","link":"https:\/\/oriamendi.eus\/es\/2021\/03\/11\/las-victorias-de-segurola-zaldua-i-y-zaldua-ii-larranaga-cierran-la-liguilla\/","title":{"rendered":"Las victorias de Segurola-Zaldua I y Zaldua II-Larra\u00f1aga cierran la liguilla"},"content":{"rendered":"\n<p>La liguilla del Torneo Oriamendi lleg\u00f3 ayer a su final con las victorias de Segurola-Zaldua I sobre Urrutia II-Aizpuru III y de Zaldua II-Larra\u00f1aga sobre Mirubia-Martirena. <\/p>\n\n\n\n<p>Estos resultados no tienen gran incidencia en la clasificaci\u00f3n.\u00a0Goikoetxea V y Labaka han terminado primeros con 20 puntos, Segurola y Zaldua I son segundos con 16 puntos, Urrutia II-Aizpuru III han terminado terceros con 14 puntos y Mirubia y Martirena han acabado cuartos con 10 puntos. Se han quedado fuera del campeonato Zaldua II-Larra\u00f1aga con 7 puntos y Etxarri-Zubiri con cuatro.<\/p>\n\n\n\n<p>As\u00ed las semifinales las disputar\u00e1n Goikoetxea y Labaka contra Mirubia y Martirena por un lado y Segurola-Zaldua I contra Urrutia II-Aizpuru III por otro.<\/p>\n\n\n\n<p>Precisamente este segundo partido fue el primer partido de la jornada de hoy. En un partido igualado y bien jugado Segurola y Zaldua ganaron 40-38. Segurola volvi\u00f3 a ser el m\u00e1s destacado y cuando iban empatados a 38 dos fallos de los azules decantaron un duelo muy parejo.\u00a0<\/p>\n\n\n\n<p>En el segundo partido Zaldua II y Larra\u00f1aga ganaron 40-32 a Mirubia y Martirena. Lo colorados han ido a m\u00e1s ganando sus dos \u00faltimos partidos pero no les ha valido para clasificarse. Hasta el 30 iguales el partido fue igualado, pero  varios errores del zaguero azul inclinaron la balanza hacia los colorados.\u00a0<\/p>\n","protected":false},"excerpt":{"rendered":"<p>La liguilla del Torneo Oriamendi lleg\u00f3 ayer a su final con las victorias de Segurola-Zaldua I sobre Urrutia II-Aizpuru III y de Zaldua II-Larra\u00f1aga sobre Mirubia-Martirena. Estos resultados no tienen gran incidencia en la clasificaci\u00f3n.\u00a0Goikoetxea V y Labaka han terminado primeros con 20 puntos, Segurola y Zaldua I son segundos con 16 puntos, Urrutia II-Aizpuru [&hellip;]<\/p>\n","protected":false},"author":5,"featured_media":5296,"comment_status":"closed","ping_status":"open","sticky":false,"template":"","format":"standard","meta":{"_et_pb_use_builder":"off","_et_pb_old_content":"","_et_gb_content_width":"","footnotes":""},"categories":[1],"tags":[],"yoast_head":"<!-- This site is optimized with the Yoast SEO plugin v21.8 - https:\/\/yoast.com\/wordpress\/plugins\/seo\/ -->\n<title>Las victorias de Segurola-Zaldua I y Zaldua II-Larra\u00f1aga cierran la liguilla | Oriamendi 2010<\/title>\n<meta name=\"robots\" content=\"index, follow, max-snippet:-1, max-image-preview:large, max-video-preview:-1\" \/>\n<link rel=\"canonical\" href=\"https:\/\/oriamendi.eus\/es\/2021\/03\/11\/las-victorias-de-segurola-zaldua-i-y-zaldua-ii-larranaga-cierran-la-liguilla\/\" \/>\n<meta property=\"og:locale\" content=\"es_ES\" \/>\n<meta property=\"og:type\" content=\"article\" \/>\n<meta property=\"og:title\" content=\"Las victorias de Segurola-Zaldua I y Zaldua II-Larra\u00f1aga cierran la liguilla | Oriamendi 2010\" \/>\n<meta property=\"og:description\" content=\"La liguilla del Torneo Oriamendi lleg\u00f3 ayer a su final con las victorias de Segurola-Zaldua I sobre Urrutia II-Aizpuru III y de Zaldua II-Larra\u00f1aga sobre Mirubia-Martirena. Estos resultados no tienen gran incidencia en la clasificaci\u00f3n.\u00a0Goikoetxea V y Labaka han terminado primeros con 20 puntos, Segurola y Zaldua I son segundos con 16 puntos, Urrutia II-Aizpuru [&hellip;]\" \/>\n<meta property=\"og:url\" content=\"https:\/\/oriamendi.eus\/es\/2021\/03\/11\/las-victorias-de-segurola-zaldua-i-y-zaldua-ii-larranaga-cierran-la-liguilla\/\" \/>\n<meta property=\"og:site_name\" content=\"Oriamendi 2010\" \/>\n<meta property=\"article:publisher\" content=\"https:\/\/www.facebook.com\/oriamendi2010remonte\/\" \/>\n<meta property=\"article:published_time\" content=\"2021-03-11T20:02:19+00:00\" \/>\n<meta property=\"article:modified_time\" content=\"2021-03-11T20:02:22+00:00\" \/>\n<meta property=\"og:image\" content=\"https:\/\/oriamendi.eus\/wp-content\/uploads\/2021\/02\/MA012.jpg\" \/>\n\t<meta property=\"og:image:width\" content=\"1890\" \/>\n\t<meta property=\"og:image:height\" content=\"1260\" \/>\n\t<meta property=\"og:image:type\" content=\"image\/jpeg\" \/>\n<meta name=\"author\" content=\"I\u00f1igo Go\u00f1i\" \/>\n<meta name=\"twitter:card\" content=\"summary_large_image\" \/>\n<meta name=\"twitter:creator\" content=\"@oriamendi2010\" \/>\n<meta name=\"twitter:site\" content=\"@oriamendi2010\" \/>\n<meta name=\"twitter:label1\" content=\"Escrito por\" \/>\n\t<meta name=\"twitter:data1\" content=\"I\u00f1igo Go\u00f1i\" \/>\n\t<meta name=\"twitter:label2\" content=\"Tiempo de lectura\" \/>\n\t<meta name=\"twitter:data2\" content=\"1 minuto\" \/>\n<script type=\"application\/ld+json\" class=\"yoast-schema-graph\">{\"@context\":\"https:\/\/schema.org\",\"@graph\":[{\"@type\":\"Article\",\"@id\":\"https:\/\/oriamendi.eus\/es\/2021\/03\/11\/las-victorias-de-segurola-zaldua-i-y-zaldua-ii-larranaga-cierran-la-liguilla\/#article\",\"isPartOf\":{\"@id\":\"https:\/\/oriamendi.eus\/es\/2021\/03\/11\/las-victorias-de-segurola-zaldua-i-y-zaldua-ii-larranaga-cierran-la-liguilla\/\"},\"author\":{\"name\":\"I\u00f1igo Go\u00f1i\",\"@id\":\"https:\/\/oriamendi.eus\/es\/#\/schema\/person\/c0bd06c6c747674306a5c82563e2339a\"},\"headline\":\"Las victorias de Segurola-Zaldua I y Zaldua II-Larra\u00f1aga cierran la liguilla\",\"datePublished\":\"2021-03-11T20:02:19+00:00\",\"dateModified\":\"2021-03-11T20:02:22+00:00\",\"mainEntityOfPage\":{\"@id\":\"https:\/\/oriamendi.eus\/es\/2021\/03\/11\/las-victorias-de-segurola-zaldua-i-y-zaldua-ii-larranaga-cierran-la-liguilla\/\"},\"wordCount\":224,\"publisher\":{\"@id\":\"https:\/\/oriamendi.eus\/es\/#organization\"},\"articleSection\":[\"Sin categorizar\"],\"inLanguage\":\"es\"},{\"@type\":\"WebPage\",\"@id\":\"https:\/\/oriamendi.eus\/es\/2021\/03\/11\/las-victorias-de-segurola-zaldua-i-y-zaldua-ii-larranaga-cierran-la-liguilla\/\",\"url\":\"https:\/\/oriamendi.eus\/es\/2021\/03\/11\/las-victorias-de-segurola-zaldua-i-y-zaldua-ii-larranaga-cierran-la-liguilla\/\",\"name\":\"Las victorias de Segurola-Zaldua I y Zaldua II-Larra\u00f1aga cierran la liguilla | Oriamendi 2010\",\"isPartOf\":{\"@id\":\"https:\/\/oriamendi.eus\/es\/#website\"},\"datePublished\":\"2021-03-11T20:02:19+00:00\",\"dateModified\":\"2021-03-11T20:02:22+00:00\",\"breadcrumb\":{\"@id\":\"https:\/\/oriamendi.eus\/es\/2021\/03\/11\/las-victorias-de-segurola-zaldua-i-y-zaldua-ii-larranaga-cierran-la-liguilla\/#breadcrumb\"},\"inLanguage\":\"es\",\"potentialAction\":[{\"@type\":\"ReadAction\",\"target\":[\"https:\/\/oriamendi.eus\/es\/2021\/03\/11\/las-victorias-de-segurola-zaldua-i-y-zaldua-ii-larranaga-cierran-la-liguilla\/\"]}]},{\"@type\":\"BreadcrumbList\",\"@id\":\"https:\/\/oriamendi.eus\/es\/2021\/03\/11\/las-victorias-de-segurola-zaldua-i-y-zaldua-ii-larranaga-cierran-la-liguilla\/#breadcrumb\",\"itemListElement\":[{\"@type\":\"ListItem\",\"position\":1,\"name\":\"Portada\",\"item\":\"https:\/\/oriamendi.eus\/es\/\"},{\"@type\":\"ListItem\",\"position\":2,\"name\":\"Las victorias de Segurola-Zaldua I y Zaldua II-Larra\u00f1aga cierran la liguilla\"}]},{\"@type\":\"WebSite\",\"@id\":\"https:\/\/oriamendi.eus\/es\/#website\",\"url\":\"https:\/\/oriamendi.eus\/es\/\",\"name\":\"Oriamendi\",\"description\":\"Remonte en Galarreta. Hernani. Gipuzkoa\",\"publisher\":{\"@id\":\"https:\/\/oriamendi.eus\/es\/#organization\"},\"potentialAction\":[{\"@type\":\"SearchAction\",\"target\":{\"@type\":\"EntryPoint\",\"urlTemplate\":\"https:\/\/oriamendi.eus\/es\/?s={search_term_string}\"},\"query-input\":\"required name=search_term_string\"}],\"inLanguage\":\"es\"},{\"@type\":\"Organization\",\"@id\":\"https:\/\/oriamendi.eus\/es\/#organization\",\"name\":\"Oriamendi\",\"url\":\"https:\/\/oriamendi.eus\/es\/\",\"logo\":{\"@type\":\"ImageObject\",\"inLanguage\":\"es\",\"@id\":\"https:\/\/oriamendi.eus\/es\/#\/schema\/logo\/image\/\",\"url\":\"https:\/\/oriamendi.eus\/wp-content\/uploads\/2020\/06\/logo-oriamendi.png\",\"contentUrl\":\"https:\/\/oriamendi.eus\/wp-content\/uploads\/2020\/06\/logo-oriamendi.png\",\"width\":300,\"height\":90,\"caption\":\"Oriamendi\"},\"image\":{\"@id\":\"https:\/\/oriamendi.eus\/es\/#\/schema\/logo\/image\/\"},\"sameAs\":[\"https:\/\/www.facebook.com\/oriamendi2010remonte\/\",\"https:\/\/twitter.com\/oriamendi2010\",\"https:\/\/www.instagram.com\/galarretajaialai\/\",\"https:\/\/www.youtube.com\/channel\/UC8gVNzQqB1iwnC-_rI-ihmA\/featured\"]},{\"@type\":\"Person\",\"@id\":\"https:\/\/oriamendi.eus\/es\/#\/schema\/person\/c0bd06c6c747674306a5c82563e2339a\",\"name\":\"I\u00f1igo Go\u00f1i\",\"image\":{\"@type\":\"ImageObject\",\"inLanguage\":\"es\",\"@id\":\"https:\/\/oriamendi.eus\/es\/#\/schema\/person\/image\/\",\"url\":\"https:\/\/secure.gravatar.com\/avatar\/fbb07ffc7b803bbfcc2b6419c06abd3a?s=96&d=mm&r=g\",\"contentUrl\":\"https:\/\/secure.gravatar.com\/avatar\/fbb07ffc7b803bbfcc2b6419c06abd3a?s=96&d=mm&r=g\",\"caption\":\"I\u00f1igo Go\u00f1i\"},\"url\":\"https:\/\/oriamendi.eus\/es\/author\/om-berriak\/\"}]}<\/script>\n<!-- \/ Yoast SEO plugin. -->","yoast_head_json":{"title":"Las victorias de Segurola-Zaldua I y Zaldua II-Larra\u00f1aga cierran la liguilla | Oriamendi 2010","robots":{"index":"index","follow":"follow","max-snippet":"max-snippet:-1","max-image-preview":"max-image-preview:large","max-video-preview":"max-video-preview:-1"},"canonical":"https:\/\/oriamendi.eus\/es\/2021\/03\/11\/las-victorias-de-segurola-zaldua-i-y-zaldua-ii-larranaga-cierran-la-liguilla\/","og_locale":"es_ES","og_type":"article","og_title":"Las victorias de Segurola-Zaldua I y Zaldua II-Larra\u00f1aga cierran la liguilla | Oriamendi 2010","og_description":"La liguilla del Torneo Oriamendi lleg\u00f3 ayer a su final con las victorias de Segurola-Zaldua I sobre Urrutia II-Aizpuru III y de Zaldua II-Larra\u00f1aga sobre Mirubia-Martirena. Estos resultados no tienen gran incidencia en la clasificaci\u00f3n.\u00a0Goikoetxea V y Labaka han terminado primeros con 20 puntos, Segurola y Zaldua I son segundos con 16 puntos, Urrutia II-Aizpuru [&hellip;]","og_url":"https:\/\/oriamendi.eus\/es\/2021\/03\/11\/las-victorias-de-segurola-zaldua-i-y-zaldua-ii-larranaga-cierran-la-liguilla\/","og_site_name":"Oriamendi 2010","article_publisher":"https:\/\/www.facebook.com\/oriamendi2010remonte\/","article_published_time":"2021-03-11T20:02:19+00:00","article_modified_time":"2021-03-11T20:02:22+00:00","og_image":[{"width":1890,"height":1260,"url":"https:\/\/oriamendi.eus\/wp-content\/uploads\/2021\/02\/MA012.jpg","type":"image\/jpeg"}],"author":"I\u00f1igo Go\u00f1i","twitter_card":"summary_large_image","twitter_creator":"@oriamendi2010","twitter_site":"@oriamendi2010","twitter_misc":{"Escrito por":"I\u00f1igo Go\u00f1i","Tiempo de lectura":"1 minuto"},"schema":{"@context":"https:\/\/schema.org","@graph":[{"@type":"Article","@id":"https:\/\/oriamendi.eus\/es\/2021\/03\/11\/las-victorias-de-segurola-zaldua-i-y-zaldua-ii-larranaga-cierran-la-liguilla\/#article","isPartOf":{"@id":"https:\/\/oriamendi.eus\/es\/2021\/03\/11\/las-victorias-de-segurola-zaldua-i-y-zaldua-ii-larranaga-cierran-la-liguilla\/"},"author":{"name":"I\u00f1igo Go\u00f1i","@id":"https:\/\/oriamendi.eus\/es\/#\/schema\/person\/c0bd06c6c747674306a5c82563e2339a"},"headline":"Las victorias de Segurola-Zaldua I y Zaldua II-Larra\u00f1aga cierran la liguilla","datePublished":"2021-03-11T20:02:19+00:00","dateModified":"2021-03-11T20:02:22+00:00","mainEntityOfPage":{"@id":"https:\/\/oriamendi.eus\/es\/2021\/03\/11\/las-victorias-de-segurola-zaldua-i-y-zaldua-ii-larranaga-cierran-la-liguilla\/"},"wordCount":224,"publisher":{"@id":"https:\/\/oriamendi.eus\/es\/#organization"},"articleSection":["Sin categorizar"],"inLanguage":"es"},{"@type":"WebPage","@id":"https:\/\/oriamendi.eus\/es\/2021\/03\/11\/las-victorias-de-segurola-zaldua-i-y-zaldua-ii-larranaga-cierran-la-liguilla\/","url":"https:\/\/oriamendi.eus\/es\/2021\/03\/11\/las-victorias-de-segurola-zaldua-i-y-zaldua-ii-larranaga-cierran-la-liguilla\/","name":"Las victorias de Segurola-Zaldua I y Zaldua II-Larra\u00f1aga cierran la liguilla | Oriamendi 2010","isPartOf":{"@id":"https:\/\/oriamendi.eus\/es\/#website"},"datePublished":"2021-03-11T20:02:19+00:00","dateModified":"2021-03-11T20:02:22+00:00","breadcrumb":{"@id":"https:\/\/oriamendi.eus\/es\/2021\/03\/11\/las-victorias-de-segurola-zaldua-i-y-zaldua-ii-larranaga-cierran-la-liguilla\/#breadcrumb"},"inLanguage":"es","potentialAction":[{"@type":"ReadAction","target":["https:\/\/oriamendi.eus\/es\/2021\/03\/11\/las-victorias-de-segurola-zaldua-i-y-zaldua-ii-larranaga-cierran-la-liguilla\/"]}]},{"@type":"BreadcrumbList","@id":"https:\/\/oriamendi.eus\/es\/2021\/03\/11\/las-victorias-de-segurola-zaldua-i-y-zaldua-ii-larranaga-cierran-la-liguilla\/#breadcrumb","itemListElement":[{"@type":"ListItem","position":1,"name":"Portada","item":"https:\/\/oriamendi.eus\/es\/"},{"@type":"ListItem","position":2,"name":"Las victorias de Segurola-Zaldua I y Zaldua II-Larra\u00f1aga cierran la liguilla"}]},{"@type":"WebSite","@id":"https:\/\/oriamendi.eus\/es\/#website","url":"https:\/\/oriamendi.eus\/es\/","name":"Oriamendi","description":"Remonte en Galarreta. Hernani. Gipuzkoa","publisher":{"@id":"https:\/\/oriamendi.eus\/es\/#organization"},"potentialAction":[{"@type":"SearchAction","target":{"@type":"EntryPoint","urlTemplate":"https:\/\/oriamendi.eus\/es\/?s={search_term_string}"},"query-input":"required name=search_term_string"}],"inLanguage":"es"},{"@type":"Organization","@id":"https:\/\/oriamendi.eus\/es\/#organization","name":"Oriamendi","url":"https:\/\/oriamendi.eus\/es\/","logo":{"@type":"ImageObject","inLanguage":"es","@id":"https:\/\/oriamendi.eus\/es\/#\/schema\/logo\/image\/","url":"https:\/\/oriamendi.eus\/wp-content\/uploads\/2020\/06\/logo-oriamendi.png","contentUrl":"https:\/\/oriamendi.eus\/wp-content\/uploads\/2020\/06\/logo-oriamendi.png","width":300,"height":90,"caption":"Oriamendi"},"image":{"@id":"https:\/\/oriamendi.eus\/es\/#\/schema\/logo\/image\/"},"sameAs":["https:\/\/www.facebook.com\/oriamendi2010remonte\/","https:\/\/twitter.com\/oriamendi2010","https:\/\/www.instagram.com\/galarretajaialai\/","https:\/\/www.youtube.com\/channel\/UC8gVNzQqB1iwnC-_rI-ihmA\/featured"]},{"@type":"Person","@id":"https:\/\/oriamendi.eus\/es\/#\/schema\/person\/c0bd06c6c747674306a5c82563e2339a","name":"I\u00f1igo Go\u00f1i","image":{"@type":"ImageObject","inLanguage":"es","@id":"https:\/\/oriamendi.eus\/es\/#\/schema\/person\/image\/","url":"https:\/\/secure.gravatar.com\/avatar\/fbb07ffc7b803bbfcc2b6419c06abd3a?s=96&d=mm&r=g","contentUrl":"https:\/\/secure.gravatar.com\/avatar\/fbb07ffc7b803bbfcc2b6419c06abd3a?s=96&d=mm&r=g","caption":"I\u00f1igo Go\u00f1i"},"url":"https:\/\/oriamendi.eus\/es\/author\/om-berriak\/"}]}},"_links":{"self":[{"href":"https:\/\/oriamendi.eus\/es\/wp-json\/wp\/v2\/posts\/5451"}],"collection":[{"href":"https:\/\/oriamendi.eus\/es\/wp-json\/wp\/v2\/posts"}],"about":[{"href":"https:\/\/oriamendi.eus\/es\/wp-json\/wp\/v2\/types\/post"}],"author":[{"embeddable":true,"href":"https:\/\/oriamendi.eus\/es\/wp-json\/wp\/v2\/users\/5"}],"replies":[{"embeddable":true,"href":"https:\/\/oriamendi.eus\/es\/wp-json\/wp\/v2\/comments?post=5451"}],"version-history":[{"count":1,"href":"https:\/\/oriamendi.eus\/es\/wp-json\/wp\/v2\/posts\/5451\/revisions"}],"predecessor-version":[{"id":5452,"href":"https:\/\/oriamendi.eus\/es\/wp-json\/wp\/v2\/posts\/5451\/revisions\/5452"}],"wp:featuredmedia":[{"embeddable":true,"href":"https:\/\/oriamendi.eus\/es\/wp-json\/wp\/v2\/media\/5296"}],"wp:attachment":[{"href":"https:\/\/oriamendi.eus\/es\/wp-json\/wp\/v2\/media?parent=5451"}],"wp:term":[{"taxonomy":"category","embeddable":true,"href":"https:\/\/oriamendi.eus\/es\/wp-json\/wp\/v2\/categories?post=5451"},{"taxonomy":"post_tag","embeddable":true,"href":"https:\/\/oriamendi.eus\/es\/wp-json\/wp\/v2\/tags?post=5451"}],"curies":[{"name":"wp","href":"https:\/\/api.w.org\/{rel}","templated":true}]}}