                                        
                                        
                                        
                                        
                                        
                                        
                                        
                                        
                                        
                                        
                                        
                                        
                                        
                                        
                                        
                                        
                                        
                                        
{"id":5204,"date":"2021-01-27T16:34:08","date_gmt":"2021-01-27T15:34:08","guid":{"rendered":"https:\/\/oriamendi.eus\/?p=5204"},"modified":"2021-01-27T16:34:11","modified_gmt":"2021-01-27T15:34:11","slug":"urriza-y-barrenetxea-iv-velan-armas-para-la-final-del-sabado-remonte-jai-alai-jaialai-erremontea-kirola","status":"publish","type":"post","link":"https:\/\/oriamendi.eus\/es\/2021\/01\/27\/urriza-y-barrenetxea-iv-velan-armas-para-la-final-del-sabado-remonte-jai-alai-jaialai-erremontea-kirola\/","title":{"rendered":"Urriza y Barrenetxea IV velan armas para la final del s\u00e1bado"},"content":{"rendered":"\n<p>Javier Urriza y Endika Barrenetxea se citaron en Galarreta para separar el material que utilizar\u00e1n en la final del Torneo Master UTS del s\u00e1bado 30 de enero en el front\u00f3n hernaniarras a partir de las 23.00 horas.<\/p>\n\n\n\n<p>Los dos finalistas salieron juntos a la cancha, pero el primero en separar sus tres pelotas fue Urriza. Tard\u00f3 alrededor de diez minutos en escoger tres pelotas de 126 gramos que no eran todas iguales. Dos eran entre vivas e intermedias y una de ellas era seca.\u00a0Despu\u00e9s lleg\u00f3 el turno de Barrenetxea IV que fue algo m\u00e1s r\u00e1pido, ocho minutos y separ\u00f3 tres pelotas de 129, 127 y 126 gramos. Las pelotas del zaguero son m\u00e1s vivas que el las del delantero.<\/p>\n\n\n\n<p>\u00a0En las declaraciones posteriores. Urriza afirm\u00f3 que hab\u00eda mucho material para elegir. \u00abHe quedado contento con la elecci\u00f3n. Nos conocemos muy bien y sabemos lo que busca cada uno. \u00c9l busca una pelota m\u00e1s fuerte para el saque y el segundo pelotazo y yo prefiere una pelota\u00a0 para pelotear. Creo que los dos hemos encontrado lo que quer\u00edamos. Al final elegimos pelotas por sensaciones, ya que con una muy seca el s\u00e1bado igaul no anda nada y perjudica\u00bb. Urriza busca una txapela m\u00e1s. \u00abTodas las txapelas son importantes y soy consciente que no es nada sencillo llegar a este tipo de finales y quiero disfrutar de una final m\u00e1s\u00bb.<\/p>\n\n\n\n<p>Barrenetxea aseguraba que estaba feliz. \u00abUrriza ha escogido pelotas m\u00e1s digamos normales de lo que me esperaba. Normalmente suele elegir pelotas m\u00e1s secas y eso quiere indicar que est\u00e1 con mucha confianza\u00bb.<\/p>\n\n\n\n<p>El hernaniarra no ten\u00eda ninguna queja. \u00abMe han gustado sus pelotas salvo una que es m\u00e1s seca. Eso quiere decir que tiene mucho juego y lo hace m\u00e1s peligroso. Igual es una mala se\u00f1al para m\u00ed\u00bb. El a\u00f1o pasado gan\u00f3 el Master, pero cree que Urriza est\u00e1 mejor que el a\u00f1o pasado. \u00abEst\u00e1 siendo el a\u00f1o de Urriza, ha ganado todo lo que ha jugado y quiere redondear la temporada. Yo lleg\u00f3 sin presi\u00f3n y no tengo prisa. Espero ponerle las cosas muy complicadas\u00bb.<\/p>\n\n\n\n<p><\/p>\n\n\n\n<figure class=\"wp-block-gallery columns-2 is-cropped wp-block-gallery-1 is-layout-flex wp-block-gallery-is-layout-flex\"><ul class=\"blocks-gallery-grid\"><li class=\"blocks-gallery-item\"><figure><img fetchpriority=\"high\" fetchpriority=\"high\" decoding=\"async\" width=\"1024\" height=\"682\" src=\"https:\/\/oriamendi.eus\/wp-content\/uploads\/2021\/01\/MA001-1024x682.jpg\" alt=\"\" data-id=\"5205\" data-full-url=\"https:\/\/oriamendi.eus\/wp-content\/uploads\/2021\/01\/MA001.jpg\" data-link=\"https:\/\/oriamendi.eus\/es\/?attachment_id=5205\" class=\"wp-image-5205\" srcset=\"https:\/\/oriamendi.eus\/wp-content\/uploads\/2021\/01\/MA001-1024x682.jpg 1024w, https:\/\/oriamendi.eus\/wp-content\/uploads\/2021\/01\/MA001-980x653.jpg 980w, https:\/\/oriamendi.eus\/wp-content\/uploads\/2021\/01\/MA001-480x320.jpg 480w\" sizes=\"(min-width: 0px) and (max-width: 480px) 480px, (min-width: 481px) and (max-width: 980px) 980px, (min-width: 981px) 1024px, 100vw\" \/><\/figure><\/li><li class=\"blocks-gallery-item\"><figure><img decoding=\"async\" width=\"1024\" height=\"682\" src=\"https:\/\/oriamendi.eus\/wp-content\/uploads\/2021\/01\/MA009-1024x682.jpg\" alt=\"\" data-id=\"5207\" data-full-url=\"https:\/\/oriamendi.eus\/wp-content\/uploads\/2021\/01\/MA009.jpg\" data-link=\"https:\/\/oriamendi.eus\/es\/?attachment_id=5207\" class=\"wp-image-5207\" srcset=\"https:\/\/oriamendi.eus\/wp-content\/uploads\/2021\/01\/MA009-1024x682.jpg 1024w, https:\/\/oriamendi.eus\/wp-content\/uploads\/2021\/01\/MA009-980x653.jpg 980w, https:\/\/oriamendi.eus\/wp-content\/uploads\/2021\/01\/MA009-480x320.jpg 480w\" sizes=\"(min-width: 0px) and (max-width: 480px) 480px, (min-width: 481px) and (max-width: 980px) 980px, (min-width: 981px) 1024px, 100vw\" \/><\/figure><\/li><\/ul><\/figure>\n","protected":false},"excerpt":{"rendered":"<p>Javier Urriza y Endika Barrenetxea se citaron en Galarreta para separar el material que utilizar\u00e1n en la final del Torneo Master UTS del s\u00e1bado 30 de enero en el front\u00f3n hernaniarras a partir de las 23.00 horas. Los dos finalistas salieron juntos a la cancha, pero el primero en separar sus tres pelotas fue Urriza. [&hellip;]<\/p>\n","protected":false},"author":3,"featured_media":5210,"comment_status":"closed","ping_status":"open","sticky":false,"template":"","format":"standard","meta":{"_et_pb_use_builder":"off","_et_pb_old_content":"","_et_gb_content_width":"","footnotes":""},"categories":[1],"tags":[],"yoast_head":"<!-- This site is optimized with the Yoast SEO plugin v21.8 - https:\/\/yoast.com\/wordpress\/plugins\/seo\/ -->\n<title>Urriza y Barrenetxea IV velan armas para la final del s\u00e1bado | Oriamendi 2010<\/title>\n<meta name=\"robots\" content=\"index, follow, max-snippet:-1, max-image-preview:large, max-video-preview:-1\" \/>\n<link rel=\"canonical\" href=\"https:\/\/oriamendi.eus\/es\/2021\/01\/27\/urriza-y-barrenetxea-iv-velan-armas-para-la-final-del-sabado-remonte-jai-alai-jaialai-erremontea-kirola\/\" \/>\n<meta property=\"og:locale\" content=\"es_ES\" \/>\n<meta property=\"og:type\" content=\"article\" \/>\n<meta property=\"og:title\" content=\"Urriza y Barrenetxea IV velan armas para la final del s\u00e1bado | Oriamendi 2010\" \/>\n<meta property=\"og:description\" content=\"Javier Urriza y Endika Barrenetxea se citaron en Galarreta para separar el material que utilizar\u00e1n en la final del Torneo Master UTS del s\u00e1bado 30 de enero en el front\u00f3n hernaniarras a partir de las 23.00 horas. Los dos finalistas salieron juntos a la cancha, pero el primero en separar sus tres pelotas fue Urriza. [&hellip;]\" \/>\n<meta property=\"og:url\" content=\"https:\/\/oriamendi.eus\/es\/2021\/01\/27\/urriza-y-barrenetxea-iv-velan-armas-para-la-final-del-sabado-remonte-jai-alai-jaialai-erremontea-kirola\/\" \/>\n<meta property=\"og:site_name\" content=\"Oriamendi 2010\" \/>\n<meta property=\"article:publisher\" content=\"https:\/\/www.facebook.com\/oriamendi2010remonte\/\" \/>\n<meta property=\"article:published_time\" content=\"2021-01-27T15:34:08+00:00\" \/>\n<meta property=\"article:modified_time\" content=\"2021-01-27T15:34:11+00:00\" \/>\n<meta property=\"og:image\" content=\"https:\/\/oriamendi.eus\/wp-content\/uploads\/2021\/01\/Pelota-aukeraketa.jpg\" \/>\n\t<meta property=\"og:image:width\" content=\"2009\" \/>\n\t<meta property=\"og:image:height\" content=\"1693\" \/>\n\t<meta property=\"og:image:type\" content=\"image\/jpeg\" \/>\n<meta name=\"author\" content=\"Endika Barrenetxea\" \/>\n<meta name=\"twitter:card\" content=\"summary_large_image\" \/>\n<meta name=\"twitter:creator\" content=\"@oriamendi2010\" \/>\n<meta name=\"twitter:site\" content=\"@oriamendi2010\" \/>\n<meta name=\"twitter:label1\" content=\"Escrito por\" \/>\n\t<meta name=\"twitter:data1\" content=\"Endika Barrenetxea\" \/>\n\t<meta name=\"twitter:label2\" content=\"Tiempo de lectura\" \/>\n\t<meta name=\"twitter:data2\" content=\"2 minutos\" \/>\n<script type=\"application\/ld+json\" class=\"yoast-schema-graph\">{\"@context\":\"https:\/\/schema.org\",\"@graph\":[{\"@type\":\"Article\",\"@id\":\"https:\/\/oriamendi.eus\/es\/2021\/01\/27\/urriza-y-barrenetxea-iv-velan-armas-para-la-final-del-sabado-remonte-jai-alai-jaialai-erremontea-kirola\/#article\",\"isPartOf\":{\"@id\":\"https:\/\/oriamendi.eus\/es\/2021\/01\/27\/urriza-y-barrenetxea-iv-velan-armas-para-la-final-del-sabado-remonte-jai-alai-jaialai-erremontea-kirola\/\"},\"author\":{\"name\":\"Endika Barrenetxea\",\"@id\":\"https:\/\/oriamendi.eus\/es\/#\/schema\/person\/d50c13df7440d84706fe7d03941cc92f\"},\"headline\":\"Urriza y Barrenetxea IV velan armas para la final del s\u00e1bado\",\"datePublished\":\"2021-01-27T15:34:08+00:00\",\"dateModified\":\"2021-01-27T15:34:11+00:00\",\"mainEntityOfPage\":{\"@id\":\"https:\/\/oriamendi.eus\/es\/2021\/01\/27\/urriza-y-barrenetxea-iv-velan-armas-para-la-final-del-sabado-remonte-jai-alai-jaialai-erremontea-kirola\/\"},\"wordCount\":375,\"publisher\":{\"@id\":\"https:\/\/oriamendi.eus\/es\/#organization\"},\"articleSection\":[\"Sin categorizar\"],\"inLanguage\":\"es\"},{\"@type\":\"WebPage\",\"@id\":\"https:\/\/oriamendi.eus\/es\/2021\/01\/27\/urriza-y-barrenetxea-iv-velan-armas-para-la-final-del-sabado-remonte-jai-alai-jaialai-erremontea-kirola\/\",\"url\":\"https:\/\/oriamendi.eus\/es\/2021\/01\/27\/urriza-y-barrenetxea-iv-velan-armas-para-la-final-del-sabado-remonte-jai-alai-jaialai-erremontea-kirola\/\",\"name\":\"Urriza y Barrenetxea IV velan armas para la final del s\u00e1bado | Oriamendi 2010\",\"isPartOf\":{\"@id\":\"https:\/\/oriamendi.eus\/es\/#website\"},\"datePublished\":\"2021-01-27T15:34:08+00:00\",\"dateModified\":\"2021-01-27T15:34:11+00:00\",\"breadcrumb\":{\"@id\":\"https:\/\/oriamendi.eus\/es\/2021\/01\/27\/urriza-y-barrenetxea-iv-velan-armas-para-la-final-del-sabado-remonte-jai-alai-jaialai-erremontea-kirola\/#breadcrumb\"},\"inLanguage\":\"es\",\"potentialAction\":[{\"@type\":\"ReadAction\",\"target\":[\"https:\/\/oriamendi.eus\/es\/2021\/01\/27\/urriza-y-barrenetxea-iv-velan-armas-para-la-final-del-sabado-remonte-jai-alai-jaialai-erremontea-kirola\/\"]}]},{\"@type\":\"BreadcrumbList\",\"@id\":\"https:\/\/oriamendi.eus\/es\/2021\/01\/27\/urriza-y-barrenetxea-iv-velan-armas-para-la-final-del-sabado-remonte-jai-alai-jaialai-erremontea-kirola\/#breadcrumb\",\"itemListElement\":[{\"@type\":\"ListItem\",\"position\":1,\"name\":\"Portada\",\"item\":\"https:\/\/oriamendi.eus\/es\/\"},{\"@type\":\"ListItem\",\"position\":2,\"name\":\"Urriza y Barrenetxea IV velan armas para la final del s\u00e1bado\"}]},{\"@type\":\"WebSite\",\"@id\":\"https:\/\/oriamendi.eus\/es\/#website\",\"url\":\"https:\/\/oriamendi.eus\/es\/\",\"name\":\"Oriamendi\",\"description\":\"Remonte en Galarreta. Hernani. Gipuzkoa\",\"publisher\":{\"@id\":\"https:\/\/oriamendi.eus\/es\/#organization\"},\"potentialAction\":[{\"@type\":\"SearchAction\",\"target\":{\"@type\":\"EntryPoint\",\"urlTemplate\":\"https:\/\/oriamendi.eus\/es\/?s={search_term_string}\"},\"query-input\":\"required name=search_term_string\"}],\"inLanguage\":\"es\"},{\"@type\":\"Organization\",\"@id\":\"https:\/\/oriamendi.eus\/es\/#organization\",\"name\":\"Oriamendi\",\"url\":\"https:\/\/oriamendi.eus\/es\/\",\"logo\":{\"@type\":\"ImageObject\",\"inLanguage\":\"es\",\"@id\":\"https:\/\/oriamendi.eus\/es\/#\/schema\/logo\/image\/\",\"url\":\"https:\/\/oriamendi.eus\/wp-content\/uploads\/2020\/06\/logo-oriamendi.png\",\"contentUrl\":\"https:\/\/oriamendi.eus\/wp-content\/uploads\/2020\/06\/logo-oriamendi.png\",\"width\":300,\"height\":90,\"caption\":\"Oriamendi\"},\"image\":{\"@id\":\"https:\/\/oriamendi.eus\/es\/#\/schema\/logo\/image\/\"},\"sameAs\":[\"https:\/\/www.facebook.com\/oriamendi2010remonte\/\",\"https:\/\/twitter.com\/oriamendi2010\",\"https:\/\/www.instagram.com\/galarretajaialai\/\",\"https:\/\/www.youtube.com\/channel\/UC8gVNzQqB1iwnC-_rI-ihmA\/featured\"]},{\"@type\":\"Person\",\"@id\":\"https:\/\/oriamendi.eus\/es\/#\/schema\/person\/d50c13df7440d84706fe7d03941cc92f\",\"name\":\"Endika Barrenetxea\",\"image\":{\"@type\":\"ImageObject\",\"inLanguage\":\"es\",\"@id\":\"https:\/\/oriamendi.eus\/es\/#\/schema\/person\/image\/\",\"url\":\"https:\/\/secure.gravatar.com\/avatar\/26a16205d858e579d56d8adc8addd712?s=96&d=mm&r=g\",\"contentUrl\":\"https:\/\/secure.gravatar.com\/avatar\/26a16205d858e579d56d8adc8addd712?s=96&d=mm&r=g\",\"caption\":\"Endika Barrenetxea\"},\"url\":\"https:\/\/oriamendi.eus\/es\/author\/om-kudeaketa\/\"}]}<\/script>\n<!-- \/ Yoast SEO plugin. -->","yoast_head_json":{"title":"Urriza y Barrenetxea IV velan armas para la final del s\u00e1bado | Oriamendi 2010","robots":{"index":"index","follow":"follow","max-snippet":"max-snippet:-1","max-image-preview":"max-image-preview:large","max-video-preview":"max-video-preview:-1"},"canonical":"https:\/\/oriamendi.eus\/es\/2021\/01\/27\/urriza-y-barrenetxea-iv-velan-armas-para-la-final-del-sabado-remonte-jai-alai-jaialai-erremontea-kirola\/","og_locale":"es_ES","og_type":"article","og_title":"Urriza y Barrenetxea IV velan armas para la final del s\u00e1bado | Oriamendi 2010","og_description":"Javier Urriza y Endika Barrenetxea se citaron en Galarreta para separar el material que utilizar\u00e1n en la final del Torneo Master UTS del s\u00e1bado 30 de enero en el front\u00f3n hernaniarras a partir de las 23.00 horas. Los dos finalistas salieron juntos a la cancha, pero el primero en separar sus tres pelotas fue Urriza. [&hellip;]","og_url":"https:\/\/oriamendi.eus\/es\/2021\/01\/27\/urriza-y-barrenetxea-iv-velan-armas-para-la-final-del-sabado-remonte-jai-alai-jaialai-erremontea-kirola\/","og_site_name":"Oriamendi 2010","article_publisher":"https:\/\/www.facebook.com\/oriamendi2010remonte\/","article_published_time":"2021-01-27T15:34:08+00:00","article_modified_time":"2021-01-27T15:34:11+00:00","og_image":[{"width":2009,"height":1693,"url":"https:\/\/oriamendi.eus\/wp-content\/uploads\/2021\/01\/Pelota-aukeraketa.jpg","type":"image\/jpeg"}],"author":"Endika Barrenetxea","twitter_card":"summary_large_image","twitter_creator":"@oriamendi2010","twitter_site":"@oriamendi2010","twitter_misc":{"Escrito por":"Endika Barrenetxea","Tiempo de lectura":"2 minutos"},"schema":{"@context":"https:\/\/schema.org","@graph":[{"@type":"Article","@id":"https:\/\/oriamendi.eus\/es\/2021\/01\/27\/urriza-y-barrenetxea-iv-velan-armas-para-la-final-del-sabado-remonte-jai-alai-jaialai-erremontea-kirola\/#article","isPartOf":{"@id":"https:\/\/oriamendi.eus\/es\/2021\/01\/27\/urriza-y-barrenetxea-iv-velan-armas-para-la-final-del-sabado-remonte-jai-alai-jaialai-erremontea-kirola\/"},"author":{"name":"Endika Barrenetxea","@id":"https:\/\/oriamendi.eus\/es\/#\/schema\/person\/d50c13df7440d84706fe7d03941cc92f"},"headline":"Urriza y Barrenetxea IV velan armas para la final del s\u00e1bado","datePublished":"2021-01-27T15:34:08+00:00","dateModified":"2021-01-27T15:34:11+00:00","mainEntityOfPage":{"@id":"https:\/\/oriamendi.eus\/es\/2021\/01\/27\/urriza-y-barrenetxea-iv-velan-armas-para-la-final-del-sabado-remonte-jai-alai-jaialai-erremontea-kirola\/"},"wordCount":375,"publisher":{"@id":"https:\/\/oriamendi.eus\/es\/#organization"},"articleSection":["Sin categorizar"],"inLanguage":"es"},{"@type":"WebPage","@id":"https:\/\/oriamendi.eus\/es\/2021\/01\/27\/urriza-y-barrenetxea-iv-velan-armas-para-la-final-del-sabado-remonte-jai-alai-jaialai-erremontea-kirola\/","url":"https:\/\/oriamendi.eus\/es\/2021\/01\/27\/urriza-y-barrenetxea-iv-velan-armas-para-la-final-del-sabado-remonte-jai-alai-jaialai-erremontea-kirola\/","name":"Urriza y Barrenetxea IV velan armas para la final del s\u00e1bado | Oriamendi 2010","isPartOf":{"@id":"https:\/\/oriamendi.eus\/es\/#website"},"datePublished":"2021-01-27T15:34:08+00:00","dateModified":"2021-01-27T15:34:11+00:00","breadcrumb":{"@id":"https:\/\/oriamendi.eus\/es\/2021\/01\/27\/urriza-y-barrenetxea-iv-velan-armas-para-la-final-del-sabado-remonte-jai-alai-jaialai-erremontea-kirola\/#breadcrumb"},"inLanguage":"es","potentialAction":[{"@type":"ReadAction","target":["https:\/\/oriamendi.eus\/es\/2021\/01\/27\/urriza-y-barrenetxea-iv-velan-armas-para-la-final-del-sabado-remonte-jai-alai-jaialai-erremontea-kirola\/"]}]},{"@type":"BreadcrumbList","@id":"https:\/\/oriamendi.eus\/es\/2021\/01\/27\/urriza-y-barrenetxea-iv-velan-armas-para-la-final-del-sabado-remonte-jai-alai-jaialai-erremontea-kirola\/#breadcrumb","itemListElement":[{"@type":"ListItem","position":1,"name":"Portada","item":"https:\/\/oriamendi.eus\/es\/"},{"@type":"ListItem","position":2,"name":"Urriza y Barrenetxea IV velan armas para la final del s\u00e1bado"}]},{"@type":"WebSite","@id":"https:\/\/oriamendi.eus\/es\/#website","url":"https:\/\/oriamendi.eus\/es\/","name":"Oriamendi","description":"Remonte en Galarreta. Hernani. Gipuzkoa","publisher":{"@id":"https:\/\/oriamendi.eus\/es\/#organization"},"potentialAction":[{"@type":"SearchAction","target":{"@type":"EntryPoint","urlTemplate":"https:\/\/oriamendi.eus\/es\/?s={search_term_string}"},"query-input":"required name=search_term_string"}],"inLanguage":"es"},{"@type":"Organization","@id":"https:\/\/oriamendi.eus\/es\/#organization","name":"Oriamendi","url":"https:\/\/oriamendi.eus\/es\/","logo":{"@type":"ImageObject","inLanguage":"es","@id":"https:\/\/oriamendi.eus\/es\/#\/schema\/logo\/image\/","url":"https:\/\/oriamendi.eus\/wp-content\/uploads\/2020\/06\/logo-oriamendi.png","contentUrl":"https:\/\/oriamendi.eus\/wp-content\/uploads\/2020\/06\/logo-oriamendi.png","width":300,"height":90,"caption":"Oriamendi"},"image":{"@id":"https:\/\/oriamendi.eus\/es\/#\/schema\/logo\/image\/"},"sameAs":["https:\/\/www.facebook.com\/oriamendi2010remonte\/","https:\/\/twitter.com\/oriamendi2010","https:\/\/www.instagram.com\/galarretajaialai\/","https:\/\/www.youtube.com\/channel\/UC8gVNzQqB1iwnC-_rI-ihmA\/featured"]},{"@type":"Person","@id":"https:\/\/oriamendi.eus\/es\/#\/schema\/person\/d50c13df7440d84706fe7d03941cc92f","name":"Endika Barrenetxea","image":{"@type":"ImageObject","inLanguage":"es","@id":"https:\/\/oriamendi.eus\/es\/#\/schema\/person\/image\/","url":"https:\/\/secure.gravatar.com\/avatar\/26a16205d858e579d56d8adc8addd712?s=96&d=mm&r=g","contentUrl":"https:\/\/secure.gravatar.com\/avatar\/26a16205d858e579d56d8adc8addd712?s=96&d=mm&r=g","caption":"Endika Barrenetxea"},"url":"https:\/\/oriamendi.eus\/es\/author\/om-kudeaketa\/"}]}},"_links":{"self":[{"href":"https:\/\/oriamendi.eus\/es\/wp-json\/wp\/v2\/posts\/5204"}],"collection":[{"href":"https:\/\/oriamendi.eus\/es\/wp-json\/wp\/v2\/posts"}],"about":[{"href":"https:\/\/oriamendi.eus\/es\/wp-json\/wp\/v2\/types\/post"}],"author":[{"embeddable":true,"href":"https:\/\/oriamendi.eus\/es\/wp-json\/wp\/v2\/users\/3"}],"replies":[{"embeddable":true,"href":"https:\/\/oriamendi.eus\/es\/wp-json\/wp\/v2\/comments?post=5204"}],"version-history":[{"count":1,"href":"https:\/\/oriamendi.eus\/es\/wp-json\/wp\/v2\/posts\/5204\/revisions"}],"predecessor-version":[{"id":5209,"href":"https:\/\/oriamendi.eus\/es\/wp-json\/wp\/v2\/posts\/5204\/revisions\/5209"}],"wp:featuredmedia":[{"embeddable":true,"href":"https:\/\/oriamendi.eus\/es\/wp-json\/wp\/v2\/media\/5210"}],"wp:attachment":[{"href":"https:\/\/oriamendi.eus\/es\/wp-json\/wp\/v2\/media?parent=5204"}],"wp:term":[{"taxonomy":"category","embeddable":true,"href":"https:\/\/oriamendi.eus\/es\/wp-json\/wp\/v2\/categories?post=5204"},{"taxonomy":"post_tag","embeddable":true,"href":"https:\/\/oriamendi.eus\/es\/wp-json\/wp\/v2\/tags?post=5204"}],"curies":[{"name":"wp","href":"https:\/\/api.w.org\/{rel}","templated":true}]}}