                                        
                                        
                                        
                                        
                                        
                                        
                                        
                                        
                                        
                                        
                                        
                                        
                                        
                                        
                                        
                                        
                                        
                                        
{"id":5168,"date":"2021-01-20T14:12:37","date_gmt":"2021-01-20T13:12:37","guid":{"rendered":"https:\/\/oriamendi.eus\/?p=5168"},"modified":"2021-01-20T14:14:11","modified_gmt":"2021-01-20T13:14:11","slug":"uts-komunikazioa-master-txapelketa-berrikuntzakin-dator-erremoontea-remonte-jai-alai-jaialai","status":"publish","type":"post","link":"https:\/\/oriamendi.eus\/es\/2021\/01\/20\/uts-komunikazioa-master-txapelketa-berrikuntzakin-dator-erremoontea-remonte-jai-alai-jaialai\/","title":{"rendered":"El campeonato UTS komunikazioa Master llega con novedades"},"content":{"rendered":"\n<p><strong><br>Las dos semifinales se disputar\u00e1n este domingo a las 12:00 horas y la final el 30 de enero a las 23:00 horas.<\/strong><\/p>\n\n\n\n<p><br>El Master Individual UTS comenzar\u00e1 el domingo con dos semifinales y la novedad m\u00e1s destacada de este a\u00f1o ser\u00e1 el calendario y el horario. Las semifinales se disputar\u00e1n este domingo, 24 de enero, a partir de las 12:00 horas. Habr\u00eda que ir al archivo para saber si se ha jugado en alg\u00fan momento el domingo al mediod\u00eda.&nbsp;<\/p>\n\n\n\n<p>Por otra parte, la final se jugar\u00e1 el s\u00e1bado 30 de enero, pero el horario tampoco ser\u00e1 habitual. Se disputar\u00e1 a las 23:00 de la noche.&nbsp;<\/p>\n\n\n\n<p>En el campeonato participar\u00e1n pelotaris que quedaron en los cuatro primeros puestos en el Campeonato Individual. Este a\u00f1o tomar\u00e1 parte Ansa II que qued\u00f3 en quinta posici\u00f3n y coge el puesto de Endika, que causa baja..<\/p>\n\n\n\n<p>La composici\u00f3n de las semifinales se ha realizado seg\u00fan la clasificaci\u00f3n en aquel campeonato de verano. En la primera semifinal se medir\u00e1n Urriza y Ansa II y en la segunda se enfrentar\u00e1n Juanenea y Barrenetxea IV. Los ganadores de estos dos partidos pasar\u00e1n directamente a la final.<br>ETB1 ofrecer\u00e1 todos los partidos en directo.<\/p>\n\n\n\n<p><\/p>\n\n\n\n<figure class=\"wp-block-gallery columns-1 is-cropped wp-block-gallery-1 is-layout-flex wp-block-gallery-is-layout-flex\"><ul class=\"blocks-gallery-grid\"><li class=\"blocks-gallery-item\"><figure><img fetchpriority=\"high\" fetchpriority=\"high\" decoding=\"async\" width=\"1024\" height=\"683\" src=\"https:\/\/oriamendi.eus\/wp-content\/uploads\/2021\/01\/MA007-1024x683.jpg\" alt=\"\" data-id=\"5163\" data-full-url=\"https:\/\/oriamendi.eus\/wp-content\/uploads\/2021\/01\/MA007-scaled.jpg\" data-link=\"https:\/\/oriamendi.eus\/?attachment_id=5163\" class=\"wp-image-5164\" srcset=\"https:\/\/oriamendi.eus\/wp-content\/uploads\/2021\/01\/MA007-980x653.jpg 980w, https:\/\/oriamendi.eus\/wp-content\/uploads\/2021\/01\/MA007-480x320.jpg 480w\" sizes=\"(min-width: 0px) and (max-width: 480px) 480px, (min-width: 481px) and (max-width: 980px) 980px, (min-width: 981px) 1024px, 100vw\" \/><\/figure><\/li><\/ul><\/figure>\n","protected":false},"excerpt":{"rendered":"<p>Las dos semifinales se disputar\u00e1n este domingo a las 12:00 horas y la final el 30 de enero a las 23:00 horas. El Master Individual UTS comenzar\u00e1 el domingo con dos semifinales y la novedad m\u00e1s destacada de este a\u00f1o ser\u00e1 el calendario y el horario. Las semifinales se disputar\u00e1n este domingo, 24 de enero, [&hellip;]<\/p>\n","protected":false},"author":3,"featured_media":5167,"comment_status":"closed","ping_status":"open","sticky":false,"template":"","format":"standard","meta":{"_et_pb_use_builder":"off","_et_pb_old_content":"","_et_gb_content_width":"","footnotes":""},"categories":[1],"tags":[],"yoast_head":"<!-- This site is optimized with the Yoast SEO plugin v21.8 - https:\/\/yoast.com\/wordpress\/plugins\/seo\/ -->\n<title>El campeonato UTS komunikazioa Master llega con novedades | Oriamendi 2010<\/title>\n<meta name=\"robots\" content=\"index, follow, max-snippet:-1, max-image-preview:large, max-video-preview:-1\" \/>\n<link rel=\"canonical\" href=\"https:\/\/oriamendi.eus\/es\/2021\/01\/20\/uts-komunikazioa-master-txapelketa-berrikuntzakin-dator-erremoontea-remonte-jai-alai-jaialai\/\" \/>\n<meta property=\"og:locale\" content=\"es_ES\" \/>\n<meta property=\"og:type\" content=\"article\" \/>\n<meta property=\"og:title\" content=\"El campeonato UTS komunikazioa Master llega con novedades | Oriamendi 2010\" \/>\n<meta property=\"og:description\" content=\"Las dos semifinales se disputar\u00e1n este domingo a las 12:00 horas y la final el 30 de enero a las 23:00 horas. El Master Individual UTS comenzar\u00e1 el domingo con dos semifinales y la novedad m\u00e1s destacada de este a\u00f1o ser\u00e1 el calendario y el horario. Las semifinales se disputar\u00e1n este domingo, 24 de enero, [&hellip;]\" \/>\n<meta property=\"og:url\" content=\"https:\/\/oriamendi.eus\/es\/2021\/01\/20\/uts-komunikazioa-master-txapelketa-berrikuntzakin-dator-erremoontea-remonte-jai-alai-jaialai\/\" \/>\n<meta property=\"og:site_name\" content=\"Oriamendi 2010\" \/>\n<meta property=\"article:publisher\" content=\"https:\/\/www.facebook.com\/oriamendi2010remonte\/\" \/>\n<meta property=\"article:published_time\" content=\"2021-01-20T13:12:37+00:00\" \/>\n<meta property=\"article:modified_time\" content=\"2021-01-20T13:14:11+00:00\" \/>\n<meta property=\"og:image\" content=\"https:\/\/oriamendi.eus\/wp-content\/uploads\/2021\/01\/Finalerdiak.png\" \/>\n\t<meta property=\"og:image:width\" content=\"1220\" \/>\n\t<meta property=\"og:image:height\" content=\"686\" \/>\n\t<meta property=\"og:image:type\" content=\"image\/png\" \/>\n<meta name=\"author\" content=\"Endika Barrenetxea\" \/>\n<meta name=\"twitter:card\" content=\"summary_large_image\" \/>\n<meta name=\"twitter:creator\" content=\"@oriamendi2010\" \/>\n<meta name=\"twitter:site\" content=\"@oriamendi2010\" \/>\n<meta name=\"twitter:label1\" content=\"Escrito por\" \/>\n\t<meta name=\"twitter:data1\" content=\"Endika Barrenetxea\" \/>\n\t<meta name=\"twitter:label2\" content=\"Tiempo de lectura\" \/>\n\t<meta name=\"twitter:data2\" content=\"1 minuto\" \/>\n<script type=\"application\/ld+json\" class=\"yoast-schema-graph\">{\"@context\":\"https:\/\/schema.org\",\"@graph\":[{\"@type\":\"Article\",\"@id\":\"https:\/\/oriamendi.eus\/es\/2021\/01\/20\/uts-komunikazioa-master-txapelketa-berrikuntzakin-dator-erremoontea-remonte-jai-alai-jaialai\/#article\",\"isPartOf\":{\"@id\":\"https:\/\/oriamendi.eus\/es\/2021\/01\/20\/uts-komunikazioa-master-txapelketa-berrikuntzakin-dator-erremoontea-remonte-jai-alai-jaialai\/\"},\"author\":{\"name\":\"Endika Barrenetxea\",\"@id\":\"https:\/\/oriamendi.eus\/es\/#\/schema\/person\/d50c13df7440d84706fe7d03941cc92f\"},\"headline\":\"El campeonato UTS komunikazioa Master llega con novedades\",\"datePublished\":\"2021-01-20T13:12:37+00:00\",\"dateModified\":\"2021-01-20T13:14:11+00:00\",\"mainEntityOfPage\":{\"@id\":\"https:\/\/oriamendi.eus\/es\/2021\/01\/20\/uts-komunikazioa-master-txapelketa-berrikuntzakin-dator-erremoontea-remonte-jai-alai-jaialai\/\"},\"wordCount\":215,\"publisher\":{\"@id\":\"https:\/\/oriamendi.eus\/es\/#organization\"},\"articleSection\":[\"Sin categorizar\"],\"inLanguage\":\"es\"},{\"@type\":\"WebPage\",\"@id\":\"https:\/\/oriamendi.eus\/es\/2021\/01\/20\/uts-komunikazioa-master-txapelketa-berrikuntzakin-dator-erremoontea-remonte-jai-alai-jaialai\/\",\"url\":\"https:\/\/oriamendi.eus\/es\/2021\/01\/20\/uts-komunikazioa-master-txapelketa-berrikuntzakin-dator-erremoontea-remonte-jai-alai-jaialai\/\",\"name\":\"El campeonato UTS komunikazioa Master llega con novedades | Oriamendi 2010\",\"isPartOf\":{\"@id\":\"https:\/\/oriamendi.eus\/es\/#website\"},\"datePublished\":\"2021-01-20T13:12:37+00:00\",\"dateModified\":\"2021-01-20T13:14:11+00:00\",\"breadcrumb\":{\"@id\":\"https:\/\/oriamendi.eus\/es\/2021\/01\/20\/uts-komunikazioa-master-txapelketa-berrikuntzakin-dator-erremoontea-remonte-jai-alai-jaialai\/#breadcrumb\"},\"inLanguage\":\"es\",\"potentialAction\":[{\"@type\":\"ReadAction\",\"target\":[\"https:\/\/oriamendi.eus\/es\/2021\/01\/20\/uts-komunikazioa-master-txapelketa-berrikuntzakin-dator-erremoontea-remonte-jai-alai-jaialai\/\"]}]},{\"@type\":\"BreadcrumbList\",\"@id\":\"https:\/\/oriamendi.eus\/es\/2021\/01\/20\/uts-komunikazioa-master-txapelketa-berrikuntzakin-dator-erremoontea-remonte-jai-alai-jaialai\/#breadcrumb\",\"itemListElement\":[{\"@type\":\"ListItem\",\"position\":1,\"name\":\"Portada\",\"item\":\"https:\/\/oriamendi.eus\/es\/\"},{\"@type\":\"ListItem\",\"position\":2,\"name\":\"El campeonato UTS komunikazioa Master llega con novedades\"}]},{\"@type\":\"WebSite\",\"@id\":\"https:\/\/oriamendi.eus\/es\/#website\",\"url\":\"https:\/\/oriamendi.eus\/es\/\",\"name\":\"Oriamendi\",\"description\":\"Remonte en Galarreta. Hernani. Gipuzkoa\",\"publisher\":{\"@id\":\"https:\/\/oriamendi.eus\/es\/#organization\"},\"potentialAction\":[{\"@type\":\"SearchAction\",\"target\":{\"@type\":\"EntryPoint\",\"urlTemplate\":\"https:\/\/oriamendi.eus\/es\/?s={search_term_string}\"},\"query-input\":\"required name=search_term_string\"}],\"inLanguage\":\"es\"},{\"@type\":\"Organization\",\"@id\":\"https:\/\/oriamendi.eus\/es\/#organization\",\"name\":\"Oriamendi\",\"url\":\"https:\/\/oriamendi.eus\/es\/\",\"logo\":{\"@type\":\"ImageObject\",\"inLanguage\":\"es\",\"@id\":\"https:\/\/oriamendi.eus\/es\/#\/schema\/logo\/image\/\",\"url\":\"https:\/\/oriamendi.eus\/wp-content\/uploads\/2020\/06\/logo-oriamendi.png\",\"contentUrl\":\"https:\/\/oriamendi.eus\/wp-content\/uploads\/2020\/06\/logo-oriamendi.png\",\"width\":300,\"height\":90,\"caption\":\"Oriamendi\"},\"image\":{\"@id\":\"https:\/\/oriamendi.eus\/es\/#\/schema\/logo\/image\/\"},\"sameAs\":[\"https:\/\/www.facebook.com\/oriamendi2010remonte\/\",\"https:\/\/twitter.com\/oriamendi2010\",\"https:\/\/www.instagram.com\/galarretajaialai\/\",\"https:\/\/www.youtube.com\/channel\/UC8gVNzQqB1iwnC-_rI-ihmA\/featured\"]},{\"@type\":\"Person\",\"@id\":\"https:\/\/oriamendi.eus\/es\/#\/schema\/person\/d50c13df7440d84706fe7d03941cc92f\",\"name\":\"Endika Barrenetxea\",\"image\":{\"@type\":\"ImageObject\",\"inLanguage\":\"es\",\"@id\":\"https:\/\/oriamendi.eus\/es\/#\/schema\/person\/image\/\",\"url\":\"https:\/\/secure.gravatar.com\/avatar\/26a16205d858e579d56d8adc8addd712?s=96&d=mm&r=g\",\"contentUrl\":\"https:\/\/secure.gravatar.com\/avatar\/26a16205d858e579d56d8adc8addd712?s=96&d=mm&r=g\",\"caption\":\"Endika Barrenetxea\"},\"url\":\"https:\/\/oriamendi.eus\/es\/author\/om-kudeaketa\/\"}]}<\/script>\n<!-- \/ Yoast SEO plugin. -->","yoast_head_json":{"title":"El campeonato UTS komunikazioa Master llega con novedades | Oriamendi 2010","robots":{"index":"index","follow":"follow","max-snippet":"max-snippet:-1","max-image-preview":"max-image-preview:large","max-video-preview":"max-video-preview:-1"},"canonical":"https:\/\/oriamendi.eus\/es\/2021\/01\/20\/uts-komunikazioa-master-txapelketa-berrikuntzakin-dator-erremoontea-remonte-jai-alai-jaialai\/","og_locale":"es_ES","og_type":"article","og_title":"El campeonato UTS komunikazioa Master llega con novedades | Oriamendi 2010","og_description":"Las dos semifinales se disputar\u00e1n este domingo a las 12:00 horas y la final el 30 de enero a las 23:00 horas. El Master Individual UTS comenzar\u00e1 el domingo con dos semifinales y la novedad m\u00e1s destacada de este a\u00f1o ser\u00e1 el calendario y el horario. Las semifinales se disputar\u00e1n este domingo, 24 de enero, [&hellip;]","og_url":"https:\/\/oriamendi.eus\/es\/2021\/01\/20\/uts-komunikazioa-master-txapelketa-berrikuntzakin-dator-erremoontea-remonte-jai-alai-jaialai\/","og_site_name":"Oriamendi 2010","article_publisher":"https:\/\/www.facebook.com\/oriamendi2010remonte\/","article_published_time":"2021-01-20T13:12:37+00:00","article_modified_time":"2021-01-20T13:14:11+00:00","og_image":[{"width":1220,"height":686,"url":"https:\/\/oriamendi.eus\/wp-content\/uploads\/2021\/01\/Finalerdiak.png","type":"image\/png"}],"author":"Endika Barrenetxea","twitter_card":"summary_large_image","twitter_creator":"@oriamendi2010","twitter_site":"@oriamendi2010","twitter_misc":{"Escrito por":"Endika Barrenetxea","Tiempo de lectura":"1 minuto"},"schema":{"@context":"https:\/\/schema.org","@graph":[{"@type":"Article","@id":"https:\/\/oriamendi.eus\/es\/2021\/01\/20\/uts-komunikazioa-master-txapelketa-berrikuntzakin-dator-erremoontea-remonte-jai-alai-jaialai\/#article","isPartOf":{"@id":"https:\/\/oriamendi.eus\/es\/2021\/01\/20\/uts-komunikazioa-master-txapelketa-berrikuntzakin-dator-erremoontea-remonte-jai-alai-jaialai\/"},"author":{"name":"Endika Barrenetxea","@id":"https:\/\/oriamendi.eus\/es\/#\/schema\/person\/d50c13df7440d84706fe7d03941cc92f"},"headline":"El campeonato UTS komunikazioa Master llega con novedades","datePublished":"2021-01-20T13:12:37+00:00","dateModified":"2021-01-20T13:14:11+00:00","mainEntityOfPage":{"@id":"https:\/\/oriamendi.eus\/es\/2021\/01\/20\/uts-komunikazioa-master-txapelketa-berrikuntzakin-dator-erremoontea-remonte-jai-alai-jaialai\/"},"wordCount":215,"publisher":{"@id":"https:\/\/oriamendi.eus\/es\/#organization"},"articleSection":["Sin categorizar"],"inLanguage":"es"},{"@type":"WebPage","@id":"https:\/\/oriamendi.eus\/es\/2021\/01\/20\/uts-komunikazioa-master-txapelketa-berrikuntzakin-dator-erremoontea-remonte-jai-alai-jaialai\/","url":"https:\/\/oriamendi.eus\/es\/2021\/01\/20\/uts-komunikazioa-master-txapelketa-berrikuntzakin-dator-erremoontea-remonte-jai-alai-jaialai\/","name":"El campeonato UTS komunikazioa Master llega con novedades | Oriamendi 2010","isPartOf":{"@id":"https:\/\/oriamendi.eus\/es\/#website"},"datePublished":"2021-01-20T13:12:37+00:00","dateModified":"2021-01-20T13:14:11+00:00","breadcrumb":{"@id":"https:\/\/oriamendi.eus\/es\/2021\/01\/20\/uts-komunikazioa-master-txapelketa-berrikuntzakin-dator-erremoontea-remonte-jai-alai-jaialai\/#breadcrumb"},"inLanguage":"es","potentialAction":[{"@type":"ReadAction","target":["https:\/\/oriamendi.eus\/es\/2021\/01\/20\/uts-komunikazioa-master-txapelketa-berrikuntzakin-dator-erremoontea-remonte-jai-alai-jaialai\/"]}]},{"@type":"BreadcrumbList","@id":"https:\/\/oriamendi.eus\/es\/2021\/01\/20\/uts-komunikazioa-master-txapelketa-berrikuntzakin-dator-erremoontea-remonte-jai-alai-jaialai\/#breadcrumb","itemListElement":[{"@type":"ListItem","position":1,"name":"Portada","item":"https:\/\/oriamendi.eus\/es\/"},{"@type":"ListItem","position":2,"name":"El campeonato UTS komunikazioa Master llega con novedades"}]},{"@type":"WebSite","@id":"https:\/\/oriamendi.eus\/es\/#website","url":"https:\/\/oriamendi.eus\/es\/","name":"Oriamendi","description":"Remonte en Galarreta. Hernani. Gipuzkoa","publisher":{"@id":"https:\/\/oriamendi.eus\/es\/#organization"},"potentialAction":[{"@type":"SearchAction","target":{"@type":"EntryPoint","urlTemplate":"https:\/\/oriamendi.eus\/es\/?s={search_term_string}"},"query-input":"required name=search_term_string"}],"inLanguage":"es"},{"@type":"Organization","@id":"https:\/\/oriamendi.eus\/es\/#organization","name":"Oriamendi","url":"https:\/\/oriamendi.eus\/es\/","logo":{"@type":"ImageObject","inLanguage":"es","@id":"https:\/\/oriamendi.eus\/es\/#\/schema\/logo\/image\/","url":"https:\/\/oriamendi.eus\/wp-content\/uploads\/2020\/06\/logo-oriamendi.png","contentUrl":"https:\/\/oriamendi.eus\/wp-content\/uploads\/2020\/06\/logo-oriamendi.png","width":300,"height":90,"caption":"Oriamendi"},"image":{"@id":"https:\/\/oriamendi.eus\/es\/#\/schema\/logo\/image\/"},"sameAs":["https:\/\/www.facebook.com\/oriamendi2010remonte\/","https:\/\/twitter.com\/oriamendi2010","https:\/\/www.instagram.com\/galarretajaialai\/","https:\/\/www.youtube.com\/channel\/UC8gVNzQqB1iwnC-_rI-ihmA\/featured"]},{"@type":"Person","@id":"https:\/\/oriamendi.eus\/es\/#\/schema\/person\/d50c13df7440d84706fe7d03941cc92f","name":"Endika Barrenetxea","image":{"@type":"ImageObject","inLanguage":"es","@id":"https:\/\/oriamendi.eus\/es\/#\/schema\/person\/image\/","url":"https:\/\/secure.gravatar.com\/avatar\/26a16205d858e579d56d8adc8addd712?s=96&d=mm&r=g","contentUrl":"https:\/\/secure.gravatar.com\/avatar\/26a16205d858e579d56d8adc8addd712?s=96&d=mm&r=g","caption":"Endika Barrenetxea"},"url":"https:\/\/oriamendi.eus\/es\/author\/om-kudeaketa\/"}]}},"_links":{"self":[{"href":"https:\/\/oriamendi.eus\/es\/wp-json\/wp\/v2\/posts\/5168"}],"collection":[{"href":"https:\/\/oriamendi.eus\/es\/wp-json\/wp\/v2\/posts"}],"about":[{"href":"https:\/\/oriamendi.eus\/es\/wp-json\/wp\/v2\/types\/post"}],"author":[{"embeddable":true,"href":"https:\/\/oriamendi.eus\/es\/wp-json\/wp\/v2\/users\/3"}],"replies":[{"embeddable":true,"href":"https:\/\/oriamendi.eus\/es\/wp-json\/wp\/v2\/comments?post=5168"}],"version-history":[{"count":2,"href":"https:\/\/oriamendi.eus\/es\/wp-json\/wp\/v2\/posts\/5168\/revisions"}],"predecessor-version":[{"id":5172,"href":"https:\/\/oriamendi.eus\/es\/wp-json\/wp\/v2\/posts\/5168\/revisions\/5172"}],"wp:featuredmedia":[{"embeddable":true,"href":"https:\/\/oriamendi.eus\/es\/wp-json\/wp\/v2\/media\/5167"}],"wp:attachment":[{"href":"https:\/\/oriamendi.eus\/es\/wp-json\/wp\/v2\/media?parent=5168"}],"wp:term":[{"taxonomy":"category","embeddable":true,"href":"https:\/\/oriamendi.eus\/es\/wp-json\/wp\/v2\/categories?post=5168"},{"taxonomy":"post_tag","embeddable":true,"href":"https:\/\/oriamendi.eus\/es\/wp-json\/wp\/v2\/tags?post=5168"}],"curies":[{"name":"wp","href":"https:\/\/api.w.org\/{rel}","templated":true}]}}