                                        
                                        
                                        
                                        
                                        
                                        
                                        
                                        
                                        
                                        
                                        
                                        
                                        
                                        
                                        
                                        
                                        
                                        
{"id":4758,"date":"2020-11-19T16:42:40","date_gmt":"2020-11-19T15:42:40","guid":{"rendered":"https:\/\/oriamendi.eus\/?p=4758"},"modified":"2020-11-19T16:44:16","modified_gmt":"2020-11-19T15:44:16","slug":"galarretako-jaialdiak-oraingoz-ateak-itxita-erremontea-remonbtet-jai-alai-jaialai","status":"publish","type":"post","link":"https:\/\/oriamendi.eus\/es\/2020\/11\/19\/galarretako-jaialdiak-oraingoz-ateak-itxita-erremontea-remonbtet-jai-alai-jaialai\/","title":{"rendered":"Los festivales de Galarreta de momento ser\u00e1n a puerta cerrada"},"content":{"rendered":"\n<p>El s\u00e1bado comienza el Campeonato de Parejas en Galarreta, pero de momento el campeonato comenzar\u00e1 sin p\u00fablico a puerta cerrada. En los espect\u00e1culos deportivos de momento no puede entrar gente a ver las competiciones y en el remonte tambi\u00e9n tendr\u00e1n que empezar de esta manera el Parejas. \u00abParece que al menos hasta mediados de diciembre va a ser as\u00ed y hay que esperar a las normas del Gobierno Vasco para ver el desarrollo de la situaci\u00f3n. Los festivales ser\u00e1n a puerta cerrada hasta que se modifiquen los recortes \u00ab. Si se contin\u00faa con los recortes hasta el final del campeonato todos los festivales ser\u00e1n a puerta cerrada.<\/p>\n\n\n\n<p>\u00a0Eso s\u00ed, aunque no se pueda ver ning\u00fan partido en el front\u00f3n habr\u00e1 posibilidad de seguir el campeonato a trav\u00e9s de la televisi\u00f3n o las redes sociales. \u00abETB1 ofrecer\u00e1 en directo el festival de este s\u00e1bado. El festival comenzar\u00e1 a las 15:30 horas y se prolongar\u00e1 hasta las 17:45 \u00ab.El segundo s\u00e1bado, 28 de noviembre, y el tercero, 5 de diciembre, no habr\u00e1 televisi\u00f3n, pero el festival se emitir\u00e1 en streaming en el canal YouTube de Oriamendi. \u00abA partir de la cuarta jornada todos los partidos se emitir\u00e1n probablemente en ETB\u00bb explican los responsables de Galarreta.<\/p>\n\n\n\n<p>\u00a0El festival de la final, las semifinales y los partidos del 19 de diciembre est\u00e1n asegurados en televisi\u00f3n. \u00abAhora queremos cerrar el festival del 12 de diciembre. Los partidos comenzar\u00e1n a las 15:30 \u00ab.<\/p>\n","protected":false},"excerpt":{"rendered":"<p>El s\u00e1bado comienza el Campeonato de Parejas en Galarreta, pero de momento el campeonato comenzar\u00e1 sin p\u00fablico a puerta cerrada. En los espect\u00e1culos deportivos de momento no puede entrar gente a ver las competiciones y en el remonte tambi\u00e9n tendr\u00e1n que empezar de esta manera el Parejas. \u00abParece que al menos hasta mediados de diciembre [&hellip;]<\/p>\n","protected":false},"author":3,"featured_media":4952,"comment_status":"closed","ping_status":"open","sticky":false,"template":"","format":"standard","meta":{"_et_pb_use_builder":"off","_et_pb_old_content":"","_et_gb_content_width":"","footnotes":""},"categories":[1],"tags":[],"yoast_head":"<!-- This site is optimized with the Yoast SEO plugin v21.8 - https:\/\/yoast.com\/wordpress\/plugins\/seo\/ -->\n<title>Los festivales de Galarreta de momento ser\u00e1n a puerta cerrada | Oriamendi 2010<\/title>\n<meta name=\"robots\" content=\"index, follow, max-snippet:-1, max-image-preview:large, max-video-preview:-1\" \/>\n<link rel=\"canonical\" href=\"https:\/\/oriamendi.eus\/es\/2020\/11\/19\/galarretako-jaialdiak-oraingoz-ateak-itxita-erremontea-remonbtet-jai-alai-jaialai\/\" \/>\n<meta property=\"og:locale\" content=\"es_ES\" \/>\n<meta property=\"og:type\" content=\"article\" \/>\n<meta property=\"og:title\" content=\"Los festivales de Galarreta de momento ser\u00e1n a puerta cerrada | Oriamendi 2010\" \/>\n<meta property=\"og:description\" content=\"El s\u00e1bado comienza el Campeonato de Parejas en Galarreta, pero de momento el campeonato comenzar\u00e1 sin p\u00fablico a puerta cerrada. En los espect\u00e1culos deportivos de momento no puede entrar gente a ver las competiciones y en el remonte tambi\u00e9n tendr\u00e1n que empezar de esta manera el Parejas. \u00abParece que al menos hasta mediados de diciembre [&hellip;]\" \/>\n<meta property=\"og:url\" content=\"https:\/\/oriamendi.eus\/es\/2020\/11\/19\/galarretako-jaialdiak-oraingoz-ateak-itxita-erremontea-remonbtet-jai-alai-jaialai\/\" \/>\n<meta property=\"og:site_name\" content=\"Oriamendi 2010\" \/>\n<meta property=\"article:publisher\" content=\"https:\/\/www.facebook.com\/oriamendi2010remonte\/\" \/>\n<meta property=\"article:published_time\" content=\"2020-11-19T15:42:40+00:00\" \/>\n<meta property=\"article:modified_time\" content=\"2020-11-19T15:44:16+00:00\" \/>\n<meta property=\"og:image\" content=\"https:\/\/oriamendi.eus\/wp-content\/uploads\/2020\/11\/ZUZENEAN-scaled-1.jpg\" \/>\n\t<meta property=\"og:image:width\" content=\"1200\" \/>\n\t<meta property=\"og:image:height\" content=\"800\" \/>\n\t<meta property=\"og:image:type\" content=\"image\/jpeg\" \/>\n<meta name=\"author\" content=\"Endika Barrenetxea\" \/>\n<meta name=\"twitter:card\" content=\"summary_large_image\" \/>\n<meta name=\"twitter:creator\" content=\"@oriamendi2010\" \/>\n<meta name=\"twitter:site\" content=\"@oriamendi2010\" \/>\n<meta name=\"twitter:label1\" content=\"Escrito por\" \/>\n\t<meta name=\"twitter:data1\" content=\"Endika Barrenetxea\" \/>\n\t<meta name=\"twitter:label2\" content=\"Tiempo de lectura\" \/>\n\t<meta name=\"twitter:data2\" content=\"1 minuto\" \/>\n<script type=\"application\/ld+json\" class=\"yoast-schema-graph\">{\"@context\":\"https:\/\/schema.org\",\"@graph\":[{\"@type\":\"Article\",\"@id\":\"https:\/\/oriamendi.eus\/es\/2020\/11\/19\/galarretako-jaialdiak-oraingoz-ateak-itxita-erremontea-remonbtet-jai-alai-jaialai\/#article\",\"isPartOf\":{\"@id\":\"https:\/\/oriamendi.eus\/es\/2020\/11\/19\/galarretako-jaialdiak-oraingoz-ateak-itxita-erremontea-remonbtet-jai-alai-jaialai\/\"},\"author\":{\"name\":\"Endika Barrenetxea\",\"@id\":\"https:\/\/oriamendi.eus\/es\/#\/schema\/person\/d50c13df7440d84706fe7d03941cc92f\"},\"headline\":\"Los festivales de Galarreta de momento ser\u00e1n a puerta cerrada\",\"datePublished\":\"2020-11-19T15:42:40+00:00\",\"dateModified\":\"2020-11-19T15:44:16+00:00\",\"mainEntityOfPage\":{\"@id\":\"https:\/\/oriamendi.eus\/es\/2020\/11\/19\/galarretako-jaialdiak-oraingoz-ateak-itxita-erremontea-remonbtet-jai-alai-jaialai\/\"},\"wordCount\":259,\"publisher\":{\"@id\":\"https:\/\/oriamendi.eus\/es\/#organization\"},\"articleSection\":[\"Sin categorizar\"],\"inLanguage\":\"es\"},{\"@type\":\"WebPage\",\"@id\":\"https:\/\/oriamendi.eus\/es\/2020\/11\/19\/galarretako-jaialdiak-oraingoz-ateak-itxita-erremontea-remonbtet-jai-alai-jaialai\/\",\"url\":\"https:\/\/oriamendi.eus\/es\/2020\/11\/19\/galarretako-jaialdiak-oraingoz-ateak-itxita-erremontea-remonbtet-jai-alai-jaialai\/\",\"name\":\"Los festivales de Galarreta de momento ser\u00e1n a puerta cerrada | Oriamendi 2010\",\"isPartOf\":{\"@id\":\"https:\/\/oriamendi.eus\/es\/#website\"},\"datePublished\":\"2020-11-19T15:42:40+00:00\",\"dateModified\":\"2020-11-19T15:44:16+00:00\",\"breadcrumb\":{\"@id\":\"https:\/\/oriamendi.eus\/es\/2020\/11\/19\/galarretako-jaialdiak-oraingoz-ateak-itxita-erremontea-remonbtet-jai-alai-jaialai\/#breadcrumb\"},\"inLanguage\":\"es\",\"potentialAction\":[{\"@type\":\"ReadAction\",\"target\":[\"https:\/\/oriamendi.eus\/es\/2020\/11\/19\/galarretako-jaialdiak-oraingoz-ateak-itxita-erremontea-remonbtet-jai-alai-jaialai\/\"]}]},{\"@type\":\"BreadcrumbList\",\"@id\":\"https:\/\/oriamendi.eus\/es\/2020\/11\/19\/galarretako-jaialdiak-oraingoz-ateak-itxita-erremontea-remonbtet-jai-alai-jaialai\/#breadcrumb\",\"itemListElement\":[{\"@type\":\"ListItem\",\"position\":1,\"name\":\"Portada\",\"item\":\"https:\/\/oriamendi.eus\/es\/\"},{\"@type\":\"ListItem\",\"position\":2,\"name\":\"Los festivales de Galarreta de momento ser\u00e1n a puerta cerrada\"}]},{\"@type\":\"WebSite\",\"@id\":\"https:\/\/oriamendi.eus\/es\/#website\",\"url\":\"https:\/\/oriamendi.eus\/es\/\",\"name\":\"Oriamendi\",\"description\":\"Remonte en Galarreta. Hernani. Gipuzkoa\",\"publisher\":{\"@id\":\"https:\/\/oriamendi.eus\/es\/#organization\"},\"potentialAction\":[{\"@type\":\"SearchAction\",\"target\":{\"@type\":\"EntryPoint\",\"urlTemplate\":\"https:\/\/oriamendi.eus\/es\/?s={search_term_string}\"},\"query-input\":\"required name=search_term_string\"}],\"inLanguage\":\"es\"},{\"@type\":\"Organization\",\"@id\":\"https:\/\/oriamendi.eus\/es\/#organization\",\"name\":\"Oriamendi\",\"url\":\"https:\/\/oriamendi.eus\/es\/\",\"logo\":{\"@type\":\"ImageObject\",\"inLanguage\":\"es\",\"@id\":\"https:\/\/oriamendi.eus\/es\/#\/schema\/logo\/image\/\",\"url\":\"https:\/\/oriamendi.eus\/wp-content\/uploads\/2020\/06\/logo-oriamendi.png\",\"contentUrl\":\"https:\/\/oriamendi.eus\/wp-content\/uploads\/2020\/06\/logo-oriamendi.png\",\"width\":300,\"height\":90,\"caption\":\"Oriamendi\"},\"image\":{\"@id\":\"https:\/\/oriamendi.eus\/es\/#\/schema\/logo\/image\/\"},\"sameAs\":[\"https:\/\/www.facebook.com\/oriamendi2010remonte\/\",\"https:\/\/twitter.com\/oriamendi2010\",\"https:\/\/www.instagram.com\/galarretajaialai\/\",\"https:\/\/www.youtube.com\/channel\/UC8gVNzQqB1iwnC-_rI-ihmA\/featured\"]},{\"@type\":\"Person\",\"@id\":\"https:\/\/oriamendi.eus\/es\/#\/schema\/person\/d50c13df7440d84706fe7d03941cc92f\",\"name\":\"Endika Barrenetxea\",\"image\":{\"@type\":\"ImageObject\",\"inLanguage\":\"es\",\"@id\":\"https:\/\/oriamendi.eus\/es\/#\/schema\/person\/image\/\",\"url\":\"https:\/\/secure.gravatar.com\/avatar\/26a16205d858e579d56d8adc8addd712?s=96&d=mm&r=g\",\"contentUrl\":\"https:\/\/secure.gravatar.com\/avatar\/26a16205d858e579d56d8adc8addd712?s=96&d=mm&r=g\",\"caption\":\"Endika Barrenetxea\"},\"url\":\"https:\/\/oriamendi.eus\/es\/author\/om-kudeaketa\/\"}]}<\/script>\n<!-- \/ Yoast SEO plugin. -->","yoast_head_json":{"title":"Los festivales de Galarreta de momento ser\u00e1n a puerta cerrada | Oriamendi 2010","robots":{"index":"index","follow":"follow","max-snippet":"max-snippet:-1","max-image-preview":"max-image-preview:large","max-video-preview":"max-video-preview:-1"},"canonical":"https:\/\/oriamendi.eus\/es\/2020\/11\/19\/galarretako-jaialdiak-oraingoz-ateak-itxita-erremontea-remonbtet-jai-alai-jaialai\/","og_locale":"es_ES","og_type":"article","og_title":"Los festivales de Galarreta de momento ser\u00e1n a puerta cerrada | Oriamendi 2010","og_description":"El s\u00e1bado comienza el Campeonato de Parejas en Galarreta, pero de momento el campeonato comenzar\u00e1 sin p\u00fablico a puerta cerrada. En los espect\u00e1culos deportivos de momento no puede entrar gente a ver las competiciones y en el remonte tambi\u00e9n tendr\u00e1n que empezar de esta manera el Parejas. \u00abParece que al menos hasta mediados de diciembre [&hellip;]","og_url":"https:\/\/oriamendi.eus\/es\/2020\/11\/19\/galarretako-jaialdiak-oraingoz-ateak-itxita-erremontea-remonbtet-jai-alai-jaialai\/","og_site_name":"Oriamendi 2010","article_publisher":"https:\/\/www.facebook.com\/oriamendi2010remonte\/","article_published_time":"2020-11-19T15:42:40+00:00","article_modified_time":"2020-11-19T15:44:16+00:00","og_image":[{"width":1200,"height":800,"url":"https:\/\/oriamendi.eus\/wp-content\/uploads\/2020\/11\/ZUZENEAN-scaled-1.jpg","type":"image\/jpeg"}],"author":"Endika Barrenetxea","twitter_card":"summary_large_image","twitter_creator":"@oriamendi2010","twitter_site":"@oriamendi2010","twitter_misc":{"Escrito por":"Endika Barrenetxea","Tiempo de lectura":"1 minuto"},"schema":{"@context":"https:\/\/schema.org","@graph":[{"@type":"Article","@id":"https:\/\/oriamendi.eus\/es\/2020\/11\/19\/galarretako-jaialdiak-oraingoz-ateak-itxita-erremontea-remonbtet-jai-alai-jaialai\/#article","isPartOf":{"@id":"https:\/\/oriamendi.eus\/es\/2020\/11\/19\/galarretako-jaialdiak-oraingoz-ateak-itxita-erremontea-remonbtet-jai-alai-jaialai\/"},"author":{"name":"Endika Barrenetxea","@id":"https:\/\/oriamendi.eus\/es\/#\/schema\/person\/d50c13df7440d84706fe7d03941cc92f"},"headline":"Los festivales de Galarreta de momento ser\u00e1n a puerta cerrada","datePublished":"2020-11-19T15:42:40+00:00","dateModified":"2020-11-19T15:44:16+00:00","mainEntityOfPage":{"@id":"https:\/\/oriamendi.eus\/es\/2020\/11\/19\/galarretako-jaialdiak-oraingoz-ateak-itxita-erremontea-remonbtet-jai-alai-jaialai\/"},"wordCount":259,"publisher":{"@id":"https:\/\/oriamendi.eus\/es\/#organization"},"articleSection":["Sin categorizar"],"inLanguage":"es"},{"@type":"WebPage","@id":"https:\/\/oriamendi.eus\/es\/2020\/11\/19\/galarretako-jaialdiak-oraingoz-ateak-itxita-erremontea-remonbtet-jai-alai-jaialai\/","url":"https:\/\/oriamendi.eus\/es\/2020\/11\/19\/galarretako-jaialdiak-oraingoz-ateak-itxita-erremontea-remonbtet-jai-alai-jaialai\/","name":"Los festivales de Galarreta de momento ser\u00e1n a puerta cerrada | Oriamendi 2010","isPartOf":{"@id":"https:\/\/oriamendi.eus\/es\/#website"},"datePublished":"2020-11-19T15:42:40+00:00","dateModified":"2020-11-19T15:44:16+00:00","breadcrumb":{"@id":"https:\/\/oriamendi.eus\/es\/2020\/11\/19\/galarretako-jaialdiak-oraingoz-ateak-itxita-erremontea-remonbtet-jai-alai-jaialai\/#breadcrumb"},"inLanguage":"es","potentialAction":[{"@type":"ReadAction","target":["https:\/\/oriamendi.eus\/es\/2020\/11\/19\/galarretako-jaialdiak-oraingoz-ateak-itxita-erremontea-remonbtet-jai-alai-jaialai\/"]}]},{"@type":"BreadcrumbList","@id":"https:\/\/oriamendi.eus\/es\/2020\/11\/19\/galarretako-jaialdiak-oraingoz-ateak-itxita-erremontea-remonbtet-jai-alai-jaialai\/#breadcrumb","itemListElement":[{"@type":"ListItem","position":1,"name":"Portada","item":"https:\/\/oriamendi.eus\/es\/"},{"@type":"ListItem","position":2,"name":"Los festivales de Galarreta de momento ser\u00e1n a puerta cerrada"}]},{"@type":"WebSite","@id":"https:\/\/oriamendi.eus\/es\/#website","url":"https:\/\/oriamendi.eus\/es\/","name":"Oriamendi","description":"Remonte en Galarreta. Hernani. Gipuzkoa","publisher":{"@id":"https:\/\/oriamendi.eus\/es\/#organization"},"potentialAction":[{"@type":"SearchAction","target":{"@type":"EntryPoint","urlTemplate":"https:\/\/oriamendi.eus\/es\/?s={search_term_string}"},"query-input":"required name=search_term_string"}],"inLanguage":"es"},{"@type":"Organization","@id":"https:\/\/oriamendi.eus\/es\/#organization","name":"Oriamendi","url":"https:\/\/oriamendi.eus\/es\/","logo":{"@type":"ImageObject","inLanguage":"es","@id":"https:\/\/oriamendi.eus\/es\/#\/schema\/logo\/image\/","url":"https:\/\/oriamendi.eus\/wp-content\/uploads\/2020\/06\/logo-oriamendi.png","contentUrl":"https:\/\/oriamendi.eus\/wp-content\/uploads\/2020\/06\/logo-oriamendi.png","width":300,"height":90,"caption":"Oriamendi"},"image":{"@id":"https:\/\/oriamendi.eus\/es\/#\/schema\/logo\/image\/"},"sameAs":["https:\/\/www.facebook.com\/oriamendi2010remonte\/","https:\/\/twitter.com\/oriamendi2010","https:\/\/www.instagram.com\/galarretajaialai\/","https:\/\/www.youtube.com\/channel\/UC8gVNzQqB1iwnC-_rI-ihmA\/featured"]},{"@type":"Person","@id":"https:\/\/oriamendi.eus\/es\/#\/schema\/person\/d50c13df7440d84706fe7d03941cc92f","name":"Endika Barrenetxea","image":{"@type":"ImageObject","inLanguage":"es","@id":"https:\/\/oriamendi.eus\/es\/#\/schema\/person\/image\/","url":"https:\/\/secure.gravatar.com\/avatar\/26a16205d858e579d56d8adc8addd712?s=96&d=mm&r=g","contentUrl":"https:\/\/secure.gravatar.com\/avatar\/26a16205d858e579d56d8adc8addd712?s=96&d=mm&r=g","caption":"Endika Barrenetxea"},"url":"https:\/\/oriamendi.eus\/es\/author\/om-kudeaketa\/"}]}},"_links":{"self":[{"href":"https:\/\/oriamendi.eus\/es\/wp-json\/wp\/v2\/posts\/4758"}],"collection":[{"href":"https:\/\/oriamendi.eus\/es\/wp-json\/wp\/v2\/posts"}],"about":[{"href":"https:\/\/oriamendi.eus\/es\/wp-json\/wp\/v2\/types\/post"}],"author":[{"embeddable":true,"href":"https:\/\/oriamendi.eus\/es\/wp-json\/wp\/v2\/users\/3"}],"replies":[{"embeddable":true,"href":"https:\/\/oriamendi.eus\/es\/wp-json\/wp\/v2\/comments?post=4758"}],"version-history":[{"count":2,"href":"https:\/\/oriamendi.eus\/es\/wp-json\/wp\/v2\/posts\/4758\/revisions"}],"predecessor-version":[{"id":4760,"href":"https:\/\/oriamendi.eus\/es\/wp-json\/wp\/v2\/posts\/4758\/revisions\/4760"}],"wp:featuredmedia":[{"embeddable":true,"href":"https:\/\/oriamendi.eus\/es\/wp-json\/wp\/v2\/media\/4952"}],"wp:attachment":[{"href":"https:\/\/oriamendi.eus\/es\/wp-json\/wp\/v2\/media?parent=4758"}],"wp:term":[{"taxonomy":"category","embeddable":true,"href":"https:\/\/oriamendi.eus\/es\/wp-json\/wp\/v2\/categories?post=4758"},{"taxonomy":"post_tag","embeddable":true,"href":"https:\/\/oriamendi.eus\/es\/wp-json\/wp\/v2\/tags?post=4758"}],"curies":[{"name":"wp","href":"https:\/\/api.w.org\/{rel}","templated":true}]}}