                                        
                                        
                                        
                                        
                                        
                                        
                                        
                                        
                                        
                                        
                                        
                                        
                                        
                                        
                                        
                                        
                                        
                                        
{"id":4724,"date":"2020-10-23T13:58:54","date_gmt":"2020-10-23T11:58:54","guid":{"rendered":"https:\/\/oriamendi.eus\/?p=4724"},"modified":"2020-10-23T14:00:56","modified_gmt":"2020-10-23T12:00:56","slug":"bertan-behera-geratu-da-bihar-gaueko-jaialdia-erremontea-remonte-jai-alai-jaialai-covid-10","status":"publish","type":"post","link":"https:\/\/oriamendi.eus\/es\/2020\/10\/23\/bertan-behera-geratu-da-bihar-gaueko-jaialdia-erremontea-remonte-jai-alai-jaialai-covid-10\/","title":{"rendered":"Suspendido el festival nocturno de ma\u00f1ana"},"content":{"rendered":"\n<p><br>Oriamendi acaba de decidir suspender el festival nocturno que ten\u00eda preparado para ma\u00f1ana. Siguiendo las recomendaciones del Gobierno Vasco, Hernani est\u00e1 en zona roja, la empresa que gestiona Galarreta cree que lo ideal es no jugar. No estaba obligado a tomar esa decisi\u00f3n, pero se considera que hay que actuar con responsabilidad y seguir\u00e1 la recomendaci\u00f3n del Gobierno.Vasco.<\/p>\n\n\n\n<p><\/p>\n","protected":false},"excerpt":{"rendered":"<p>Oriamendi acaba de decidir suspender el festival nocturno que ten\u00eda preparado para ma\u00f1ana. Siguiendo las recomendaciones del Gobierno Vasco, Hernani est\u00e1 en zona roja, la empresa que gestiona Galarreta cree que lo ideal es no jugar. No estaba obligado a tomar esa decisi\u00f3n, pero se considera que hay que actuar con responsabilidad y seguir\u00e1 la [&hellip;]<\/p>\n","protected":false},"author":3,"featured_media":4723,"comment_status":"closed","ping_status":"open","sticky":false,"template":"","format":"standard","meta":{"_et_pb_use_builder":"off","_et_pb_old_content":"","_et_gb_content_width":"","footnotes":""},"categories":[1],"tags":[],"yoast_head":"<!-- This site is optimized with the Yoast SEO plugin v21.8 - https:\/\/yoast.com\/wordpress\/plugins\/seo\/ -->\n<title>Suspendido el festival nocturno de ma\u00f1ana | Oriamendi 2010<\/title>\n<meta name=\"robots\" content=\"index, follow, max-snippet:-1, max-image-preview:large, max-video-preview:-1\" \/>\n<link rel=\"canonical\" href=\"https:\/\/oriamendi.eus\/es\/2020\/10\/23\/bertan-behera-geratu-da-bihar-gaueko-jaialdia-erremontea-remonte-jai-alai-jaialai-covid-10\/\" \/>\n<meta property=\"og:locale\" content=\"es_ES\" \/>\n<meta property=\"og:type\" content=\"article\" \/>\n<meta property=\"og:title\" content=\"Suspendido el festival nocturno de ma\u00f1ana | Oriamendi 2010\" \/>\n<meta property=\"og:description\" content=\"Oriamendi acaba de decidir suspender el festival nocturno que ten\u00eda preparado para ma\u00f1ana. Siguiendo las recomendaciones del Gobierno Vasco, Hernani est\u00e1 en zona roja, la empresa que gestiona Galarreta cree que lo ideal es no jugar. No estaba obligado a tomar esa decisi\u00f3n, pero se considera que hay que actuar con responsabilidad y seguir\u00e1 la [&hellip;]\" \/>\n<meta property=\"og:url\" content=\"https:\/\/oriamendi.eus\/es\/2020\/10\/23\/bertan-behera-geratu-da-bihar-gaueko-jaialdia-erremontea-remonte-jai-alai-jaialai-covid-10\/\" \/>\n<meta property=\"og:site_name\" content=\"Oriamendi 2010\" \/>\n<meta property=\"article:publisher\" content=\"https:\/\/www.facebook.com\/oriamendi2010remonte\/\" \/>\n<meta property=\"article:published_time\" content=\"2020-10-23T11:58:54+00:00\" \/>\n<meta property=\"article:modified_time\" content=\"2020-10-23T12:00:56+00:00\" \/>\n<meta property=\"og:image\" content=\"https:\/\/oriamendi.eus\/wp-content\/uploads\/2020\/10\/orain-bertan-behera-baja-scaled.jpg\" \/>\n\t<meta property=\"og:image:width\" content=\"2560\" \/>\n\t<meta property=\"og:image:height\" content=\"1580\" \/>\n\t<meta property=\"og:image:type\" content=\"image\/jpeg\" \/>\n<meta name=\"author\" content=\"Endika Barrenetxea\" \/>\n<meta name=\"twitter:card\" content=\"summary_large_image\" \/>\n<meta name=\"twitter:creator\" content=\"@oriamendi2010\" \/>\n<meta name=\"twitter:site\" content=\"@oriamendi2010\" \/>\n<meta name=\"twitter:label1\" content=\"Escrito por\" \/>\n\t<meta name=\"twitter:data1\" content=\"Endika Barrenetxea\" \/>\n<script type=\"application\/ld+json\" class=\"yoast-schema-graph\">{\"@context\":\"https:\/\/schema.org\",\"@graph\":[{\"@type\":\"Article\",\"@id\":\"https:\/\/oriamendi.eus\/es\/2020\/10\/23\/bertan-behera-geratu-da-bihar-gaueko-jaialdia-erremontea-remonte-jai-alai-jaialai-covid-10\/#article\",\"isPartOf\":{\"@id\":\"https:\/\/oriamendi.eus\/es\/2020\/10\/23\/bertan-behera-geratu-da-bihar-gaueko-jaialdia-erremontea-remonte-jai-alai-jaialai-covid-10\/\"},\"author\":{\"name\":\"Endika Barrenetxea\",\"@id\":\"https:\/\/oriamendi.eus\/es\/#\/schema\/person\/d50c13df7440d84706fe7d03941cc92f\"},\"headline\":\"Suspendido el festival nocturno de ma\u00f1ana\",\"datePublished\":\"2020-10-23T11:58:54+00:00\",\"dateModified\":\"2020-10-23T12:00:56+00:00\",\"mainEntityOfPage\":{\"@id\":\"https:\/\/oriamendi.eus\/es\/2020\/10\/23\/bertan-behera-geratu-da-bihar-gaueko-jaialdia-erremontea-remonte-jai-alai-jaialai-covid-10\/\"},\"wordCount\":70,\"publisher\":{\"@id\":\"https:\/\/oriamendi.eus\/es\/#organization\"},\"articleSection\":[\"Sin categorizar\"],\"inLanguage\":\"es\"},{\"@type\":\"WebPage\",\"@id\":\"https:\/\/oriamendi.eus\/es\/2020\/10\/23\/bertan-behera-geratu-da-bihar-gaueko-jaialdia-erremontea-remonte-jai-alai-jaialai-covid-10\/\",\"url\":\"https:\/\/oriamendi.eus\/es\/2020\/10\/23\/bertan-behera-geratu-da-bihar-gaueko-jaialdia-erremontea-remonte-jai-alai-jaialai-covid-10\/\",\"name\":\"Suspendido el festival nocturno de ma\u00f1ana | Oriamendi 2010\",\"isPartOf\":{\"@id\":\"https:\/\/oriamendi.eus\/es\/#website\"},\"datePublished\":\"2020-10-23T11:58:54+00:00\",\"dateModified\":\"2020-10-23T12:00:56+00:00\",\"breadcrumb\":{\"@id\":\"https:\/\/oriamendi.eus\/es\/2020\/10\/23\/bertan-behera-geratu-da-bihar-gaueko-jaialdia-erremontea-remonte-jai-alai-jaialai-covid-10\/#breadcrumb\"},\"inLanguage\":\"es\",\"potentialAction\":[{\"@type\":\"ReadAction\",\"target\":[\"https:\/\/oriamendi.eus\/es\/2020\/10\/23\/bertan-behera-geratu-da-bihar-gaueko-jaialdia-erremontea-remonte-jai-alai-jaialai-covid-10\/\"]}]},{\"@type\":\"BreadcrumbList\",\"@id\":\"https:\/\/oriamendi.eus\/es\/2020\/10\/23\/bertan-behera-geratu-da-bihar-gaueko-jaialdia-erremontea-remonte-jai-alai-jaialai-covid-10\/#breadcrumb\",\"itemListElement\":[{\"@type\":\"ListItem\",\"position\":1,\"name\":\"Portada\",\"item\":\"https:\/\/oriamendi.eus\/es\/\"},{\"@type\":\"ListItem\",\"position\":2,\"name\":\"Suspendido el festival nocturno de ma\u00f1ana\"}]},{\"@type\":\"WebSite\",\"@id\":\"https:\/\/oriamendi.eus\/es\/#website\",\"url\":\"https:\/\/oriamendi.eus\/es\/\",\"name\":\"Oriamendi\",\"description\":\"Remonte en Galarreta. Hernani. Gipuzkoa\",\"publisher\":{\"@id\":\"https:\/\/oriamendi.eus\/es\/#organization\"},\"potentialAction\":[{\"@type\":\"SearchAction\",\"target\":{\"@type\":\"EntryPoint\",\"urlTemplate\":\"https:\/\/oriamendi.eus\/es\/?s={search_term_string}\"},\"query-input\":\"required name=search_term_string\"}],\"inLanguage\":\"es\"},{\"@type\":\"Organization\",\"@id\":\"https:\/\/oriamendi.eus\/es\/#organization\",\"name\":\"Oriamendi\",\"url\":\"https:\/\/oriamendi.eus\/es\/\",\"logo\":{\"@type\":\"ImageObject\",\"inLanguage\":\"es\",\"@id\":\"https:\/\/oriamendi.eus\/es\/#\/schema\/logo\/image\/\",\"url\":\"https:\/\/oriamendi.eus\/wp-content\/uploads\/2020\/06\/logo-oriamendi.png\",\"contentUrl\":\"https:\/\/oriamendi.eus\/wp-content\/uploads\/2020\/06\/logo-oriamendi.png\",\"width\":300,\"height\":90,\"caption\":\"Oriamendi\"},\"image\":{\"@id\":\"https:\/\/oriamendi.eus\/es\/#\/schema\/logo\/image\/\"},\"sameAs\":[\"https:\/\/www.facebook.com\/oriamendi2010remonte\/\",\"https:\/\/twitter.com\/oriamendi2010\",\"https:\/\/www.instagram.com\/galarretajaialai\/\",\"https:\/\/www.youtube.com\/channel\/UC8gVNzQqB1iwnC-_rI-ihmA\/featured\"]},{\"@type\":\"Person\",\"@id\":\"https:\/\/oriamendi.eus\/es\/#\/schema\/person\/d50c13df7440d84706fe7d03941cc92f\",\"name\":\"Endika Barrenetxea\",\"image\":{\"@type\":\"ImageObject\",\"inLanguage\":\"es\",\"@id\":\"https:\/\/oriamendi.eus\/es\/#\/schema\/person\/image\/\",\"url\":\"https:\/\/secure.gravatar.com\/avatar\/26a16205d858e579d56d8adc8addd712?s=96&d=mm&r=g\",\"contentUrl\":\"https:\/\/secure.gravatar.com\/avatar\/26a16205d858e579d56d8adc8addd712?s=96&d=mm&r=g\",\"caption\":\"Endika Barrenetxea\"},\"url\":\"https:\/\/oriamendi.eus\/es\/author\/om-kudeaketa\/\"}]}<\/script>\n<!-- \/ Yoast SEO plugin. -->","yoast_head_json":{"title":"Suspendido el festival nocturno de ma\u00f1ana | Oriamendi 2010","robots":{"index":"index","follow":"follow","max-snippet":"max-snippet:-1","max-image-preview":"max-image-preview:large","max-video-preview":"max-video-preview:-1"},"canonical":"https:\/\/oriamendi.eus\/es\/2020\/10\/23\/bertan-behera-geratu-da-bihar-gaueko-jaialdia-erremontea-remonte-jai-alai-jaialai-covid-10\/","og_locale":"es_ES","og_type":"article","og_title":"Suspendido el festival nocturno de ma\u00f1ana | Oriamendi 2010","og_description":"Oriamendi acaba de decidir suspender el festival nocturno que ten\u00eda preparado para ma\u00f1ana. Siguiendo las recomendaciones del Gobierno Vasco, Hernani est\u00e1 en zona roja, la empresa que gestiona Galarreta cree que lo ideal es no jugar. No estaba obligado a tomar esa decisi\u00f3n, pero se considera que hay que actuar con responsabilidad y seguir\u00e1 la [&hellip;]","og_url":"https:\/\/oriamendi.eus\/es\/2020\/10\/23\/bertan-behera-geratu-da-bihar-gaueko-jaialdia-erremontea-remonte-jai-alai-jaialai-covid-10\/","og_site_name":"Oriamendi 2010","article_publisher":"https:\/\/www.facebook.com\/oriamendi2010remonte\/","article_published_time":"2020-10-23T11:58:54+00:00","article_modified_time":"2020-10-23T12:00:56+00:00","og_image":[{"width":2560,"height":1580,"url":"https:\/\/oriamendi.eus\/wp-content\/uploads\/2020\/10\/orain-bertan-behera-baja-scaled.jpg","type":"image\/jpeg"}],"author":"Endika Barrenetxea","twitter_card":"summary_large_image","twitter_creator":"@oriamendi2010","twitter_site":"@oriamendi2010","twitter_misc":{"Escrito por":"Endika Barrenetxea"},"schema":{"@context":"https:\/\/schema.org","@graph":[{"@type":"Article","@id":"https:\/\/oriamendi.eus\/es\/2020\/10\/23\/bertan-behera-geratu-da-bihar-gaueko-jaialdia-erremontea-remonte-jai-alai-jaialai-covid-10\/#article","isPartOf":{"@id":"https:\/\/oriamendi.eus\/es\/2020\/10\/23\/bertan-behera-geratu-da-bihar-gaueko-jaialdia-erremontea-remonte-jai-alai-jaialai-covid-10\/"},"author":{"name":"Endika Barrenetxea","@id":"https:\/\/oriamendi.eus\/es\/#\/schema\/person\/d50c13df7440d84706fe7d03941cc92f"},"headline":"Suspendido el festival nocturno de ma\u00f1ana","datePublished":"2020-10-23T11:58:54+00:00","dateModified":"2020-10-23T12:00:56+00:00","mainEntityOfPage":{"@id":"https:\/\/oriamendi.eus\/es\/2020\/10\/23\/bertan-behera-geratu-da-bihar-gaueko-jaialdia-erremontea-remonte-jai-alai-jaialai-covid-10\/"},"wordCount":70,"publisher":{"@id":"https:\/\/oriamendi.eus\/es\/#organization"},"articleSection":["Sin categorizar"],"inLanguage":"es"},{"@type":"WebPage","@id":"https:\/\/oriamendi.eus\/es\/2020\/10\/23\/bertan-behera-geratu-da-bihar-gaueko-jaialdia-erremontea-remonte-jai-alai-jaialai-covid-10\/","url":"https:\/\/oriamendi.eus\/es\/2020\/10\/23\/bertan-behera-geratu-da-bihar-gaueko-jaialdia-erremontea-remonte-jai-alai-jaialai-covid-10\/","name":"Suspendido el festival nocturno de ma\u00f1ana | Oriamendi 2010","isPartOf":{"@id":"https:\/\/oriamendi.eus\/es\/#website"},"datePublished":"2020-10-23T11:58:54+00:00","dateModified":"2020-10-23T12:00:56+00:00","breadcrumb":{"@id":"https:\/\/oriamendi.eus\/es\/2020\/10\/23\/bertan-behera-geratu-da-bihar-gaueko-jaialdia-erremontea-remonte-jai-alai-jaialai-covid-10\/#breadcrumb"},"inLanguage":"es","potentialAction":[{"@type":"ReadAction","target":["https:\/\/oriamendi.eus\/es\/2020\/10\/23\/bertan-behera-geratu-da-bihar-gaueko-jaialdia-erremontea-remonte-jai-alai-jaialai-covid-10\/"]}]},{"@type":"BreadcrumbList","@id":"https:\/\/oriamendi.eus\/es\/2020\/10\/23\/bertan-behera-geratu-da-bihar-gaueko-jaialdia-erremontea-remonte-jai-alai-jaialai-covid-10\/#breadcrumb","itemListElement":[{"@type":"ListItem","position":1,"name":"Portada","item":"https:\/\/oriamendi.eus\/es\/"},{"@type":"ListItem","position":2,"name":"Suspendido el festival nocturno de ma\u00f1ana"}]},{"@type":"WebSite","@id":"https:\/\/oriamendi.eus\/es\/#website","url":"https:\/\/oriamendi.eus\/es\/","name":"Oriamendi","description":"Remonte en Galarreta. Hernani. Gipuzkoa","publisher":{"@id":"https:\/\/oriamendi.eus\/es\/#organization"},"potentialAction":[{"@type":"SearchAction","target":{"@type":"EntryPoint","urlTemplate":"https:\/\/oriamendi.eus\/es\/?s={search_term_string}"},"query-input":"required name=search_term_string"}],"inLanguage":"es"},{"@type":"Organization","@id":"https:\/\/oriamendi.eus\/es\/#organization","name":"Oriamendi","url":"https:\/\/oriamendi.eus\/es\/","logo":{"@type":"ImageObject","inLanguage":"es","@id":"https:\/\/oriamendi.eus\/es\/#\/schema\/logo\/image\/","url":"https:\/\/oriamendi.eus\/wp-content\/uploads\/2020\/06\/logo-oriamendi.png","contentUrl":"https:\/\/oriamendi.eus\/wp-content\/uploads\/2020\/06\/logo-oriamendi.png","width":300,"height":90,"caption":"Oriamendi"},"image":{"@id":"https:\/\/oriamendi.eus\/es\/#\/schema\/logo\/image\/"},"sameAs":["https:\/\/www.facebook.com\/oriamendi2010remonte\/","https:\/\/twitter.com\/oriamendi2010","https:\/\/www.instagram.com\/galarretajaialai\/","https:\/\/www.youtube.com\/channel\/UC8gVNzQqB1iwnC-_rI-ihmA\/featured"]},{"@type":"Person","@id":"https:\/\/oriamendi.eus\/es\/#\/schema\/person\/d50c13df7440d84706fe7d03941cc92f","name":"Endika Barrenetxea","image":{"@type":"ImageObject","inLanguage":"es","@id":"https:\/\/oriamendi.eus\/es\/#\/schema\/person\/image\/","url":"https:\/\/secure.gravatar.com\/avatar\/26a16205d858e579d56d8adc8addd712?s=96&d=mm&r=g","contentUrl":"https:\/\/secure.gravatar.com\/avatar\/26a16205d858e579d56d8adc8addd712?s=96&d=mm&r=g","caption":"Endika Barrenetxea"},"url":"https:\/\/oriamendi.eus\/es\/author\/om-kudeaketa\/"}]}},"_links":{"self":[{"href":"https:\/\/oriamendi.eus\/es\/wp-json\/wp\/v2\/posts\/4724"}],"collection":[{"href":"https:\/\/oriamendi.eus\/es\/wp-json\/wp\/v2\/posts"}],"about":[{"href":"https:\/\/oriamendi.eus\/es\/wp-json\/wp\/v2\/types\/post"}],"author":[{"embeddable":true,"href":"https:\/\/oriamendi.eus\/es\/wp-json\/wp\/v2\/users\/3"}],"replies":[{"embeddable":true,"href":"https:\/\/oriamendi.eus\/es\/wp-json\/wp\/v2\/comments?post=4724"}],"version-history":[{"count":2,"href":"https:\/\/oriamendi.eus\/es\/wp-json\/wp\/v2\/posts\/4724\/revisions"}],"predecessor-version":[{"id":4726,"href":"https:\/\/oriamendi.eus\/es\/wp-json\/wp\/v2\/posts\/4724\/revisions\/4726"}],"wp:featuredmedia":[{"embeddable":true,"href":"https:\/\/oriamendi.eus\/es\/wp-json\/wp\/v2\/media\/4723"}],"wp:attachment":[{"href":"https:\/\/oriamendi.eus\/es\/wp-json\/wp\/v2\/media?parent=4724"}],"wp:term":[{"taxonomy":"category","embeddable":true,"href":"https:\/\/oriamendi.eus\/es\/wp-json\/wp\/v2\/categories?post=4724"},{"taxonomy":"post_tag","embeddable":true,"href":"https:\/\/oriamendi.eus\/es\/wp-json\/wp\/v2\/tags?post=4724"}],"curies":[{"name":"wp","href":"https:\/\/api.w.org\/{rel}","templated":true}]}}