                                        
                                        
                                        
                                        
                                        
                                        
                                        
                                        
                                        
                                        
                                        
                                        
                                        
                                        
                                        
                                        
                                        
                                        
{"id":4709,"date":"2020-09-26T19:22:48","date_gmt":"2020-09-26T17:22:48","guid":{"rendered":"https:\/\/oriamendi.eus\/?p=4709"},"modified":"2020-09-27T19:53:43","modified_gmt":"2020-09-27T17:53:43","slug":"urriza-sufre-para-ganar-su-septima-txapela-erremontea-remonte-jai-alai-jaialai","status":"publish","type":"post","link":"https:\/\/oriamendi.eus\/es\/2020\/09\/26\/urriza-sufre-para-ganar-su-septima-txapela-erremontea-remonte-jai-alai-jaialai\/","title":{"rendered":"Urriza sufre para ganar su s\u00e9ptima txapela"},"content":{"rendered":"\n<p>Javier Urriza se cal\u00f3 su s\u00e9ptima txapela de campe\u00f3n del individual de remonte tras ganar 30-27 a Endika en la final del Torneo Kutxabank. El de Pamplona sufri\u00f3 much\u00edsimo para ganar a un Endika Urrutia muy valiente y que ofreci\u00f3 mucha resistencia. El de Saldias arriesg\u00f3, hizo los tantos m\u00e1s espectaculares e incluso fue gran parte de la final por delante, pero Urriza supo sufrir, defendi\u00f3, sud\u00f3, remont\u00f3 malos momentos y supo cerrar una final espectacular a pesar de que tambi\u00e9n cont\u00f3 con errores. Fue una final emocionant\u00edsima y que tuvo de todo y los aficionados lo agradecieron.&nbsp;El campe\u00f3n comenz\u00f3 fr\u00edo y con un par de tantos de jugada, un buen saque y dos tacos llevaron el 0-5 al marcador. El partido iba r\u00e1pido, sin apenas peloteo y as\u00ed transcurri\u00f3 hasta el 4-9. Ah\u00ed se calent\u00f3 el colorado con un buen peloteo y del 4-9 se pas\u00f3 al primer empate en el once iguales. Comenzaba un nuevo partido, aunque Endika segu\u00eda serio y arriesgando.&nbsp;Urriza no lograba despegarse y no cog\u00eda m\u00e1s de un tanto de ventaja. Hubo empates a 11, 12, 13, 14, 15, 16, 18, 19, 20 y 21. No cab\u00eda m\u00e1s emoci\u00f3n a pesar de que Urriza comet\u00eda m\u00e1s faltas de saque de lo habitual, hasta cinco a lo largo de todo el partido.&nbsp;El 16-18 cay\u00f3 del lado de Endika tras ser el tanto m\u00e1s duro hasta ese momento. Con buenas carreras, defensas y un pelotazo final a la chapa de arriba de Urriza.&nbsp;En el 20 iguales se repiti\u00f3 de nuevo un tanto largo y peloteado. Esta vez el que tuvo que defender pelotas imposibles fue Urriza. llev\u00f3 un rebote imposible y en la recuperaci\u00f3n fue capaz de termina el tanto. Se puso 21-20 por delante y a pesar de que el siguiente cay\u00f3 del lado de Endika (21-21) el cansancio hizo mella en el zaguero de Saldias.&nbsp;Los siguientes cinco tantos cayeron del lado colorado, cuando mejor sac\u00f3, para marcharse 26-21. Eso s\u00ed, Endika no hab\u00eda llegado a su primera final para regalar nada y estaba dispuesto a ponerle las cosas imposibles a Urriza y casi lo consigui\u00f3. Volvi\u00f3 a coger el mando en el peloteo, tres saques excepcionales y un fallo de Urriza devolvieron el empate al marcador, 27 iguales, el und\u00e9cimo de la final. Comenzaba una nueva final, esta vez a tres tantos.Y los tres tantos cayeron del lado de Urriza, ah\u00ed la experiencia y saber estar le ayudaron. No se puso nervioso y rest\u00f3 bien un mal saque de Endika para ponerse 28-27 por delante. El 29-27 subi\u00f3 con una gran defensa y el 30-27 tras un resto de Endika que se qued\u00f3 corto y lleg\u00f3 el de Pamplona para terminar el partido. Estar fino en los momentos clave y no acertar al 100% en el caso de Endika dieron la txapela a un Urriza que sufri\u00f3 m\u00e1s de lo esperado.&nbsp;El saque no fue decisivo en la victoria. Urriza hizo m\u00e1s tantos ocho por cinco, pero tambi\u00e9n cometi\u00f3 m\u00e1s faltas cinco por uno. En el pelote hubo una ligera ventaja en tantos hecho para Urriza que decantaron el partido.&nbsp;<br><strong>Marcador:<\/strong>&nbsp; 0-5, 2-5, 2-6, 3-6, 3-7, 4-7, 4-9, 6-9, 6-11, 11-11, 11-12, 12-12, 13-12, 13-13, 14-13, 14-14, 14-15, 15-15, 16-15, 16-16, 16-18, 19-18, 19-19, 20-19, 20-20, 21-20, 21-21, 26-21, 26-23, 27-23, 27-27 y 30-27&nbsp;&nbsp;<br><strong>\u00abHe sabido sufrir, pelear y sobreponerme al mal inicio\u00bb<\/strong>Urriza reconoci\u00f3 al final del partido que no tuvo su mejor d\u00eda. \u00abHe sufrido mucho, he estado inc\u00f3modo, como amedrentado de la tensi\u00f3n, no golpeaba en su sitio, pero a base de pelear he llegado al 30. No me quitaba la tensi\u00f3n, no me lo explico, pero hay que pelear y ahora sabe a gloria esta txapela. Estoy feliz de lograr otra txapela\u00bb Reconoci\u00f3 el trabajo de Endika. \u00abMe ha hecho correr much\u00edsimo, tiene una impresionantes cualidades\u00bb Sobre su futuro asegur\u00f3 que \u00abahora hay que saborear la txapela, ya veremos el futuro\u00bb..&nbsp;<strong>\u00abIkusi dut txapel irabazteko gai naizela\u00bb<\/strong>Nahiz eta galdu Endikak gustora bukatu zuen eginiko partiduarekin. \u00abOso pozik nago eginiko partiduarekin, inoiz baino lana gehiago eman diot eta nire buruarekin oso konforme geratu naiz. Amaieran pare bat tantutan azkenean nekatu nengoen eta pasa egin dit. Oso ongi hasi naiz, bi tanto gogorrek faktura pasa didate\u00bb. Jokaladirik politenak berak egin zituen eta jendearen txaloak eskertu ziuen. \u00abJendeari eskerrak. Oso polita izan da, disfrutatu egin dut. Hurrengo pausoa finala irabaztea izango da eta ikusi dut ahal dudala irabazi\u00bb.&nbsp;<\/p>\n","protected":false},"excerpt":{"rendered":"<p>Javier Urriza se cal\u00f3 su s\u00e9ptima txapela de campe\u00f3n del individual de remonte tras ganar 30-27 a Endika en la final del Torneo Kutxabank. El de Pamplona sufri\u00f3 much\u00edsimo para ganar a un Endika Urrutia muy valiente y que ofreci\u00f3 mucha resistencia. El de Saldias arriesg\u00f3, hizo los tantos m\u00e1s espectaculares e incluso fue gran [&hellip;]<\/p>\n","protected":false},"author":3,"featured_media":4711,"comment_status":"closed","ping_status":"open","sticky":false,"template":"","format":"standard","meta":{"_et_pb_use_builder":"off","_et_pb_old_content":"","_et_gb_content_width":"","footnotes":""},"categories":[1],"tags":[],"yoast_head":"<!-- This site is optimized with the Yoast SEO plugin v21.8 - https:\/\/yoast.com\/wordpress\/plugins\/seo\/ -->\n<title>Urriza sufre para ganar su s\u00e9ptima txapela | Oriamendi 2010<\/title>\n<meta name=\"robots\" content=\"index, follow, max-snippet:-1, max-image-preview:large, max-video-preview:-1\" \/>\n<link rel=\"canonical\" href=\"https:\/\/oriamendi.eus\/es\/2020\/09\/26\/urriza-sufre-para-ganar-su-septima-txapela-erremontea-remonte-jai-alai-jaialai\/\" \/>\n<meta property=\"og:locale\" content=\"es_ES\" \/>\n<meta property=\"og:type\" content=\"article\" \/>\n<meta property=\"og:title\" content=\"Urriza sufre para ganar su s\u00e9ptima txapela | Oriamendi 2010\" \/>\n<meta property=\"og:description\" content=\"Javier Urriza se cal\u00f3 su s\u00e9ptima txapela de campe\u00f3n del individual de remonte tras ganar 30-27 a Endika en la final del Torneo Kutxabank. El de Pamplona sufri\u00f3 much\u00edsimo para ganar a un Endika Urrutia muy valiente y que ofreci\u00f3 mucha resistencia. El de Saldias arriesg\u00f3, hizo los tantos m\u00e1s espectaculares e incluso fue gran [&hellip;]\" \/>\n<meta property=\"og:url\" content=\"https:\/\/oriamendi.eus\/es\/2020\/09\/26\/urriza-sufre-para-ganar-su-septima-txapela-erremontea-remonte-jai-alai-jaialai\/\" \/>\n<meta property=\"og:site_name\" content=\"Oriamendi 2010\" \/>\n<meta property=\"article:publisher\" content=\"https:\/\/www.facebook.com\/oriamendi2010remonte\/\" \/>\n<meta property=\"article:published_time\" content=\"2020-09-26T17:22:48+00:00\" \/>\n<meta property=\"article:modified_time\" content=\"2020-09-27T17:53:43+00:00\" \/>\n<meta property=\"og:image\" content=\"https:\/\/oriamendi.eus\/wp-content\/uploads\/2020\/09\/MA007-scaled.jpg\" \/>\n\t<meta property=\"og:image:width\" content=\"2560\" \/>\n\t<meta property=\"og:image:height\" content=\"1707\" \/>\n\t<meta property=\"og:image:type\" content=\"image\/jpeg\" \/>\n<meta name=\"author\" content=\"Endika Barrenetxea\" \/>\n<meta name=\"twitter:card\" content=\"summary_large_image\" \/>\n<meta name=\"twitter:creator\" content=\"@oriamendi2010\" \/>\n<meta name=\"twitter:site\" content=\"@oriamendi2010\" \/>\n<meta name=\"twitter:label1\" content=\"Escrito por\" \/>\n\t<meta name=\"twitter:data1\" content=\"Endika Barrenetxea\" \/>\n\t<meta name=\"twitter:label2\" content=\"Tiempo de lectura\" \/>\n\t<meta name=\"twitter:data2\" content=\"4 minutos\" \/>\n<script type=\"application\/ld+json\" class=\"yoast-schema-graph\">{\"@context\":\"https:\/\/schema.org\",\"@graph\":[{\"@type\":\"Article\",\"@id\":\"https:\/\/oriamendi.eus\/es\/2020\/09\/26\/urriza-sufre-para-ganar-su-septima-txapela-erremontea-remonte-jai-alai-jaialai\/#article\",\"isPartOf\":{\"@id\":\"https:\/\/oriamendi.eus\/es\/2020\/09\/26\/urriza-sufre-para-ganar-su-septima-txapela-erremontea-remonte-jai-alai-jaialai\/\"},\"author\":{\"name\":\"Endika Barrenetxea\",\"@id\":\"https:\/\/oriamendi.eus\/es\/#\/schema\/person\/d50c13df7440d84706fe7d03941cc92f\"},\"headline\":\"Urriza sufre para ganar su s\u00e9ptima txapela\",\"datePublished\":\"2020-09-26T17:22:48+00:00\",\"dateModified\":\"2020-09-27T17:53:43+00:00\",\"mainEntityOfPage\":{\"@id\":\"https:\/\/oriamendi.eus\/es\/2020\/09\/26\/urriza-sufre-para-ganar-su-septima-txapela-erremontea-remonte-jai-alai-jaialai\/\"},\"wordCount\":777,\"publisher\":{\"@id\":\"https:\/\/oriamendi.eus\/es\/#organization\"},\"articleSection\":[\"Sin categorizar\"],\"inLanguage\":\"es\"},{\"@type\":\"WebPage\",\"@id\":\"https:\/\/oriamendi.eus\/es\/2020\/09\/26\/urriza-sufre-para-ganar-su-septima-txapela-erremontea-remonte-jai-alai-jaialai\/\",\"url\":\"https:\/\/oriamendi.eus\/es\/2020\/09\/26\/urriza-sufre-para-ganar-su-septima-txapela-erremontea-remonte-jai-alai-jaialai\/\",\"name\":\"Urriza sufre para ganar su s\u00e9ptima txapela | Oriamendi 2010\",\"isPartOf\":{\"@id\":\"https:\/\/oriamendi.eus\/es\/#website\"},\"datePublished\":\"2020-09-26T17:22:48+00:00\",\"dateModified\":\"2020-09-27T17:53:43+00:00\",\"breadcrumb\":{\"@id\":\"https:\/\/oriamendi.eus\/es\/2020\/09\/26\/urriza-sufre-para-ganar-su-septima-txapela-erremontea-remonte-jai-alai-jaialai\/#breadcrumb\"},\"inLanguage\":\"es\",\"potentialAction\":[{\"@type\":\"ReadAction\",\"target\":[\"https:\/\/oriamendi.eus\/es\/2020\/09\/26\/urriza-sufre-para-ganar-su-septima-txapela-erremontea-remonte-jai-alai-jaialai\/\"]}]},{\"@type\":\"BreadcrumbList\",\"@id\":\"https:\/\/oriamendi.eus\/es\/2020\/09\/26\/urriza-sufre-para-ganar-su-septima-txapela-erremontea-remonte-jai-alai-jaialai\/#breadcrumb\",\"itemListElement\":[{\"@type\":\"ListItem\",\"position\":1,\"name\":\"Portada\",\"item\":\"https:\/\/oriamendi.eus\/es\/\"},{\"@type\":\"ListItem\",\"position\":2,\"name\":\"Urriza sufre para ganar su s\u00e9ptima txapela\"}]},{\"@type\":\"WebSite\",\"@id\":\"https:\/\/oriamendi.eus\/es\/#website\",\"url\":\"https:\/\/oriamendi.eus\/es\/\",\"name\":\"Oriamendi\",\"description\":\"Remonte en Galarreta. Hernani. Gipuzkoa\",\"publisher\":{\"@id\":\"https:\/\/oriamendi.eus\/es\/#organization\"},\"potentialAction\":[{\"@type\":\"SearchAction\",\"target\":{\"@type\":\"EntryPoint\",\"urlTemplate\":\"https:\/\/oriamendi.eus\/es\/?s={search_term_string}\"},\"query-input\":\"required name=search_term_string\"}],\"inLanguage\":\"es\"},{\"@type\":\"Organization\",\"@id\":\"https:\/\/oriamendi.eus\/es\/#organization\",\"name\":\"Oriamendi\",\"url\":\"https:\/\/oriamendi.eus\/es\/\",\"logo\":{\"@type\":\"ImageObject\",\"inLanguage\":\"es\",\"@id\":\"https:\/\/oriamendi.eus\/es\/#\/schema\/logo\/image\/\",\"url\":\"https:\/\/oriamendi.eus\/wp-content\/uploads\/2020\/06\/logo-oriamendi.png\",\"contentUrl\":\"https:\/\/oriamendi.eus\/wp-content\/uploads\/2020\/06\/logo-oriamendi.png\",\"width\":300,\"height\":90,\"caption\":\"Oriamendi\"},\"image\":{\"@id\":\"https:\/\/oriamendi.eus\/es\/#\/schema\/logo\/image\/\"},\"sameAs\":[\"https:\/\/www.facebook.com\/oriamendi2010remonte\/\",\"https:\/\/twitter.com\/oriamendi2010\",\"https:\/\/www.instagram.com\/galarretajaialai\/\",\"https:\/\/www.youtube.com\/channel\/UC8gVNzQqB1iwnC-_rI-ihmA\/featured\"]},{\"@type\":\"Person\",\"@id\":\"https:\/\/oriamendi.eus\/es\/#\/schema\/person\/d50c13df7440d84706fe7d03941cc92f\",\"name\":\"Endika Barrenetxea\",\"image\":{\"@type\":\"ImageObject\",\"inLanguage\":\"es\",\"@id\":\"https:\/\/oriamendi.eus\/es\/#\/schema\/person\/image\/\",\"url\":\"https:\/\/secure.gravatar.com\/avatar\/26a16205d858e579d56d8adc8addd712?s=96&d=mm&r=g\",\"contentUrl\":\"https:\/\/secure.gravatar.com\/avatar\/26a16205d858e579d56d8adc8addd712?s=96&d=mm&r=g\",\"caption\":\"Endika Barrenetxea\"},\"url\":\"https:\/\/oriamendi.eus\/es\/author\/om-kudeaketa\/\"}]}<\/script>\n<!-- \/ Yoast SEO plugin. -->","yoast_head_json":{"title":"Urriza sufre para ganar su s\u00e9ptima txapela | Oriamendi 2010","robots":{"index":"index","follow":"follow","max-snippet":"max-snippet:-1","max-image-preview":"max-image-preview:large","max-video-preview":"max-video-preview:-1"},"canonical":"https:\/\/oriamendi.eus\/es\/2020\/09\/26\/urriza-sufre-para-ganar-su-septima-txapela-erremontea-remonte-jai-alai-jaialai\/","og_locale":"es_ES","og_type":"article","og_title":"Urriza sufre para ganar su s\u00e9ptima txapela | Oriamendi 2010","og_description":"Javier Urriza se cal\u00f3 su s\u00e9ptima txapela de campe\u00f3n del individual de remonte tras ganar 30-27 a Endika en la final del Torneo Kutxabank. El de Pamplona sufri\u00f3 much\u00edsimo para ganar a un Endika Urrutia muy valiente y que ofreci\u00f3 mucha resistencia. El de Saldias arriesg\u00f3, hizo los tantos m\u00e1s espectaculares e incluso fue gran [&hellip;]","og_url":"https:\/\/oriamendi.eus\/es\/2020\/09\/26\/urriza-sufre-para-ganar-su-septima-txapela-erremontea-remonte-jai-alai-jaialai\/","og_site_name":"Oriamendi 2010","article_publisher":"https:\/\/www.facebook.com\/oriamendi2010remonte\/","article_published_time":"2020-09-26T17:22:48+00:00","article_modified_time":"2020-09-27T17:53:43+00:00","og_image":[{"width":2560,"height":1707,"url":"https:\/\/oriamendi.eus\/wp-content\/uploads\/2020\/09\/MA007-scaled.jpg","type":"image\/jpeg"}],"author":"Endika Barrenetxea","twitter_card":"summary_large_image","twitter_creator":"@oriamendi2010","twitter_site":"@oriamendi2010","twitter_misc":{"Escrito por":"Endika Barrenetxea","Tiempo de lectura":"4 minutos"},"schema":{"@context":"https:\/\/schema.org","@graph":[{"@type":"Article","@id":"https:\/\/oriamendi.eus\/es\/2020\/09\/26\/urriza-sufre-para-ganar-su-septima-txapela-erremontea-remonte-jai-alai-jaialai\/#article","isPartOf":{"@id":"https:\/\/oriamendi.eus\/es\/2020\/09\/26\/urriza-sufre-para-ganar-su-septima-txapela-erremontea-remonte-jai-alai-jaialai\/"},"author":{"name":"Endika Barrenetxea","@id":"https:\/\/oriamendi.eus\/es\/#\/schema\/person\/d50c13df7440d84706fe7d03941cc92f"},"headline":"Urriza sufre para ganar su s\u00e9ptima txapela","datePublished":"2020-09-26T17:22:48+00:00","dateModified":"2020-09-27T17:53:43+00:00","mainEntityOfPage":{"@id":"https:\/\/oriamendi.eus\/es\/2020\/09\/26\/urriza-sufre-para-ganar-su-septima-txapela-erremontea-remonte-jai-alai-jaialai\/"},"wordCount":777,"publisher":{"@id":"https:\/\/oriamendi.eus\/es\/#organization"},"articleSection":["Sin categorizar"],"inLanguage":"es"},{"@type":"WebPage","@id":"https:\/\/oriamendi.eus\/es\/2020\/09\/26\/urriza-sufre-para-ganar-su-septima-txapela-erremontea-remonte-jai-alai-jaialai\/","url":"https:\/\/oriamendi.eus\/es\/2020\/09\/26\/urriza-sufre-para-ganar-su-septima-txapela-erremontea-remonte-jai-alai-jaialai\/","name":"Urriza sufre para ganar su s\u00e9ptima txapela | Oriamendi 2010","isPartOf":{"@id":"https:\/\/oriamendi.eus\/es\/#website"},"datePublished":"2020-09-26T17:22:48+00:00","dateModified":"2020-09-27T17:53:43+00:00","breadcrumb":{"@id":"https:\/\/oriamendi.eus\/es\/2020\/09\/26\/urriza-sufre-para-ganar-su-septima-txapela-erremontea-remonte-jai-alai-jaialai\/#breadcrumb"},"inLanguage":"es","potentialAction":[{"@type":"ReadAction","target":["https:\/\/oriamendi.eus\/es\/2020\/09\/26\/urriza-sufre-para-ganar-su-septima-txapela-erremontea-remonte-jai-alai-jaialai\/"]}]},{"@type":"BreadcrumbList","@id":"https:\/\/oriamendi.eus\/es\/2020\/09\/26\/urriza-sufre-para-ganar-su-septima-txapela-erremontea-remonte-jai-alai-jaialai\/#breadcrumb","itemListElement":[{"@type":"ListItem","position":1,"name":"Portada","item":"https:\/\/oriamendi.eus\/es\/"},{"@type":"ListItem","position":2,"name":"Urriza sufre para ganar su s\u00e9ptima txapela"}]},{"@type":"WebSite","@id":"https:\/\/oriamendi.eus\/es\/#website","url":"https:\/\/oriamendi.eus\/es\/","name":"Oriamendi","description":"Remonte en Galarreta. Hernani. Gipuzkoa","publisher":{"@id":"https:\/\/oriamendi.eus\/es\/#organization"},"potentialAction":[{"@type":"SearchAction","target":{"@type":"EntryPoint","urlTemplate":"https:\/\/oriamendi.eus\/es\/?s={search_term_string}"},"query-input":"required name=search_term_string"}],"inLanguage":"es"},{"@type":"Organization","@id":"https:\/\/oriamendi.eus\/es\/#organization","name":"Oriamendi","url":"https:\/\/oriamendi.eus\/es\/","logo":{"@type":"ImageObject","inLanguage":"es","@id":"https:\/\/oriamendi.eus\/es\/#\/schema\/logo\/image\/","url":"https:\/\/oriamendi.eus\/wp-content\/uploads\/2020\/06\/logo-oriamendi.png","contentUrl":"https:\/\/oriamendi.eus\/wp-content\/uploads\/2020\/06\/logo-oriamendi.png","width":300,"height":90,"caption":"Oriamendi"},"image":{"@id":"https:\/\/oriamendi.eus\/es\/#\/schema\/logo\/image\/"},"sameAs":["https:\/\/www.facebook.com\/oriamendi2010remonte\/","https:\/\/twitter.com\/oriamendi2010","https:\/\/www.instagram.com\/galarretajaialai\/","https:\/\/www.youtube.com\/channel\/UC8gVNzQqB1iwnC-_rI-ihmA\/featured"]},{"@type":"Person","@id":"https:\/\/oriamendi.eus\/es\/#\/schema\/person\/d50c13df7440d84706fe7d03941cc92f","name":"Endika Barrenetxea","image":{"@type":"ImageObject","inLanguage":"es","@id":"https:\/\/oriamendi.eus\/es\/#\/schema\/person\/image\/","url":"https:\/\/secure.gravatar.com\/avatar\/26a16205d858e579d56d8adc8addd712?s=96&d=mm&r=g","contentUrl":"https:\/\/secure.gravatar.com\/avatar\/26a16205d858e579d56d8adc8addd712?s=96&d=mm&r=g","caption":"Endika Barrenetxea"},"url":"https:\/\/oriamendi.eus\/es\/author\/om-kudeaketa\/"}]}},"_links":{"self":[{"href":"https:\/\/oriamendi.eus\/es\/wp-json\/wp\/v2\/posts\/4709"}],"collection":[{"href":"https:\/\/oriamendi.eus\/es\/wp-json\/wp\/v2\/posts"}],"about":[{"href":"https:\/\/oriamendi.eus\/es\/wp-json\/wp\/v2\/types\/post"}],"author":[{"embeddable":true,"href":"https:\/\/oriamendi.eus\/es\/wp-json\/wp\/v2\/users\/3"}],"replies":[{"embeddable":true,"href":"https:\/\/oriamendi.eus\/es\/wp-json\/wp\/v2\/comments?post=4709"}],"version-history":[{"count":1,"href":"https:\/\/oriamendi.eus\/es\/wp-json\/wp\/v2\/posts\/4709\/revisions"}],"predecessor-version":[{"id":4710,"href":"https:\/\/oriamendi.eus\/es\/wp-json\/wp\/v2\/posts\/4709\/revisions\/4710"}],"wp:featuredmedia":[{"embeddable":true,"href":"https:\/\/oriamendi.eus\/es\/wp-json\/wp\/v2\/media\/4711"}],"wp:attachment":[{"href":"https:\/\/oriamendi.eus\/es\/wp-json\/wp\/v2\/media?parent=4709"}],"wp:term":[{"taxonomy":"category","embeddable":true,"href":"https:\/\/oriamendi.eus\/es\/wp-json\/wp\/v2\/categories?post=4709"},{"taxonomy":"post_tag","embeddable":true,"href":"https:\/\/oriamendi.eus\/es\/wp-json\/wp\/v2\/tags?post=4709"}],"curies":[{"name":"wp","href":"https:\/\/api.w.org\/{rel}","templated":true}]}}