                                        
                                        
                                        
                                        
                                        
                                        
                                        
                                        
                                        
                                        
                                        
                                        
                                        
                                        
                                        
                                        
                                        
                                        
{"id":4666,"date":"2020-09-17T18:06:55","date_gmt":"2020-09-17T16:06:55","guid":{"rendered":"https:\/\/oriamendi.eus\/?p=4666"},"modified":"2020-09-17T18:06:56","modified_gmt":"2020-09-17T16:06:56","slug":"juanenea-y-endika-afilan-las-espadas-para-el-duelo-de-semifinal-del-kutxabank-erremontea-remonte-jai-alai-jaialai","status":"publish","type":"post","link":"https:\/\/oriamendi.eus\/es\/2020\/09\/17\/juanenea-y-endika-afilan-las-espadas-para-el-duelo-de-semifinal-del-kutxabank-erremontea-remonte-jai-alai-jaialai\/","title":{"rendered":"Juanenea y Endika afilan las espadas para el duelo de semifinal del Kutxabank"},"content":{"rendered":"\n<p>Juanenea y Endika han separado hoy las seis pelotas, tres por cabeza, para la semifinal del Torneo Kutxabank que se disputa el s\u00e1bado en Galarreta. Precisamente en el front\u00f3n hernaniarra, por la tarde, han elegido el material los dos pelotaris de Saldias.&nbsp;El primero en saltar al front\u00f3n ha sido el m\u00e1s joven y el remontista que jugar\u00e1 de colorado, Aritz Juanenea. El quedar segundo y ganar en la liguilla le ha dado ese honor. No ha tardado mucho y en menos de diez minutos ha posado en el cesta\u00f1o tres pelotas de 129, 128 y 127 gramos. Son pelotas m\u00e1s fuertes que su contrincante y que cuesta mover m\u00e1s.&nbsp;Le ha tomado el relevo Endika Urrutia, que vestir\u00e1 de azul. Ha tardado algo m\u00e1s y la elecci\u00f3n, como suele ser habitual, no es plato de su agrado. Sus pelotas han pesado 129, 128 y otra de 128 gramos. Sus caracter\u00edsticas son diferentes a la de su paisano. Ha preferido pelotas algo m\u00e1s vivas&nbsp;y de m\u00e1s vuelo, aunque tampoco ha querido que todas sean iguales.&nbsp;<\/p>\n","protected":false},"excerpt":{"rendered":"<p>Juanenea y Endika han separado hoy las seis pelotas, tres por cabeza, para la semifinal del Torneo Kutxabank que se disputa el s\u00e1bado en Galarreta. Precisamente en el front\u00f3n hernaniarra, por la tarde, han elegido el material los dos pelotaris de Saldias.&nbsp;El primero en saltar al front\u00f3n ha sido el m\u00e1s joven y el remontista [&hellip;]<\/p>\n","protected":false},"author":3,"featured_media":4668,"comment_status":"closed","ping_status":"open","sticky":false,"template":"","format":"standard","meta":{"_et_pb_use_builder":"off","_et_pb_old_content":"","_et_gb_content_width":"","footnotes":""},"categories":[1],"tags":[],"yoast_head":"<!-- This site is optimized with the Yoast SEO plugin v21.8 - https:\/\/yoast.com\/wordpress\/plugins\/seo\/ -->\n<title>Juanenea y Endika afilan las espadas para el duelo de semifinal del Kutxabank | Oriamendi 2010<\/title>\n<meta name=\"robots\" content=\"index, follow, max-snippet:-1, max-image-preview:large, max-video-preview:-1\" \/>\n<link rel=\"canonical\" href=\"https:\/\/oriamendi.eus\/es\/2020\/09\/17\/juanenea-y-endika-afilan-las-espadas-para-el-duelo-de-semifinal-del-kutxabank-erremontea-remonte-jai-alai-jaialai\/\" \/>\n<meta property=\"og:locale\" content=\"es_ES\" \/>\n<meta property=\"og:type\" content=\"article\" \/>\n<meta property=\"og:title\" content=\"Juanenea y Endika afilan las espadas para el duelo de semifinal del Kutxabank | Oriamendi 2010\" \/>\n<meta property=\"og:description\" content=\"Juanenea y Endika han separado hoy las seis pelotas, tres por cabeza, para la semifinal del Torneo Kutxabank que se disputa el s\u00e1bado en Galarreta. Precisamente en el front\u00f3n hernaniarra, por la tarde, han elegido el material los dos pelotaris de Saldias.&nbsp;El primero en saltar al front\u00f3n ha sido el m\u00e1s joven y el remontista [&hellip;]\" \/>\n<meta property=\"og:url\" content=\"https:\/\/oriamendi.eus\/es\/2020\/09\/17\/juanenea-y-endika-afilan-las-espadas-para-el-duelo-de-semifinal-del-kutxabank-erremontea-remonte-jai-alai-jaialai\/\" \/>\n<meta property=\"og:site_name\" content=\"Oriamendi 2010\" \/>\n<meta property=\"article:publisher\" content=\"https:\/\/www.facebook.com\/oriamendi2010remonte\/\" \/>\n<meta property=\"article:published_time\" content=\"2020-09-17T16:06:55+00:00\" \/>\n<meta property=\"article:modified_time\" content=\"2020-09-17T16:06:56+00:00\" \/>\n<meta property=\"og:image\" content=\"https:\/\/oriamendi.eus\/wp-content\/uploads\/2020\/09\/endika-eta-juanenea-scaled.jpg\" \/>\n\t<meta property=\"og:image:width\" content=\"2560\" \/>\n\t<meta property=\"og:image:height\" content=\"1707\" \/>\n\t<meta property=\"og:image:type\" content=\"image\/jpeg\" \/>\n<meta name=\"author\" content=\"Endika Barrenetxea\" \/>\n<meta name=\"twitter:card\" content=\"summary_large_image\" \/>\n<meta name=\"twitter:creator\" content=\"@oriamendi2010\" \/>\n<meta name=\"twitter:site\" content=\"@oriamendi2010\" \/>\n<meta name=\"twitter:label1\" content=\"Escrito por\" \/>\n\t<meta name=\"twitter:data1\" content=\"Endika Barrenetxea\" \/>\n\t<meta name=\"twitter:label2\" content=\"Tiempo de lectura\" \/>\n\t<meta name=\"twitter:data2\" content=\"1 minuto\" \/>\n<script type=\"application\/ld+json\" class=\"yoast-schema-graph\">{\"@context\":\"https:\/\/schema.org\",\"@graph\":[{\"@type\":\"Article\",\"@id\":\"https:\/\/oriamendi.eus\/es\/2020\/09\/17\/juanenea-y-endika-afilan-las-espadas-para-el-duelo-de-semifinal-del-kutxabank-erremontea-remonte-jai-alai-jaialai\/#article\",\"isPartOf\":{\"@id\":\"https:\/\/oriamendi.eus\/es\/2020\/09\/17\/juanenea-y-endika-afilan-las-espadas-para-el-duelo-de-semifinal-del-kutxabank-erremontea-remonte-jai-alai-jaialai\/\"},\"author\":{\"name\":\"Endika Barrenetxea\",\"@id\":\"https:\/\/oriamendi.eus\/es\/#\/schema\/person\/d50c13df7440d84706fe7d03941cc92f\"},\"headline\":\"Juanenea y Endika afilan las espadas para el duelo de semifinal del Kutxabank\",\"datePublished\":\"2020-09-17T16:06:55+00:00\",\"dateModified\":\"2020-09-17T16:06:56+00:00\",\"mainEntityOfPage\":{\"@id\":\"https:\/\/oriamendi.eus\/es\/2020\/09\/17\/juanenea-y-endika-afilan-las-espadas-para-el-duelo-de-semifinal-del-kutxabank-erremontea-remonte-jai-alai-jaialai\/\"},\"wordCount\":199,\"publisher\":{\"@id\":\"https:\/\/oriamendi.eus\/es\/#organization\"},\"articleSection\":[\"Sin categorizar\"],\"inLanguage\":\"es\"},{\"@type\":\"WebPage\",\"@id\":\"https:\/\/oriamendi.eus\/es\/2020\/09\/17\/juanenea-y-endika-afilan-las-espadas-para-el-duelo-de-semifinal-del-kutxabank-erremontea-remonte-jai-alai-jaialai\/\",\"url\":\"https:\/\/oriamendi.eus\/es\/2020\/09\/17\/juanenea-y-endika-afilan-las-espadas-para-el-duelo-de-semifinal-del-kutxabank-erremontea-remonte-jai-alai-jaialai\/\",\"name\":\"Juanenea y Endika afilan las espadas para el duelo de semifinal del Kutxabank | Oriamendi 2010\",\"isPartOf\":{\"@id\":\"https:\/\/oriamendi.eus\/es\/#website\"},\"datePublished\":\"2020-09-17T16:06:55+00:00\",\"dateModified\":\"2020-09-17T16:06:56+00:00\",\"breadcrumb\":{\"@id\":\"https:\/\/oriamendi.eus\/es\/2020\/09\/17\/juanenea-y-endika-afilan-las-espadas-para-el-duelo-de-semifinal-del-kutxabank-erremontea-remonte-jai-alai-jaialai\/#breadcrumb\"},\"inLanguage\":\"es\",\"potentialAction\":[{\"@type\":\"ReadAction\",\"target\":[\"https:\/\/oriamendi.eus\/es\/2020\/09\/17\/juanenea-y-endika-afilan-las-espadas-para-el-duelo-de-semifinal-del-kutxabank-erremontea-remonte-jai-alai-jaialai\/\"]}]},{\"@type\":\"BreadcrumbList\",\"@id\":\"https:\/\/oriamendi.eus\/es\/2020\/09\/17\/juanenea-y-endika-afilan-las-espadas-para-el-duelo-de-semifinal-del-kutxabank-erremontea-remonte-jai-alai-jaialai\/#breadcrumb\",\"itemListElement\":[{\"@type\":\"ListItem\",\"position\":1,\"name\":\"Portada\",\"item\":\"https:\/\/oriamendi.eus\/es\/\"},{\"@type\":\"ListItem\",\"position\":2,\"name\":\"Juanenea y Endika afilan las espadas para el duelo de semifinal del Kutxabank\"}]},{\"@type\":\"WebSite\",\"@id\":\"https:\/\/oriamendi.eus\/es\/#website\",\"url\":\"https:\/\/oriamendi.eus\/es\/\",\"name\":\"Oriamendi\",\"description\":\"Remonte en Galarreta. Hernani. Gipuzkoa\",\"publisher\":{\"@id\":\"https:\/\/oriamendi.eus\/es\/#organization\"},\"potentialAction\":[{\"@type\":\"SearchAction\",\"target\":{\"@type\":\"EntryPoint\",\"urlTemplate\":\"https:\/\/oriamendi.eus\/es\/?s={search_term_string}\"},\"query-input\":\"required name=search_term_string\"}],\"inLanguage\":\"es\"},{\"@type\":\"Organization\",\"@id\":\"https:\/\/oriamendi.eus\/es\/#organization\",\"name\":\"Oriamendi\",\"url\":\"https:\/\/oriamendi.eus\/es\/\",\"logo\":{\"@type\":\"ImageObject\",\"inLanguage\":\"es\",\"@id\":\"https:\/\/oriamendi.eus\/es\/#\/schema\/logo\/image\/\",\"url\":\"https:\/\/oriamendi.eus\/wp-content\/uploads\/2020\/06\/logo-oriamendi.png\",\"contentUrl\":\"https:\/\/oriamendi.eus\/wp-content\/uploads\/2020\/06\/logo-oriamendi.png\",\"width\":300,\"height\":90,\"caption\":\"Oriamendi\"},\"image\":{\"@id\":\"https:\/\/oriamendi.eus\/es\/#\/schema\/logo\/image\/\"},\"sameAs\":[\"https:\/\/www.facebook.com\/oriamendi2010remonte\/\",\"https:\/\/twitter.com\/oriamendi2010\",\"https:\/\/www.instagram.com\/galarretajaialai\/\",\"https:\/\/www.youtube.com\/channel\/UC8gVNzQqB1iwnC-_rI-ihmA\/featured\"]},{\"@type\":\"Person\",\"@id\":\"https:\/\/oriamendi.eus\/es\/#\/schema\/person\/d50c13df7440d84706fe7d03941cc92f\",\"name\":\"Endika Barrenetxea\",\"image\":{\"@type\":\"ImageObject\",\"inLanguage\":\"es\",\"@id\":\"https:\/\/oriamendi.eus\/es\/#\/schema\/person\/image\/\",\"url\":\"https:\/\/secure.gravatar.com\/avatar\/26a16205d858e579d56d8adc8addd712?s=96&d=mm&r=g\",\"contentUrl\":\"https:\/\/secure.gravatar.com\/avatar\/26a16205d858e579d56d8adc8addd712?s=96&d=mm&r=g\",\"caption\":\"Endika Barrenetxea\"},\"url\":\"https:\/\/oriamendi.eus\/es\/author\/om-kudeaketa\/\"}]}<\/script>\n<!-- \/ Yoast SEO plugin. -->","yoast_head_json":{"title":"Juanenea y Endika afilan las espadas para el duelo de semifinal del Kutxabank | Oriamendi 2010","robots":{"index":"index","follow":"follow","max-snippet":"max-snippet:-1","max-image-preview":"max-image-preview:large","max-video-preview":"max-video-preview:-1"},"canonical":"https:\/\/oriamendi.eus\/es\/2020\/09\/17\/juanenea-y-endika-afilan-las-espadas-para-el-duelo-de-semifinal-del-kutxabank-erremontea-remonte-jai-alai-jaialai\/","og_locale":"es_ES","og_type":"article","og_title":"Juanenea y Endika afilan las espadas para el duelo de semifinal del Kutxabank | Oriamendi 2010","og_description":"Juanenea y Endika han separado hoy las seis pelotas, tres por cabeza, para la semifinal del Torneo Kutxabank que se disputa el s\u00e1bado en Galarreta. Precisamente en el front\u00f3n hernaniarra, por la tarde, han elegido el material los dos pelotaris de Saldias.&nbsp;El primero en saltar al front\u00f3n ha sido el m\u00e1s joven y el remontista [&hellip;]","og_url":"https:\/\/oriamendi.eus\/es\/2020\/09\/17\/juanenea-y-endika-afilan-las-espadas-para-el-duelo-de-semifinal-del-kutxabank-erremontea-remonte-jai-alai-jaialai\/","og_site_name":"Oriamendi 2010","article_publisher":"https:\/\/www.facebook.com\/oriamendi2010remonte\/","article_published_time":"2020-09-17T16:06:55+00:00","article_modified_time":"2020-09-17T16:06:56+00:00","og_image":[{"width":2560,"height":1707,"url":"https:\/\/oriamendi.eus\/wp-content\/uploads\/2020\/09\/endika-eta-juanenea-scaled.jpg","type":"image\/jpeg"}],"author":"Endika Barrenetxea","twitter_card":"summary_large_image","twitter_creator":"@oriamendi2010","twitter_site":"@oriamendi2010","twitter_misc":{"Escrito por":"Endika Barrenetxea","Tiempo de lectura":"1 minuto"},"schema":{"@context":"https:\/\/schema.org","@graph":[{"@type":"Article","@id":"https:\/\/oriamendi.eus\/es\/2020\/09\/17\/juanenea-y-endika-afilan-las-espadas-para-el-duelo-de-semifinal-del-kutxabank-erremontea-remonte-jai-alai-jaialai\/#article","isPartOf":{"@id":"https:\/\/oriamendi.eus\/es\/2020\/09\/17\/juanenea-y-endika-afilan-las-espadas-para-el-duelo-de-semifinal-del-kutxabank-erremontea-remonte-jai-alai-jaialai\/"},"author":{"name":"Endika Barrenetxea","@id":"https:\/\/oriamendi.eus\/es\/#\/schema\/person\/d50c13df7440d84706fe7d03941cc92f"},"headline":"Juanenea y Endika afilan las espadas para el duelo de semifinal del Kutxabank","datePublished":"2020-09-17T16:06:55+00:00","dateModified":"2020-09-17T16:06:56+00:00","mainEntityOfPage":{"@id":"https:\/\/oriamendi.eus\/es\/2020\/09\/17\/juanenea-y-endika-afilan-las-espadas-para-el-duelo-de-semifinal-del-kutxabank-erremontea-remonte-jai-alai-jaialai\/"},"wordCount":199,"publisher":{"@id":"https:\/\/oriamendi.eus\/es\/#organization"},"articleSection":["Sin categorizar"],"inLanguage":"es"},{"@type":"WebPage","@id":"https:\/\/oriamendi.eus\/es\/2020\/09\/17\/juanenea-y-endika-afilan-las-espadas-para-el-duelo-de-semifinal-del-kutxabank-erremontea-remonte-jai-alai-jaialai\/","url":"https:\/\/oriamendi.eus\/es\/2020\/09\/17\/juanenea-y-endika-afilan-las-espadas-para-el-duelo-de-semifinal-del-kutxabank-erremontea-remonte-jai-alai-jaialai\/","name":"Juanenea y Endika afilan las espadas para el duelo de semifinal del Kutxabank | Oriamendi 2010","isPartOf":{"@id":"https:\/\/oriamendi.eus\/es\/#website"},"datePublished":"2020-09-17T16:06:55+00:00","dateModified":"2020-09-17T16:06:56+00:00","breadcrumb":{"@id":"https:\/\/oriamendi.eus\/es\/2020\/09\/17\/juanenea-y-endika-afilan-las-espadas-para-el-duelo-de-semifinal-del-kutxabank-erremontea-remonte-jai-alai-jaialai\/#breadcrumb"},"inLanguage":"es","potentialAction":[{"@type":"ReadAction","target":["https:\/\/oriamendi.eus\/es\/2020\/09\/17\/juanenea-y-endika-afilan-las-espadas-para-el-duelo-de-semifinal-del-kutxabank-erremontea-remonte-jai-alai-jaialai\/"]}]},{"@type":"BreadcrumbList","@id":"https:\/\/oriamendi.eus\/es\/2020\/09\/17\/juanenea-y-endika-afilan-las-espadas-para-el-duelo-de-semifinal-del-kutxabank-erremontea-remonte-jai-alai-jaialai\/#breadcrumb","itemListElement":[{"@type":"ListItem","position":1,"name":"Portada","item":"https:\/\/oriamendi.eus\/es\/"},{"@type":"ListItem","position":2,"name":"Juanenea y Endika afilan las espadas para el duelo de semifinal del Kutxabank"}]},{"@type":"WebSite","@id":"https:\/\/oriamendi.eus\/es\/#website","url":"https:\/\/oriamendi.eus\/es\/","name":"Oriamendi","description":"Remonte en Galarreta. Hernani. Gipuzkoa","publisher":{"@id":"https:\/\/oriamendi.eus\/es\/#organization"},"potentialAction":[{"@type":"SearchAction","target":{"@type":"EntryPoint","urlTemplate":"https:\/\/oriamendi.eus\/es\/?s={search_term_string}"},"query-input":"required name=search_term_string"}],"inLanguage":"es"},{"@type":"Organization","@id":"https:\/\/oriamendi.eus\/es\/#organization","name":"Oriamendi","url":"https:\/\/oriamendi.eus\/es\/","logo":{"@type":"ImageObject","inLanguage":"es","@id":"https:\/\/oriamendi.eus\/es\/#\/schema\/logo\/image\/","url":"https:\/\/oriamendi.eus\/wp-content\/uploads\/2020\/06\/logo-oriamendi.png","contentUrl":"https:\/\/oriamendi.eus\/wp-content\/uploads\/2020\/06\/logo-oriamendi.png","width":300,"height":90,"caption":"Oriamendi"},"image":{"@id":"https:\/\/oriamendi.eus\/es\/#\/schema\/logo\/image\/"},"sameAs":["https:\/\/www.facebook.com\/oriamendi2010remonte\/","https:\/\/twitter.com\/oriamendi2010","https:\/\/www.instagram.com\/galarretajaialai\/","https:\/\/www.youtube.com\/channel\/UC8gVNzQqB1iwnC-_rI-ihmA\/featured"]},{"@type":"Person","@id":"https:\/\/oriamendi.eus\/es\/#\/schema\/person\/d50c13df7440d84706fe7d03941cc92f","name":"Endika Barrenetxea","image":{"@type":"ImageObject","inLanguage":"es","@id":"https:\/\/oriamendi.eus\/es\/#\/schema\/person\/image\/","url":"https:\/\/secure.gravatar.com\/avatar\/26a16205d858e579d56d8adc8addd712?s=96&d=mm&r=g","contentUrl":"https:\/\/secure.gravatar.com\/avatar\/26a16205d858e579d56d8adc8addd712?s=96&d=mm&r=g","caption":"Endika Barrenetxea"},"url":"https:\/\/oriamendi.eus\/es\/author\/om-kudeaketa\/"}]}},"_links":{"self":[{"href":"https:\/\/oriamendi.eus\/es\/wp-json\/wp\/v2\/posts\/4666"}],"collection":[{"href":"https:\/\/oriamendi.eus\/es\/wp-json\/wp\/v2\/posts"}],"about":[{"href":"https:\/\/oriamendi.eus\/es\/wp-json\/wp\/v2\/types\/post"}],"author":[{"embeddable":true,"href":"https:\/\/oriamendi.eus\/es\/wp-json\/wp\/v2\/users\/3"}],"replies":[{"embeddable":true,"href":"https:\/\/oriamendi.eus\/es\/wp-json\/wp\/v2\/comments?post=4666"}],"version-history":[{"count":1,"href":"https:\/\/oriamendi.eus\/es\/wp-json\/wp\/v2\/posts\/4666\/revisions"}],"predecessor-version":[{"id":4667,"href":"https:\/\/oriamendi.eus\/es\/wp-json\/wp\/v2\/posts\/4666\/revisions\/4667"}],"wp:featuredmedia":[{"embeddable":true,"href":"https:\/\/oriamendi.eus\/es\/wp-json\/wp\/v2\/media\/4668"}],"wp:attachment":[{"href":"https:\/\/oriamendi.eus\/es\/wp-json\/wp\/v2\/media?parent=4666"}],"wp:term":[{"taxonomy":"category","embeddable":true,"href":"https:\/\/oriamendi.eus\/es\/wp-json\/wp\/v2\/categories?post=4666"},{"taxonomy":"post_tag","embeddable":true,"href":"https:\/\/oriamendi.eus\/es\/wp-json\/wp\/v2\/tags?post=4666"}],"curies":[{"name":"wp","href":"https:\/\/api.w.org\/{rel}","templated":true}]}}