                                        
                                        
                                        
                                        
                                        
                                        
                                        
                                        
                                        
                                        
                                        
                                        
                                        
                                        
                                        
                                        
                                        
                                        
{"id":4628,"date":"2020-09-11T09:29:52","date_gmt":"2020-09-11T07:29:52","guid":{"rendered":"https:\/\/oriamendi.eus\/2020\/09\/11\/zaleek-kutxabank-torneoaren-finalerdirako-finalerako-sarrerak-eskuratu-daitezke-erremontea-remonte-jai-alai-jaialai\/"},"modified":"2020-09-11T13:48:30","modified_gmt":"2020-09-11T11:48:30","slug":"zaleek-kutxabank-torneoaren-finalerdirako-finalerako-sarrerak-eskuratu-daitezke-erremontea-remonte-jai-alai-jaialai","status":"publish","type":"post","link":"https:\/\/oriamendi.eus\/es\/2020\/09\/11\/zaleek-kutxabank-torneoaren-finalerdirako-finalerako-sarrerak-eskuratu-daitezke-erremontea-remonte-jai-alai-jaialai\/","title":{"rendered":"Los aficionados ya pueden adquirir entradas para la semifinal y final del Kutxabank"},"content":{"rendered":"\n<p>La semifinal y final del Torneo Kutxabank individual de remonte est\u00e1n a la vuelta de la esquina. El aforo de Galarreta por motivo de las restricciones sanitarias a causa del Covid-19 deber\u00e1 restringirse de 1.500 localidades a 600 en ambos partidos.&nbsp;Por ese motivo&nbsp;y para facilitar al aficionado el poder acudir a la semifinal &nbsp;y a la final&nbsp; la empresa Oriamendi ha dispuesto tres opciones de venta de entradas:<br>La primera la venta directa en las&nbsp;taquillas durante los festivales previos<br>La segunda la venta on line a trav\u00e9s de la p\u00e1gina web de Oriamendi: www.oriamendi.eus<br>Y la tercera la solicitud de las entradas por medio del tel\u00e9fono llamando al: 677 749 404 en horario de 10.00 a 13.00 horas de&nbsp;lunes a viernes.<\/p>\n\n\n\n<p><\/p>\n","protected":false},"excerpt":{"rendered":"<p>La semifinal y final del Torneo Kutxabank individual de remonte est\u00e1n a la vuelta de la esquina. El aforo de Galarreta por motivo de las restricciones sanitarias a causa del Covid-19 deber\u00e1 restringirse de 1.500 localidades a 600 en ambos partidos.&nbsp;Por ese motivo&nbsp;y para facilitar al aficionado el poder acudir a la semifinal &nbsp;y a [&hellip;]<\/p>\n","protected":false},"author":3,"featured_media":4631,"comment_status":"closed","ping_status":"open","sticky":false,"template":"","format":"standard","meta":{"_et_pb_use_builder":"off","_et_pb_old_content":"","_et_gb_content_width":"","footnotes":""},"categories":[1],"tags":[],"yoast_head":"<!-- This site is optimized with the Yoast SEO plugin v21.8 - https:\/\/yoast.com\/wordpress\/plugins\/seo\/ -->\n<title>Los aficionados ya pueden adquirir entradas para la semifinal y final del Kutxabank | Oriamendi 2010<\/title>\n<meta name=\"robots\" content=\"index, follow, max-snippet:-1, max-image-preview:large, max-video-preview:-1\" \/>\n<link rel=\"canonical\" href=\"https:\/\/oriamendi.eus\/es\/2020\/09\/11\/zaleek-kutxabank-torneoaren-finalerdirako-finalerako-sarrerak-eskuratu-daitezke-erremontea-remonte-jai-alai-jaialai\/\" \/>\n<meta property=\"og:locale\" content=\"es_ES\" \/>\n<meta property=\"og:type\" content=\"article\" \/>\n<meta property=\"og:title\" content=\"Los aficionados ya pueden adquirir entradas para la semifinal y final del Kutxabank | Oriamendi 2010\" \/>\n<meta property=\"og:description\" content=\"La semifinal y final del Torneo Kutxabank individual de remonte est\u00e1n a la vuelta de la esquina. El aforo de Galarreta por motivo de las restricciones sanitarias a causa del Covid-19 deber\u00e1 restringirse de 1.500 localidades a 600 en ambos partidos.&nbsp;Por ese motivo&nbsp;y para facilitar al aficionado el poder acudir a la semifinal &nbsp;y a [&hellip;]\" \/>\n<meta property=\"og:url\" content=\"https:\/\/oriamendi.eus\/es\/2020\/09\/11\/zaleek-kutxabank-torneoaren-finalerdirako-finalerako-sarrerak-eskuratu-daitezke-erremontea-remonte-jai-alai-jaialai\/\" \/>\n<meta property=\"og:site_name\" content=\"Oriamendi 2010\" \/>\n<meta property=\"article:publisher\" content=\"https:\/\/www.facebook.com\/oriamendi2010remonte\/\" \/>\n<meta property=\"article:published_time\" content=\"2020-09-11T07:29:52+00:00\" \/>\n<meta property=\"article:modified_time\" content=\"2020-09-11T11:48:30+00:00\" \/>\n<meta property=\"og:image\" content=\"https:\/\/oriamendi.eus\/wp-content\/uploads\/2020\/09\/Venta-de-entradas.jpg\" \/>\n\t<meta property=\"og:image:width\" content=\"1200\" \/>\n\t<meta property=\"og:image:height\" content=\"628\" \/>\n\t<meta property=\"og:image:type\" content=\"image\/jpeg\" \/>\n<meta name=\"author\" content=\"Endika Barrenetxea\" \/>\n<meta name=\"twitter:card\" content=\"summary_large_image\" \/>\n<meta name=\"twitter:creator\" content=\"@oriamendi2010\" \/>\n<meta name=\"twitter:site\" content=\"@oriamendi2010\" \/>\n<meta name=\"twitter:label1\" content=\"Escrito por\" \/>\n\t<meta name=\"twitter:data1\" content=\"Endika Barrenetxea\" \/>\n\t<meta name=\"twitter:label2\" content=\"Tiempo de lectura\" \/>\n\t<meta name=\"twitter:data2\" content=\"1 minuto\" \/>\n<script type=\"application\/ld+json\" class=\"yoast-schema-graph\">{\"@context\":\"https:\/\/schema.org\",\"@graph\":[{\"@type\":\"Article\",\"@id\":\"https:\/\/oriamendi.eus\/es\/2020\/09\/11\/zaleek-kutxabank-torneoaren-finalerdirako-finalerako-sarrerak-eskuratu-daitezke-erremontea-remonte-jai-alai-jaialai\/#article\",\"isPartOf\":{\"@id\":\"https:\/\/oriamendi.eus\/es\/2020\/09\/11\/zaleek-kutxabank-torneoaren-finalerdirako-finalerako-sarrerak-eskuratu-daitezke-erremontea-remonte-jai-alai-jaialai\/\"},\"author\":{\"name\":\"Endika Barrenetxea\",\"@id\":\"https:\/\/oriamendi.eus\/es\/#\/schema\/person\/d50c13df7440d84706fe7d03941cc92f\"},\"headline\":\"Los aficionados ya pueden adquirir entradas para la semifinal y final del Kutxabank\",\"datePublished\":\"2020-09-11T07:29:52+00:00\",\"dateModified\":\"2020-09-11T11:48:30+00:00\",\"mainEntityOfPage\":{\"@id\":\"https:\/\/oriamendi.eus\/es\/2020\/09\/11\/zaleek-kutxabank-torneoaren-finalerdirako-finalerako-sarrerak-eskuratu-daitezke-erremontea-remonte-jai-alai-jaialai\/\"},\"wordCount\":141,\"publisher\":{\"@id\":\"https:\/\/oriamendi.eus\/es\/#organization\"},\"articleSection\":[\"Sin categorizar\"],\"inLanguage\":\"es\"},{\"@type\":\"WebPage\",\"@id\":\"https:\/\/oriamendi.eus\/es\/2020\/09\/11\/zaleek-kutxabank-torneoaren-finalerdirako-finalerako-sarrerak-eskuratu-daitezke-erremontea-remonte-jai-alai-jaialai\/\",\"url\":\"https:\/\/oriamendi.eus\/es\/2020\/09\/11\/zaleek-kutxabank-torneoaren-finalerdirako-finalerako-sarrerak-eskuratu-daitezke-erremontea-remonte-jai-alai-jaialai\/\",\"name\":\"Los aficionados ya pueden adquirir entradas para la semifinal y final del Kutxabank | Oriamendi 2010\",\"isPartOf\":{\"@id\":\"https:\/\/oriamendi.eus\/es\/#website\"},\"datePublished\":\"2020-09-11T07:29:52+00:00\",\"dateModified\":\"2020-09-11T11:48:30+00:00\",\"breadcrumb\":{\"@id\":\"https:\/\/oriamendi.eus\/es\/2020\/09\/11\/zaleek-kutxabank-torneoaren-finalerdirako-finalerako-sarrerak-eskuratu-daitezke-erremontea-remonte-jai-alai-jaialai\/#breadcrumb\"},\"inLanguage\":\"es\",\"potentialAction\":[{\"@type\":\"ReadAction\",\"target\":[\"https:\/\/oriamendi.eus\/es\/2020\/09\/11\/zaleek-kutxabank-torneoaren-finalerdirako-finalerako-sarrerak-eskuratu-daitezke-erremontea-remonte-jai-alai-jaialai\/\"]}]},{\"@type\":\"BreadcrumbList\",\"@id\":\"https:\/\/oriamendi.eus\/es\/2020\/09\/11\/zaleek-kutxabank-torneoaren-finalerdirako-finalerako-sarrerak-eskuratu-daitezke-erremontea-remonte-jai-alai-jaialai\/#breadcrumb\",\"itemListElement\":[{\"@type\":\"ListItem\",\"position\":1,\"name\":\"Portada\",\"item\":\"https:\/\/oriamendi.eus\/es\/\"},{\"@type\":\"ListItem\",\"position\":2,\"name\":\"Los aficionados ya pueden adquirir entradas para la semifinal y final del Kutxabank\"}]},{\"@type\":\"WebSite\",\"@id\":\"https:\/\/oriamendi.eus\/es\/#website\",\"url\":\"https:\/\/oriamendi.eus\/es\/\",\"name\":\"Oriamendi\",\"description\":\"Remonte en Galarreta. Hernani. Gipuzkoa\",\"publisher\":{\"@id\":\"https:\/\/oriamendi.eus\/es\/#organization\"},\"potentialAction\":[{\"@type\":\"SearchAction\",\"target\":{\"@type\":\"EntryPoint\",\"urlTemplate\":\"https:\/\/oriamendi.eus\/es\/?s={search_term_string}\"},\"query-input\":\"required name=search_term_string\"}],\"inLanguage\":\"es\"},{\"@type\":\"Organization\",\"@id\":\"https:\/\/oriamendi.eus\/es\/#organization\",\"name\":\"Oriamendi\",\"url\":\"https:\/\/oriamendi.eus\/es\/\",\"logo\":{\"@type\":\"ImageObject\",\"inLanguage\":\"es\",\"@id\":\"https:\/\/oriamendi.eus\/es\/#\/schema\/logo\/image\/\",\"url\":\"https:\/\/oriamendi.eus\/wp-content\/uploads\/2020\/06\/logo-oriamendi.png\",\"contentUrl\":\"https:\/\/oriamendi.eus\/wp-content\/uploads\/2020\/06\/logo-oriamendi.png\",\"width\":300,\"height\":90,\"caption\":\"Oriamendi\"},\"image\":{\"@id\":\"https:\/\/oriamendi.eus\/es\/#\/schema\/logo\/image\/\"},\"sameAs\":[\"https:\/\/www.facebook.com\/oriamendi2010remonte\/\",\"https:\/\/twitter.com\/oriamendi2010\",\"https:\/\/www.instagram.com\/galarretajaialai\/\",\"https:\/\/www.youtube.com\/channel\/UC8gVNzQqB1iwnC-_rI-ihmA\/featured\"]},{\"@type\":\"Person\",\"@id\":\"https:\/\/oriamendi.eus\/es\/#\/schema\/person\/d50c13df7440d84706fe7d03941cc92f\",\"name\":\"Endika Barrenetxea\",\"image\":{\"@type\":\"ImageObject\",\"inLanguage\":\"es\",\"@id\":\"https:\/\/oriamendi.eus\/es\/#\/schema\/person\/image\/\",\"url\":\"https:\/\/secure.gravatar.com\/avatar\/26a16205d858e579d56d8adc8addd712?s=96&d=mm&r=g\",\"contentUrl\":\"https:\/\/secure.gravatar.com\/avatar\/26a16205d858e579d56d8adc8addd712?s=96&d=mm&r=g\",\"caption\":\"Endika Barrenetxea\"},\"url\":\"https:\/\/oriamendi.eus\/es\/author\/om-kudeaketa\/\"}]}<\/script>\n<!-- \/ Yoast SEO plugin. -->","yoast_head_json":{"title":"Los aficionados ya pueden adquirir entradas para la semifinal y final del Kutxabank | Oriamendi 2010","robots":{"index":"index","follow":"follow","max-snippet":"max-snippet:-1","max-image-preview":"max-image-preview:large","max-video-preview":"max-video-preview:-1"},"canonical":"https:\/\/oriamendi.eus\/es\/2020\/09\/11\/zaleek-kutxabank-torneoaren-finalerdirako-finalerako-sarrerak-eskuratu-daitezke-erremontea-remonte-jai-alai-jaialai\/","og_locale":"es_ES","og_type":"article","og_title":"Los aficionados ya pueden adquirir entradas para la semifinal y final del Kutxabank | Oriamendi 2010","og_description":"La semifinal y final del Torneo Kutxabank individual de remonte est\u00e1n a la vuelta de la esquina. El aforo de Galarreta por motivo de las restricciones sanitarias a causa del Covid-19 deber\u00e1 restringirse de 1.500 localidades a 600 en ambos partidos.&nbsp;Por ese motivo&nbsp;y para facilitar al aficionado el poder acudir a la semifinal &nbsp;y a [&hellip;]","og_url":"https:\/\/oriamendi.eus\/es\/2020\/09\/11\/zaleek-kutxabank-torneoaren-finalerdirako-finalerako-sarrerak-eskuratu-daitezke-erremontea-remonte-jai-alai-jaialai\/","og_site_name":"Oriamendi 2010","article_publisher":"https:\/\/www.facebook.com\/oriamendi2010remonte\/","article_published_time":"2020-09-11T07:29:52+00:00","article_modified_time":"2020-09-11T11:48:30+00:00","og_image":[{"width":1200,"height":628,"url":"https:\/\/oriamendi.eus\/wp-content\/uploads\/2020\/09\/Venta-de-entradas.jpg","type":"image\/jpeg"}],"author":"Endika Barrenetxea","twitter_card":"summary_large_image","twitter_creator":"@oriamendi2010","twitter_site":"@oriamendi2010","twitter_misc":{"Escrito por":"Endika Barrenetxea","Tiempo de lectura":"1 minuto"},"schema":{"@context":"https:\/\/schema.org","@graph":[{"@type":"Article","@id":"https:\/\/oriamendi.eus\/es\/2020\/09\/11\/zaleek-kutxabank-torneoaren-finalerdirako-finalerako-sarrerak-eskuratu-daitezke-erremontea-remonte-jai-alai-jaialai\/#article","isPartOf":{"@id":"https:\/\/oriamendi.eus\/es\/2020\/09\/11\/zaleek-kutxabank-torneoaren-finalerdirako-finalerako-sarrerak-eskuratu-daitezke-erremontea-remonte-jai-alai-jaialai\/"},"author":{"name":"Endika Barrenetxea","@id":"https:\/\/oriamendi.eus\/es\/#\/schema\/person\/d50c13df7440d84706fe7d03941cc92f"},"headline":"Los aficionados ya pueden adquirir entradas para la semifinal y final del Kutxabank","datePublished":"2020-09-11T07:29:52+00:00","dateModified":"2020-09-11T11:48:30+00:00","mainEntityOfPage":{"@id":"https:\/\/oriamendi.eus\/es\/2020\/09\/11\/zaleek-kutxabank-torneoaren-finalerdirako-finalerako-sarrerak-eskuratu-daitezke-erremontea-remonte-jai-alai-jaialai\/"},"wordCount":141,"publisher":{"@id":"https:\/\/oriamendi.eus\/es\/#organization"},"articleSection":["Sin categorizar"],"inLanguage":"es"},{"@type":"WebPage","@id":"https:\/\/oriamendi.eus\/es\/2020\/09\/11\/zaleek-kutxabank-torneoaren-finalerdirako-finalerako-sarrerak-eskuratu-daitezke-erremontea-remonte-jai-alai-jaialai\/","url":"https:\/\/oriamendi.eus\/es\/2020\/09\/11\/zaleek-kutxabank-torneoaren-finalerdirako-finalerako-sarrerak-eskuratu-daitezke-erremontea-remonte-jai-alai-jaialai\/","name":"Los aficionados ya pueden adquirir entradas para la semifinal y final del Kutxabank | Oriamendi 2010","isPartOf":{"@id":"https:\/\/oriamendi.eus\/es\/#website"},"datePublished":"2020-09-11T07:29:52+00:00","dateModified":"2020-09-11T11:48:30+00:00","breadcrumb":{"@id":"https:\/\/oriamendi.eus\/es\/2020\/09\/11\/zaleek-kutxabank-torneoaren-finalerdirako-finalerako-sarrerak-eskuratu-daitezke-erremontea-remonte-jai-alai-jaialai\/#breadcrumb"},"inLanguage":"es","potentialAction":[{"@type":"ReadAction","target":["https:\/\/oriamendi.eus\/es\/2020\/09\/11\/zaleek-kutxabank-torneoaren-finalerdirako-finalerako-sarrerak-eskuratu-daitezke-erremontea-remonte-jai-alai-jaialai\/"]}]},{"@type":"BreadcrumbList","@id":"https:\/\/oriamendi.eus\/es\/2020\/09\/11\/zaleek-kutxabank-torneoaren-finalerdirako-finalerako-sarrerak-eskuratu-daitezke-erremontea-remonte-jai-alai-jaialai\/#breadcrumb","itemListElement":[{"@type":"ListItem","position":1,"name":"Portada","item":"https:\/\/oriamendi.eus\/es\/"},{"@type":"ListItem","position":2,"name":"Los aficionados ya pueden adquirir entradas para la semifinal y final del Kutxabank"}]},{"@type":"WebSite","@id":"https:\/\/oriamendi.eus\/es\/#website","url":"https:\/\/oriamendi.eus\/es\/","name":"Oriamendi","description":"Remonte en Galarreta. Hernani. Gipuzkoa","publisher":{"@id":"https:\/\/oriamendi.eus\/es\/#organization"},"potentialAction":[{"@type":"SearchAction","target":{"@type":"EntryPoint","urlTemplate":"https:\/\/oriamendi.eus\/es\/?s={search_term_string}"},"query-input":"required name=search_term_string"}],"inLanguage":"es"},{"@type":"Organization","@id":"https:\/\/oriamendi.eus\/es\/#organization","name":"Oriamendi","url":"https:\/\/oriamendi.eus\/es\/","logo":{"@type":"ImageObject","inLanguage":"es","@id":"https:\/\/oriamendi.eus\/es\/#\/schema\/logo\/image\/","url":"https:\/\/oriamendi.eus\/wp-content\/uploads\/2020\/06\/logo-oriamendi.png","contentUrl":"https:\/\/oriamendi.eus\/wp-content\/uploads\/2020\/06\/logo-oriamendi.png","width":300,"height":90,"caption":"Oriamendi"},"image":{"@id":"https:\/\/oriamendi.eus\/es\/#\/schema\/logo\/image\/"},"sameAs":["https:\/\/www.facebook.com\/oriamendi2010remonte\/","https:\/\/twitter.com\/oriamendi2010","https:\/\/www.instagram.com\/galarretajaialai\/","https:\/\/www.youtube.com\/channel\/UC8gVNzQqB1iwnC-_rI-ihmA\/featured"]},{"@type":"Person","@id":"https:\/\/oriamendi.eus\/es\/#\/schema\/person\/d50c13df7440d84706fe7d03941cc92f","name":"Endika Barrenetxea","image":{"@type":"ImageObject","inLanguage":"es","@id":"https:\/\/oriamendi.eus\/es\/#\/schema\/person\/image\/","url":"https:\/\/secure.gravatar.com\/avatar\/26a16205d858e579d56d8adc8addd712?s=96&d=mm&r=g","contentUrl":"https:\/\/secure.gravatar.com\/avatar\/26a16205d858e579d56d8adc8addd712?s=96&d=mm&r=g","caption":"Endika Barrenetxea"},"url":"https:\/\/oriamendi.eus\/es\/author\/om-kudeaketa\/"}]}},"_links":{"self":[{"href":"https:\/\/oriamendi.eus\/es\/wp-json\/wp\/v2\/posts\/4628"}],"collection":[{"href":"https:\/\/oriamendi.eus\/es\/wp-json\/wp\/v2\/posts"}],"about":[{"href":"https:\/\/oriamendi.eus\/es\/wp-json\/wp\/v2\/types\/post"}],"author":[{"embeddable":true,"href":"https:\/\/oriamendi.eus\/es\/wp-json\/wp\/v2\/users\/3"}],"replies":[{"embeddable":true,"href":"https:\/\/oriamendi.eus\/es\/wp-json\/wp\/v2\/comments?post=4628"}],"version-history":[{"count":4,"href":"https:\/\/oriamendi.eus\/es\/wp-json\/wp\/v2\/posts\/4628\/revisions"}],"predecessor-version":[{"id":4637,"href":"https:\/\/oriamendi.eus\/es\/wp-json\/wp\/v2\/posts\/4628\/revisions\/4637"}],"wp:featuredmedia":[{"embeddable":true,"href":"https:\/\/oriamendi.eus\/es\/wp-json\/wp\/v2\/media\/4631"}],"wp:attachment":[{"href":"https:\/\/oriamendi.eus\/es\/wp-json\/wp\/v2\/media?parent=4628"}],"wp:term":[{"taxonomy":"category","embeddable":true,"href":"https:\/\/oriamendi.eus\/es\/wp-json\/wp\/v2\/categories?post=4628"},{"taxonomy":"post_tag","embeddable":true,"href":"https:\/\/oriamendi.eus\/es\/wp-json\/wp\/v2\/tags?post=4628"}],"curies":[{"name":"wp","href":"https:\/\/api.w.org\/{rel}","templated":true}]}}