                                        
                                        
                                        
                                        
                                        
                                        
                                        
                                        
                                        
                                        
                                        
                                        
                                        
                                        
                                        
                                        
                                        
                                        
{"id":4509,"date":"2020-09-04T10:02:26","date_gmt":"2020-09-04T08:02:26","guid":{"rendered":"https:\/\/oriamendi.eus\/?p=4509"},"modified":"2020-09-04T10:05:17","modified_gmt":"2020-09-04T08:05:17","slug":"barrenetxeak-23-30-galdu-du-endikaren-aurka-eta-finalerdietara-sailkapena-zaila-du-azken-jardunaldian-erremontea-jaialai-jai-alai-remontea","status":"publish","type":"post","link":"https:\/\/oriamendi.eus\/es\/2020\/09\/04\/barrenetxeak-23-30-galdu-du-endikaren-aurka-eta-finalerdietara-sailkapena-zaila-du-azken-jardunaldian-erremontea-jaialai-jai-alai-remontea\/","title":{"rendered":"Barrenetxea pierde 23-30 ante Endika y tiene complicada la clasificaci\u00f3n a semifinales en la \u00faltima jornada"},"content":{"rendered":"\n<p><strong>Con el resultado de hoy, Urriza est\u00e1 casi en la final y para que Juanenea y Endika sigan en el Torneo necesitan no perder un punto<\/strong><br>El a\u00f1o pasado Endika Barrenetxea qued\u00f3 campe\u00f3n en el Torneo Kutxabank, pero este a\u00f1o tiene casi imposible clasificarse a la siguiente fase. Barrenetxea ha perdido 23-30 ante Endika en Galarreta y con cero puntos, en la \u00faltima jornada tiene que esperar a diferentes resultados para tener opciones. En el partido entre Juanenea y Endika uno de los dos deber\u00eda quedarse en 16 o menos tantos y \u00e9l superar a Urriza en el partido entre ambos. Los dos factores son muy dif\u00edciles.<br>Con el resultado de hoy, Urriza no puede estar m\u00e1s cerca de la final. Tiene ocho puntos y Juanenea y Endika tienen cuatro. En la \u00faltima jornada debe quedar en 16 o menos tantos para no acceder directamente a la final. Con el menos uno cambiar\u00edan las cosas en los dos partidos que quedan. No es imposible, pero s\u00ed casi imposible clasificar a Barrenetxea y que Urriza no acabe primero<\/p>\n\n\n\n<p><strong>A Barrenetxea le fall\u00f3 su mejor arma, el saque<\/strong><br>En el partido entre los dos Endika el saque fue decisivo. Es el\u00a0 punto fuerte de Barrenetxea, pero ayer Endika acert\u00f3 con el saque y le hizo mucho da\u00f1o. Hizo 11 tantos de saque y dos faltas. El zaguero hernaniarra realiz\u00f3 cuatro tantos de saque y cuatro faltas. Ah\u00ed estuvo la diferencia. No fue un partido peloteado.<\/p>\n\n\n\n<p><\/p>\n\n\n\n<figure class=\"wp-block-image size-large\"><img fetchpriority=\"high\" fetchpriority=\"high\" decoding=\"async\" width=\"1024\" height=\"622\" src=\"https:\/\/oriamendi.eus\/wp-content\/uploads\/2020\/09\/SAILKAPENA-orain-1024x622.jpg\" alt=\"\" class=\"wp-image-4505\" srcset=\"https:\/\/oriamendi.eus\/wp-content\/uploads\/2020\/09\/SAILKAPENA-orain-980x596.jpg 980w, https:\/\/oriamendi.eus\/wp-content\/uploads\/2020\/09\/SAILKAPENA-orain-480x292.jpg 480w\" sizes=\"(min-width: 0px) and (max-width: 480px) 480px, (min-width: 481px) and (max-width: 980px) 980px, (min-width: 981px) 1024px, 100vw\" \/><\/figure>\n","protected":false},"excerpt":{"rendered":"<p>Con el resultado de hoy, Urriza est\u00e1 casi en la final y para que Juanenea y Endika sigan en el Torneo necesitan no perder un puntoEl a\u00f1o pasado Endika Barrenetxea qued\u00f3 campe\u00f3n en el Torneo Kutxabank, pero este a\u00f1o tiene casi imposible clasificarse a la siguiente fase. Barrenetxea ha perdido 23-30 ante Endika en Galarreta [&hellip;]<\/p>\n","protected":false},"author":3,"featured_media":4949,"comment_status":"closed","ping_status":"open","sticky":false,"template":"","format":"standard","meta":{"_et_pb_use_builder":"off","_et_pb_old_content":"","_et_gb_content_width":"","footnotes":""},"categories":[1],"tags":[],"yoast_head":"<!-- This site is optimized with the Yoast SEO plugin v21.8 - https:\/\/yoast.com\/wordpress\/plugins\/seo\/ -->\n<title>Barrenetxea pierde 23-30 ante Endika y tiene complicada la clasificaci\u00f3n a semifinales en la \u00faltima jornada | Oriamendi 2010<\/title>\n<meta name=\"robots\" content=\"index, follow, max-snippet:-1, max-image-preview:large, max-video-preview:-1\" \/>\n<link rel=\"canonical\" href=\"https:\/\/oriamendi.eus\/es\/2020\/09\/04\/barrenetxeak-23-30-galdu-du-endikaren-aurka-eta-finalerdietara-sailkapena-zaila-du-azken-jardunaldian-erremontea-jaialai-jai-alai-remontea\/\" \/>\n<meta property=\"og:locale\" content=\"es_ES\" \/>\n<meta property=\"og:type\" content=\"article\" \/>\n<meta property=\"og:title\" content=\"Barrenetxea pierde 23-30 ante Endika y tiene complicada la clasificaci\u00f3n a semifinales en la \u00faltima jornada | Oriamendi 2010\" \/>\n<meta property=\"og:description\" content=\"Con el resultado de hoy, Urriza est\u00e1 casi en la final y para que Juanenea y Endika sigan en el Torneo necesitan no perder un puntoEl a\u00f1o pasado Endika Barrenetxea qued\u00f3 campe\u00f3n en el Torneo Kutxabank, pero este a\u00f1o tiene casi imposible clasificarse a la siguiente fase. Barrenetxea ha perdido 23-30 ante Endika en Galarreta [&hellip;]\" \/>\n<meta property=\"og:url\" content=\"https:\/\/oriamendi.eus\/es\/2020\/09\/04\/barrenetxeak-23-30-galdu-du-endikaren-aurka-eta-finalerdietara-sailkapena-zaila-du-azken-jardunaldian-erremontea-jaialai-jai-alai-remontea\/\" \/>\n<meta property=\"og:site_name\" content=\"Oriamendi 2010\" \/>\n<meta property=\"article:publisher\" content=\"https:\/\/www.facebook.com\/oriamendi2010remonte\/\" \/>\n<meta property=\"article:published_time\" content=\"2020-09-04T08:02:26+00:00\" \/>\n<meta property=\"article:modified_time\" content=\"2020-09-04T08:05:17+00:00\" \/>\n<meta property=\"og:image\" content=\"https:\/\/oriamendi.eus\/wp-content\/uploads\/2020\/09\/MA009-scaled-1.jpg\" \/>\n\t<meta property=\"og:image:width\" content=\"1200\" \/>\n\t<meta property=\"og:image:height\" content=\"800\" \/>\n\t<meta property=\"og:image:type\" content=\"image\/jpeg\" \/>\n<meta name=\"author\" content=\"Endika Barrenetxea\" \/>\n<meta name=\"twitter:card\" content=\"summary_large_image\" \/>\n<meta name=\"twitter:creator\" content=\"@oriamendi2010\" \/>\n<meta name=\"twitter:site\" content=\"@oriamendi2010\" \/>\n<meta name=\"twitter:label1\" content=\"Escrito por\" \/>\n\t<meta name=\"twitter:data1\" content=\"Endika Barrenetxea\" \/>\n\t<meta name=\"twitter:label2\" content=\"Tiempo de lectura\" \/>\n\t<meta name=\"twitter:data2\" content=\"1 minuto\" \/>\n<script type=\"application\/ld+json\" class=\"yoast-schema-graph\">{\"@context\":\"https:\/\/schema.org\",\"@graph\":[{\"@type\":\"Article\",\"@id\":\"https:\/\/oriamendi.eus\/es\/2020\/09\/04\/barrenetxeak-23-30-galdu-du-endikaren-aurka-eta-finalerdietara-sailkapena-zaila-du-azken-jardunaldian-erremontea-jaialai-jai-alai-remontea\/#article\",\"isPartOf\":{\"@id\":\"https:\/\/oriamendi.eus\/es\/2020\/09\/04\/barrenetxeak-23-30-galdu-du-endikaren-aurka-eta-finalerdietara-sailkapena-zaila-du-azken-jardunaldian-erremontea-jaialai-jai-alai-remontea\/\"},\"author\":{\"name\":\"Endika Barrenetxea\",\"@id\":\"https:\/\/oriamendi.eus\/es\/#\/schema\/person\/d50c13df7440d84706fe7d03941cc92f\"},\"headline\":\"Barrenetxea pierde 23-30 ante Endika y tiene complicada la clasificaci\u00f3n a semifinales en la \u00faltima jornada\",\"datePublished\":\"2020-09-04T08:02:26+00:00\",\"dateModified\":\"2020-09-04T08:05:17+00:00\",\"mainEntityOfPage\":{\"@id\":\"https:\/\/oriamendi.eus\/es\/2020\/09\/04\/barrenetxeak-23-30-galdu-du-endikaren-aurka-eta-finalerdietara-sailkapena-zaila-du-azken-jardunaldian-erremontea-jaialai-jai-alai-remontea\/\"},\"wordCount\":265,\"publisher\":{\"@id\":\"https:\/\/oriamendi.eus\/es\/#organization\"},\"articleSection\":[\"Sin categorizar\"],\"inLanguage\":\"es\"},{\"@type\":\"WebPage\",\"@id\":\"https:\/\/oriamendi.eus\/es\/2020\/09\/04\/barrenetxeak-23-30-galdu-du-endikaren-aurka-eta-finalerdietara-sailkapena-zaila-du-azken-jardunaldian-erremontea-jaialai-jai-alai-remontea\/\",\"url\":\"https:\/\/oriamendi.eus\/es\/2020\/09\/04\/barrenetxeak-23-30-galdu-du-endikaren-aurka-eta-finalerdietara-sailkapena-zaila-du-azken-jardunaldian-erremontea-jaialai-jai-alai-remontea\/\",\"name\":\"Barrenetxea pierde 23-30 ante Endika y tiene complicada la clasificaci\u00f3n a semifinales en la \u00faltima jornada | Oriamendi 2010\",\"isPartOf\":{\"@id\":\"https:\/\/oriamendi.eus\/es\/#website\"},\"datePublished\":\"2020-09-04T08:02:26+00:00\",\"dateModified\":\"2020-09-04T08:05:17+00:00\",\"breadcrumb\":{\"@id\":\"https:\/\/oriamendi.eus\/es\/2020\/09\/04\/barrenetxeak-23-30-galdu-du-endikaren-aurka-eta-finalerdietara-sailkapena-zaila-du-azken-jardunaldian-erremontea-jaialai-jai-alai-remontea\/#breadcrumb\"},\"inLanguage\":\"es\",\"potentialAction\":[{\"@type\":\"ReadAction\",\"target\":[\"https:\/\/oriamendi.eus\/es\/2020\/09\/04\/barrenetxeak-23-30-galdu-du-endikaren-aurka-eta-finalerdietara-sailkapena-zaila-du-azken-jardunaldian-erremontea-jaialai-jai-alai-remontea\/\"]}]},{\"@type\":\"BreadcrumbList\",\"@id\":\"https:\/\/oriamendi.eus\/es\/2020\/09\/04\/barrenetxeak-23-30-galdu-du-endikaren-aurka-eta-finalerdietara-sailkapena-zaila-du-azken-jardunaldian-erremontea-jaialai-jai-alai-remontea\/#breadcrumb\",\"itemListElement\":[{\"@type\":\"ListItem\",\"position\":1,\"name\":\"Portada\",\"item\":\"https:\/\/oriamendi.eus\/es\/\"},{\"@type\":\"ListItem\",\"position\":2,\"name\":\"Barrenetxea pierde 23-30 ante Endika y tiene complicada la clasificaci\u00f3n a semifinales en la \u00faltima jornada\"}]},{\"@type\":\"WebSite\",\"@id\":\"https:\/\/oriamendi.eus\/es\/#website\",\"url\":\"https:\/\/oriamendi.eus\/es\/\",\"name\":\"Oriamendi\",\"description\":\"Remonte en Galarreta. Hernani. Gipuzkoa\",\"publisher\":{\"@id\":\"https:\/\/oriamendi.eus\/es\/#organization\"},\"potentialAction\":[{\"@type\":\"SearchAction\",\"target\":{\"@type\":\"EntryPoint\",\"urlTemplate\":\"https:\/\/oriamendi.eus\/es\/?s={search_term_string}\"},\"query-input\":\"required name=search_term_string\"}],\"inLanguage\":\"es\"},{\"@type\":\"Organization\",\"@id\":\"https:\/\/oriamendi.eus\/es\/#organization\",\"name\":\"Oriamendi\",\"url\":\"https:\/\/oriamendi.eus\/es\/\",\"logo\":{\"@type\":\"ImageObject\",\"inLanguage\":\"es\",\"@id\":\"https:\/\/oriamendi.eus\/es\/#\/schema\/logo\/image\/\",\"url\":\"https:\/\/oriamendi.eus\/wp-content\/uploads\/2020\/06\/logo-oriamendi.png\",\"contentUrl\":\"https:\/\/oriamendi.eus\/wp-content\/uploads\/2020\/06\/logo-oriamendi.png\",\"width\":300,\"height\":90,\"caption\":\"Oriamendi\"},\"image\":{\"@id\":\"https:\/\/oriamendi.eus\/es\/#\/schema\/logo\/image\/\"},\"sameAs\":[\"https:\/\/www.facebook.com\/oriamendi2010remonte\/\",\"https:\/\/twitter.com\/oriamendi2010\",\"https:\/\/www.instagram.com\/galarretajaialai\/\",\"https:\/\/www.youtube.com\/channel\/UC8gVNzQqB1iwnC-_rI-ihmA\/featured\"]},{\"@type\":\"Person\",\"@id\":\"https:\/\/oriamendi.eus\/es\/#\/schema\/person\/d50c13df7440d84706fe7d03941cc92f\",\"name\":\"Endika Barrenetxea\",\"image\":{\"@type\":\"ImageObject\",\"inLanguage\":\"es\",\"@id\":\"https:\/\/oriamendi.eus\/es\/#\/schema\/person\/image\/\",\"url\":\"https:\/\/secure.gravatar.com\/avatar\/26a16205d858e579d56d8adc8addd712?s=96&d=mm&r=g\",\"contentUrl\":\"https:\/\/secure.gravatar.com\/avatar\/26a16205d858e579d56d8adc8addd712?s=96&d=mm&r=g\",\"caption\":\"Endika Barrenetxea\"},\"url\":\"https:\/\/oriamendi.eus\/es\/author\/om-kudeaketa\/\"}]}<\/script>\n<!-- \/ Yoast SEO plugin. -->","yoast_head_json":{"title":"Barrenetxea pierde 23-30 ante Endika y tiene complicada la clasificaci\u00f3n a semifinales en la \u00faltima jornada | Oriamendi 2010","robots":{"index":"index","follow":"follow","max-snippet":"max-snippet:-1","max-image-preview":"max-image-preview:large","max-video-preview":"max-video-preview:-1"},"canonical":"https:\/\/oriamendi.eus\/es\/2020\/09\/04\/barrenetxeak-23-30-galdu-du-endikaren-aurka-eta-finalerdietara-sailkapena-zaila-du-azken-jardunaldian-erremontea-jaialai-jai-alai-remontea\/","og_locale":"es_ES","og_type":"article","og_title":"Barrenetxea pierde 23-30 ante Endika y tiene complicada la clasificaci\u00f3n a semifinales en la \u00faltima jornada | Oriamendi 2010","og_description":"Con el resultado de hoy, Urriza est\u00e1 casi en la final y para que Juanenea y Endika sigan en el Torneo necesitan no perder un puntoEl a\u00f1o pasado Endika Barrenetxea qued\u00f3 campe\u00f3n en el Torneo Kutxabank, pero este a\u00f1o tiene casi imposible clasificarse a la siguiente fase. Barrenetxea ha perdido 23-30 ante Endika en Galarreta [&hellip;]","og_url":"https:\/\/oriamendi.eus\/es\/2020\/09\/04\/barrenetxeak-23-30-galdu-du-endikaren-aurka-eta-finalerdietara-sailkapena-zaila-du-azken-jardunaldian-erremontea-jaialai-jai-alai-remontea\/","og_site_name":"Oriamendi 2010","article_publisher":"https:\/\/www.facebook.com\/oriamendi2010remonte\/","article_published_time":"2020-09-04T08:02:26+00:00","article_modified_time":"2020-09-04T08:05:17+00:00","og_image":[{"width":1200,"height":800,"url":"https:\/\/oriamendi.eus\/wp-content\/uploads\/2020\/09\/MA009-scaled-1.jpg","type":"image\/jpeg"}],"author":"Endika Barrenetxea","twitter_card":"summary_large_image","twitter_creator":"@oriamendi2010","twitter_site":"@oriamendi2010","twitter_misc":{"Escrito por":"Endika Barrenetxea","Tiempo de lectura":"1 minuto"},"schema":{"@context":"https:\/\/schema.org","@graph":[{"@type":"Article","@id":"https:\/\/oriamendi.eus\/es\/2020\/09\/04\/barrenetxeak-23-30-galdu-du-endikaren-aurka-eta-finalerdietara-sailkapena-zaila-du-azken-jardunaldian-erremontea-jaialai-jai-alai-remontea\/#article","isPartOf":{"@id":"https:\/\/oriamendi.eus\/es\/2020\/09\/04\/barrenetxeak-23-30-galdu-du-endikaren-aurka-eta-finalerdietara-sailkapena-zaila-du-azken-jardunaldian-erremontea-jaialai-jai-alai-remontea\/"},"author":{"name":"Endika Barrenetxea","@id":"https:\/\/oriamendi.eus\/es\/#\/schema\/person\/d50c13df7440d84706fe7d03941cc92f"},"headline":"Barrenetxea pierde 23-30 ante Endika y tiene complicada la clasificaci\u00f3n a semifinales en la \u00faltima jornada","datePublished":"2020-09-04T08:02:26+00:00","dateModified":"2020-09-04T08:05:17+00:00","mainEntityOfPage":{"@id":"https:\/\/oriamendi.eus\/es\/2020\/09\/04\/barrenetxeak-23-30-galdu-du-endikaren-aurka-eta-finalerdietara-sailkapena-zaila-du-azken-jardunaldian-erremontea-jaialai-jai-alai-remontea\/"},"wordCount":265,"publisher":{"@id":"https:\/\/oriamendi.eus\/es\/#organization"},"articleSection":["Sin categorizar"],"inLanguage":"es"},{"@type":"WebPage","@id":"https:\/\/oriamendi.eus\/es\/2020\/09\/04\/barrenetxeak-23-30-galdu-du-endikaren-aurka-eta-finalerdietara-sailkapena-zaila-du-azken-jardunaldian-erremontea-jaialai-jai-alai-remontea\/","url":"https:\/\/oriamendi.eus\/es\/2020\/09\/04\/barrenetxeak-23-30-galdu-du-endikaren-aurka-eta-finalerdietara-sailkapena-zaila-du-azken-jardunaldian-erremontea-jaialai-jai-alai-remontea\/","name":"Barrenetxea pierde 23-30 ante Endika y tiene complicada la clasificaci\u00f3n a semifinales en la \u00faltima jornada | Oriamendi 2010","isPartOf":{"@id":"https:\/\/oriamendi.eus\/es\/#website"},"datePublished":"2020-09-04T08:02:26+00:00","dateModified":"2020-09-04T08:05:17+00:00","breadcrumb":{"@id":"https:\/\/oriamendi.eus\/es\/2020\/09\/04\/barrenetxeak-23-30-galdu-du-endikaren-aurka-eta-finalerdietara-sailkapena-zaila-du-azken-jardunaldian-erremontea-jaialai-jai-alai-remontea\/#breadcrumb"},"inLanguage":"es","potentialAction":[{"@type":"ReadAction","target":["https:\/\/oriamendi.eus\/es\/2020\/09\/04\/barrenetxeak-23-30-galdu-du-endikaren-aurka-eta-finalerdietara-sailkapena-zaila-du-azken-jardunaldian-erremontea-jaialai-jai-alai-remontea\/"]}]},{"@type":"BreadcrumbList","@id":"https:\/\/oriamendi.eus\/es\/2020\/09\/04\/barrenetxeak-23-30-galdu-du-endikaren-aurka-eta-finalerdietara-sailkapena-zaila-du-azken-jardunaldian-erremontea-jaialai-jai-alai-remontea\/#breadcrumb","itemListElement":[{"@type":"ListItem","position":1,"name":"Portada","item":"https:\/\/oriamendi.eus\/es\/"},{"@type":"ListItem","position":2,"name":"Barrenetxea pierde 23-30 ante Endika y tiene complicada la clasificaci\u00f3n a semifinales en la \u00faltima jornada"}]},{"@type":"WebSite","@id":"https:\/\/oriamendi.eus\/es\/#website","url":"https:\/\/oriamendi.eus\/es\/","name":"Oriamendi","description":"Remonte en Galarreta. Hernani. Gipuzkoa","publisher":{"@id":"https:\/\/oriamendi.eus\/es\/#organization"},"potentialAction":[{"@type":"SearchAction","target":{"@type":"EntryPoint","urlTemplate":"https:\/\/oriamendi.eus\/es\/?s={search_term_string}"},"query-input":"required name=search_term_string"}],"inLanguage":"es"},{"@type":"Organization","@id":"https:\/\/oriamendi.eus\/es\/#organization","name":"Oriamendi","url":"https:\/\/oriamendi.eus\/es\/","logo":{"@type":"ImageObject","inLanguage":"es","@id":"https:\/\/oriamendi.eus\/es\/#\/schema\/logo\/image\/","url":"https:\/\/oriamendi.eus\/wp-content\/uploads\/2020\/06\/logo-oriamendi.png","contentUrl":"https:\/\/oriamendi.eus\/wp-content\/uploads\/2020\/06\/logo-oriamendi.png","width":300,"height":90,"caption":"Oriamendi"},"image":{"@id":"https:\/\/oriamendi.eus\/es\/#\/schema\/logo\/image\/"},"sameAs":["https:\/\/www.facebook.com\/oriamendi2010remonte\/","https:\/\/twitter.com\/oriamendi2010","https:\/\/www.instagram.com\/galarretajaialai\/","https:\/\/www.youtube.com\/channel\/UC8gVNzQqB1iwnC-_rI-ihmA\/featured"]},{"@type":"Person","@id":"https:\/\/oriamendi.eus\/es\/#\/schema\/person\/d50c13df7440d84706fe7d03941cc92f","name":"Endika Barrenetxea","image":{"@type":"ImageObject","inLanguage":"es","@id":"https:\/\/oriamendi.eus\/es\/#\/schema\/person\/image\/","url":"https:\/\/secure.gravatar.com\/avatar\/26a16205d858e579d56d8adc8addd712?s=96&d=mm&r=g","contentUrl":"https:\/\/secure.gravatar.com\/avatar\/26a16205d858e579d56d8adc8addd712?s=96&d=mm&r=g","caption":"Endika Barrenetxea"},"url":"https:\/\/oriamendi.eus\/es\/author\/om-kudeaketa\/"}]}},"_links":{"self":[{"href":"https:\/\/oriamendi.eus\/es\/wp-json\/wp\/v2\/posts\/4509"}],"collection":[{"href":"https:\/\/oriamendi.eus\/es\/wp-json\/wp\/v2\/posts"}],"about":[{"href":"https:\/\/oriamendi.eus\/es\/wp-json\/wp\/v2\/types\/post"}],"author":[{"embeddable":true,"href":"https:\/\/oriamendi.eus\/es\/wp-json\/wp\/v2\/users\/3"}],"replies":[{"embeddable":true,"href":"https:\/\/oriamendi.eus\/es\/wp-json\/wp\/v2\/comments?post=4509"}],"version-history":[{"count":2,"href":"https:\/\/oriamendi.eus\/es\/wp-json\/wp\/v2\/posts\/4509\/revisions"}],"predecessor-version":[{"id":4512,"href":"https:\/\/oriamendi.eus\/es\/wp-json\/wp\/v2\/posts\/4509\/revisions\/4512"}],"wp:featuredmedia":[{"embeddable":true,"href":"https:\/\/oriamendi.eus\/es\/wp-json\/wp\/v2\/media\/4949"}],"wp:attachment":[{"href":"https:\/\/oriamendi.eus\/es\/wp-json\/wp\/v2\/media?parent=4509"}],"wp:term":[{"taxonomy":"category","embeddable":true,"href":"https:\/\/oriamendi.eus\/es\/wp-json\/wp\/v2\/categories?post=4509"},{"taxonomy":"post_tag","embeddable":true,"href":"https:\/\/oriamendi.eus\/es\/wp-json\/wp\/v2\/tags?post=4509"}],"curies":[{"name":"wp","href":"https:\/\/api.w.org\/{rel}","templated":true}]}}