                                        
                                        
                                        
                                        
                                        
                                        
                                        
                                        
                                        
                                        
                                        
                                        
                                        
                                        
                                        
                                        
                                        
                                        
{"id":4500,"date":"2020-09-02T13:13:06","date_gmt":"2020-09-02T11:13:06","guid":{"rendered":"https:\/\/oriamendi.eus\/?p=4500"},"modified":"2020-09-02T13:13:42","modified_gmt":"2020-09-02T11:13:42","slug":"barrenetxea-iv-ak-endikak-garaipena-behar-dute-banakakoan-erremonte-remonte-jai-alai-jaialai","status":"publish","type":"post","link":"https:\/\/oriamendi.eus\/es\/2020\/09\/02\/barrenetxea-iv-ak-endikak-garaipena-behar-dute-banakakoan-erremonte-remonte-jai-alai-jaialai\/","title":{"rendered":"Barrenetxea IV y Endika necesitan la victoria en el individual"},"content":{"rendered":"\n<p>Barrenetxea IV y Endika perdieron en su estreno en el Torneo Kutxabank y ma\u00f1ana se enfrentar\u00e1n en la cuarta jornada de la liguilla de semifinales. Ambos se quedaron en cero puntos y necesitan la victoria para no quedarse cerca de la eliminaci\u00f3n.&nbsp;La victoria los mantendr\u00eda en la pelea por pasar de ronda y la derrota los dejar\u00eda en serio peligro. Los duelos entre ambos son ya cl\u00e1sicos en el Torneo Kutxabank y en el Masters individual. Hasta hace dos a\u00f1os era Endika el que consegu\u00eda mejores resultados, pero desde 2019 es Barrenetxea quien se ha llevado los delos entre ambos. Siempre son muy igualados y disputados los partidos entre los dos Endika y jug\u00e1ndose mucho se espera un duelo tenso, nervioso y tambi\u00e9n igualado.&nbsp;La derrota de Barrenetxea se produjo ante Juanenea y el de Endika ante Urriza, por lo que el zaguero hernaniarra se complicar\u00eda mucho m\u00e1s en caso de perder, ya que finalizar la liguilla ante Urriza es muy peligroso.&nbsp;Siendo el segundo partido para ambos estar\u00e1n m\u00e1s encanchados y se espera m\u00e1s afinados. No jugaron mal el primer partido, pero se encontraron con dos rivales que fueron superiores ese d\u00eda. Hay que recordar que Urriza cuenta con ocho puntos, Juanenea cuatro y los dos Endika cuentan con cero.&nbsp;<\/p>\n","protected":false},"excerpt":{"rendered":"<p>Barrenetxea IV y Endika perdieron en su estreno en el Torneo Kutxabank y ma\u00f1ana se enfrentar\u00e1n en la cuarta jornada de la liguilla de semifinales. Ambos se quedaron en cero puntos y necesitan la victoria para no quedarse cerca de la eliminaci\u00f3n.&nbsp;La victoria los mantendr\u00eda en la pelea por pasar de ronda y la derrota [&hellip;]<\/p>\n","protected":false},"author":3,"featured_media":4934,"comment_status":"closed","ping_status":"open","sticky":false,"template":"","format":"standard","meta":{"_et_pb_use_builder":"off","_et_pb_old_content":"","_et_gb_content_width":"","footnotes":""},"categories":[1],"tags":[],"yoast_head":"<!-- This site is optimized with the Yoast SEO plugin v21.8 - https:\/\/yoast.com\/wordpress\/plugins\/seo\/ -->\n<title>Barrenetxea IV y Endika necesitan la victoria en el individual | Oriamendi 2010<\/title>\n<meta name=\"robots\" content=\"index, follow, max-snippet:-1, max-image-preview:large, max-video-preview:-1\" \/>\n<link rel=\"canonical\" href=\"https:\/\/oriamendi.eus\/es\/2020\/09\/02\/barrenetxea-iv-ak-endikak-garaipena-behar-dute-banakakoan-erremonte-remonte-jai-alai-jaialai\/\" \/>\n<meta property=\"og:locale\" content=\"es_ES\" \/>\n<meta property=\"og:type\" content=\"article\" \/>\n<meta property=\"og:title\" content=\"Barrenetxea IV y Endika necesitan la victoria en el individual | Oriamendi 2010\" \/>\n<meta property=\"og:description\" content=\"Barrenetxea IV y Endika perdieron en su estreno en el Torneo Kutxabank y ma\u00f1ana se enfrentar\u00e1n en la cuarta jornada de la liguilla de semifinales. Ambos se quedaron en cero puntos y necesitan la victoria para no quedarse cerca de la eliminaci\u00f3n.&nbsp;La victoria los mantendr\u00eda en la pelea por pasar de ronda y la derrota [&hellip;]\" \/>\n<meta property=\"og:url\" content=\"https:\/\/oriamendi.eus\/es\/2020\/09\/02\/barrenetxea-iv-ak-endikak-garaipena-behar-dute-banakakoan-erremonte-remonte-jai-alai-jaialai\/\" \/>\n<meta property=\"og:site_name\" content=\"Oriamendi 2010\" \/>\n<meta property=\"article:publisher\" content=\"https:\/\/www.facebook.com\/oriamendi2010remonte\/\" \/>\n<meta property=\"article:published_time\" content=\"2020-09-02T11:13:06+00:00\" \/>\n<meta property=\"article:modified_time\" content=\"2020-09-02T11:13:42+00:00\" \/>\n<meta property=\"og:image\" content=\"https:\/\/oriamendi.eus\/wp-content\/uploads\/2020\/09\/Irailaren-3-1.jpg\" \/>\n\t<meta property=\"og:image:width\" content=\"1200\" \/>\n\t<meta property=\"og:image:height\" content=\"857\" \/>\n\t<meta property=\"og:image:type\" content=\"image\/jpeg\" \/>\n<meta name=\"author\" content=\"Endika Barrenetxea\" \/>\n<meta name=\"twitter:card\" content=\"summary_large_image\" \/>\n<meta name=\"twitter:creator\" content=\"@oriamendi2010\" \/>\n<meta name=\"twitter:site\" content=\"@oriamendi2010\" \/>\n<meta name=\"twitter:label1\" content=\"Escrito por\" \/>\n\t<meta name=\"twitter:data1\" content=\"Endika Barrenetxea\" \/>\n\t<meta name=\"twitter:label2\" content=\"Tiempo de lectura\" \/>\n\t<meta name=\"twitter:data2\" content=\"1 minuto\" \/>\n<script type=\"application\/ld+json\" class=\"yoast-schema-graph\">{\"@context\":\"https:\/\/schema.org\",\"@graph\":[{\"@type\":\"Article\",\"@id\":\"https:\/\/oriamendi.eus\/es\/2020\/09\/02\/barrenetxea-iv-ak-endikak-garaipena-behar-dute-banakakoan-erremonte-remonte-jai-alai-jaialai\/#article\",\"isPartOf\":{\"@id\":\"https:\/\/oriamendi.eus\/es\/2020\/09\/02\/barrenetxea-iv-ak-endikak-garaipena-behar-dute-banakakoan-erremonte-remonte-jai-alai-jaialai\/\"},\"author\":{\"name\":\"Endika Barrenetxea\",\"@id\":\"https:\/\/oriamendi.eus\/es\/#\/schema\/person\/d50c13df7440d84706fe7d03941cc92f\"},\"headline\":\"Barrenetxea IV y Endika necesitan la victoria en el individual\",\"datePublished\":\"2020-09-02T11:13:06+00:00\",\"dateModified\":\"2020-09-02T11:13:42+00:00\",\"mainEntityOfPage\":{\"@id\":\"https:\/\/oriamendi.eus\/es\/2020\/09\/02\/barrenetxea-iv-ak-endikak-garaipena-behar-dute-banakakoan-erremonte-remonte-jai-alai-jaialai\/\"},\"wordCount\":241,\"publisher\":{\"@id\":\"https:\/\/oriamendi.eus\/es\/#organization\"},\"articleSection\":[\"Sin categorizar\"],\"inLanguage\":\"es\"},{\"@type\":\"WebPage\",\"@id\":\"https:\/\/oriamendi.eus\/es\/2020\/09\/02\/barrenetxea-iv-ak-endikak-garaipena-behar-dute-banakakoan-erremonte-remonte-jai-alai-jaialai\/\",\"url\":\"https:\/\/oriamendi.eus\/es\/2020\/09\/02\/barrenetxea-iv-ak-endikak-garaipena-behar-dute-banakakoan-erremonte-remonte-jai-alai-jaialai\/\",\"name\":\"Barrenetxea IV y Endika necesitan la victoria en el individual | Oriamendi 2010\",\"isPartOf\":{\"@id\":\"https:\/\/oriamendi.eus\/es\/#website\"},\"datePublished\":\"2020-09-02T11:13:06+00:00\",\"dateModified\":\"2020-09-02T11:13:42+00:00\",\"breadcrumb\":{\"@id\":\"https:\/\/oriamendi.eus\/es\/2020\/09\/02\/barrenetxea-iv-ak-endikak-garaipena-behar-dute-banakakoan-erremonte-remonte-jai-alai-jaialai\/#breadcrumb\"},\"inLanguage\":\"es\",\"potentialAction\":[{\"@type\":\"ReadAction\",\"target\":[\"https:\/\/oriamendi.eus\/es\/2020\/09\/02\/barrenetxea-iv-ak-endikak-garaipena-behar-dute-banakakoan-erremonte-remonte-jai-alai-jaialai\/\"]}]},{\"@type\":\"BreadcrumbList\",\"@id\":\"https:\/\/oriamendi.eus\/es\/2020\/09\/02\/barrenetxea-iv-ak-endikak-garaipena-behar-dute-banakakoan-erremonte-remonte-jai-alai-jaialai\/#breadcrumb\",\"itemListElement\":[{\"@type\":\"ListItem\",\"position\":1,\"name\":\"Portada\",\"item\":\"https:\/\/oriamendi.eus\/es\/\"},{\"@type\":\"ListItem\",\"position\":2,\"name\":\"Barrenetxea IV y Endika necesitan la victoria en el individual\"}]},{\"@type\":\"WebSite\",\"@id\":\"https:\/\/oriamendi.eus\/es\/#website\",\"url\":\"https:\/\/oriamendi.eus\/es\/\",\"name\":\"Oriamendi\",\"description\":\"Remonte en Galarreta. Hernani. Gipuzkoa\",\"publisher\":{\"@id\":\"https:\/\/oriamendi.eus\/es\/#organization\"},\"potentialAction\":[{\"@type\":\"SearchAction\",\"target\":{\"@type\":\"EntryPoint\",\"urlTemplate\":\"https:\/\/oriamendi.eus\/es\/?s={search_term_string}\"},\"query-input\":\"required name=search_term_string\"}],\"inLanguage\":\"es\"},{\"@type\":\"Organization\",\"@id\":\"https:\/\/oriamendi.eus\/es\/#organization\",\"name\":\"Oriamendi\",\"url\":\"https:\/\/oriamendi.eus\/es\/\",\"logo\":{\"@type\":\"ImageObject\",\"inLanguage\":\"es\",\"@id\":\"https:\/\/oriamendi.eus\/es\/#\/schema\/logo\/image\/\",\"url\":\"https:\/\/oriamendi.eus\/wp-content\/uploads\/2020\/06\/logo-oriamendi.png\",\"contentUrl\":\"https:\/\/oriamendi.eus\/wp-content\/uploads\/2020\/06\/logo-oriamendi.png\",\"width\":300,\"height\":90,\"caption\":\"Oriamendi\"},\"image\":{\"@id\":\"https:\/\/oriamendi.eus\/es\/#\/schema\/logo\/image\/\"},\"sameAs\":[\"https:\/\/www.facebook.com\/oriamendi2010remonte\/\",\"https:\/\/twitter.com\/oriamendi2010\",\"https:\/\/www.instagram.com\/galarretajaialai\/\",\"https:\/\/www.youtube.com\/channel\/UC8gVNzQqB1iwnC-_rI-ihmA\/featured\"]},{\"@type\":\"Person\",\"@id\":\"https:\/\/oriamendi.eus\/es\/#\/schema\/person\/d50c13df7440d84706fe7d03941cc92f\",\"name\":\"Endika Barrenetxea\",\"image\":{\"@type\":\"ImageObject\",\"inLanguage\":\"es\",\"@id\":\"https:\/\/oriamendi.eus\/es\/#\/schema\/person\/image\/\",\"url\":\"https:\/\/secure.gravatar.com\/avatar\/26a16205d858e579d56d8adc8addd712?s=96&d=mm&r=g\",\"contentUrl\":\"https:\/\/secure.gravatar.com\/avatar\/26a16205d858e579d56d8adc8addd712?s=96&d=mm&r=g\",\"caption\":\"Endika Barrenetxea\"},\"url\":\"https:\/\/oriamendi.eus\/es\/author\/om-kudeaketa\/\"}]}<\/script>\n<!-- \/ Yoast SEO plugin. -->","yoast_head_json":{"title":"Barrenetxea IV y Endika necesitan la victoria en el individual | Oriamendi 2010","robots":{"index":"index","follow":"follow","max-snippet":"max-snippet:-1","max-image-preview":"max-image-preview:large","max-video-preview":"max-video-preview:-1"},"canonical":"https:\/\/oriamendi.eus\/es\/2020\/09\/02\/barrenetxea-iv-ak-endikak-garaipena-behar-dute-banakakoan-erremonte-remonte-jai-alai-jaialai\/","og_locale":"es_ES","og_type":"article","og_title":"Barrenetxea IV y Endika necesitan la victoria en el individual | Oriamendi 2010","og_description":"Barrenetxea IV y Endika perdieron en su estreno en el Torneo Kutxabank y ma\u00f1ana se enfrentar\u00e1n en la cuarta jornada de la liguilla de semifinales. Ambos se quedaron en cero puntos y necesitan la victoria para no quedarse cerca de la eliminaci\u00f3n.&nbsp;La victoria los mantendr\u00eda en la pelea por pasar de ronda y la derrota [&hellip;]","og_url":"https:\/\/oriamendi.eus\/es\/2020\/09\/02\/barrenetxea-iv-ak-endikak-garaipena-behar-dute-banakakoan-erremonte-remonte-jai-alai-jaialai\/","og_site_name":"Oriamendi 2010","article_publisher":"https:\/\/www.facebook.com\/oriamendi2010remonte\/","article_published_time":"2020-09-02T11:13:06+00:00","article_modified_time":"2020-09-02T11:13:42+00:00","og_image":[{"width":1200,"height":857,"url":"https:\/\/oriamendi.eus\/wp-content\/uploads\/2020\/09\/Irailaren-3-1.jpg","type":"image\/jpeg"}],"author":"Endika Barrenetxea","twitter_card":"summary_large_image","twitter_creator":"@oriamendi2010","twitter_site":"@oriamendi2010","twitter_misc":{"Escrito por":"Endika Barrenetxea","Tiempo de lectura":"1 minuto"},"schema":{"@context":"https:\/\/schema.org","@graph":[{"@type":"Article","@id":"https:\/\/oriamendi.eus\/es\/2020\/09\/02\/barrenetxea-iv-ak-endikak-garaipena-behar-dute-banakakoan-erremonte-remonte-jai-alai-jaialai\/#article","isPartOf":{"@id":"https:\/\/oriamendi.eus\/es\/2020\/09\/02\/barrenetxea-iv-ak-endikak-garaipena-behar-dute-banakakoan-erremonte-remonte-jai-alai-jaialai\/"},"author":{"name":"Endika Barrenetxea","@id":"https:\/\/oriamendi.eus\/es\/#\/schema\/person\/d50c13df7440d84706fe7d03941cc92f"},"headline":"Barrenetxea IV y Endika necesitan la victoria en el individual","datePublished":"2020-09-02T11:13:06+00:00","dateModified":"2020-09-02T11:13:42+00:00","mainEntityOfPage":{"@id":"https:\/\/oriamendi.eus\/es\/2020\/09\/02\/barrenetxea-iv-ak-endikak-garaipena-behar-dute-banakakoan-erremonte-remonte-jai-alai-jaialai\/"},"wordCount":241,"publisher":{"@id":"https:\/\/oriamendi.eus\/es\/#organization"},"articleSection":["Sin categorizar"],"inLanguage":"es"},{"@type":"WebPage","@id":"https:\/\/oriamendi.eus\/es\/2020\/09\/02\/barrenetxea-iv-ak-endikak-garaipena-behar-dute-banakakoan-erremonte-remonte-jai-alai-jaialai\/","url":"https:\/\/oriamendi.eus\/es\/2020\/09\/02\/barrenetxea-iv-ak-endikak-garaipena-behar-dute-banakakoan-erremonte-remonte-jai-alai-jaialai\/","name":"Barrenetxea IV y Endika necesitan la victoria en el individual | Oriamendi 2010","isPartOf":{"@id":"https:\/\/oriamendi.eus\/es\/#website"},"datePublished":"2020-09-02T11:13:06+00:00","dateModified":"2020-09-02T11:13:42+00:00","breadcrumb":{"@id":"https:\/\/oriamendi.eus\/es\/2020\/09\/02\/barrenetxea-iv-ak-endikak-garaipena-behar-dute-banakakoan-erremonte-remonte-jai-alai-jaialai\/#breadcrumb"},"inLanguage":"es","potentialAction":[{"@type":"ReadAction","target":["https:\/\/oriamendi.eus\/es\/2020\/09\/02\/barrenetxea-iv-ak-endikak-garaipena-behar-dute-banakakoan-erremonte-remonte-jai-alai-jaialai\/"]}]},{"@type":"BreadcrumbList","@id":"https:\/\/oriamendi.eus\/es\/2020\/09\/02\/barrenetxea-iv-ak-endikak-garaipena-behar-dute-banakakoan-erremonte-remonte-jai-alai-jaialai\/#breadcrumb","itemListElement":[{"@type":"ListItem","position":1,"name":"Portada","item":"https:\/\/oriamendi.eus\/es\/"},{"@type":"ListItem","position":2,"name":"Barrenetxea IV y Endika necesitan la victoria en el individual"}]},{"@type":"WebSite","@id":"https:\/\/oriamendi.eus\/es\/#website","url":"https:\/\/oriamendi.eus\/es\/","name":"Oriamendi","description":"Remonte en Galarreta. Hernani. Gipuzkoa","publisher":{"@id":"https:\/\/oriamendi.eus\/es\/#organization"},"potentialAction":[{"@type":"SearchAction","target":{"@type":"EntryPoint","urlTemplate":"https:\/\/oriamendi.eus\/es\/?s={search_term_string}"},"query-input":"required name=search_term_string"}],"inLanguage":"es"},{"@type":"Organization","@id":"https:\/\/oriamendi.eus\/es\/#organization","name":"Oriamendi","url":"https:\/\/oriamendi.eus\/es\/","logo":{"@type":"ImageObject","inLanguage":"es","@id":"https:\/\/oriamendi.eus\/es\/#\/schema\/logo\/image\/","url":"https:\/\/oriamendi.eus\/wp-content\/uploads\/2020\/06\/logo-oriamendi.png","contentUrl":"https:\/\/oriamendi.eus\/wp-content\/uploads\/2020\/06\/logo-oriamendi.png","width":300,"height":90,"caption":"Oriamendi"},"image":{"@id":"https:\/\/oriamendi.eus\/es\/#\/schema\/logo\/image\/"},"sameAs":["https:\/\/www.facebook.com\/oriamendi2010remonte\/","https:\/\/twitter.com\/oriamendi2010","https:\/\/www.instagram.com\/galarretajaialai\/","https:\/\/www.youtube.com\/channel\/UC8gVNzQqB1iwnC-_rI-ihmA\/featured"]},{"@type":"Person","@id":"https:\/\/oriamendi.eus\/es\/#\/schema\/person\/d50c13df7440d84706fe7d03941cc92f","name":"Endika Barrenetxea","image":{"@type":"ImageObject","inLanguage":"es","@id":"https:\/\/oriamendi.eus\/es\/#\/schema\/person\/image\/","url":"https:\/\/secure.gravatar.com\/avatar\/26a16205d858e579d56d8adc8addd712?s=96&d=mm&r=g","contentUrl":"https:\/\/secure.gravatar.com\/avatar\/26a16205d858e579d56d8adc8addd712?s=96&d=mm&r=g","caption":"Endika Barrenetxea"},"url":"https:\/\/oriamendi.eus\/es\/author\/om-kudeaketa\/"}]}},"_links":{"self":[{"href":"https:\/\/oriamendi.eus\/es\/wp-json\/wp\/v2\/posts\/4500"}],"collection":[{"href":"https:\/\/oriamendi.eus\/es\/wp-json\/wp\/v2\/posts"}],"about":[{"href":"https:\/\/oriamendi.eus\/es\/wp-json\/wp\/v2\/types\/post"}],"author":[{"embeddable":true,"href":"https:\/\/oriamendi.eus\/es\/wp-json\/wp\/v2\/users\/3"}],"replies":[{"embeddable":true,"href":"https:\/\/oriamendi.eus\/es\/wp-json\/wp\/v2\/comments?post=4500"}],"version-history":[{"count":2,"href":"https:\/\/oriamendi.eus\/es\/wp-json\/wp\/v2\/posts\/4500\/revisions"}],"predecessor-version":[{"id":4502,"href":"https:\/\/oriamendi.eus\/es\/wp-json\/wp\/v2\/posts\/4500\/revisions\/4502"}],"wp:featuredmedia":[{"embeddable":true,"href":"https:\/\/oriamendi.eus\/es\/wp-json\/wp\/v2\/media\/4934"}],"wp:attachment":[{"href":"https:\/\/oriamendi.eus\/es\/wp-json\/wp\/v2\/media?parent=4500"}],"wp:term":[{"taxonomy":"category","embeddable":true,"href":"https:\/\/oriamendi.eus\/es\/wp-json\/wp\/v2\/categories?post=4500"},{"taxonomy":"post_tag","embeddable":true,"href":"https:\/\/oriamendi.eus\/es\/wp-json\/wp\/v2\/tags?post=4500"}],"curies":[{"name":"wp","href":"https:\/\/api.w.org\/{rel}","templated":true}]}}