                                        
                                        
                                        
                                        
                                        
                                        
                                        
                                        
                                        
                                        
                                        
                                        
                                        
                                        
                                        
                                        
                                        
                                        
{"id":4438,"date":"2020-08-22T19:32:41","date_gmt":"2020-08-22T17:32:41","guid":{"rendered":"https:\/\/oriamendi.eus\/?p=4438"},"modified":"2020-12-04T17:27:36","modified_gmt":"2020-12-04T16:27:36","slug":"juanenea-tambien-puede-con-barrenetxea-iv-defensor-del-titulo-erremontea-remonte-jai-alai-jaialai","status":"publish","type":"post","link":"https:\/\/oriamendi.eus\/es\/2020\/08\/22\/juanenea-tambien-puede-con-barrenetxea-iv-defensor-del-titulo-erremontea-remonte-jai-alai-jaialai\/","title":{"rendered":"Juanenea tambi\u00e9n puede con Barrenetxea IV, defensor del t\u00edtulo"},"content":{"rendered":"\n<p>Juanenea est\u00e1 de dulce y lo volvi\u00f3 a demostrar en el primer partido de la liguilla de semifinal del Torneo Kutxabank. El delantero de Saldias dio toda una exhibici\u00f3n y dej\u00f3 en 21 a nada m\u00e1s y nada menos que el defensor del t\u00edtulo Barrenetxea IV.&nbsp;El ganador rompi\u00f3 todos los pron\u00f3sticos y cosech\u00f3 su sexta victoria consecutiva en el campeonato. Esta vez la exigencia subi\u00f3, pero tambi\u00e9n lo hizo su rendimiento. Lo hizo todo bien; sac\u00f3 de maravilla, pelote\u00f3 de lujo y defendi\u00f3 como un tit\u00e1n. Dominar como lo hizo al campe\u00f3n de 2019 no es sencillo e incluso mantuvo el temple cuando pas\u00f3 un mal rato y Barrenetxea se le acerc\u00f3 en el marcador. Supo dar la vuelta a esa situaci\u00f3n y cerr\u00f3 el partido sin sobresaltos, 21-30.&nbsp;Juanenea siempre se mantuvo por delante en el marcador y solo hubo un empate al inicio, en el empate a uno. A partir de ah\u00ed el de Saldias llev\u00f3 el mando. Hasta el 6-7 se mantuvo el resultado ajustado, pero Juanenea pis\u00f3 el acelerador y con pelotazos certeros arrimadas a la pared izquierda y con tres tantos de saque consecutivos puso un claro 7-14 a su favor.&nbsp;Sigui\u00f3 con la sexta marcha y puso diez tantos de ventaja en el 8-18 con un 2-11 de parcial. Barrenetxea no se rendir\u00eda y apret\u00f3 las tuercas hasta ponerse a cuatro tantos, 14-18. Parec\u00eda que pod\u00eda haber vuelta, pero Juanenea demostr\u00f3 una gran madurez, no se arrug\u00f3 y sigui\u00f3 jugando a un gran nivel. Cogi\u00f3 de nuevo la iniciativa con varias defensas espectaculares y volvi\u00f3 a escaparse 15-26.El partido ya estaba sentenciado, pero Barrenetxea necesitaba salvar el menos uno y lo hizo, aunque no inquiet\u00f3 la victoria de Juanenea que suma cuatro puntos y el zaguero hernaniarra se qued\u00f3 en cero.&nbsp;Juanenea acab\u00f3 con 20 tantos en el peloteo, siete tantos de saque, dos fallos en el peloteo y una falta de saque. N\u00fameros espectaculares. Barrenetxea hizo 13 tantos en el peloteo, donde se vio superado, cinco de saque, un fallo en el peloteo y dos faltas de saque.&nbsp;<\/p>\n\n\n\n<p><\/p>\n\n\n\n<figure class=\"wp-block-image size-large\"><img fetchpriority=\"high\" fetchpriority=\"high\" decoding=\"async\" width=\"1024\" height=\"663\" src=\"https:\/\/oriamendi.eus\/wp-content\/uploads\/2020\/08\/gaur-22-abuztua-1024x663.jpg\" alt=\"\" class=\"wp-image-4440\" srcset=\"https:\/\/oriamendi.eus\/wp-content\/uploads\/2020\/08\/gaur-22-abuztua-980x634.jpg 980w, https:\/\/oriamendi.eus\/wp-content\/uploads\/2020\/08\/gaur-22-abuztua-480x311.jpg 480w\" sizes=\"(min-width: 0px) and (max-width: 480px) 480px, (min-width: 481px) and (max-width: 980px) 980px, (min-width: 981px) 1024px, 100vw\" \/><\/figure>\n","protected":false},"excerpt":{"rendered":"<p>Juanenea est\u00e1 de dulce y lo volvi\u00f3 a demostrar en el primer partido de la liguilla de semifinal del Torneo Kutxabank. El delantero de Saldias dio toda una exhibici\u00f3n y dej\u00f3 en 21 a nada m\u00e1s y nada menos que el defensor del t\u00edtulo Barrenetxea IV.&nbsp;El ganador rompi\u00f3 todos los pron\u00f3sticos y cosech\u00f3 su sexta [&hellip;]<\/p>\n","protected":false},"author":3,"featured_media":4943,"comment_status":"closed","ping_status":"open","sticky":false,"template":"","format":"standard","meta":{"_et_pb_use_builder":"off","_et_pb_old_content":"","_et_gb_content_width":"","footnotes":""},"categories":[1],"tags":[],"yoast_head":"<!-- This site is optimized with the Yoast SEO plugin v21.8 - https:\/\/yoast.com\/wordpress\/plugins\/seo\/ -->\n<title>Juanenea tambi\u00e9n puede con Barrenetxea IV, defensor del t\u00edtulo | Oriamendi 2010<\/title>\n<meta name=\"robots\" content=\"index, follow, max-snippet:-1, max-image-preview:large, max-video-preview:-1\" \/>\n<link rel=\"canonical\" href=\"https:\/\/oriamendi.eus\/es\/2020\/08\/22\/juanenea-tambien-puede-con-barrenetxea-iv-defensor-del-titulo-erremontea-remonte-jai-alai-jaialai\/\" \/>\n<meta property=\"og:locale\" content=\"es_ES\" \/>\n<meta property=\"og:type\" content=\"article\" \/>\n<meta property=\"og:title\" content=\"Juanenea tambi\u00e9n puede con Barrenetxea IV, defensor del t\u00edtulo | Oriamendi 2010\" \/>\n<meta property=\"og:description\" content=\"Juanenea est\u00e1 de dulce y lo volvi\u00f3 a demostrar en el primer partido de la liguilla de semifinal del Torneo Kutxabank. El delantero de Saldias dio toda una exhibici\u00f3n y dej\u00f3 en 21 a nada m\u00e1s y nada menos que el defensor del t\u00edtulo Barrenetxea IV.&nbsp;El ganador rompi\u00f3 todos los pron\u00f3sticos y cosech\u00f3 su sexta [&hellip;]\" \/>\n<meta property=\"og:url\" content=\"https:\/\/oriamendi.eus\/es\/2020\/08\/22\/juanenea-tambien-puede-con-barrenetxea-iv-defensor-del-titulo-erremontea-remonte-jai-alai-jaialai\/\" \/>\n<meta property=\"og:site_name\" content=\"Oriamendi 2010\" \/>\n<meta property=\"article:publisher\" content=\"https:\/\/www.facebook.com\/oriamendi2010remonte\/\" \/>\n<meta property=\"article:published_time\" content=\"2020-08-22T17:32:41+00:00\" \/>\n<meta property=\"article:modified_time\" content=\"2020-12-04T16:27:36+00:00\" \/>\n<meta property=\"og:image\" content=\"https:\/\/oriamendi.eus\/wp-content\/uploads\/2020\/08\/Abuztuak-22-1.jpg\" \/>\n\t<meta property=\"og:image:width\" content=\"1200\" \/>\n\t<meta property=\"og:image:height\" content=\"857\" \/>\n\t<meta property=\"og:image:type\" content=\"image\/jpeg\" \/>\n<meta name=\"author\" content=\"Endika Barrenetxea\" \/>\n<meta name=\"twitter:card\" content=\"summary_large_image\" \/>\n<meta name=\"twitter:creator\" content=\"@oriamendi2010\" \/>\n<meta name=\"twitter:site\" content=\"@oriamendi2010\" \/>\n<meta name=\"twitter:label1\" content=\"Escrito por\" \/>\n\t<meta name=\"twitter:data1\" content=\"Endika Barrenetxea\" \/>\n\t<meta name=\"twitter:label2\" content=\"Tiempo de lectura\" \/>\n\t<meta name=\"twitter:data2\" content=\"2 minutos\" \/>\n<script type=\"application\/ld+json\" class=\"yoast-schema-graph\">{\"@context\":\"https:\/\/schema.org\",\"@graph\":[{\"@type\":\"Article\",\"@id\":\"https:\/\/oriamendi.eus\/es\/2020\/08\/22\/juanenea-tambien-puede-con-barrenetxea-iv-defensor-del-titulo-erremontea-remonte-jai-alai-jaialai\/#article\",\"isPartOf\":{\"@id\":\"https:\/\/oriamendi.eus\/es\/2020\/08\/22\/juanenea-tambien-puede-con-barrenetxea-iv-defensor-del-titulo-erremontea-remonte-jai-alai-jaialai\/\"},\"author\":{\"name\":\"Endika Barrenetxea\",\"@id\":\"https:\/\/oriamendi.eus\/es\/#\/schema\/person\/d50c13df7440d84706fe7d03941cc92f\"},\"headline\":\"Juanenea tambi\u00e9n puede con Barrenetxea IV, defensor del t\u00edtulo\",\"datePublished\":\"2020-08-22T17:32:41+00:00\",\"dateModified\":\"2020-12-04T16:27:36+00:00\",\"mainEntityOfPage\":{\"@id\":\"https:\/\/oriamendi.eus\/es\/2020\/08\/22\/juanenea-tambien-puede-con-barrenetxea-iv-defensor-del-titulo-erremontea-remonte-jai-alai-jaialai\/\"},\"wordCount\":371,\"publisher\":{\"@id\":\"https:\/\/oriamendi.eus\/es\/#organization\"},\"articleSection\":[\"Sin categorizar\"],\"inLanguage\":\"es\"},{\"@type\":\"WebPage\",\"@id\":\"https:\/\/oriamendi.eus\/es\/2020\/08\/22\/juanenea-tambien-puede-con-barrenetxea-iv-defensor-del-titulo-erremontea-remonte-jai-alai-jaialai\/\",\"url\":\"https:\/\/oriamendi.eus\/es\/2020\/08\/22\/juanenea-tambien-puede-con-barrenetxea-iv-defensor-del-titulo-erremontea-remonte-jai-alai-jaialai\/\",\"name\":\"Juanenea tambi\u00e9n puede con Barrenetxea IV, defensor del t\u00edtulo | Oriamendi 2010\",\"isPartOf\":{\"@id\":\"https:\/\/oriamendi.eus\/es\/#website\"},\"datePublished\":\"2020-08-22T17:32:41+00:00\",\"dateModified\":\"2020-12-04T16:27:36+00:00\",\"breadcrumb\":{\"@id\":\"https:\/\/oriamendi.eus\/es\/2020\/08\/22\/juanenea-tambien-puede-con-barrenetxea-iv-defensor-del-titulo-erremontea-remonte-jai-alai-jaialai\/#breadcrumb\"},\"inLanguage\":\"es\",\"potentialAction\":[{\"@type\":\"ReadAction\",\"target\":[\"https:\/\/oriamendi.eus\/es\/2020\/08\/22\/juanenea-tambien-puede-con-barrenetxea-iv-defensor-del-titulo-erremontea-remonte-jai-alai-jaialai\/\"]}]},{\"@type\":\"BreadcrumbList\",\"@id\":\"https:\/\/oriamendi.eus\/es\/2020\/08\/22\/juanenea-tambien-puede-con-barrenetxea-iv-defensor-del-titulo-erremontea-remonte-jai-alai-jaialai\/#breadcrumb\",\"itemListElement\":[{\"@type\":\"ListItem\",\"position\":1,\"name\":\"Portada\",\"item\":\"https:\/\/oriamendi.eus\/es\/\"},{\"@type\":\"ListItem\",\"position\":2,\"name\":\"Juanenea tambi\u00e9n puede con Barrenetxea IV, defensor del t\u00edtulo\"}]},{\"@type\":\"WebSite\",\"@id\":\"https:\/\/oriamendi.eus\/es\/#website\",\"url\":\"https:\/\/oriamendi.eus\/es\/\",\"name\":\"Oriamendi\",\"description\":\"Remonte en Galarreta. Hernani. Gipuzkoa\",\"publisher\":{\"@id\":\"https:\/\/oriamendi.eus\/es\/#organization\"},\"potentialAction\":[{\"@type\":\"SearchAction\",\"target\":{\"@type\":\"EntryPoint\",\"urlTemplate\":\"https:\/\/oriamendi.eus\/es\/?s={search_term_string}\"},\"query-input\":\"required name=search_term_string\"}],\"inLanguage\":\"es\"},{\"@type\":\"Organization\",\"@id\":\"https:\/\/oriamendi.eus\/es\/#organization\",\"name\":\"Oriamendi\",\"url\":\"https:\/\/oriamendi.eus\/es\/\",\"logo\":{\"@type\":\"ImageObject\",\"inLanguage\":\"es\",\"@id\":\"https:\/\/oriamendi.eus\/es\/#\/schema\/logo\/image\/\",\"url\":\"https:\/\/oriamendi.eus\/wp-content\/uploads\/2020\/06\/logo-oriamendi.png\",\"contentUrl\":\"https:\/\/oriamendi.eus\/wp-content\/uploads\/2020\/06\/logo-oriamendi.png\",\"width\":300,\"height\":90,\"caption\":\"Oriamendi\"},\"image\":{\"@id\":\"https:\/\/oriamendi.eus\/es\/#\/schema\/logo\/image\/\"},\"sameAs\":[\"https:\/\/www.facebook.com\/oriamendi2010remonte\/\",\"https:\/\/twitter.com\/oriamendi2010\",\"https:\/\/www.instagram.com\/galarretajaialai\/\",\"https:\/\/www.youtube.com\/channel\/UC8gVNzQqB1iwnC-_rI-ihmA\/featured\"]},{\"@type\":\"Person\",\"@id\":\"https:\/\/oriamendi.eus\/es\/#\/schema\/person\/d50c13df7440d84706fe7d03941cc92f\",\"name\":\"Endika Barrenetxea\",\"image\":{\"@type\":\"ImageObject\",\"inLanguage\":\"es\",\"@id\":\"https:\/\/oriamendi.eus\/es\/#\/schema\/person\/image\/\",\"url\":\"https:\/\/secure.gravatar.com\/avatar\/26a16205d858e579d56d8adc8addd712?s=96&d=mm&r=g\",\"contentUrl\":\"https:\/\/secure.gravatar.com\/avatar\/26a16205d858e579d56d8adc8addd712?s=96&d=mm&r=g\",\"caption\":\"Endika Barrenetxea\"},\"url\":\"https:\/\/oriamendi.eus\/es\/author\/om-kudeaketa\/\"}]}<\/script>\n<!-- \/ Yoast SEO plugin. -->","yoast_head_json":{"title":"Juanenea tambi\u00e9n puede con Barrenetxea IV, defensor del t\u00edtulo | Oriamendi 2010","robots":{"index":"index","follow":"follow","max-snippet":"max-snippet:-1","max-image-preview":"max-image-preview:large","max-video-preview":"max-video-preview:-1"},"canonical":"https:\/\/oriamendi.eus\/es\/2020\/08\/22\/juanenea-tambien-puede-con-barrenetxea-iv-defensor-del-titulo-erremontea-remonte-jai-alai-jaialai\/","og_locale":"es_ES","og_type":"article","og_title":"Juanenea tambi\u00e9n puede con Barrenetxea IV, defensor del t\u00edtulo | Oriamendi 2010","og_description":"Juanenea est\u00e1 de dulce y lo volvi\u00f3 a demostrar en el primer partido de la liguilla de semifinal del Torneo Kutxabank. El delantero de Saldias dio toda una exhibici\u00f3n y dej\u00f3 en 21 a nada m\u00e1s y nada menos que el defensor del t\u00edtulo Barrenetxea IV.&nbsp;El ganador rompi\u00f3 todos los pron\u00f3sticos y cosech\u00f3 su sexta [&hellip;]","og_url":"https:\/\/oriamendi.eus\/es\/2020\/08\/22\/juanenea-tambien-puede-con-barrenetxea-iv-defensor-del-titulo-erremontea-remonte-jai-alai-jaialai\/","og_site_name":"Oriamendi 2010","article_publisher":"https:\/\/www.facebook.com\/oriamendi2010remonte\/","article_published_time":"2020-08-22T17:32:41+00:00","article_modified_time":"2020-12-04T16:27:36+00:00","og_image":[{"width":1200,"height":857,"url":"https:\/\/oriamendi.eus\/wp-content\/uploads\/2020\/08\/Abuztuak-22-1.jpg","type":"image\/jpeg"}],"author":"Endika Barrenetxea","twitter_card":"summary_large_image","twitter_creator":"@oriamendi2010","twitter_site":"@oriamendi2010","twitter_misc":{"Escrito por":"Endika Barrenetxea","Tiempo de lectura":"2 minutos"},"schema":{"@context":"https:\/\/schema.org","@graph":[{"@type":"Article","@id":"https:\/\/oriamendi.eus\/es\/2020\/08\/22\/juanenea-tambien-puede-con-barrenetxea-iv-defensor-del-titulo-erremontea-remonte-jai-alai-jaialai\/#article","isPartOf":{"@id":"https:\/\/oriamendi.eus\/es\/2020\/08\/22\/juanenea-tambien-puede-con-barrenetxea-iv-defensor-del-titulo-erremontea-remonte-jai-alai-jaialai\/"},"author":{"name":"Endika Barrenetxea","@id":"https:\/\/oriamendi.eus\/es\/#\/schema\/person\/d50c13df7440d84706fe7d03941cc92f"},"headline":"Juanenea tambi\u00e9n puede con Barrenetxea IV, defensor del t\u00edtulo","datePublished":"2020-08-22T17:32:41+00:00","dateModified":"2020-12-04T16:27:36+00:00","mainEntityOfPage":{"@id":"https:\/\/oriamendi.eus\/es\/2020\/08\/22\/juanenea-tambien-puede-con-barrenetxea-iv-defensor-del-titulo-erremontea-remonte-jai-alai-jaialai\/"},"wordCount":371,"publisher":{"@id":"https:\/\/oriamendi.eus\/es\/#organization"},"articleSection":["Sin categorizar"],"inLanguage":"es"},{"@type":"WebPage","@id":"https:\/\/oriamendi.eus\/es\/2020\/08\/22\/juanenea-tambien-puede-con-barrenetxea-iv-defensor-del-titulo-erremontea-remonte-jai-alai-jaialai\/","url":"https:\/\/oriamendi.eus\/es\/2020\/08\/22\/juanenea-tambien-puede-con-barrenetxea-iv-defensor-del-titulo-erremontea-remonte-jai-alai-jaialai\/","name":"Juanenea tambi\u00e9n puede con Barrenetxea IV, defensor del t\u00edtulo | Oriamendi 2010","isPartOf":{"@id":"https:\/\/oriamendi.eus\/es\/#website"},"datePublished":"2020-08-22T17:32:41+00:00","dateModified":"2020-12-04T16:27:36+00:00","breadcrumb":{"@id":"https:\/\/oriamendi.eus\/es\/2020\/08\/22\/juanenea-tambien-puede-con-barrenetxea-iv-defensor-del-titulo-erremontea-remonte-jai-alai-jaialai\/#breadcrumb"},"inLanguage":"es","potentialAction":[{"@type":"ReadAction","target":["https:\/\/oriamendi.eus\/es\/2020\/08\/22\/juanenea-tambien-puede-con-barrenetxea-iv-defensor-del-titulo-erremontea-remonte-jai-alai-jaialai\/"]}]},{"@type":"BreadcrumbList","@id":"https:\/\/oriamendi.eus\/es\/2020\/08\/22\/juanenea-tambien-puede-con-barrenetxea-iv-defensor-del-titulo-erremontea-remonte-jai-alai-jaialai\/#breadcrumb","itemListElement":[{"@type":"ListItem","position":1,"name":"Portada","item":"https:\/\/oriamendi.eus\/es\/"},{"@type":"ListItem","position":2,"name":"Juanenea tambi\u00e9n puede con Barrenetxea IV, defensor del t\u00edtulo"}]},{"@type":"WebSite","@id":"https:\/\/oriamendi.eus\/es\/#website","url":"https:\/\/oriamendi.eus\/es\/","name":"Oriamendi","description":"Remonte en Galarreta. Hernani. Gipuzkoa","publisher":{"@id":"https:\/\/oriamendi.eus\/es\/#organization"},"potentialAction":[{"@type":"SearchAction","target":{"@type":"EntryPoint","urlTemplate":"https:\/\/oriamendi.eus\/es\/?s={search_term_string}"},"query-input":"required name=search_term_string"}],"inLanguage":"es"},{"@type":"Organization","@id":"https:\/\/oriamendi.eus\/es\/#organization","name":"Oriamendi","url":"https:\/\/oriamendi.eus\/es\/","logo":{"@type":"ImageObject","inLanguage":"es","@id":"https:\/\/oriamendi.eus\/es\/#\/schema\/logo\/image\/","url":"https:\/\/oriamendi.eus\/wp-content\/uploads\/2020\/06\/logo-oriamendi.png","contentUrl":"https:\/\/oriamendi.eus\/wp-content\/uploads\/2020\/06\/logo-oriamendi.png","width":300,"height":90,"caption":"Oriamendi"},"image":{"@id":"https:\/\/oriamendi.eus\/es\/#\/schema\/logo\/image\/"},"sameAs":["https:\/\/www.facebook.com\/oriamendi2010remonte\/","https:\/\/twitter.com\/oriamendi2010","https:\/\/www.instagram.com\/galarretajaialai\/","https:\/\/www.youtube.com\/channel\/UC8gVNzQqB1iwnC-_rI-ihmA\/featured"]},{"@type":"Person","@id":"https:\/\/oriamendi.eus\/es\/#\/schema\/person\/d50c13df7440d84706fe7d03941cc92f","name":"Endika Barrenetxea","image":{"@type":"ImageObject","inLanguage":"es","@id":"https:\/\/oriamendi.eus\/es\/#\/schema\/person\/image\/","url":"https:\/\/secure.gravatar.com\/avatar\/26a16205d858e579d56d8adc8addd712?s=96&d=mm&r=g","contentUrl":"https:\/\/secure.gravatar.com\/avatar\/26a16205d858e579d56d8adc8addd712?s=96&d=mm&r=g","caption":"Endika Barrenetxea"},"url":"https:\/\/oriamendi.eus\/es\/author\/om-kudeaketa\/"}]}},"_links":{"self":[{"href":"https:\/\/oriamendi.eus\/es\/wp-json\/wp\/v2\/posts\/4438"}],"collection":[{"href":"https:\/\/oriamendi.eus\/es\/wp-json\/wp\/v2\/posts"}],"about":[{"href":"https:\/\/oriamendi.eus\/es\/wp-json\/wp\/v2\/types\/post"}],"author":[{"embeddable":true,"href":"https:\/\/oriamendi.eus\/es\/wp-json\/wp\/v2\/users\/3"}],"replies":[{"embeddable":true,"href":"https:\/\/oriamendi.eus\/es\/wp-json\/wp\/v2\/comments?post=4438"}],"version-history":[{"count":4,"href":"https:\/\/oriamendi.eus\/es\/wp-json\/wp\/v2\/posts\/4438\/revisions"}],"predecessor-version":[{"id":4945,"href":"https:\/\/oriamendi.eus\/es\/wp-json\/wp\/v2\/posts\/4438\/revisions\/4945"}],"wp:featuredmedia":[{"embeddable":true,"href":"https:\/\/oriamendi.eus\/es\/wp-json\/wp\/v2\/media\/4943"}],"wp:attachment":[{"href":"https:\/\/oriamendi.eus\/es\/wp-json\/wp\/v2\/media?parent=4438"}],"wp:term":[{"taxonomy":"category","embeddable":true,"href":"https:\/\/oriamendi.eus\/es\/wp-json\/wp\/v2\/categories?post=4438"},{"taxonomy":"post_tag","embeddable":true,"href":"https:\/\/oriamendi.eus\/es\/wp-json\/wp\/v2\/tags?post=4438"}],"curies":[{"name":"wp","href":"https:\/\/api.w.org\/{rel}","templated":true}]}}