                                        
                                        
                                        
                                        
                                        
                                        
                                        
                                        
                                        
                                        
                                        
                                        
                                        
                                        
                                        
                                        
                                        
                                        
{"id":4343,"date":"2020-08-06T09:48:13","date_gmt":"2020-08-06T07:48:13","guid":{"rendered":"https:\/\/oriamendi.eus\/?p=4343"},"modified":"2020-08-06T09:48:14","modified_gmt":"2020-08-06T07:48:14","slug":"larranaga-juaneneak-sailkapena-itxi-nahi-dute-urkezpenean-egon-errremontea-buruz-buru-jai-alai-jaialai","status":"publish","type":"post","link":"https:\/\/oriamendi.eus\/es\/2020\/08\/06\/larranaga-juaneneak-sailkapena-itxi-nahi-dute-urkezpenean-egon-errremontea-buruz-buru-jai-alai-jaialai\/","title":{"rendered":"Larra\u00f1aga y Juanenea buscan sellar la clasificaci\u00f3n y estar en la presentaci\u00f3n"},"content":{"rendered":"\n<p>Las liguillas de la primera fase del Torneo Kutxabank se cerrar\u00e1n ma\u00f1ana en Galarreta y Larra\u00f1aga y Juanenea buscan sellar su clasificaci\u00f3n para la final del s\u00e1bado despu\u00e9s de ganar con autoridad en la primera jornada.&nbsp;En la segunda, jugado a puertas abiertas el martes, Aizpuru III dej\u00f3 en 18 a Zubiri y Zaldua gan\u00f3 30-26 a Segurola. Zubiri ser\u00e1 el rival de Juanenea y Segurola el de Larra\u00f1aga ma\u00f1ana en Galarreta y por lo tanto, lo tienen mucho sencillo&nbsp; para pasar de ronda.Larra\u00f1aga con 27 tantos pasar\u00eda a la final del s\u00e1bado. Zaldua se ha quedado sin opciones y Segurola necesita dejar en 26 tantos a Larra\u00f1aga para pasar a la final.&nbsp;En el otro grupo se la jugar\u00e1n entre Juanenea y Aizpuru II, que ya ha jugado sus dos partidos. Zubiri se qued\u00f3 sin opciones el martes. A Juanenea la derrota le puede valer, aunque necesita hacer 24 tantos para clasificarse. Si se queda en 23 ser\u00eda Aizpuru III el clasificado.&nbsp;Precisamente el Juanenea-Zubiri abrir\u00e1 el festival de ma\u00f1ana y el Larra\u00f1aga-Segurola lo cerrar\u00e1. En la mitad se disputar\u00e1 el estelar por parejas donde se enfrentar\u00e1n Etxarri y Barrenetxea IV contra Urriza y Aizpuru III.<\/p>\n\n\n\n<p><\/p>\n","protected":false},"excerpt":{"rendered":"<p>Las liguillas de la primera fase del Torneo Kutxabank se cerrar\u00e1n ma\u00f1ana en Galarreta y Larra\u00f1aga y Juanenea buscan sellar su clasificaci\u00f3n para la final del s\u00e1bado despu\u00e9s de ganar con autoridad en la primera jornada.&nbsp;En la segunda, jugado a puertas abiertas el martes, Aizpuru III dej\u00f3 en 18 a Zubiri y Zaldua gan\u00f3 30-26 [&hellip;]<\/p>\n","protected":false},"author":3,"featured_media":4342,"comment_status":"closed","ping_status":"open","sticky":false,"template":"","format":"standard","meta":{"_et_pb_use_builder":"off","_et_pb_old_content":"","_et_gb_content_width":"","footnotes":""},"categories":[1],"tags":[],"yoast_head":"<!-- This site is optimized with the Yoast SEO plugin v21.8 - https:\/\/yoast.com\/wordpress\/plugins\/seo\/ -->\n<title>Larra\u00f1aga y Juanenea buscan sellar la clasificaci\u00f3n y estar en la presentaci\u00f3n | Oriamendi 2010<\/title>\n<meta name=\"robots\" content=\"index, follow, max-snippet:-1, max-image-preview:large, max-video-preview:-1\" \/>\n<link rel=\"canonical\" href=\"https:\/\/oriamendi.eus\/es\/2020\/08\/06\/larranaga-juaneneak-sailkapena-itxi-nahi-dute-urkezpenean-egon-errremontea-buruz-buru-jai-alai-jaialai\/\" \/>\n<meta property=\"og:locale\" content=\"es_ES\" \/>\n<meta property=\"og:type\" content=\"article\" \/>\n<meta property=\"og:title\" content=\"Larra\u00f1aga y Juanenea buscan sellar la clasificaci\u00f3n y estar en la presentaci\u00f3n | Oriamendi 2010\" \/>\n<meta property=\"og:description\" content=\"Las liguillas de la primera fase del Torneo Kutxabank se cerrar\u00e1n ma\u00f1ana en Galarreta y Larra\u00f1aga y Juanenea buscan sellar su clasificaci\u00f3n para la final del s\u00e1bado despu\u00e9s de ganar con autoridad en la primera jornada.&nbsp;En la segunda, jugado a puertas abiertas el martes, Aizpuru III dej\u00f3 en 18 a Zubiri y Zaldua gan\u00f3 30-26 [&hellip;]\" \/>\n<meta property=\"og:url\" content=\"https:\/\/oriamendi.eus\/es\/2020\/08\/06\/larranaga-juaneneak-sailkapena-itxi-nahi-dute-urkezpenean-egon-errremontea-buruz-buru-jai-alai-jaialai\/\" \/>\n<meta property=\"og:site_name\" content=\"Oriamendi 2010\" \/>\n<meta property=\"article:publisher\" content=\"https:\/\/www.facebook.com\/oriamendi2010remonte\/\" \/>\n<meta property=\"article:published_time\" content=\"2020-08-06T07:48:13+00:00\" \/>\n<meta property=\"article:modified_time\" content=\"2020-08-06T07:48:14+00:00\" \/>\n<meta property=\"og:image\" content=\"https:\/\/oriamendi.eus\/wp-content\/uploads\/2020\/08\/turismorako-publia-EUS-scaled.jpg\" \/>\n\t<meta property=\"og:image:width\" content=\"2560\" \/>\n\t<meta property=\"og:image:height\" content=\"1955\" \/>\n\t<meta property=\"og:image:type\" content=\"image\/jpeg\" \/>\n<meta name=\"author\" content=\"Endika Barrenetxea\" \/>\n<meta name=\"twitter:card\" content=\"summary_large_image\" \/>\n<meta name=\"twitter:creator\" content=\"@oriamendi2010\" \/>\n<meta name=\"twitter:site\" content=\"@oriamendi2010\" \/>\n<meta name=\"twitter:label1\" content=\"Escrito por\" \/>\n\t<meta name=\"twitter:data1\" content=\"Endika Barrenetxea\" \/>\n\t<meta name=\"twitter:label2\" content=\"Tiempo de lectura\" \/>\n\t<meta name=\"twitter:data2\" content=\"1 minuto\" \/>\n<script type=\"application\/ld+json\" class=\"yoast-schema-graph\">{\"@context\":\"https:\/\/schema.org\",\"@graph\":[{\"@type\":\"Article\",\"@id\":\"https:\/\/oriamendi.eus\/es\/2020\/08\/06\/larranaga-juaneneak-sailkapena-itxi-nahi-dute-urkezpenean-egon-errremontea-buruz-buru-jai-alai-jaialai\/#article\",\"isPartOf\":{\"@id\":\"https:\/\/oriamendi.eus\/es\/2020\/08\/06\/larranaga-juaneneak-sailkapena-itxi-nahi-dute-urkezpenean-egon-errremontea-buruz-buru-jai-alai-jaialai\/\"},\"author\":{\"name\":\"Endika Barrenetxea\",\"@id\":\"https:\/\/oriamendi.eus\/es\/#\/schema\/person\/d50c13df7440d84706fe7d03941cc92f\"},\"headline\":\"Larra\u00f1aga y Juanenea buscan sellar la clasificaci\u00f3n y estar en la presentaci\u00f3n\",\"datePublished\":\"2020-08-06T07:48:13+00:00\",\"dateModified\":\"2020-08-06T07:48:14+00:00\",\"mainEntityOfPage\":{\"@id\":\"https:\/\/oriamendi.eus\/es\/2020\/08\/06\/larranaga-juaneneak-sailkapena-itxi-nahi-dute-urkezpenean-egon-errremontea-buruz-buru-jai-alai-jaialai\/\"},\"wordCount\":229,\"publisher\":{\"@id\":\"https:\/\/oriamendi.eus\/es\/#organization\"},\"articleSection\":[\"Sin categorizar\"],\"inLanguage\":\"es\"},{\"@type\":\"WebPage\",\"@id\":\"https:\/\/oriamendi.eus\/es\/2020\/08\/06\/larranaga-juaneneak-sailkapena-itxi-nahi-dute-urkezpenean-egon-errremontea-buruz-buru-jai-alai-jaialai\/\",\"url\":\"https:\/\/oriamendi.eus\/es\/2020\/08\/06\/larranaga-juaneneak-sailkapena-itxi-nahi-dute-urkezpenean-egon-errremontea-buruz-buru-jai-alai-jaialai\/\",\"name\":\"Larra\u00f1aga y Juanenea buscan sellar la clasificaci\u00f3n y estar en la presentaci\u00f3n | Oriamendi 2010\",\"isPartOf\":{\"@id\":\"https:\/\/oriamendi.eus\/es\/#website\"},\"datePublished\":\"2020-08-06T07:48:13+00:00\",\"dateModified\":\"2020-08-06T07:48:14+00:00\",\"breadcrumb\":{\"@id\":\"https:\/\/oriamendi.eus\/es\/2020\/08\/06\/larranaga-juaneneak-sailkapena-itxi-nahi-dute-urkezpenean-egon-errremontea-buruz-buru-jai-alai-jaialai\/#breadcrumb\"},\"inLanguage\":\"es\",\"potentialAction\":[{\"@type\":\"ReadAction\",\"target\":[\"https:\/\/oriamendi.eus\/es\/2020\/08\/06\/larranaga-juaneneak-sailkapena-itxi-nahi-dute-urkezpenean-egon-errremontea-buruz-buru-jai-alai-jaialai\/\"]}]},{\"@type\":\"BreadcrumbList\",\"@id\":\"https:\/\/oriamendi.eus\/es\/2020\/08\/06\/larranaga-juaneneak-sailkapena-itxi-nahi-dute-urkezpenean-egon-errremontea-buruz-buru-jai-alai-jaialai\/#breadcrumb\",\"itemListElement\":[{\"@type\":\"ListItem\",\"position\":1,\"name\":\"Portada\",\"item\":\"https:\/\/oriamendi.eus\/es\/\"},{\"@type\":\"ListItem\",\"position\":2,\"name\":\"Larra\u00f1aga y Juanenea buscan sellar la clasificaci\u00f3n y estar en la presentaci\u00f3n\"}]},{\"@type\":\"WebSite\",\"@id\":\"https:\/\/oriamendi.eus\/es\/#website\",\"url\":\"https:\/\/oriamendi.eus\/es\/\",\"name\":\"Oriamendi\",\"description\":\"Remonte en Galarreta. Hernani. Gipuzkoa\",\"publisher\":{\"@id\":\"https:\/\/oriamendi.eus\/es\/#organization\"},\"potentialAction\":[{\"@type\":\"SearchAction\",\"target\":{\"@type\":\"EntryPoint\",\"urlTemplate\":\"https:\/\/oriamendi.eus\/es\/?s={search_term_string}\"},\"query-input\":\"required name=search_term_string\"}],\"inLanguage\":\"es\"},{\"@type\":\"Organization\",\"@id\":\"https:\/\/oriamendi.eus\/es\/#organization\",\"name\":\"Oriamendi\",\"url\":\"https:\/\/oriamendi.eus\/es\/\",\"logo\":{\"@type\":\"ImageObject\",\"inLanguage\":\"es\",\"@id\":\"https:\/\/oriamendi.eus\/es\/#\/schema\/logo\/image\/\",\"url\":\"https:\/\/oriamendi.eus\/wp-content\/uploads\/2020\/06\/logo-oriamendi.png\",\"contentUrl\":\"https:\/\/oriamendi.eus\/wp-content\/uploads\/2020\/06\/logo-oriamendi.png\",\"width\":300,\"height\":90,\"caption\":\"Oriamendi\"},\"image\":{\"@id\":\"https:\/\/oriamendi.eus\/es\/#\/schema\/logo\/image\/\"},\"sameAs\":[\"https:\/\/www.facebook.com\/oriamendi2010remonte\/\",\"https:\/\/twitter.com\/oriamendi2010\",\"https:\/\/www.instagram.com\/galarretajaialai\/\",\"https:\/\/www.youtube.com\/channel\/UC8gVNzQqB1iwnC-_rI-ihmA\/featured\"]},{\"@type\":\"Person\",\"@id\":\"https:\/\/oriamendi.eus\/es\/#\/schema\/person\/d50c13df7440d84706fe7d03941cc92f\",\"name\":\"Endika Barrenetxea\",\"image\":{\"@type\":\"ImageObject\",\"inLanguage\":\"es\",\"@id\":\"https:\/\/oriamendi.eus\/es\/#\/schema\/person\/image\/\",\"url\":\"https:\/\/secure.gravatar.com\/avatar\/26a16205d858e579d56d8adc8addd712?s=96&d=mm&r=g\",\"contentUrl\":\"https:\/\/secure.gravatar.com\/avatar\/26a16205d858e579d56d8adc8addd712?s=96&d=mm&r=g\",\"caption\":\"Endika Barrenetxea\"},\"url\":\"https:\/\/oriamendi.eus\/es\/author\/om-kudeaketa\/\"}]}<\/script>\n<!-- \/ Yoast SEO plugin. -->","yoast_head_json":{"title":"Larra\u00f1aga y Juanenea buscan sellar la clasificaci\u00f3n y estar en la presentaci\u00f3n | Oriamendi 2010","robots":{"index":"index","follow":"follow","max-snippet":"max-snippet:-1","max-image-preview":"max-image-preview:large","max-video-preview":"max-video-preview:-1"},"canonical":"https:\/\/oriamendi.eus\/es\/2020\/08\/06\/larranaga-juaneneak-sailkapena-itxi-nahi-dute-urkezpenean-egon-errremontea-buruz-buru-jai-alai-jaialai\/","og_locale":"es_ES","og_type":"article","og_title":"Larra\u00f1aga y Juanenea buscan sellar la clasificaci\u00f3n y estar en la presentaci\u00f3n | Oriamendi 2010","og_description":"Las liguillas de la primera fase del Torneo Kutxabank se cerrar\u00e1n ma\u00f1ana en Galarreta y Larra\u00f1aga y Juanenea buscan sellar su clasificaci\u00f3n para la final del s\u00e1bado despu\u00e9s de ganar con autoridad en la primera jornada.&nbsp;En la segunda, jugado a puertas abiertas el martes, Aizpuru III dej\u00f3 en 18 a Zubiri y Zaldua gan\u00f3 30-26 [&hellip;]","og_url":"https:\/\/oriamendi.eus\/es\/2020\/08\/06\/larranaga-juaneneak-sailkapena-itxi-nahi-dute-urkezpenean-egon-errremontea-buruz-buru-jai-alai-jaialai\/","og_site_name":"Oriamendi 2010","article_publisher":"https:\/\/www.facebook.com\/oriamendi2010remonte\/","article_published_time":"2020-08-06T07:48:13+00:00","article_modified_time":"2020-08-06T07:48:14+00:00","og_image":[{"width":2560,"height":1955,"url":"https:\/\/oriamendi.eus\/wp-content\/uploads\/2020\/08\/turismorako-publia-EUS-scaled.jpg","type":"image\/jpeg"}],"author":"Endika Barrenetxea","twitter_card":"summary_large_image","twitter_creator":"@oriamendi2010","twitter_site":"@oriamendi2010","twitter_misc":{"Escrito por":"Endika Barrenetxea","Tiempo de lectura":"1 minuto"},"schema":{"@context":"https:\/\/schema.org","@graph":[{"@type":"Article","@id":"https:\/\/oriamendi.eus\/es\/2020\/08\/06\/larranaga-juaneneak-sailkapena-itxi-nahi-dute-urkezpenean-egon-errremontea-buruz-buru-jai-alai-jaialai\/#article","isPartOf":{"@id":"https:\/\/oriamendi.eus\/es\/2020\/08\/06\/larranaga-juaneneak-sailkapena-itxi-nahi-dute-urkezpenean-egon-errremontea-buruz-buru-jai-alai-jaialai\/"},"author":{"name":"Endika Barrenetxea","@id":"https:\/\/oriamendi.eus\/es\/#\/schema\/person\/d50c13df7440d84706fe7d03941cc92f"},"headline":"Larra\u00f1aga y Juanenea buscan sellar la clasificaci\u00f3n y estar en la presentaci\u00f3n","datePublished":"2020-08-06T07:48:13+00:00","dateModified":"2020-08-06T07:48:14+00:00","mainEntityOfPage":{"@id":"https:\/\/oriamendi.eus\/es\/2020\/08\/06\/larranaga-juaneneak-sailkapena-itxi-nahi-dute-urkezpenean-egon-errremontea-buruz-buru-jai-alai-jaialai\/"},"wordCount":229,"publisher":{"@id":"https:\/\/oriamendi.eus\/es\/#organization"},"articleSection":["Sin categorizar"],"inLanguage":"es"},{"@type":"WebPage","@id":"https:\/\/oriamendi.eus\/es\/2020\/08\/06\/larranaga-juaneneak-sailkapena-itxi-nahi-dute-urkezpenean-egon-errremontea-buruz-buru-jai-alai-jaialai\/","url":"https:\/\/oriamendi.eus\/es\/2020\/08\/06\/larranaga-juaneneak-sailkapena-itxi-nahi-dute-urkezpenean-egon-errremontea-buruz-buru-jai-alai-jaialai\/","name":"Larra\u00f1aga y Juanenea buscan sellar la clasificaci\u00f3n y estar en la presentaci\u00f3n | Oriamendi 2010","isPartOf":{"@id":"https:\/\/oriamendi.eus\/es\/#website"},"datePublished":"2020-08-06T07:48:13+00:00","dateModified":"2020-08-06T07:48:14+00:00","breadcrumb":{"@id":"https:\/\/oriamendi.eus\/es\/2020\/08\/06\/larranaga-juaneneak-sailkapena-itxi-nahi-dute-urkezpenean-egon-errremontea-buruz-buru-jai-alai-jaialai\/#breadcrumb"},"inLanguage":"es","potentialAction":[{"@type":"ReadAction","target":["https:\/\/oriamendi.eus\/es\/2020\/08\/06\/larranaga-juaneneak-sailkapena-itxi-nahi-dute-urkezpenean-egon-errremontea-buruz-buru-jai-alai-jaialai\/"]}]},{"@type":"BreadcrumbList","@id":"https:\/\/oriamendi.eus\/es\/2020\/08\/06\/larranaga-juaneneak-sailkapena-itxi-nahi-dute-urkezpenean-egon-errremontea-buruz-buru-jai-alai-jaialai\/#breadcrumb","itemListElement":[{"@type":"ListItem","position":1,"name":"Portada","item":"https:\/\/oriamendi.eus\/es\/"},{"@type":"ListItem","position":2,"name":"Larra\u00f1aga y Juanenea buscan sellar la clasificaci\u00f3n y estar en la presentaci\u00f3n"}]},{"@type":"WebSite","@id":"https:\/\/oriamendi.eus\/es\/#website","url":"https:\/\/oriamendi.eus\/es\/","name":"Oriamendi","description":"Remonte en Galarreta. Hernani. Gipuzkoa","publisher":{"@id":"https:\/\/oriamendi.eus\/es\/#organization"},"potentialAction":[{"@type":"SearchAction","target":{"@type":"EntryPoint","urlTemplate":"https:\/\/oriamendi.eus\/es\/?s={search_term_string}"},"query-input":"required name=search_term_string"}],"inLanguage":"es"},{"@type":"Organization","@id":"https:\/\/oriamendi.eus\/es\/#organization","name":"Oriamendi","url":"https:\/\/oriamendi.eus\/es\/","logo":{"@type":"ImageObject","inLanguage":"es","@id":"https:\/\/oriamendi.eus\/es\/#\/schema\/logo\/image\/","url":"https:\/\/oriamendi.eus\/wp-content\/uploads\/2020\/06\/logo-oriamendi.png","contentUrl":"https:\/\/oriamendi.eus\/wp-content\/uploads\/2020\/06\/logo-oriamendi.png","width":300,"height":90,"caption":"Oriamendi"},"image":{"@id":"https:\/\/oriamendi.eus\/es\/#\/schema\/logo\/image\/"},"sameAs":["https:\/\/www.facebook.com\/oriamendi2010remonte\/","https:\/\/twitter.com\/oriamendi2010","https:\/\/www.instagram.com\/galarretajaialai\/","https:\/\/www.youtube.com\/channel\/UC8gVNzQqB1iwnC-_rI-ihmA\/featured"]},{"@type":"Person","@id":"https:\/\/oriamendi.eus\/es\/#\/schema\/person\/d50c13df7440d84706fe7d03941cc92f","name":"Endika Barrenetxea","image":{"@type":"ImageObject","inLanguage":"es","@id":"https:\/\/oriamendi.eus\/es\/#\/schema\/person\/image\/","url":"https:\/\/secure.gravatar.com\/avatar\/26a16205d858e579d56d8adc8addd712?s=96&d=mm&r=g","contentUrl":"https:\/\/secure.gravatar.com\/avatar\/26a16205d858e579d56d8adc8addd712?s=96&d=mm&r=g","caption":"Endika Barrenetxea"},"url":"https:\/\/oriamendi.eus\/es\/author\/om-kudeaketa\/"}]}},"_links":{"self":[{"href":"https:\/\/oriamendi.eus\/es\/wp-json\/wp\/v2\/posts\/4343"}],"collection":[{"href":"https:\/\/oriamendi.eus\/es\/wp-json\/wp\/v2\/posts"}],"about":[{"href":"https:\/\/oriamendi.eus\/es\/wp-json\/wp\/v2\/types\/post"}],"author":[{"embeddable":true,"href":"https:\/\/oriamendi.eus\/es\/wp-json\/wp\/v2\/users\/3"}],"replies":[{"embeddable":true,"href":"https:\/\/oriamendi.eus\/es\/wp-json\/wp\/v2\/comments?post=4343"}],"version-history":[{"count":2,"href":"https:\/\/oriamendi.eus\/es\/wp-json\/wp\/v2\/posts\/4343\/revisions"}],"predecessor-version":[{"id":4345,"href":"https:\/\/oriamendi.eus\/es\/wp-json\/wp\/v2\/posts\/4343\/revisions\/4345"}],"wp:featuredmedia":[{"embeddable":true,"href":"https:\/\/oriamendi.eus\/es\/wp-json\/wp\/v2\/media\/4342"}],"wp:attachment":[{"href":"https:\/\/oriamendi.eus\/es\/wp-json\/wp\/v2\/media?parent=4343"}],"wp:term":[{"taxonomy":"category","embeddable":true,"href":"https:\/\/oriamendi.eus\/es\/wp-json\/wp\/v2\/categories?post=4343"},{"taxonomy":"post_tag","embeddable":true,"href":"https:\/\/oriamendi.eus\/es\/wp-json\/wp\/v2\/tags?post=4343"}],"curies":[{"name":"wp","href":"https:\/\/api.w.org\/{rel}","templated":true}]}}