                                        
                                        
                                        
                                        
                                        
                                        
                                        
                                        
                                        
                                        
                                        
                                        
                                        
                                        
                                        
                                        
                                        
                                        
{"id":4313,"date":"2020-07-29T17:30:45","date_gmt":"2020-07-29T15:30:45","guid":{"rendered":"https:\/\/oriamendi.eus\/?p=4313"},"modified":"2020-07-29T17:33:01","modified_gmt":"2020-07-29T15:33:01","slug":"galarretak-larunbatean-irekiko-ditu-berriz-ateak-buruz-buruko-txapelketarekin-erremontea-jaialai-jai-alai-bizirik","status":"publish","type":"post","link":"https:\/\/oriamendi.eus\/es\/2020\/07\/29\/galarretak-larunbatean-irekiko-ditu-berriz-ateak-buruz-buruko-txapelketarekin-erremontea-jaialai-jai-alai-bizirik\/","title":{"rendered":"Galarreta reabre el s\u00e1bado sus puertas con el Torneo Individual"},"content":{"rendered":"\n<p>El Torneo Individual de remonte est\u00e1 a la vuelta de la esquina y tras el par\u00f3n de una semana la actividad del remonte vuelve este s\u00e1bado, 1 de agosto, al front\u00f3n Galarreta.&nbsp;A pesar de que las puertas del front\u00f3n han estado cerrados al p\u00fablico se est\u00e1n jugando partidos previos para clasificarse al Torneo Individual que se juega en agosto.&nbsp;Cinco pelotaris han estado divididos en dos grupos y en el primero Aizpuru III se impuso a Labaka y pasar\u00e1 a la siguiente fase donde se encontrar\u00e1 con Juanenea y Zubiri. Zaldua II no ha participado finalmente en esa previa.El segundo grupo ha estado formado por Etxarri, Zaldua y Urrutia II y ma\u00f1ana se disputar\u00e1 el partido decisivo entre Zaldua y Urrutia II para dilucidar quien pasa a la siguiente&nbsp;ronda donde al ganador le esperan Larra\u00f1aga y Segurola.&nbsp;<\/p>\n\n\n\n<p>La reapertura de puertas del s\u00e1bado se realizar\u00e1 con todas las medidas&nbsp;de seguridad siendo las mascarillas obligatorias en todo el front\u00f3n tanto sentado como de pie.&nbsp;As\u00ed, el s\u00e1bado Juanenea se enfrentar\u00e1 a Aizpuru III y Larra\u00f1aga se enfrentar\u00e1 al ganador del individual de ma\u00f1ana. En el estelar de parejas Ansa II y Barrenetxea IV se las ver\u00e1n con Urriza y Endika.<\/p>\n","protected":false},"excerpt":{"rendered":"<p>El Torneo Individual de remonte est\u00e1 a la vuelta de la esquina y tras el par\u00f3n de una semana la actividad del remonte vuelve este s\u00e1bado, 1 de agosto, al front\u00f3n Galarreta.&nbsp;A pesar de que las puertas del front\u00f3n han estado cerrados al p\u00fablico se est\u00e1n jugando partidos previos para clasificarse al Torneo Individual que [&hellip;]<\/p>\n","protected":false},"author":3,"featured_media":4315,"comment_status":"closed","ping_status":"open","sticky":false,"template":"","format":"standard","meta":{"_et_pb_use_builder":"off","_et_pb_old_content":"","_et_gb_content_width":"","footnotes":""},"categories":[1],"tags":[],"yoast_head":"<!-- This site is optimized with the Yoast SEO plugin v21.8 - https:\/\/yoast.com\/wordpress\/plugins\/seo\/ -->\n<title>Galarreta reabre el s\u00e1bado sus puertas con el Torneo Individual | Oriamendi 2010<\/title>\n<meta name=\"robots\" content=\"index, follow, max-snippet:-1, max-image-preview:large, max-video-preview:-1\" \/>\n<link rel=\"canonical\" href=\"https:\/\/oriamendi.eus\/es\/2020\/07\/29\/galarretak-larunbatean-irekiko-ditu-berriz-ateak-buruz-buruko-txapelketarekin-erremontea-jaialai-jai-alai-bizirik\/\" \/>\n<meta property=\"og:locale\" content=\"es_ES\" \/>\n<meta property=\"og:type\" content=\"article\" \/>\n<meta property=\"og:title\" content=\"Galarreta reabre el s\u00e1bado sus puertas con el Torneo Individual | Oriamendi 2010\" \/>\n<meta property=\"og:description\" content=\"El Torneo Individual de remonte est\u00e1 a la vuelta de la esquina y tras el par\u00f3n de una semana la actividad del remonte vuelve este s\u00e1bado, 1 de agosto, al front\u00f3n Galarreta.&nbsp;A pesar de que las puertas del front\u00f3n han estado cerrados al p\u00fablico se est\u00e1n jugando partidos previos para clasificarse al Torneo Individual que [&hellip;]\" \/>\n<meta property=\"og:url\" content=\"https:\/\/oriamendi.eus\/es\/2020\/07\/29\/galarretak-larunbatean-irekiko-ditu-berriz-ateak-buruz-buruko-txapelketarekin-erremontea-jaialai-jai-alai-bizirik\/\" \/>\n<meta property=\"og:site_name\" content=\"Oriamendi 2010\" \/>\n<meta property=\"article:publisher\" content=\"https:\/\/www.facebook.com\/oriamendi2010remonte\/\" \/>\n<meta property=\"article:published_time\" content=\"2020-07-29T15:30:45+00:00\" \/>\n<meta property=\"article:modified_time\" content=\"2020-07-29T15:33:01+00:00\" \/>\n<meta property=\"og:image\" content=\"https:\/\/oriamendi.eus\/wp-content\/uploads\/2020\/07\/Ansa-II-Endika-Larra\u00f1aga-scaled.jpg\" \/>\n\t<meta property=\"og:image:width\" content=\"2560\" \/>\n\t<meta property=\"og:image:height\" content=\"1707\" \/>\n\t<meta property=\"og:image:type\" content=\"image\/jpeg\" \/>\n<meta name=\"author\" content=\"Endika Barrenetxea\" \/>\n<meta name=\"twitter:card\" content=\"summary_large_image\" \/>\n<meta name=\"twitter:creator\" content=\"@oriamendi2010\" \/>\n<meta name=\"twitter:site\" content=\"@oriamendi2010\" \/>\n<meta name=\"twitter:label1\" content=\"Escrito por\" \/>\n\t<meta name=\"twitter:data1\" content=\"Endika Barrenetxea\" \/>\n\t<meta name=\"twitter:label2\" content=\"Tiempo de lectura\" \/>\n\t<meta name=\"twitter:data2\" content=\"1 minuto\" \/>\n<script type=\"application\/ld+json\" class=\"yoast-schema-graph\">{\"@context\":\"https:\/\/schema.org\",\"@graph\":[{\"@type\":\"Article\",\"@id\":\"https:\/\/oriamendi.eus\/es\/2020\/07\/29\/galarretak-larunbatean-irekiko-ditu-berriz-ateak-buruz-buruko-txapelketarekin-erremontea-jaialai-jai-alai-bizirik\/#article\",\"isPartOf\":{\"@id\":\"https:\/\/oriamendi.eus\/es\/2020\/07\/29\/galarretak-larunbatean-irekiko-ditu-berriz-ateak-buruz-buruko-txapelketarekin-erremontea-jaialai-jai-alai-bizirik\/\"},\"author\":{\"name\":\"Endika Barrenetxea\",\"@id\":\"https:\/\/oriamendi.eus\/es\/#\/schema\/person\/d50c13df7440d84706fe7d03941cc92f\"},\"headline\":\"Galarreta reabre el s\u00e1bado sus puertas con el Torneo Individual\",\"datePublished\":\"2020-07-29T15:30:45+00:00\",\"dateModified\":\"2020-07-29T15:33:01+00:00\",\"mainEntityOfPage\":{\"@id\":\"https:\/\/oriamendi.eus\/es\/2020\/07\/29\/galarretak-larunbatean-irekiko-ditu-berriz-ateak-buruz-buruko-txapelketarekin-erremontea-jaialai-jai-alai-bizirik\/\"},\"wordCount\":233,\"publisher\":{\"@id\":\"https:\/\/oriamendi.eus\/es\/#organization\"},\"articleSection\":[\"Sin categorizar\"],\"inLanguage\":\"es\"},{\"@type\":\"WebPage\",\"@id\":\"https:\/\/oriamendi.eus\/es\/2020\/07\/29\/galarretak-larunbatean-irekiko-ditu-berriz-ateak-buruz-buruko-txapelketarekin-erremontea-jaialai-jai-alai-bizirik\/\",\"url\":\"https:\/\/oriamendi.eus\/es\/2020\/07\/29\/galarretak-larunbatean-irekiko-ditu-berriz-ateak-buruz-buruko-txapelketarekin-erremontea-jaialai-jai-alai-bizirik\/\",\"name\":\"Galarreta reabre el s\u00e1bado sus puertas con el Torneo Individual | Oriamendi 2010\",\"isPartOf\":{\"@id\":\"https:\/\/oriamendi.eus\/es\/#website\"},\"datePublished\":\"2020-07-29T15:30:45+00:00\",\"dateModified\":\"2020-07-29T15:33:01+00:00\",\"breadcrumb\":{\"@id\":\"https:\/\/oriamendi.eus\/es\/2020\/07\/29\/galarretak-larunbatean-irekiko-ditu-berriz-ateak-buruz-buruko-txapelketarekin-erremontea-jaialai-jai-alai-bizirik\/#breadcrumb\"},\"inLanguage\":\"es\",\"potentialAction\":[{\"@type\":\"ReadAction\",\"target\":[\"https:\/\/oriamendi.eus\/es\/2020\/07\/29\/galarretak-larunbatean-irekiko-ditu-berriz-ateak-buruz-buruko-txapelketarekin-erremontea-jaialai-jai-alai-bizirik\/\"]}]},{\"@type\":\"BreadcrumbList\",\"@id\":\"https:\/\/oriamendi.eus\/es\/2020\/07\/29\/galarretak-larunbatean-irekiko-ditu-berriz-ateak-buruz-buruko-txapelketarekin-erremontea-jaialai-jai-alai-bizirik\/#breadcrumb\",\"itemListElement\":[{\"@type\":\"ListItem\",\"position\":1,\"name\":\"Portada\",\"item\":\"https:\/\/oriamendi.eus\/es\/\"},{\"@type\":\"ListItem\",\"position\":2,\"name\":\"Galarreta reabre el s\u00e1bado sus puertas con el Torneo Individual\"}]},{\"@type\":\"WebSite\",\"@id\":\"https:\/\/oriamendi.eus\/es\/#website\",\"url\":\"https:\/\/oriamendi.eus\/es\/\",\"name\":\"Oriamendi\",\"description\":\"Remonte en Galarreta. Hernani. Gipuzkoa\",\"publisher\":{\"@id\":\"https:\/\/oriamendi.eus\/es\/#organization\"},\"potentialAction\":[{\"@type\":\"SearchAction\",\"target\":{\"@type\":\"EntryPoint\",\"urlTemplate\":\"https:\/\/oriamendi.eus\/es\/?s={search_term_string}\"},\"query-input\":\"required name=search_term_string\"}],\"inLanguage\":\"es\"},{\"@type\":\"Organization\",\"@id\":\"https:\/\/oriamendi.eus\/es\/#organization\",\"name\":\"Oriamendi\",\"url\":\"https:\/\/oriamendi.eus\/es\/\",\"logo\":{\"@type\":\"ImageObject\",\"inLanguage\":\"es\",\"@id\":\"https:\/\/oriamendi.eus\/es\/#\/schema\/logo\/image\/\",\"url\":\"https:\/\/oriamendi.eus\/wp-content\/uploads\/2020\/06\/logo-oriamendi.png\",\"contentUrl\":\"https:\/\/oriamendi.eus\/wp-content\/uploads\/2020\/06\/logo-oriamendi.png\",\"width\":300,\"height\":90,\"caption\":\"Oriamendi\"},\"image\":{\"@id\":\"https:\/\/oriamendi.eus\/es\/#\/schema\/logo\/image\/\"},\"sameAs\":[\"https:\/\/www.facebook.com\/oriamendi2010remonte\/\",\"https:\/\/twitter.com\/oriamendi2010\",\"https:\/\/www.instagram.com\/galarretajaialai\/\",\"https:\/\/www.youtube.com\/channel\/UC8gVNzQqB1iwnC-_rI-ihmA\/featured\"]},{\"@type\":\"Person\",\"@id\":\"https:\/\/oriamendi.eus\/es\/#\/schema\/person\/d50c13df7440d84706fe7d03941cc92f\",\"name\":\"Endika Barrenetxea\",\"image\":{\"@type\":\"ImageObject\",\"inLanguage\":\"es\",\"@id\":\"https:\/\/oriamendi.eus\/es\/#\/schema\/person\/image\/\",\"url\":\"https:\/\/secure.gravatar.com\/avatar\/26a16205d858e579d56d8adc8addd712?s=96&d=mm&r=g\",\"contentUrl\":\"https:\/\/secure.gravatar.com\/avatar\/26a16205d858e579d56d8adc8addd712?s=96&d=mm&r=g\",\"caption\":\"Endika Barrenetxea\"},\"url\":\"https:\/\/oriamendi.eus\/es\/author\/om-kudeaketa\/\"}]}<\/script>\n<!-- \/ Yoast SEO plugin. -->","yoast_head_json":{"title":"Galarreta reabre el s\u00e1bado sus puertas con el Torneo Individual | Oriamendi 2010","robots":{"index":"index","follow":"follow","max-snippet":"max-snippet:-1","max-image-preview":"max-image-preview:large","max-video-preview":"max-video-preview:-1"},"canonical":"https:\/\/oriamendi.eus\/es\/2020\/07\/29\/galarretak-larunbatean-irekiko-ditu-berriz-ateak-buruz-buruko-txapelketarekin-erremontea-jaialai-jai-alai-bizirik\/","og_locale":"es_ES","og_type":"article","og_title":"Galarreta reabre el s\u00e1bado sus puertas con el Torneo Individual | Oriamendi 2010","og_description":"El Torneo Individual de remonte est\u00e1 a la vuelta de la esquina y tras el par\u00f3n de una semana la actividad del remonte vuelve este s\u00e1bado, 1 de agosto, al front\u00f3n Galarreta.&nbsp;A pesar de que las puertas del front\u00f3n han estado cerrados al p\u00fablico se est\u00e1n jugando partidos previos para clasificarse al Torneo Individual que [&hellip;]","og_url":"https:\/\/oriamendi.eus\/es\/2020\/07\/29\/galarretak-larunbatean-irekiko-ditu-berriz-ateak-buruz-buruko-txapelketarekin-erremontea-jaialai-jai-alai-bizirik\/","og_site_name":"Oriamendi 2010","article_publisher":"https:\/\/www.facebook.com\/oriamendi2010remonte\/","article_published_time":"2020-07-29T15:30:45+00:00","article_modified_time":"2020-07-29T15:33:01+00:00","og_image":[{"width":2560,"height":1707,"url":"https:\/\/oriamendi.eus\/wp-content\/uploads\/2020\/07\/Ansa-II-Endika-Larra\u00f1aga-scaled.jpg","type":"image\/jpeg"}],"author":"Endika Barrenetxea","twitter_card":"summary_large_image","twitter_creator":"@oriamendi2010","twitter_site":"@oriamendi2010","twitter_misc":{"Escrito por":"Endika Barrenetxea","Tiempo de lectura":"1 minuto"},"schema":{"@context":"https:\/\/schema.org","@graph":[{"@type":"Article","@id":"https:\/\/oriamendi.eus\/es\/2020\/07\/29\/galarretak-larunbatean-irekiko-ditu-berriz-ateak-buruz-buruko-txapelketarekin-erremontea-jaialai-jai-alai-bizirik\/#article","isPartOf":{"@id":"https:\/\/oriamendi.eus\/es\/2020\/07\/29\/galarretak-larunbatean-irekiko-ditu-berriz-ateak-buruz-buruko-txapelketarekin-erremontea-jaialai-jai-alai-bizirik\/"},"author":{"name":"Endika Barrenetxea","@id":"https:\/\/oriamendi.eus\/es\/#\/schema\/person\/d50c13df7440d84706fe7d03941cc92f"},"headline":"Galarreta reabre el s\u00e1bado sus puertas con el Torneo Individual","datePublished":"2020-07-29T15:30:45+00:00","dateModified":"2020-07-29T15:33:01+00:00","mainEntityOfPage":{"@id":"https:\/\/oriamendi.eus\/es\/2020\/07\/29\/galarretak-larunbatean-irekiko-ditu-berriz-ateak-buruz-buruko-txapelketarekin-erremontea-jaialai-jai-alai-bizirik\/"},"wordCount":233,"publisher":{"@id":"https:\/\/oriamendi.eus\/es\/#organization"},"articleSection":["Sin categorizar"],"inLanguage":"es"},{"@type":"WebPage","@id":"https:\/\/oriamendi.eus\/es\/2020\/07\/29\/galarretak-larunbatean-irekiko-ditu-berriz-ateak-buruz-buruko-txapelketarekin-erremontea-jaialai-jai-alai-bizirik\/","url":"https:\/\/oriamendi.eus\/es\/2020\/07\/29\/galarretak-larunbatean-irekiko-ditu-berriz-ateak-buruz-buruko-txapelketarekin-erremontea-jaialai-jai-alai-bizirik\/","name":"Galarreta reabre el s\u00e1bado sus puertas con el Torneo Individual | Oriamendi 2010","isPartOf":{"@id":"https:\/\/oriamendi.eus\/es\/#website"},"datePublished":"2020-07-29T15:30:45+00:00","dateModified":"2020-07-29T15:33:01+00:00","breadcrumb":{"@id":"https:\/\/oriamendi.eus\/es\/2020\/07\/29\/galarretak-larunbatean-irekiko-ditu-berriz-ateak-buruz-buruko-txapelketarekin-erremontea-jaialai-jai-alai-bizirik\/#breadcrumb"},"inLanguage":"es","potentialAction":[{"@type":"ReadAction","target":["https:\/\/oriamendi.eus\/es\/2020\/07\/29\/galarretak-larunbatean-irekiko-ditu-berriz-ateak-buruz-buruko-txapelketarekin-erremontea-jaialai-jai-alai-bizirik\/"]}]},{"@type":"BreadcrumbList","@id":"https:\/\/oriamendi.eus\/es\/2020\/07\/29\/galarretak-larunbatean-irekiko-ditu-berriz-ateak-buruz-buruko-txapelketarekin-erremontea-jaialai-jai-alai-bizirik\/#breadcrumb","itemListElement":[{"@type":"ListItem","position":1,"name":"Portada","item":"https:\/\/oriamendi.eus\/es\/"},{"@type":"ListItem","position":2,"name":"Galarreta reabre el s\u00e1bado sus puertas con el Torneo Individual"}]},{"@type":"WebSite","@id":"https:\/\/oriamendi.eus\/es\/#website","url":"https:\/\/oriamendi.eus\/es\/","name":"Oriamendi","description":"Remonte en Galarreta. Hernani. Gipuzkoa","publisher":{"@id":"https:\/\/oriamendi.eus\/es\/#organization"},"potentialAction":[{"@type":"SearchAction","target":{"@type":"EntryPoint","urlTemplate":"https:\/\/oriamendi.eus\/es\/?s={search_term_string}"},"query-input":"required name=search_term_string"}],"inLanguage":"es"},{"@type":"Organization","@id":"https:\/\/oriamendi.eus\/es\/#organization","name":"Oriamendi","url":"https:\/\/oriamendi.eus\/es\/","logo":{"@type":"ImageObject","inLanguage":"es","@id":"https:\/\/oriamendi.eus\/es\/#\/schema\/logo\/image\/","url":"https:\/\/oriamendi.eus\/wp-content\/uploads\/2020\/06\/logo-oriamendi.png","contentUrl":"https:\/\/oriamendi.eus\/wp-content\/uploads\/2020\/06\/logo-oriamendi.png","width":300,"height":90,"caption":"Oriamendi"},"image":{"@id":"https:\/\/oriamendi.eus\/es\/#\/schema\/logo\/image\/"},"sameAs":["https:\/\/www.facebook.com\/oriamendi2010remonte\/","https:\/\/twitter.com\/oriamendi2010","https:\/\/www.instagram.com\/galarretajaialai\/","https:\/\/www.youtube.com\/channel\/UC8gVNzQqB1iwnC-_rI-ihmA\/featured"]},{"@type":"Person","@id":"https:\/\/oriamendi.eus\/es\/#\/schema\/person\/d50c13df7440d84706fe7d03941cc92f","name":"Endika Barrenetxea","image":{"@type":"ImageObject","inLanguage":"es","@id":"https:\/\/oriamendi.eus\/es\/#\/schema\/person\/image\/","url":"https:\/\/secure.gravatar.com\/avatar\/26a16205d858e579d56d8adc8addd712?s=96&d=mm&r=g","contentUrl":"https:\/\/secure.gravatar.com\/avatar\/26a16205d858e579d56d8adc8addd712?s=96&d=mm&r=g","caption":"Endika Barrenetxea"},"url":"https:\/\/oriamendi.eus\/es\/author\/om-kudeaketa\/"}]}},"_links":{"self":[{"href":"https:\/\/oriamendi.eus\/es\/wp-json\/wp\/v2\/posts\/4313"}],"collection":[{"href":"https:\/\/oriamendi.eus\/es\/wp-json\/wp\/v2\/posts"}],"about":[{"href":"https:\/\/oriamendi.eus\/es\/wp-json\/wp\/v2\/types\/post"}],"author":[{"embeddable":true,"href":"https:\/\/oriamendi.eus\/es\/wp-json\/wp\/v2\/users\/3"}],"replies":[{"embeddable":true,"href":"https:\/\/oriamendi.eus\/es\/wp-json\/wp\/v2\/comments?post=4313"}],"version-history":[{"count":3,"href":"https:\/\/oriamendi.eus\/es\/wp-json\/wp\/v2\/posts\/4313\/revisions"}],"predecessor-version":[{"id":4319,"href":"https:\/\/oriamendi.eus\/es\/wp-json\/wp\/v2\/posts\/4313\/revisions\/4319"}],"wp:featuredmedia":[{"embeddable":true,"href":"https:\/\/oriamendi.eus\/es\/wp-json\/wp\/v2\/media\/4315"}],"wp:attachment":[{"href":"https:\/\/oriamendi.eus\/es\/wp-json\/wp\/v2\/media?parent=4313"}],"wp:term":[{"taxonomy":"category","embeddable":true,"href":"https:\/\/oriamendi.eus\/es\/wp-json\/wp\/v2\/categories?post=4313"},{"taxonomy":"post_tag","embeddable":true,"href":"https:\/\/oriamendi.eus\/es\/wp-json\/wp\/v2\/tags?post=4313"}],"curies":[{"name":"wp","href":"https:\/\/api.w.org\/{rel}","templated":true}]}}