                                        
                                        
                                        
                                        
                                        
                                        
                                        
                                        
                                        
                                        
                                        
                                        
                                        
                                        
                                        
                                        
                                        
                                        
{"id":4281,"date":"2020-07-16T16:41:00","date_gmt":"2020-07-16T14:41:00","guid":{"rendered":"https:\/\/oriamendi.eus\/?p=4281"},"modified":"2020-07-16T16:56:16","modified_gmt":"2020-07-16T14:56:16","slug":"empecial-remonte-gracias-hermano-aitor-zaldua-remonte","status":"publish","type":"post","link":"https:\/\/oriamendi.eus\/es\/2020\/07\/16\/empecial-remonte-gracias-hermano-aitor-zaldua-remonte\/","title":{"rendered":"Empec\u00e9 al remonte gracias a mi hermano"},"content":{"rendered":"\n<p>Aitor Zaldua cumplir\u00e1 30 a\u00f1os el pr\u00f3ximo 18 de noviembre, pero justo cuatro meses antes, este s\u00e1bado 18 de julio, debutar\u00e1 como profesional en el front\u00f3n Galarreta de Hernani. Este donostiarra de 29 a\u00f1os juega de delantero y es hermano de otro remontista profesional, de Ibon Zaldua.<\/p>\n\n\n\n<p><br><strong>&#8211; \u00bfQu\u00e9 sensaciones tiene antes del debut?\u00a0<\/strong>&#8211; Tengo mucha ilusi\u00f3n. Los nervios me llegar\u00e1n en el \u00faltimo momento. Tengo muchas ganas de jugar.<\/p>\n\n\n\n<p><strong>&#8211; \u00bfC\u00f3mo lleg\u00f3 al remonte Aitor Zaldua?<\/strong>&nbsp;&#8211; Antes del remonte jugaba al f\u00fatbol. Luego, en Le\u00f3n, estudi\u00e9 Actividad F\u00edsica (IVEF) y all\u00ed tambi\u00e9n jugaba al f\u00fatbol. Cuando termin\u00e9 mis estudios y volv\u00ed a casa dej\u00e9 el f\u00fatbol. Soy muy aficionado al deporte y mi hermano, que ya debut\u00f3, me dijo que probara en el remonte. La verdad que, una vez probado, me atrap\u00f3. Ese sonido que hace la cesta es maravilloso y poco a poco empec\u00e9 a jugar sin ninguna pretensi\u00f3n. El objetivo era jugar como aficionado e ir mejorando.<\/p>\n\n\n\n<p><strong>&#8211; Sin embargo, el comienzo no fue f\u00e1cil.&nbsp;<\/strong>&#8211; Tuve un peque\u00f1o problema en el hombro y me tuvieron que operar. Pensaba que no jugar\u00eda m\u00e1s, pero una vez que sal\u00ed de la operaci\u00f3n decid\u00ed que empezar\u00eda poco a poco. As\u00ed, en los entrenamientos me sent\u00eda cada vez mejor. Apret\u00e9 y segu\u00ed hasta ahora.<\/p>\n\n\n\n<p><strong>&#8211; \u00bfCu\u00e1ndo puso la cesta en la mano por primera vez?&nbsp;<\/strong>&#8211; Hace unos seis a\u00f1os, con 23-24 a\u00f1os.<\/p>\n\n\n\n<p><strong>&#8211; Y como delantero. \u00bfTe sientes mejor en ese puesto?<\/strong>&nbsp;&#8211; El juego de delantero me resultaba m\u00e1s atractivo. Luego adem\u00e1s atr\u00e1s hay que tirar el golpe a la pelota con m\u00e1s fuerza y mi brazo habr\u00eda sufrido m\u00e1s. Estoy m\u00e1s a gusto delante.<\/p>\n\n\n\n<p><strong>&#8211; Primer partido el s\u00e1bado. \u00bfSabe con qui\u00e9n juega?<\/strong>&nbsp;&#8211; Con mi hermano y los rivales ser\u00e1n Urrutia II y Arruarte. Tendr\u00e1 un tono emotivo evidente, es muy bonito debutar con Ibon. Es tres a\u00f1os m\u00e1s joven y gracias a \u00e9l empec\u00e9 a remonte. Me coment\u00f3 que me gustaba mucho el deporte y me anim\u00f3. De peque\u00f1o tambi\u00e9n estaba en el front\u00f3n con mis padres y con \u00e9l y el paso a probar lo di gracias a \u00e9l. Es una alegr\u00eda.<\/p>\n\n\n\n<p><strong>&#8211; Aitor Zaldua es otro pelotari de la escuela de Oriamendi.<\/strong>&#8211; As\u00ed es. En la escuela de Oriamendi empec\u00e9 a jugar en Galarreta. Endika Barrenetxea fue el primer maestro y despu\u00e9s he estado mucho con Ansa y Goikoetxea. En los \u00faltimos meses he entrenado con ellos. No sab\u00eda que iba a debutar, ten\u00eda ilusi\u00f3n, pero no sab\u00eda nada.<br><strong>&#8211; \u00bfQu\u00e9 caracter\u00edsticas tiene como delantero?&nbsp;<\/strong>&#8211;&nbsp; No soy delantero de golpe, pero me muevo bastante r\u00e1pido. La velocidad es mi principal virtud. No me encuentro mal en defensa y en ataque soy m\u00e1s lento, me cuesta m\u00e1s hacer la jugada.<br><strong>&#8211; \u00bfEl s\u00e1bado se acercar\u00e1n allegados al front\u00f3n?&nbsp;<\/strong>&#8211; Tengo algunos amigos de vacaciones, pero all\u00ed estar\u00e1n familiares, mi pareja, alg\u00fan que otro amigo&#8230;<\/p>\n","protected":false},"excerpt":{"rendered":"<p>Aitor Zaldua cumplir\u00e1 30 a\u00f1os el pr\u00f3ximo 18 de noviembre, pero justo cuatro meses antes, este s\u00e1bado 18 de julio, debutar\u00e1 como profesional en el front\u00f3n Galarreta de Hernani. Este donostiarra de 29 a\u00f1os juega de delantero y es hermano de otro remontista profesional, de Ibon Zaldua. &#8211; \u00bfQu\u00e9 sensaciones tiene antes del debut?\u00a0&#8211; Tengo [&hellip;]<\/p>\n","protected":false},"author":3,"featured_media":4280,"comment_status":"closed","ping_status":"open","sticky":false,"template":"","format":"standard","meta":{"_et_pb_use_builder":"off","_et_pb_old_content":"","_et_gb_content_width":"","footnotes":""},"categories":[1],"tags":[],"yoast_head":"<!-- This site is optimized with the Yoast SEO plugin v21.8 - https:\/\/yoast.com\/wordpress\/plugins\/seo\/ -->\n<title>Empec\u00e9 al remonte gracias a mi hermano | Oriamendi 2010<\/title>\n<meta name=\"robots\" content=\"index, follow, max-snippet:-1, max-image-preview:large, max-video-preview:-1\" \/>\n<link rel=\"canonical\" href=\"https:\/\/oriamendi.eus\/es\/2020\/07\/16\/empecial-remonte-gracias-hermano-aitor-zaldua-remonte\/\" \/>\n<meta property=\"og:locale\" content=\"es_ES\" \/>\n<meta property=\"og:type\" content=\"article\" \/>\n<meta property=\"og:title\" content=\"Empec\u00e9 al remonte gracias a mi hermano | Oriamendi 2010\" \/>\n<meta property=\"og:description\" content=\"Aitor Zaldua cumplir\u00e1 30 a\u00f1os el pr\u00f3ximo 18 de noviembre, pero justo cuatro meses antes, este s\u00e1bado 18 de julio, debutar\u00e1 como profesional en el front\u00f3n Galarreta de Hernani. Este donostiarra de 29 a\u00f1os juega de delantero y es hermano de otro remontista profesional, de Ibon Zaldua. &#8211; \u00bfQu\u00e9 sensaciones tiene antes del debut?\u00a0&#8211; Tengo [&hellip;]\" \/>\n<meta property=\"og:url\" content=\"https:\/\/oriamendi.eus\/es\/2020\/07\/16\/empecial-remonte-gracias-hermano-aitor-zaldua-remonte\/\" \/>\n<meta property=\"og:site_name\" content=\"Oriamendi 2010\" \/>\n<meta property=\"article:publisher\" content=\"https:\/\/www.facebook.com\/oriamendi2010remonte\/\" \/>\n<meta property=\"article:published_time\" content=\"2020-07-16T14:41:00+00:00\" \/>\n<meta property=\"article:modified_time\" content=\"2020-07-16T14:56:16+00:00\" \/>\n<meta property=\"og:image\" content=\"https:\/\/oriamendi.eus\/wp-content\/uploads\/2020\/07\/Aitor-Zaldua.jpg\" \/>\n\t<meta property=\"og:image:width\" content=\"1200\" \/>\n\t<meta property=\"og:image:height\" content=\"1200\" \/>\n\t<meta property=\"og:image:type\" content=\"image\/jpeg\" \/>\n<meta name=\"author\" content=\"Endika Barrenetxea\" \/>\n<meta name=\"twitter:card\" content=\"summary_large_image\" \/>\n<meta name=\"twitter:creator\" content=\"@oriamendi2010\" \/>\n<meta name=\"twitter:site\" content=\"@oriamendi2010\" \/>\n<meta name=\"twitter:label1\" content=\"Escrito por\" \/>\n\t<meta name=\"twitter:data1\" content=\"Endika Barrenetxea\" \/>\n\t<meta name=\"twitter:label2\" content=\"Tiempo de lectura\" \/>\n\t<meta name=\"twitter:data2\" content=\"3 minutos\" \/>\n<script type=\"application\/ld+json\" class=\"yoast-schema-graph\">{\"@context\":\"https:\/\/schema.org\",\"@graph\":[{\"@type\":\"Article\",\"@id\":\"https:\/\/oriamendi.eus\/es\/2020\/07\/16\/empecial-remonte-gracias-hermano-aitor-zaldua-remonte\/#article\",\"isPartOf\":{\"@id\":\"https:\/\/oriamendi.eus\/es\/2020\/07\/16\/empecial-remonte-gracias-hermano-aitor-zaldua-remonte\/\"},\"author\":{\"name\":\"Endika Barrenetxea\",\"@id\":\"https:\/\/oriamendi.eus\/es\/#\/schema\/person\/d50c13df7440d84706fe7d03941cc92f\"},\"headline\":\"Empec\u00e9 al remonte gracias a mi hermano\",\"datePublished\":\"2020-07-16T14:41:00+00:00\",\"dateModified\":\"2020-07-16T14:56:16+00:00\",\"mainEntityOfPage\":{\"@id\":\"https:\/\/oriamendi.eus\/es\/2020\/07\/16\/empecial-remonte-gracias-hermano-aitor-zaldua-remonte\/\"},\"wordCount\":550,\"publisher\":{\"@id\":\"https:\/\/oriamendi.eus\/es\/#organization\"},\"articleSection\":[\"Sin categorizar\"],\"inLanguage\":\"es\"},{\"@type\":\"WebPage\",\"@id\":\"https:\/\/oriamendi.eus\/es\/2020\/07\/16\/empecial-remonte-gracias-hermano-aitor-zaldua-remonte\/\",\"url\":\"https:\/\/oriamendi.eus\/es\/2020\/07\/16\/empecial-remonte-gracias-hermano-aitor-zaldua-remonte\/\",\"name\":\"Empec\u00e9 al remonte gracias a mi hermano | Oriamendi 2010\",\"isPartOf\":{\"@id\":\"https:\/\/oriamendi.eus\/es\/#website\"},\"datePublished\":\"2020-07-16T14:41:00+00:00\",\"dateModified\":\"2020-07-16T14:56:16+00:00\",\"breadcrumb\":{\"@id\":\"https:\/\/oriamendi.eus\/es\/2020\/07\/16\/empecial-remonte-gracias-hermano-aitor-zaldua-remonte\/#breadcrumb\"},\"inLanguage\":\"es\",\"potentialAction\":[{\"@type\":\"ReadAction\",\"target\":[\"https:\/\/oriamendi.eus\/es\/2020\/07\/16\/empecial-remonte-gracias-hermano-aitor-zaldua-remonte\/\"]}]},{\"@type\":\"BreadcrumbList\",\"@id\":\"https:\/\/oriamendi.eus\/es\/2020\/07\/16\/empecial-remonte-gracias-hermano-aitor-zaldua-remonte\/#breadcrumb\",\"itemListElement\":[{\"@type\":\"ListItem\",\"position\":1,\"name\":\"Portada\",\"item\":\"https:\/\/oriamendi.eus\/es\/\"},{\"@type\":\"ListItem\",\"position\":2,\"name\":\"Empec\u00e9 al remonte gracias a mi hermano\"}]},{\"@type\":\"WebSite\",\"@id\":\"https:\/\/oriamendi.eus\/es\/#website\",\"url\":\"https:\/\/oriamendi.eus\/es\/\",\"name\":\"Oriamendi\",\"description\":\"Remonte en Galarreta. Hernani. Gipuzkoa\",\"publisher\":{\"@id\":\"https:\/\/oriamendi.eus\/es\/#organization\"},\"potentialAction\":[{\"@type\":\"SearchAction\",\"target\":{\"@type\":\"EntryPoint\",\"urlTemplate\":\"https:\/\/oriamendi.eus\/es\/?s={search_term_string}\"},\"query-input\":\"required name=search_term_string\"}],\"inLanguage\":\"es\"},{\"@type\":\"Organization\",\"@id\":\"https:\/\/oriamendi.eus\/es\/#organization\",\"name\":\"Oriamendi\",\"url\":\"https:\/\/oriamendi.eus\/es\/\",\"logo\":{\"@type\":\"ImageObject\",\"inLanguage\":\"es\",\"@id\":\"https:\/\/oriamendi.eus\/es\/#\/schema\/logo\/image\/\",\"url\":\"https:\/\/oriamendi.eus\/wp-content\/uploads\/2020\/06\/logo-oriamendi.png\",\"contentUrl\":\"https:\/\/oriamendi.eus\/wp-content\/uploads\/2020\/06\/logo-oriamendi.png\",\"width\":300,\"height\":90,\"caption\":\"Oriamendi\"},\"image\":{\"@id\":\"https:\/\/oriamendi.eus\/es\/#\/schema\/logo\/image\/\"},\"sameAs\":[\"https:\/\/www.facebook.com\/oriamendi2010remonte\/\",\"https:\/\/twitter.com\/oriamendi2010\",\"https:\/\/www.instagram.com\/galarretajaialai\/\",\"https:\/\/www.youtube.com\/channel\/UC8gVNzQqB1iwnC-_rI-ihmA\/featured\"]},{\"@type\":\"Person\",\"@id\":\"https:\/\/oriamendi.eus\/es\/#\/schema\/person\/d50c13df7440d84706fe7d03941cc92f\",\"name\":\"Endika Barrenetxea\",\"image\":{\"@type\":\"ImageObject\",\"inLanguage\":\"es\",\"@id\":\"https:\/\/oriamendi.eus\/es\/#\/schema\/person\/image\/\",\"url\":\"https:\/\/secure.gravatar.com\/avatar\/26a16205d858e579d56d8adc8addd712?s=96&d=mm&r=g\",\"contentUrl\":\"https:\/\/secure.gravatar.com\/avatar\/26a16205d858e579d56d8adc8addd712?s=96&d=mm&r=g\",\"caption\":\"Endika Barrenetxea\"},\"url\":\"https:\/\/oriamendi.eus\/es\/author\/om-kudeaketa\/\"}]}<\/script>\n<!-- \/ Yoast SEO plugin. -->","yoast_head_json":{"title":"Empec\u00e9 al remonte gracias a mi hermano | Oriamendi 2010","robots":{"index":"index","follow":"follow","max-snippet":"max-snippet:-1","max-image-preview":"max-image-preview:large","max-video-preview":"max-video-preview:-1"},"canonical":"https:\/\/oriamendi.eus\/es\/2020\/07\/16\/empecial-remonte-gracias-hermano-aitor-zaldua-remonte\/","og_locale":"es_ES","og_type":"article","og_title":"Empec\u00e9 al remonte gracias a mi hermano | Oriamendi 2010","og_description":"Aitor Zaldua cumplir\u00e1 30 a\u00f1os el pr\u00f3ximo 18 de noviembre, pero justo cuatro meses antes, este s\u00e1bado 18 de julio, debutar\u00e1 como profesional en el front\u00f3n Galarreta de Hernani. Este donostiarra de 29 a\u00f1os juega de delantero y es hermano de otro remontista profesional, de Ibon Zaldua. &#8211; \u00bfQu\u00e9 sensaciones tiene antes del debut?\u00a0&#8211; Tengo [&hellip;]","og_url":"https:\/\/oriamendi.eus\/es\/2020\/07\/16\/empecial-remonte-gracias-hermano-aitor-zaldua-remonte\/","og_site_name":"Oriamendi 2010","article_publisher":"https:\/\/www.facebook.com\/oriamendi2010remonte\/","article_published_time":"2020-07-16T14:41:00+00:00","article_modified_time":"2020-07-16T14:56:16+00:00","og_image":[{"width":1200,"height":1200,"url":"https:\/\/oriamendi.eus\/wp-content\/uploads\/2020\/07\/Aitor-Zaldua.jpg","type":"image\/jpeg"}],"author":"Endika Barrenetxea","twitter_card":"summary_large_image","twitter_creator":"@oriamendi2010","twitter_site":"@oriamendi2010","twitter_misc":{"Escrito por":"Endika Barrenetxea","Tiempo de lectura":"3 minutos"},"schema":{"@context":"https:\/\/schema.org","@graph":[{"@type":"Article","@id":"https:\/\/oriamendi.eus\/es\/2020\/07\/16\/empecial-remonte-gracias-hermano-aitor-zaldua-remonte\/#article","isPartOf":{"@id":"https:\/\/oriamendi.eus\/es\/2020\/07\/16\/empecial-remonte-gracias-hermano-aitor-zaldua-remonte\/"},"author":{"name":"Endika Barrenetxea","@id":"https:\/\/oriamendi.eus\/es\/#\/schema\/person\/d50c13df7440d84706fe7d03941cc92f"},"headline":"Empec\u00e9 al remonte gracias a mi hermano","datePublished":"2020-07-16T14:41:00+00:00","dateModified":"2020-07-16T14:56:16+00:00","mainEntityOfPage":{"@id":"https:\/\/oriamendi.eus\/es\/2020\/07\/16\/empecial-remonte-gracias-hermano-aitor-zaldua-remonte\/"},"wordCount":550,"publisher":{"@id":"https:\/\/oriamendi.eus\/es\/#organization"},"articleSection":["Sin categorizar"],"inLanguage":"es"},{"@type":"WebPage","@id":"https:\/\/oriamendi.eus\/es\/2020\/07\/16\/empecial-remonte-gracias-hermano-aitor-zaldua-remonte\/","url":"https:\/\/oriamendi.eus\/es\/2020\/07\/16\/empecial-remonte-gracias-hermano-aitor-zaldua-remonte\/","name":"Empec\u00e9 al remonte gracias a mi hermano | Oriamendi 2010","isPartOf":{"@id":"https:\/\/oriamendi.eus\/es\/#website"},"datePublished":"2020-07-16T14:41:00+00:00","dateModified":"2020-07-16T14:56:16+00:00","breadcrumb":{"@id":"https:\/\/oriamendi.eus\/es\/2020\/07\/16\/empecial-remonte-gracias-hermano-aitor-zaldua-remonte\/#breadcrumb"},"inLanguage":"es","potentialAction":[{"@type":"ReadAction","target":["https:\/\/oriamendi.eus\/es\/2020\/07\/16\/empecial-remonte-gracias-hermano-aitor-zaldua-remonte\/"]}]},{"@type":"BreadcrumbList","@id":"https:\/\/oriamendi.eus\/es\/2020\/07\/16\/empecial-remonte-gracias-hermano-aitor-zaldua-remonte\/#breadcrumb","itemListElement":[{"@type":"ListItem","position":1,"name":"Portada","item":"https:\/\/oriamendi.eus\/es\/"},{"@type":"ListItem","position":2,"name":"Empec\u00e9 al remonte gracias a mi hermano"}]},{"@type":"WebSite","@id":"https:\/\/oriamendi.eus\/es\/#website","url":"https:\/\/oriamendi.eus\/es\/","name":"Oriamendi","description":"Remonte en Galarreta. Hernani. Gipuzkoa","publisher":{"@id":"https:\/\/oriamendi.eus\/es\/#organization"},"potentialAction":[{"@type":"SearchAction","target":{"@type":"EntryPoint","urlTemplate":"https:\/\/oriamendi.eus\/es\/?s={search_term_string}"},"query-input":"required name=search_term_string"}],"inLanguage":"es"},{"@type":"Organization","@id":"https:\/\/oriamendi.eus\/es\/#organization","name":"Oriamendi","url":"https:\/\/oriamendi.eus\/es\/","logo":{"@type":"ImageObject","inLanguage":"es","@id":"https:\/\/oriamendi.eus\/es\/#\/schema\/logo\/image\/","url":"https:\/\/oriamendi.eus\/wp-content\/uploads\/2020\/06\/logo-oriamendi.png","contentUrl":"https:\/\/oriamendi.eus\/wp-content\/uploads\/2020\/06\/logo-oriamendi.png","width":300,"height":90,"caption":"Oriamendi"},"image":{"@id":"https:\/\/oriamendi.eus\/es\/#\/schema\/logo\/image\/"},"sameAs":["https:\/\/www.facebook.com\/oriamendi2010remonte\/","https:\/\/twitter.com\/oriamendi2010","https:\/\/www.instagram.com\/galarretajaialai\/","https:\/\/www.youtube.com\/channel\/UC8gVNzQqB1iwnC-_rI-ihmA\/featured"]},{"@type":"Person","@id":"https:\/\/oriamendi.eus\/es\/#\/schema\/person\/d50c13df7440d84706fe7d03941cc92f","name":"Endika Barrenetxea","image":{"@type":"ImageObject","inLanguage":"es","@id":"https:\/\/oriamendi.eus\/es\/#\/schema\/person\/image\/","url":"https:\/\/secure.gravatar.com\/avatar\/26a16205d858e579d56d8adc8addd712?s=96&d=mm&r=g","contentUrl":"https:\/\/secure.gravatar.com\/avatar\/26a16205d858e579d56d8adc8addd712?s=96&d=mm&r=g","caption":"Endika Barrenetxea"},"url":"https:\/\/oriamendi.eus\/es\/author\/om-kudeaketa\/"}]}},"_links":{"self":[{"href":"https:\/\/oriamendi.eus\/es\/wp-json\/wp\/v2\/posts\/4281"}],"collection":[{"href":"https:\/\/oriamendi.eus\/es\/wp-json\/wp\/v2\/posts"}],"about":[{"href":"https:\/\/oriamendi.eus\/es\/wp-json\/wp\/v2\/types\/post"}],"author":[{"embeddable":true,"href":"https:\/\/oriamendi.eus\/es\/wp-json\/wp\/v2\/users\/3"}],"replies":[{"embeddable":true,"href":"https:\/\/oriamendi.eus\/es\/wp-json\/wp\/v2\/comments?post=4281"}],"version-history":[{"count":2,"href":"https:\/\/oriamendi.eus\/es\/wp-json\/wp\/v2\/posts\/4281\/revisions"}],"predecessor-version":[{"id":4283,"href":"https:\/\/oriamendi.eus\/es\/wp-json\/wp\/v2\/posts\/4281\/revisions\/4283"}],"wp:featuredmedia":[{"embeddable":true,"href":"https:\/\/oriamendi.eus\/es\/wp-json\/wp\/v2\/media\/4280"}],"wp:attachment":[{"href":"https:\/\/oriamendi.eus\/es\/wp-json\/wp\/v2\/media?parent=4281"}],"wp:term":[{"taxonomy":"category","embeddable":true,"href":"https:\/\/oriamendi.eus\/es\/wp-json\/wp\/v2\/categories?post=4281"},{"taxonomy":"post_tag","embeddable":true,"href":"https:\/\/oriamendi.eus\/es\/wp-json\/wp\/v2\/tags?post=4281"}],"curies":[{"name":"wp","href":"https:\/\/api.w.org\/{rel}","templated":true}]}}