                                        
                                        
                                        
                                        
                                        
                                        
                                        
                                        
                                        
                                        
                                        
                                        
                                        
                                        
                                        
                                        
                                        
                                        
{"id":4000,"date":"2020-07-09T14:00:00","date_gmt":"2020-07-09T12:00:00","guid":{"rendered":"https:\/\/oriamendi.eus\/?p=4000"},"modified":"2020-07-10T14:02:28","modified_gmt":"2020-07-10T12:02:28","slug":"ans-larranaga-quieren-evitar-urriza","status":"publish","type":"post","link":"https:\/\/oriamendi.eus\/es\/2020\/07\/09\/ans-larranaga-quieren-evitar-urriza\/","title":{"rendered":"Ansa II y Larra\u00f1aga quieren evitar a Urriza a toda costa"},"content":{"rendered":"\n<p>La t\u00e1ctica que van a emplear las parejas en la semifinal del Torneo 50 aniversario de Galarreta qued\u00f3 claro en la elecci\u00f3n del material. Ansa II y Larra\u00f1aga, que jugar\u00e1n de colorados tratar\u00e1n de evitar a toda costa a Urriza e intentar\u00e1n que sea Zubiri quien lleve el peso del partido. Por eso, eligieron cuatro pelotas con mucho vuelo y que cojan bote para que el delantero de Pamplona no pueda entrar en juego. Dos pelotas pesaron 129 gramos, una 128 y otra 126.<\/p>\n\n\n\n<p>Despu\u00e9s el turno fue para Urriza y Zubiri. Los azules en cambio buscaron otro tipo de material a pesar de que el peso de las pelotas es el mismo; dos de 129, uno de 128 y otro de 126 gramos. La diferencia entre las pelotas no est\u00e1 en el peso. Las cuatro de Urriza y Zubiri cuestan m\u00e1s mover y son m\u00e1s toscas. As\u00ed,Urriza tratar\u00e1 de imponer su juego de fuerza y defensa ante unos pujantes Ansa II y Larra\u00f1aga. La elecci\u00f3n del material ense\u00f1\u00f3 las cartas de los contendientes.<\/p>\n","protected":false},"excerpt":{"rendered":"<p>La t\u00e1ctica que van a emplear las parejas en la semifinal del Torneo 50 aniversario de Galarreta qued\u00f3 claro en la elecci\u00f3n del material. Ansa II y Larra\u00f1aga, que jugar\u00e1n de colorados tratar\u00e1n de evitar a toda costa a Urriza e intentar\u00e1n que sea Zubiri quien lleve el peso del partido. Por eso, eligieron cuatro [&hellip;]<\/p>\n","protected":false},"author":3,"featured_media":4002,"comment_status":"closed","ping_status":"open","sticky":false,"template":"","format":"standard","meta":{"_et_pb_use_builder":"off","_et_pb_old_content":"","_et_gb_content_width":"","footnotes":""},"categories":[1],"tags":[],"yoast_head":"<!-- This site is optimized with the Yoast SEO plugin v21.8 - https:\/\/yoast.com\/wordpress\/plugins\/seo\/ -->\n<title>Ansa II y Larra\u00f1aga quieren evitar a Urriza a toda costa | Oriamendi 2010<\/title>\n<meta name=\"robots\" content=\"index, follow, max-snippet:-1, max-image-preview:large, max-video-preview:-1\" \/>\n<link rel=\"canonical\" href=\"https:\/\/oriamendi.eus\/es\/2020\/07\/09\/ans-larranaga-quieren-evitar-urriza\/\" \/>\n<meta property=\"og:locale\" content=\"es_ES\" \/>\n<meta property=\"og:type\" content=\"article\" \/>\n<meta property=\"og:title\" content=\"Ansa II y Larra\u00f1aga quieren evitar a Urriza a toda costa | Oriamendi 2010\" \/>\n<meta property=\"og:description\" content=\"La t\u00e1ctica que van a emplear las parejas en la semifinal del Torneo 50 aniversario de Galarreta qued\u00f3 claro en la elecci\u00f3n del material. Ansa II y Larra\u00f1aga, que jugar\u00e1n de colorados tratar\u00e1n de evitar a toda costa a Urriza e intentar\u00e1n que sea Zubiri quien lleve el peso del partido. Por eso, eligieron cuatro [&hellip;]\" \/>\n<meta property=\"og:url\" content=\"https:\/\/oriamendi.eus\/es\/2020\/07\/09\/ans-larranaga-quieren-evitar-urriza\/\" \/>\n<meta property=\"og:site_name\" content=\"Oriamendi 2010\" \/>\n<meta property=\"article:publisher\" content=\"https:\/\/www.facebook.com\/oriamendi2010remonte\/\" \/>\n<meta property=\"article:published_time\" content=\"2020-07-09T12:00:00+00:00\" \/>\n<meta property=\"article:modified_time\" content=\"2020-07-10T12:02:28+00:00\" \/>\n<meta property=\"og:image\" content=\"https:\/\/oriamendi.eus\/wp-content\/uploads\/2020\/07\/Pilota-aukeraketa-scaled.jpg\" \/>\n\t<meta property=\"og:image:width\" content=\"2560\" \/>\n\t<meta property=\"og:image:height\" content=\"1707\" \/>\n\t<meta property=\"og:image:type\" content=\"image\/jpeg\" \/>\n<meta name=\"author\" content=\"Endika Barrenetxea\" \/>\n<meta name=\"twitter:card\" content=\"summary_large_image\" \/>\n<meta name=\"twitter:creator\" content=\"@oriamendi2010\" \/>\n<meta name=\"twitter:site\" content=\"@oriamendi2010\" \/>\n<meta name=\"twitter:label1\" content=\"Escrito por\" \/>\n\t<meta name=\"twitter:data1\" content=\"Endika Barrenetxea\" \/>\n\t<meta name=\"twitter:label2\" content=\"Tiempo de lectura\" \/>\n\t<meta name=\"twitter:data2\" content=\"1 minuto\" \/>\n<script type=\"application\/ld+json\" class=\"yoast-schema-graph\">{\"@context\":\"https:\/\/schema.org\",\"@graph\":[{\"@type\":\"Article\",\"@id\":\"https:\/\/oriamendi.eus\/es\/2020\/07\/09\/ans-larranaga-quieren-evitar-urriza\/#article\",\"isPartOf\":{\"@id\":\"https:\/\/oriamendi.eus\/es\/2020\/07\/09\/ans-larranaga-quieren-evitar-urriza\/\"},\"author\":{\"name\":\"Endika Barrenetxea\",\"@id\":\"https:\/\/oriamendi.eus\/es\/#\/schema\/person\/d50c13df7440d84706fe7d03941cc92f\"},\"headline\":\"Ansa II y Larra\u00f1aga quieren evitar a Urriza a toda costa\",\"datePublished\":\"2020-07-09T12:00:00+00:00\",\"dateModified\":\"2020-07-10T12:02:28+00:00\",\"mainEntityOfPage\":{\"@id\":\"https:\/\/oriamendi.eus\/es\/2020\/07\/09\/ans-larranaga-quieren-evitar-urriza\/\"},\"wordCount\":191,\"publisher\":{\"@id\":\"https:\/\/oriamendi.eus\/es\/#organization\"},\"articleSection\":[\"Sin categorizar\"],\"inLanguage\":\"es\"},{\"@type\":\"WebPage\",\"@id\":\"https:\/\/oriamendi.eus\/es\/2020\/07\/09\/ans-larranaga-quieren-evitar-urriza\/\",\"url\":\"https:\/\/oriamendi.eus\/es\/2020\/07\/09\/ans-larranaga-quieren-evitar-urriza\/\",\"name\":\"Ansa II y Larra\u00f1aga quieren evitar a Urriza a toda costa | Oriamendi 2010\",\"isPartOf\":{\"@id\":\"https:\/\/oriamendi.eus\/es\/#website\"},\"datePublished\":\"2020-07-09T12:00:00+00:00\",\"dateModified\":\"2020-07-10T12:02:28+00:00\",\"breadcrumb\":{\"@id\":\"https:\/\/oriamendi.eus\/es\/2020\/07\/09\/ans-larranaga-quieren-evitar-urriza\/#breadcrumb\"},\"inLanguage\":\"es\",\"potentialAction\":[{\"@type\":\"ReadAction\",\"target\":[\"https:\/\/oriamendi.eus\/es\/2020\/07\/09\/ans-larranaga-quieren-evitar-urriza\/\"]}]},{\"@type\":\"BreadcrumbList\",\"@id\":\"https:\/\/oriamendi.eus\/es\/2020\/07\/09\/ans-larranaga-quieren-evitar-urriza\/#breadcrumb\",\"itemListElement\":[{\"@type\":\"ListItem\",\"position\":1,\"name\":\"Portada\",\"item\":\"https:\/\/oriamendi.eus\/es\/\"},{\"@type\":\"ListItem\",\"position\":2,\"name\":\"Ansa II y Larra\u00f1aga quieren evitar a Urriza a toda costa\"}]},{\"@type\":\"WebSite\",\"@id\":\"https:\/\/oriamendi.eus\/es\/#website\",\"url\":\"https:\/\/oriamendi.eus\/es\/\",\"name\":\"Oriamendi\",\"description\":\"Remonte en Galarreta. Hernani. Gipuzkoa\",\"publisher\":{\"@id\":\"https:\/\/oriamendi.eus\/es\/#organization\"},\"potentialAction\":[{\"@type\":\"SearchAction\",\"target\":{\"@type\":\"EntryPoint\",\"urlTemplate\":\"https:\/\/oriamendi.eus\/es\/?s={search_term_string}\"},\"query-input\":\"required name=search_term_string\"}],\"inLanguage\":\"es\"},{\"@type\":\"Organization\",\"@id\":\"https:\/\/oriamendi.eus\/es\/#organization\",\"name\":\"Oriamendi\",\"url\":\"https:\/\/oriamendi.eus\/es\/\",\"logo\":{\"@type\":\"ImageObject\",\"inLanguage\":\"es\",\"@id\":\"https:\/\/oriamendi.eus\/es\/#\/schema\/logo\/image\/\",\"url\":\"https:\/\/oriamendi.eus\/wp-content\/uploads\/2020\/06\/logo-oriamendi.png\",\"contentUrl\":\"https:\/\/oriamendi.eus\/wp-content\/uploads\/2020\/06\/logo-oriamendi.png\",\"width\":300,\"height\":90,\"caption\":\"Oriamendi\"},\"image\":{\"@id\":\"https:\/\/oriamendi.eus\/es\/#\/schema\/logo\/image\/\"},\"sameAs\":[\"https:\/\/www.facebook.com\/oriamendi2010remonte\/\",\"https:\/\/twitter.com\/oriamendi2010\",\"https:\/\/www.instagram.com\/galarretajaialai\/\",\"https:\/\/www.youtube.com\/channel\/UC8gVNzQqB1iwnC-_rI-ihmA\/featured\"]},{\"@type\":\"Person\",\"@id\":\"https:\/\/oriamendi.eus\/es\/#\/schema\/person\/d50c13df7440d84706fe7d03941cc92f\",\"name\":\"Endika Barrenetxea\",\"image\":{\"@type\":\"ImageObject\",\"inLanguage\":\"es\",\"@id\":\"https:\/\/oriamendi.eus\/es\/#\/schema\/person\/image\/\",\"url\":\"https:\/\/secure.gravatar.com\/avatar\/26a16205d858e579d56d8adc8addd712?s=96&d=mm&r=g\",\"contentUrl\":\"https:\/\/secure.gravatar.com\/avatar\/26a16205d858e579d56d8adc8addd712?s=96&d=mm&r=g\",\"caption\":\"Endika Barrenetxea\"},\"url\":\"https:\/\/oriamendi.eus\/es\/author\/om-kudeaketa\/\"}]}<\/script>\n<!-- \/ Yoast SEO plugin. -->","yoast_head_json":{"title":"Ansa II y Larra\u00f1aga quieren evitar a Urriza a toda costa | Oriamendi 2010","robots":{"index":"index","follow":"follow","max-snippet":"max-snippet:-1","max-image-preview":"max-image-preview:large","max-video-preview":"max-video-preview:-1"},"canonical":"https:\/\/oriamendi.eus\/es\/2020\/07\/09\/ans-larranaga-quieren-evitar-urriza\/","og_locale":"es_ES","og_type":"article","og_title":"Ansa II y Larra\u00f1aga quieren evitar a Urriza a toda costa | Oriamendi 2010","og_description":"La t\u00e1ctica que van a emplear las parejas en la semifinal del Torneo 50 aniversario de Galarreta qued\u00f3 claro en la elecci\u00f3n del material. Ansa II y Larra\u00f1aga, que jugar\u00e1n de colorados tratar\u00e1n de evitar a toda costa a Urriza e intentar\u00e1n que sea Zubiri quien lleve el peso del partido. Por eso, eligieron cuatro [&hellip;]","og_url":"https:\/\/oriamendi.eus\/es\/2020\/07\/09\/ans-larranaga-quieren-evitar-urriza\/","og_site_name":"Oriamendi 2010","article_publisher":"https:\/\/www.facebook.com\/oriamendi2010remonte\/","article_published_time":"2020-07-09T12:00:00+00:00","article_modified_time":"2020-07-10T12:02:28+00:00","og_image":[{"width":2560,"height":1707,"url":"https:\/\/oriamendi.eus\/wp-content\/uploads\/2020\/07\/Pilota-aukeraketa-scaled.jpg","type":"image\/jpeg"}],"author":"Endika Barrenetxea","twitter_card":"summary_large_image","twitter_creator":"@oriamendi2010","twitter_site":"@oriamendi2010","twitter_misc":{"Escrito por":"Endika Barrenetxea","Tiempo de lectura":"1 minuto"},"schema":{"@context":"https:\/\/schema.org","@graph":[{"@type":"Article","@id":"https:\/\/oriamendi.eus\/es\/2020\/07\/09\/ans-larranaga-quieren-evitar-urriza\/#article","isPartOf":{"@id":"https:\/\/oriamendi.eus\/es\/2020\/07\/09\/ans-larranaga-quieren-evitar-urriza\/"},"author":{"name":"Endika Barrenetxea","@id":"https:\/\/oriamendi.eus\/es\/#\/schema\/person\/d50c13df7440d84706fe7d03941cc92f"},"headline":"Ansa II y Larra\u00f1aga quieren evitar a Urriza a toda costa","datePublished":"2020-07-09T12:00:00+00:00","dateModified":"2020-07-10T12:02:28+00:00","mainEntityOfPage":{"@id":"https:\/\/oriamendi.eus\/es\/2020\/07\/09\/ans-larranaga-quieren-evitar-urriza\/"},"wordCount":191,"publisher":{"@id":"https:\/\/oriamendi.eus\/es\/#organization"},"articleSection":["Sin categorizar"],"inLanguage":"es"},{"@type":"WebPage","@id":"https:\/\/oriamendi.eus\/es\/2020\/07\/09\/ans-larranaga-quieren-evitar-urriza\/","url":"https:\/\/oriamendi.eus\/es\/2020\/07\/09\/ans-larranaga-quieren-evitar-urriza\/","name":"Ansa II y Larra\u00f1aga quieren evitar a Urriza a toda costa | Oriamendi 2010","isPartOf":{"@id":"https:\/\/oriamendi.eus\/es\/#website"},"datePublished":"2020-07-09T12:00:00+00:00","dateModified":"2020-07-10T12:02:28+00:00","breadcrumb":{"@id":"https:\/\/oriamendi.eus\/es\/2020\/07\/09\/ans-larranaga-quieren-evitar-urriza\/#breadcrumb"},"inLanguage":"es","potentialAction":[{"@type":"ReadAction","target":["https:\/\/oriamendi.eus\/es\/2020\/07\/09\/ans-larranaga-quieren-evitar-urriza\/"]}]},{"@type":"BreadcrumbList","@id":"https:\/\/oriamendi.eus\/es\/2020\/07\/09\/ans-larranaga-quieren-evitar-urriza\/#breadcrumb","itemListElement":[{"@type":"ListItem","position":1,"name":"Portada","item":"https:\/\/oriamendi.eus\/es\/"},{"@type":"ListItem","position":2,"name":"Ansa II y Larra\u00f1aga quieren evitar a Urriza a toda costa"}]},{"@type":"WebSite","@id":"https:\/\/oriamendi.eus\/es\/#website","url":"https:\/\/oriamendi.eus\/es\/","name":"Oriamendi","description":"Remonte en Galarreta. Hernani. Gipuzkoa","publisher":{"@id":"https:\/\/oriamendi.eus\/es\/#organization"},"potentialAction":[{"@type":"SearchAction","target":{"@type":"EntryPoint","urlTemplate":"https:\/\/oriamendi.eus\/es\/?s={search_term_string}"},"query-input":"required name=search_term_string"}],"inLanguage":"es"},{"@type":"Organization","@id":"https:\/\/oriamendi.eus\/es\/#organization","name":"Oriamendi","url":"https:\/\/oriamendi.eus\/es\/","logo":{"@type":"ImageObject","inLanguage":"es","@id":"https:\/\/oriamendi.eus\/es\/#\/schema\/logo\/image\/","url":"https:\/\/oriamendi.eus\/wp-content\/uploads\/2020\/06\/logo-oriamendi.png","contentUrl":"https:\/\/oriamendi.eus\/wp-content\/uploads\/2020\/06\/logo-oriamendi.png","width":300,"height":90,"caption":"Oriamendi"},"image":{"@id":"https:\/\/oriamendi.eus\/es\/#\/schema\/logo\/image\/"},"sameAs":["https:\/\/www.facebook.com\/oriamendi2010remonte\/","https:\/\/twitter.com\/oriamendi2010","https:\/\/www.instagram.com\/galarretajaialai\/","https:\/\/www.youtube.com\/channel\/UC8gVNzQqB1iwnC-_rI-ihmA\/featured"]},{"@type":"Person","@id":"https:\/\/oriamendi.eus\/es\/#\/schema\/person\/d50c13df7440d84706fe7d03941cc92f","name":"Endika Barrenetxea","image":{"@type":"ImageObject","inLanguage":"es","@id":"https:\/\/oriamendi.eus\/es\/#\/schema\/person\/image\/","url":"https:\/\/secure.gravatar.com\/avatar\/26a16205d858e579d56d8adc8addd712?s=96&d=mm&r=g","contentUrl":"https:\/\/secure.gravatar.com\/avatar\/26a16205d858e579d56d8adc8addd712?s=96&d=mm&r=g","caption":"Endika Barrenetxea"},"url":"https:\/\/oriamendi.eus\/es\/author\/om-kudeaketa\/"}]}},"_links":{"self":[{"href":"https:\/\/oriamendi.eus\/es\/wp-json\/wp\/v2\/posts\/4000"}],"collection":[{"href":"https:\/\/oriamendi.eus\/es\/wp-json\/wp\/v2\/posts"}],"about":[{"href":"https:\/\/oriamendi.eus\/es\/wp-json\/wp\/v2\/types\/post"}],"author":[{"embeddable":true,"href":"https:\/\/oriamendi.eus\/es\/wp-json\/wp\/v2\/users\/3"}],"replies":[{"embeddable":true,"href":"https:\/\/oriamendi.eus\/es\/wp-json\/wp\/v2\/comments?post=4000"}],"version-history":[{"count":1,"href":"https:\/\/oriamendi.eus\/es\/wp-json\/wp\/v2\/posts\/4000\/revisions"}],"predecessor-version":[{"id":4001,"href":"https:\/\/oriamendi.eus\/es\/wp-json\/wp\/v2\/posts\/4000\/revisions\/4001"}],"wp:featuredmedia":[{"embeddable":true,"href":"https:\/\/oriamendi.eus\/es\/wp-json\/wp\/v2\/media\/4002"}],"wp:attachment":[{"href":"https:\/\/oriamendi.eus\/es\/wp-json\/wp\/v2\/media?parent=4000"}],"wp:term":[{"taxonomy":"category","embeddable":true,"href":"https:\/\/oriamendi.eus\/es\/wp-json\/wp\/v2\/categories?post=4000"},{"taxonomy":"post_tag","embeddable":true,"href":"https:\/\/oriamendi.eus\/es\/wp-json\/wp\/v2\/tags?post=4000"}],"curies":[{"name":"wp","href":"https:\/\/api.w.org\/{rel}","templated":true}]}}