                                        
                                        
                                        
                                        
                                        
                                        
                                        
                                        
                                        
                                        
                                        
                                        
                                        
                                        
                                        
                                        
                                        
                                        
{"id":3979,"date":"2020-06-20T13:00:00","date_gmt":"2020-06-20T11:00:00","guid":{"rendered":"https:\/\/oriamendi.eus\/?p=3979"},"modified":"2020-07-10T16:48:18","modified_gmt":"2020-07-10T14:48:18","slug":"azules-erremontea-remonte-muestran-superiores-colorados-reapertura-galarreta","status":"publish","type":"post","link":"https:\/\/oriamendi.eus\/es\/2020\/06\/20\/azules-erremontea-remonte-muestran-superiores-colorados-reapertura-galarreta\/","title":{"rendered":"Los azules se muestran superiores a los colorados en la reapertura de Galarreta"},"content":{"rendered":"\n<p>Galarreta abri\u00f3 las p\u00f9ertas tras m\u00e1s de tres meses cerrado debido a la pandemia creado por el koronabirus y lo hizo con una buena entrada, ambiente y claro dominio de las parejas azules respecto a los colorados. Se disputaron dos partidos correspondientes a la primera jornada del Campeonato del 50 aniversario de Galarreta y en ambos los te\u00f3ricos favoritos sucumbieron ante el equilibrio y mejor juego de los azules. En el primer partido Juanenea y Endika se impusieron 28-35 a Urriza y Zubiri y en el segundo Ansa y Larra\u00f1aga no dieron opci\u00f3n a Goikoetxea V y Barrenetxea IV al ganarles por 23-35. Realmente se vio buen juego, con detalles m\u00e1s que interesantes, pero falt\u00f3 emoci\u00f3n en el marcador en ambos duelos. Ambas parejas azules jugaron muy serios, sin apenas fallos y bien conjuntados y en los colorados en cambio fallaron los primeros espadas. Ni Urriza, ni Barrenetxea estuvieron a la altura que se les presupone y as\u00ed era muy dif\u00edcil ganar a pesar de que Zubiri y Goikoetxea estuvieron cerca o en su nivel. Los dos partidos tuvieron un desarrollo parecido. Los azules se escaparon de inicio cogiendo rentas importantes, pero a mitad de partido se acercaron algo los colorados, aunque nunca inquiet\u00f3 el marcador. Esos dos t\u00edmidos acercamientos fueron amagos y nuevos estirones de los azules les llevaron a la victoria. Hubo algo m\u00e1s de emoci\u00f3n y quiz\u00e1s mejor juego en el primer.<\/p>\n\n\n\n<p><\/p>\n\n\n\n<figure class=\"wp-block-image size-large\"><img fetchpriority=\"high\" fetchpriority=\"high\" decoding=\"async\" width=\"1024\" height=\"673\" src=\"https:\/\/oriamendi.eus\/wp-content\/uploads\/2020\/07\/1-sailkapena-1-1024x673.jpg\" alt=\"\" class=\"wp-image-4023\" srcset=\"https:\/\/oriamendi.eus\/wp-content\/uploads\/2020\/07\/1-sailkapena-1-980x644.jpg 980w, https:\/\/oriamendi.eus\/wp-content\/uploads\/2020\/07\/1-sailkapena-1-480x316.jpg 480w\" sizes=\"(min-width: 0px) and (max-width: 480px) 480px, (min-width: 481px) and (max-width: 980px) 980px, (min-width: 981px) 1024px, 100vw\" \/><\/figure>\n","protected":false},"excerpt":{"rendered":"<p>Galarreta abri\u00f3 las p\u00f9ertas tras m\u00e1s de tres meses cerrado debido a la pandemia creado por el koronabirus y lo hizo con una buena entrada, ambiente y claro dominio de las parejas azules respecto a los colorados. Se disputaron dos partidos correspondientes a la primera jornada del Campeonato del 50 aniversario de Galarreta y en [&hellip;]<\/p>\n","protected":false},"author":3,"featured_media":3978,"comment_status":"closed","ping_status":"open","sticky":false,"template":"","format":"standard","meta":{"_et_pb_use_builder":"off","_et_pb_old_content":"","_et_gb_content_width":"","footnotes":""},"categories":[1],"tags":[],"yoast_head":"<!-- This site is optimized with the Yoast SEO plugin v21.8 - https:\/\/yoast.com\/wordpress\/plugins\/seo\/ -->\n<title>Los azules se muestran superiores a los colorados en la reapertura de Galarreta | Oriamendi 2010<\/title>\n<meta name=\"robots\" content=\"index, follow, max-snippet:-1, max-image-preview:large, max-video-preview:-1\" \/>\n<link rel=\"canonical\" href=\"https:\/\/oriamendi.eus\/es\/2020\/06\/20\/azules-erremontea-remonte-muestran-superiores-colorados-reapertura-galarreta\/\" \/>\n<meta property=\"og:locale\" content=\"es_ES\" \/>\n<meta property=\"og:type\" content=\"article\" \/>\n<meta property=\"og:title\" content=\"Los azules se muestran superiores a los colorados en la reapertura de Galarreta | Oriamendi 2010\" \/>\n<meta property=\"og:description\" content=\"Galarreta abri\u00f3 las p\u00f9ertas tras m\u00e1s de tres meses cerrado debido a la pandemia creado por el koronabirus y lo hizo con una buena entrada, ambiente y claro dominio de las parejas azules respecto a los colorados. Se disputaron dos partidos correspondientes a la primera jornada del Campeonato del 50 aniversario de Galarreta y en [&hellip;]\" \/>\n<meta property=\"og:url\" content=\"https:\/\/oriamendi.eus\/es\/2020\/06\/20\/azules-erremontea-remonte-muestran-superiores-colorados-reapertura-galarreta\/\" \/>\n<meta property=\"og:site_name\" content=\"Oriamendi 2010\" \/>\n<meta property=\"article:publisher\" content=\"https:\/\/www.facebook.com\/oriamendi2010remonte\/\" \/>\n<meta property=\"article:published_time\" content=\"2020-06-20T11:00:00+00:00\" \/>\n<meta property=\"article:modified_time\" content=\"2020-07-10T14:48:18+00:00\" \/>\n<meta property=\"og:image\" content=\"https:\/\/oriamendi.eus\/wp-content\/uploads\/2020\/07\/lehen-jardunaldia-scaled.jpg\" \/>\n\t<meta property=\"og:image:width\" content=\"2560\" \/>\n\t<meta property=\"og:image:height\" content=\"1707\" \/>\n\t<meta property=\"og:image:type\" content=\"image\/jpeg\" \/>\n<meta name=\"author\" content=\"Endika Barrenetxea\" \/>\n<meta name=\"twitter:card\" content=\"summary_large_image\" \/>\n<meta name=\"twitter:creator\" content=\"@oriamendi2010\" \/>\n<meta name=\"twitter:site\" content=\"@oriamendi2010\" \/>\n<meta name=\"twitter:label1\" content=\"Escrito por\" \/>\n\t<meta name=\"twitter:data1\" content=\"Endika Barrenetxea\" \/>\n\t<meta name=\"twitter:label2\" content=\"Tiempo de lectura\" \/>\n\t<meta name=\"twitter:data2\" content=\"1 minuto\" \/>\n<script type=\"application\/ld+json\" class=\"yoast-schema-graph\">{\"@context\":\"https:\/\/schema.org\",\"@graph\":[{\"@type\":\"Article\",\"@id\":\"https:\/\/oriamendi.eus\/es\/2020\/06\/20\/azules-erremontea-remonte-muestran-superiores-colorados-reapertura-galarreta\/#article\",\"isPartOf\":{\"@id\":\"https:\/\/oriamendi.eus\/es\/2020\/06\/20\/azules-erremontea-remonte-muestran-superiores-colorados-reapertura-galarreta\/\"},\"author\":{\"name\":\"Endika Barrenetxea\",\"@id\":\"https:\/\/oriamendi.eus\/es\/#\/schema\/person\/d50c13df7440d84706fe7d03941cc92f\"},\"headline\":\"Los azules se muestran superiores a los colorados en la reapertura de Galarreta\",\"datePublished\":\"2020-06-20T11:00:00+00:00\",\"dateModified\":\"2020-07-10T14:48:18+00:00\",\"mainEntityOfPage\":{\"@id\":\"https:\/\/oriamendi.eus\/es\/2020\/06\/20\/azules-erremontea-remonte-muestran-superiores-colorados-reapertura-galarreta\/\"},\"wordCount\":259,\"publisher\":{\"@id\":\"https:\/\/oriamendi.eus\/es\/#organization\"},\"articleSection\":[\"Sin categorizar\"],\"inLanguage\":\"es\"},{\"@type\":\"WebPage\",\"@id\":\"https:\/\/oriamendi.eus\/es\/2020\/06\/20\/azules-erremontea-remonte-muestran-superiores-colorados-reapertura-galarreta\/\",\"url\":\"https:\/\/oriamendi.eus\/es\/2020\/06\/20\/azules-erremontea-remonte-muestran-superiores-colorados-reapertura-galarreta\/\",\"name\":\"Los azules se muestran superiores a los colorados en la reapertura de Galarreta | Oriamendi 2010\",\"isPartOf\":{\"@id\":\"https:\/\/oriamendi.eus\/es\/#website\"},\"datePublished\":\"2020-06-20T11:00:00+00:00\",\"dateModified\":\"2020-07-10T14:48:18+00:00\",\"breadcrumb\":{\"@id\":\"https:\/\/oriamendi.eus\/es\/2020\/06\/20\/azules-erremontea-remonte-muestran-superiores-colorados-reapertura-galarreta\/#breadcrumb\"},\"inLanguage\":\"es\",\"potentialAction\":[{\"@type\":\"ReadAction\",\"target\":[\"https:\/\/oriamendi.eus\/es\/2020\/06\/20\/azules-erremontea-remonte-muestran-superiores-colorados-reapertura-galarreta\/\"]}]},{\"@type\":\"BreadcrumbList\",\"@id\":\"https:\/\/oriamendi.eus\/es\/2020\/06\/20\/azules-erremontea-remonte-muestran-superiores-colorados-reapertura-galarreta\/#breadcrumb\",\"itemListElement\":[{\"@type\":\"ListItem\",\"position\":1,\"name\":\"Portada\",\"item\":\"https:\/\/oriamendi.eus\/es\/\"},{\"@type\":\"ListItem\",\"position\":2,\"name\":\"Los azules se muestran superiores a los colorados en la reapertura de Galarreta\"}]},{\"@type\":\"WebSite\",\"@id\":\"https:\/\/oriamendi.eus\/es\/#website\",\"url\":\"https:\/\/oriamendi.eus\/es\/\",\"name\":\"Oriamendi\",\"description\":\"Remonte en Galarreta. Hernani. Gipuzkoa\",\"publisher\":{\"@id\":\"https:\/\/oriamendi.eus\/es\/#organization\"},\"potentialAction\":[{\"@type\":\"SearchAction\",\"target\":{\"@type\":\"EntryPoint\",\"urlTemplate\":\"https:\/\/oriamendi.eus\/es\/?s={search_term_string}\"},\"query-input\":\"required name=search_term_string\"}],\"inLanguage\":\"es\"},{\"@type\":\"Organization\",\"@id\":\"https:\/\/oriamendi.eus\/es\/#organization\",\"name\":\"Oriamendi\",\"url\":\"https:\/\/oriamendi.eus\/es\/\",\"logo\":{\"@type\":\"ImageObject\",\"inLanguage\":\"es\",\"@id\":\"https:\/\/oriamendi.eus\/es\/#\/schema\/logo\/image\/\",\"url\":\"https:\/\/oriamendi.eus\/wp-content\/uploads\/2020\/06\/logo-oriamendi.png\",\"contentUrl\":\"https:\/\/oriamendi.eus\/wp-content\/uploads\/2020\/06\/logo-oriamendi.png\",\"width\":300,\"height\":90,\"caption\":\"Oriamendi\"},\"image\":{\"@id\":\"https:\/\/oriamendi.eus\/es\/#\/schema\/logo\/image\/\"},\"sameAs\":[\"https:\/\/www.facebook.com\/oriamendi2010remonte\/\",\"https:\/\/twitter.com\/oriamendi2010\",\"https:\/\/www.instagram.com\/galarretajaialai\/\",\"https:\/\/www.youtube.com\/channel\/UC8gVNzQqB1iwnC-_rI-ihmA\/featured\"]},{\"@type\":\"Person\",\"@id\":\"https:\/\/oriamendi.eus\/es\/#\/schema\/person\/d50c13df7440d84706fe7d03941cc92f\",\"name\":\"Endika Barrenetxea\",\"image\":{\"@type\":\"ImageObject\",\"inLanguage\":\"es\",\"@id\":\"https:\/\/oriamendi.eus\/es\/#\/schema\/person\/image\/\",\"url\":\"https:\/\/secure.gravatar.com\/avatar\/26a16205d858e579d56d8adc8addd712?s=96&d=mm&r=g\",\"contentUrl\":\"https:\/\/secure.gravatar.com\/avatar\/26a16205d858e579d56d8adc8addd712?s=96&d=mm&r=g\",\"caption\":\"Endika Barrenetxea\"},\"url\":\"https:\/\/oriamendi.eus\/es\/author\/om-kudeaketa\/\"}]}<\/script>\n<!-- \/ Yoast SEO plugin. -->","yoast_head_json":{"title":"Los azules se muestran superiores a los colorados en la reapertura de Galarreta | Oriamendi 2010","robots":{"index":"index","follow":"follow","max-snippet":"max-snippet:-1","max-image-preview":"max-image-preview:large","max-video-preview":"max-video-preview:-1"},"canonical":"https:\/\/oriamendi.eus\/es\/2020\/06\/20\/azules-erremontea-remonte-muestran-superiores-colorados-reapertura-galarreta\/","og_locale":"es_ES","og_type":"article","og_title":"Los azules se muestran superiores a los colorados en la reapertura de Galarreta | Oriamendi 2010","og_description":"Galarreta abri\u00f3 las p\u00f9ertas tras m\u00e1s de tres meses cerrado debido a la pandemia creado por el koronabirus y lo hizo con una buena entrada, ambiente y claro dominio de las parejas azules respecto a los colorados. Se disputaron dos partidos correspondientes a la primera jornada del Campeonato del 50 aniversario de Galarreta y en [&hellip;]","og_url":"https:\/\/oriamendi.eus\/es\/2020\/06\/20\/azules-erremontea-remonte-muestran-superiores-colorados-reapertura-galarreta\/","og_site_name":"Oriamendi 2010","article_publisher":"https:\/\/www.facebook.com\/oriamendi2010remonte\/","article_published_time":"2020-06-20T11:00:00+00:00","article_modified_time":"2020-07-10T14:48:18+00:00","og_image":[{"width":2560,"height":1707,"url":"https:\/\/oriamendi.eus\/wp-content\/uploads\/2020\/07\/lehen-jardunaldia-scaled.jpg","type":"image\/jpeg"}],"author":"Endika Barrenetxea","twitter_card":"summary_large_image","twitter_creator":"@oriamendi2010","twitter_site":"@oriamendi2010","twitter_misc":{"Escrito por":"Endika Barrenetxea","Tiempo de lectura":"1 minuto"},"schema":{"@context":"https:\/\/schema.org","@graph":[{"@type":"Article","@id":"https:\/\/oriamendi.eus\/es\/2020\/06\/20\/azules-erremontea-remonte-muestran-superiores-colorados-reapertura-galarreta\/#article","isPartOf":{"@id":"https:\/\/oriamendi.eus\/es\/2020\/06\/20\/azules-erremontea-remonte-muestran-superiores-colorados-reapertura-galarreta\/"},"author":{"name":"Endika Barrenetxea","@id":"https:\/\/oriamendi.eus\/es\/#\/schema\/person\/d50c13df7440d84706fe7d03941cc92f"},"headline":"Los azules se muestran superiores a los colorados en la reapertura de Galarreta","datePublished":"2020-06-20T11:00:00+00:00","dateModified":"2020-07-10T14:48:18+00:00","mainEntityOfPage":{"@id":"https:\/\/oriamendi.eus\/es\/2020\/06\/20\/azules-erremontea-remonte-muestran-superiores-colorados-reapertura-galarreta\/"},"wordCount":259,"publisher":{"@id":"https:\/\/oriamendi.eus\/es\/#organization"},"articleSection":["Sin categorizar"],"inLanguage":"es"},{"@type":"WebPage","@id":"https:\/\/oriamendi.eus\/es\/2020\/06\/20\/azules-erremontea-remonte-muestran-superiores-colorados-reapertura-galarreta\/","url":"https:\/\/oriamendi.eus\/es\/2020\/06\/20\/azules-erremontea-remonte-muestran-superiores-colorados-reapertura-galarreta\/","name":"Los azules se muestran superiores a los colorados en la reapertura de Galarreta | Oriamendi 2010","isPartOf":{"@id":"https:\/\/oriamendi.eus\/es\/#website"},"datePublished":"2020-06-20T11:00:00+00:00","dateModified":"2020-07-10T14:48:18+00:00","breadcrumb":{"@id":"https:\/\/oriamendi.eus\/es\/2020\/06\/20\/azules-erremontea-remonte-muestran-superiores-colorados-reapertura-galarreta\/#breadcrumb"},"inLanguage":"es","potentialAction":[{"@type":"ReadAction","target":["https:\/\/oriamendi.eus\/es\/2020\/06\/20\/azules-erremontea-remonte-muestran-superiores-colorados-reapertura-galarreta\/"]}]},{"@type":"BreadcrumbList","@id":"https:\/\/oriamendi.eus\/es\/2020\/06\/20\/azules-erremontea-remonte-muestran-superiores-colorados-reapertura-galarreta\/#breadcrumb","itemListElement":[{"@type":"ListItem","position":1,"name":"Portada","item":"https:\/\/oriamendi.eus\/es\/"},{"@type":"ListItem","position":2,"name":"Los azules se muestran superiores a los colorados en la reapertura de Galarreta"}]},{"@type":"WebSite","@id":"https:\/\/oriamendi.eus\/es\/#website","url":"https:\/\/oriamendi.eus\/es\/","name":"Oriamendi","description":"Remonte en Galarreta. Hernani. Gipuzkoa","publisher":{"@id":"https:\/\/oriamendi.eus\/es\/#organization"},"potentialAction":[{"@type":"SearchAction","target":{"@type":"EntryPoint","urlTemplate":"https:\/\/oriamendi.eus\/es\/?s={search_term_string}"},"query-input":"required name=search_term_string"}],"inLanguage":"es"},{"@type":"Organization","@id":"https:\/\/oriamendi.eus\/es\/#organization","name":"Oriamendi","url":"https:\/\/oriamendi.eus\/es\/","logo":{"@type":"ImageObject","inLanguage":"es","@id":"https:\/\/oriamendi.eus\/es\/#\/schema\/logo\/image\/","url":"https:\/\/oriamendi.eus\/wp-content\/uploads\/2020\/06\/logo-oriamendi.png","contentUrl":"https:\/\/oriamendi.eus\/wp-content\/uploads\/2020\/06\/logo-oriamendi.png","width":300,"height":90,"caption":"Oriamendi"},"image":{"@id":"https:\/\/oriamendi.eus\/es\/#\/schema\/logo\/image\/"},"sameAs":["https:\/\/www.facebook.com\/oriamendi2010remonte\/","https:\/\/twitter.com\/oriamendi2010","https:\/\/www.instagram.com\/galarretajaialai\/","https:\/\/www.youtube.com\/channel\/UC8gVNzQqB1iwnC-_rI-ihmA\/featured"]},{"@type":"Person","@id":"https:\/\/oriamendi.eus\/es\/#\/schema\/person\/d50c13df7440d84706fe7d03941cc92f","name":"Endika Barrenetxea","image":{"@type":"ImageObject","inLanguage":"es","@id":"https:\/\/oriamendi.eus\/es\/#\/schema\/person\/image\/","url":"https:\/\/secure.gravatar.com\/avatar\/26a16205d858e579d56d8adc8addd712?s=96&d=mm&r=g","contentUrl":"https:\/\/secure.gravatar.com\/avatar\/26a16205d858e579d56d8adc8addd712?s=96&d=mm&r=g","caption":"Endika Barrenetxea"},"url":"https:\/\/oriamendi.eus\/es\/author\/om-kudeaketa\/"}]}},"_links":{"self":[{"href":"https:\/\/oriamendi.eus\/es\/wp-json\/wp\/v2\/posts\/3979"}],"collection":[{"href":"https:\/\/oriamendi.eus\/es\/wp-json\/wp\/v2\/posts"}],"about":[{"href":"https:\/\/oriamendi.eus\/es\/wp-json\/wp\/v2\/types\/post"}],"author":[{"embeddable":true,"href":"https:\/\/oriamendi.eus\/es\/wp-json\/wp\/v2\/users\/3"}],"replies":[{"embeddable":true,"href":"https:\/\/oriamendi.eus\/es\/wp-json\/wp\/v2\/comments?post=3979"}],"version-history":[{"count":3,"href":"https:\/\/oriamendi.eus\/es\/wp-json\/wp\/v2\/posts\/3979\/revisions"}],"predecessor-version":[{"id":4049,"href":"https:\/\/oriamendi.eus\/es\/wp-json\/wp\/v2\/posts\/3979\/revisions\/4049"}],"wp:featuredmedia":[{"embeddable":true,"href":"https:\/\/oriamendi.eus\/es\/wp-json\/wp\/v2\/media\/3978"}],"wp:attachment":[{"href":"https:\/\/oriamendi.eus\/es\/wp-json\/wp\/v2\/media?parent=3979"}],"wp:term":[{"taxonomy":"category","embeddable":true,"href":"https:\/\/oriamendi.eus\/es\/wp-json\/wp\/v2\/categories?post=3979"},{"taxonomy":"post_tag","embeddable":true,"href":"https:\/\/oriamendi.eus\/es\/wp-json\/wp\/v2\/tags?post=3979"}],"curies":[{"name":"wp","href":"https:\/\/api.w.org\/{rel}","templated":true}]}}