                                        
                                        
                                        
                                        
                                        
                                        
                                        
                                        
                                        
                                        
                                        
                                        
                                        
                                        
                                        
                                        
                                        
                                        
{"id":3689,"date":"2020-06-07T16:13:22","date_gmt":"2020-06-07T14:13:22","guid":{"rendered":"https:\/\/oriamendi.eus\/?p=3689"},"modified":"2020-07-10T13:16:27","modified_gmt":"2020-07-10T11:16:27","slug":"el-nuevo-proyecto-de-oriamendi","status":"publish","type":"post","link":"https:\/\/oriamendi.eus\/es\/2020\/06\/07\/el-nuevo-proyecto-de-oriamendi\/","title":{"rendered":"El nuevo proyecto de oriamendi."},"content":{"rendered":"\n<p>La empresa Oriamendi trabaja desde hace meses en un proyecto de renovaci\u00f3n y mejora de la modalidad en todos sus \u00e1mbitos. Con el objetivo de mantener viva la modalidad, dar a conocerla y \u201crejuvenecerla\u201d est\u00e1 haciendo los cambios necesarios para poder llegar a cumplir ese fin.<\/p>\n\n\n\n<p>En lo que a campeonatos se refiere de momento tiene programados 30 festivales este a\u00f1o repartidos en 3 campeonatos. Empezar\u00e1 con un torneo que se jugar\u00e1 los meses de junio y julio emitido en su totalidad en directo por ETB1. Seguido llegar\u00e1 el siempre esperado campeonato individual, los meses de agosto y septiembre. El a\u00f1o lo cerrar\u00e1 el campeonato de parejas que acabar\u00e1 a finales de diciembre como es habitual.&nbsp;<\/p>\n","protected":false},"excerpt":{"rendered":"<p>La empresa Oriamendi trabaja desde hace meses en un proyecto de renovaci\u00f3n y mejora de la modalidad en todos sus \u00e1mbitos. Con el objetivo de mantener viva la modalidad, dar a conocerla y \u201crejuvenecerla\u201d est\u00e1 haciendo los cambios necesarios para poder llegar a cumplir ese fin. En lo que a campeonatos se refiere de momento [&hellip;]<\/p>\n","protected":false},"author":1,"featured_media":3969,"comment_status":"closed","ping_status":"open","sticky":false,"template":"","format":"standard","meta":{"_et_pb_use_builder":"off","_et_pb_old_content":"","_et_gb_content_width":"","footnotes":""},"categories":[1],"tags":[],"yoast_head":"<!-- This site is optimized with the Yoast SEO plugin v21.8 - https:\/\/yoast.com\/wordpress\/plugins\/seo\/ -->\n<title>El nuevo proyecto de oriamendi. | Oriamendi 2010<\/title>\n<meta name=\"robots\" content=\"index, follow, max-snippet:-1, max-image-preview:large, max-video-preview:-1\" \/>\n<link rel=\"canonical\" href=\"https:\/\/oriamendi.eus\/es\/2020\/06\/07\/el-nuevo-proyecto-de-oriamendi\/\" \/>\n<meta property=\"og:locale\" content=\"es_ES\" \/>\n<meta property=\"og:type\" content=\"article\" \/>\n<meta property=\"og:title\" content=\"El nuevo proyecto de oriamendi. | Oriamendi 2010\" \/>\n<meta property=\"og:description\" content=\"La empresa Oriamendi trabaja desde hace meses en un proyecto de renovaci\u00f3n y mejora de la modalidad en todos sus \u00e1mbitos. Con el objetivo de mantener viva la modalidad, dar a conocerla y \u201crejuvenecerla\u201d est\u00e1 haciendo los cambios necesarios para poder llegar a cumplir ese fin. En lo que a campeonatos se refiere de momento [&hellip;]\" \/>\n<meta property=\"og:url\" content=\"https:\/\/oriamendi.eus\/es\/2020\/06\/07\/el-nuevo-proyecto-de-oriamendi\/\" \/>\n<meta property=\"og:site_name\" content=\"Oriamendi 2010\" \/>\n<meta property=\"article:publisher\" content=\"https:\/\/www.facebook.com\/oriamendi2010remonte\/\" \/>\n<meta property=\"article:published_time\" content=\"2020-06-07T14:13:22+00:00\" \/>\n<meta property=\"article:modified_time\" content=\"2020-07-10T11:16:27+00:00\" \/>\n<meta property=\"og:image\" content=\"https:\/\/oriamendi.eus\/wp-content\/uploads\/2020\/06\/IMG_7599-copia-scaled.jpg\" \/>\n\t<meta property=\"og:image:width\" content=\"2560\" \/>\n\t<meta property=\"og:image:height\" content=\"1707\" \/>\n\t<meta property=\"og:image:type\" content=\"image\/jpeg\" \/>\n<meta name=\"author\" content=\"utsOriamendi\" \/>\n<meta name=\"twitter:card\" content=\"summary_large_image\" \/>\n<meta name=\"twitter:creator\" content=\"@oriamendi2010\" \/>\n<meta name=\"twitter:site\" content=\"@oriamendi2010\" \/>\n<meta name=\"twitter:label1\" content=\"Escrito por\" \/>\n\t<meta name=\"twitter:data1\" content=\"utsOriamendi\" \/>\n\t<meta name=\"twitter:label2\" content=\"Tiempo de lectura\" \/>\n\t<meta name=\"twitter:data2\" content=\"1 minuto\" \/>\n<script type=\"application\/ld+json\" class=\"yoast-schema-graph\">{\"@context\":\"https:\/\/schema.org\",\"@graph\":[{\"@type\":\"Article\",\"@id\":\"https:\/\/oriamendi.eus\/es\/2020\/06\/07\/el-nuevo-proyecto-de-oriamendi\/#article\",\"isPartOf\":{\"@id\":\"https:\/\/oriamendi.eus\/es\/2020\/06\/07\/el-nuevo-proyecto-de-oriamendi\/\"},\"author\":{\"name\":\"utsOriamendi\",\"@id\":\"https:\/\/oriamendi.eus\/es\/#\/schema\/person\/d6123ec884d3d67e2928c9e456578ad7\"},\"headline\":\"El nuevo proyecto de oriamendi.\",\"datePublished\":\"2020-06-07T14:13:22+00:00\",\"dateModified\":\"2020-07-10T11:16:27+00:00\",\"mainEntityOfPage\":{\"@id\":\"https:\/\/oriamendi.eus\/es\/2020\/06\/07\/el-nuevo-proyecto-de-oriamendi\/\"},\"wordCount\":123,\"publisher\":{\"@id\":\"https:\/\/oriamendi.eus\/es\/#organization\"},\"articleSection\":[\"Sin categorizar\"],\"inLanguage\":\"es\"},{\"@type\":\"WebPage\",\"@id\":\"https:\/\/oriamendi.eus\/es\/2020\/06\/07\/el-nuevo-proyecto-de-oriamendi\/\",\"url\":\"https:\/\/oriamendi.eus\/es\/2020\/06\/07\/el-nuevo-proyecto-de-oriamendi\/\",\"name\":\"El nuevo proyecto de oriamendi. | Oriamendi 2010\",\"isPartOf\":{\"@id\":\"https:\/\/oriamendi.eus\/es\/#website\"},\"datePublished\":\"2020-06-07T14:13:22+00:00\",\"dateModified\":\"2020-07-10T11:16:27+00:00\",\"breadcrumb\":{\"@id\":\"https:\/\/oriamendi.eus\/es\/2020\/06\/07\/el-nuevo-proyecto-de-oriamendi\/#breadcrumb\"},\"inLanguage\":\"es\",\"potentialAction\":[{\"@type\":\"ReadAction\",\"target\":[\"https:\/\/oriamendi.eus\/es\/2020\/06\/07\/el-nuevo-proyecto-de-oriamendi\/\"]}]},{\"@type\":\"BreadcrumbList\",\"@id\":\"https:\/\/oriamendi.eus\/es\/2020\/06\/07\/el-nuevo-proyecto-de-oriamendi\/#breadcrumb\",\"itemListElement\":[{\"@type\":\"ListItem\",\"position\":1,\"name\":\"Portada\",\"item\":\"https:\/\/oriamendi.eus\/es\/\"},{\"@type\":\"ListItem\",\"position\":2,\"name\":\"El nuevo proyecto de oriamendi.\"}]},{\"@type\":\"WebSite\",\"@id\":\"https:\/\/oriamendi.eus\/es\/#website\",\"url\":\"https:\/\/oriamendi.eus\/es\/\",\"name\":\"Oriamendi\",\"description\":\"Remonte en Galarreta. Hernani. Gipuzkoa\",\"publisher\":{\"@id\":\"https:\/\/oriamendi.eus\/es\/#organization\"},\"potentialAction\":[{\"@type\":\"SearchAction\",\"target\":{\"@type\":\"EntryPoint\",\"urlTemplate\":\"https:\/\/oriamendi.eus\/es\/?s={search_term_string}\"},\"query-input\":\"required name=search_term_string\"}],\"inLanguage\":\"es\"},{\"@type\":\"Organization\",\"@id\":\"https:\/\/oriamendi.eus\/es\/#organization\",\"name\":\"Oriamendi\",\"url\":\"https:\/\/oriamendi.eus\/es\/\",\"logo\":{\"@type\":\"ImageObject\",\"inLanguage\":\"es\",\"@id\":\"https:\/\/oriamendi.eus\/es\/#\/schema\/logo\/image\/\",\"url\":\"https:\/\/oriamendi.eus\/wp-content\/uploads\/2020\/06\/logo-oriamendi.png\",\"contentUrl\":\"https:\/\/oriamendi.eus\/wp-content\/uploads\/2020\/06\/logo-oriamendi.png\",\"width\":300,\"height\":90,\"caption\":\"Oriamendi\"},\"image\":{\"@id\":\"https:\/\/oriamendi.eus\/es\/#\/schema\/logo\/image\/\"},\"sameAs\":[\"https:\/\/www.facebook.com\/oriamendi2010remonte\/\",\"https:\/\/twitter.com\/oriamendi2010\",\"https:\/\/www.instagram.com\/galarretajaialai\/\",\"https:\/\/www.youtube.com\/channel\/UC8gVNzQqB1iwnC-_rI-ihmA\/featured\"]},{\"@type\":\"Person\",\"@id\":\"https:\/\/oriamendi.eus\/es\/#\/schema\/person\/d6123ec884d3d67e2928c9e456578ad7\",\"name\":\"utsOriamendi\",\"image\":{\"@type\":\"ImageObject\",\"inLanguage\":\"es\",\"@id\":\"https:\/\/oriamendi.eus\/es\/#\/schema\/person\/image\/\",\"url\":\"https:\/\/secure.gravatar.com\/avatar\/f41fc4443afedb2800bda9369ed03c02?s=96&d=mm&r=g\",\"contentUrl\":\"https:\/\/secure.gravatar.com\/avatar\/f41fc4443afedb2800bda9369ed03c02?s=96&d=mm&r=g\",\"caption\":\"utsOriamendi\"},\"url\":\"https:\/\/oriamendi.eus\/es\/author\/utsoriamendi\/\"}]}<\/script>\n<!-- \/ Yoast SEO plugin. -->","yoast_head_json":{"title":"El nuevo proyecto de oriamendi. | Oriamendi 2010","robots":{"index":"index","follow":"follow","max-snippet":"max-snippet:-1","max-image-preview":"max-image-preview:large","max-video-preview":"max-video-preview:-1"},"canonical":"https:\/\/oriamendi.eus\/es\/2020\/06\/07\/el-nuevo-proyecto-de-oriamendi\/","og_locale":"es_ES","og_type":"article","og_title":"El nuevo proyecto de oriamendi. | Oriamendi 2010","og_description":"La empresa Oriamendi trabaja desde hace meses en un proyecto de renovaci\u00f3n y mejora de la modalidad en todos sus \u00e1mbitos. Con el objetivo de mantener viva la modalidad, dar a conocerla y \u201crejuvenecerla\u201d est\u00e1 haciendo los cambios necesarios para poder llegar a cumplir ese fin. En lo que a campeonatos se refiere de momento [&hellip;]","og_url":"https:\/\/oriamendi.eus\/es\/2020\/06\/07\/el-nuevo-proyecto-de-oriamendi\/","og_site_name":"Oriamendi 2010","article_publisher":"https:\/\/www.facebook.com\/oriamendi2010remonte\/","article_published_time":"2020-06-07T14:13:22+00:00","article_modified_time":"2020-07-10T11:16:27+00:00","og_image":[{"width":2560,"height":1707,"url":"https:\/\/oriamendi.eus\/wp-content\/uploads\/2020\/06\/IMG_7599-copia-scaled.jpg","type":"image\/jpeg"}],"author":"utsOriamendi","twitter_card":"summary_large_image","twitter_creator":"@oriamendi2010","twitter_site":"@oriamendi2010","twitter_misc":{"Escrito por":"utsOriamendi","Tiempo de lectura":"1 minuto"},"schema":{"@context":"https:\/\/schema.org","@graph":[{"@type":"Article","@id":"https:\/\/oriamendi.eus\/es\/2020\/06\/07\/el-nuevo-proyecto-de-oriamendi\/#article","isPartOf":{"@id":"https:\/\/oriamendi.eus\/es\/2020\/06\/07\/el-nuevo-proyecto-de-oriamendi\/"},"author":{"name":"utsOriamendi","@id":"https:\/\/oriamendi.eus\/es\/#\/schema\/person\/d6123ec884d3d67e2928c9e456578ad7"},"headline":"El nuevo proyecto de oriamendi.","datePublished":"2020-06-07T14:13:22+00:00","dateModified":"2020-07-10T11:16:27+00:00","mainEntityOfPage":{"@id":"https:\/\/oriamendi.eus\/es\/2020\/06\/07\/el-nuevo-proyecto-de-oriamendi\/"},"wordCount":123,"publisher":{"@id":"https:\/\/oriamendi.eus\/es\/#organization"},"articleSection":["Sin categorizar"],"inLanguage":"es"},{"@type":"WebPage","@id":"https:\/\/oriamendi.eus\/es\/2020\/06\/07\/el-nuevo-proyecto-de-oriamendi\/","url":"https:\/\/oriamendi.eus\/es\/2020\/06\/07\/el-nuevo-proyecto-de-oriamendi\/","name":"El nuevo proyecto de oriamendi. | Oriamendi 2010","isPartOf":{"@id":"https:\/\/oriamendi.eus\/es\/#website"},"datePublished":"2020-06-07T14:13:22+00:00","dateModified":"2020-07-10T11:16:27+00:00","breadcrumb":{"@id":"https:\/\/oriamendi.eus\/es\/2020\/06\/07\/el-nuevo-proyecto-de-oriamendi\/#breadcrumb"},"inLanguage":"es","potentialAction":[{"@type":"ReadAction","target":["https:\/\/oriamendi.eus\/es\/2020\/06\/07\/el-nuevo-proyecto-de-oriamendi\/"]}]},{"@type":"BreadcrumbList","@id":"https:\/\/oriamendi.eus\/es\/2020\/06\/07\/el-nuevo-proyecto-de-oriamendi\/#breadcrumb","itemListElement":[{"@type":"ListItem","position":1,"name":"Portada","item":"https:\/\/oriamendi.eus\/es\/"},{"@type":"ListItem","position":2,"name":"El nuevo proyecto de oriamendi."}]},{"@type":"WebSite","@id":"https:\/\/oriamendi.eus\/es\/#website","url":"https:\/\/oriamendi.eus\/es\/","name":"Oriamendi","description":"Remonte en Galarreta. Hernani. Gipuzkoa","publisher":{"@id":"https:\/\/oriamendi.eus\/es\/#organization"},"potentialAction":[{"@type":"SearchAction","target":{"@type":"EntryPoint","urlTemplate":"https:\/\/oriamendi.eus\/es\/?s={search_term_string}"},"query-input":"required name=search_term_string"}],"inLanguage":"es"},{"@type":"Organization","@id":"https:\/\/oriamendi.eus\/es\/#organization","name":"Oriamendi","url":"https:\/\/oriamendi.eus\/es\/","logo":{"@type":"ImageObject","inLanguage":"es","@id":"https:\/\/oriamendi.eus\/es\/#\/schema\/logo\/image\/","url":"https:\/\/oriamendi.eus\/wp-content\/uploads\/2020\/06\/logo-oriamendi.png","contentUrl":"https:\/\/oriamendi.eus\/wp-content\/uploads\/2020\/06\/logo-oriamendi.png","width":300,"height":90,"caption":"Oriamendi"},"image":{"@id":"https:\/\/oriamendi.eus\/es\/#\/schema\/logo\/image\/"},"sameAs":["https:\/\/www.facebook.com\/oriamendi2010remonte\/","https:\/\/twitter.com\/oriamendi2010","https:\/\/www.instagram.com\/galarretajaialai\/","https:\/\/www.youtube.com\/channel\/UC8gVNzQqB1iwnC-_rI-ihmA\/featured"]},{"@type":"Person","@id":"https:\/\/oriamendi.eus\/es\/#\/schema\/person\/d6123ec884d3d67e2928c9e456578ad7","name":"utsOriamendi","image":{"@type":"ImageObject","inLanguage":"es","@id":"https:\/\/oriamendi.eus\/es\/#\/schema\/person\/image\/","url":"https:\/\/secure.gravatar.com\/avatar\/f41fc4443afedb2800bda9369ed03c02?s=96&d=mm&r=g","contentUrl":"https:\/\/secure.gravatar.com\/avatar\/f41fc4443afedb2800bda9369ed03c02?s=96&d=mm&r=g","caption":"utsOriamendi"},"url":"https:\/\/oriamendi.eus\/es\/author\/utsoriamendi\/"}]}},"_links":{"self":[{"href":"https:\/\/oriamendi.eus\/es\/wp-json\/wp\/v2\/posts\/3689"}],"collection":[{"href":"https:\/\/oriamendi.eus\/es\/wp-json\/wp\/v2\/posts"}],"about":[{"href":"https:\/\/oriamendi.eus\/es\/wp-json\/wp\/v2\/types\/post"}],"author":[{"embeddable":true,"href":"https:\/\/oriamendi.eus\/es\/wp-json\/wp\/v2\/users\/1"}],"replies":[{"embeddable":true,"href":"https:\/\/oriamendi.eus\/es\/wp-json\/wp\/v2\/comments?post=3689"}],"version-history":[{"count":1,"href":"https:\/\/oriamendi.eus\/es\/wp-json\/wp\/v2\/posts\/3689\/revisions"}],"predecessor-version":[{"id":3690,"href":"https:\/\/oriamendi.eus\/es\/wp-json\/wp\/v2\/posts\/3689\/revisions\/3690"}],"wp:featuredmedia":[{"embeddable":true,"href":"https:\/\/oriamendi.eus\/es\/wp-json\/wp\/v2\/media\/3969"}],"wp:attachment":[{"href":"https:\/\/oriamendi.eus\/es\/wp-json\/wp\/v2\/media?parent=3689"}],"wp:term":[{"taxonomy":"category","embeddable":true,"href":"https:\/\/oriamendi.eus\/es\/wp-json\/wp\/v2\/categories?post=3689"},{"taxonomy":"post_tag","embeddable":true,"href":"https:\/\/oriamendi.eus\/es\/wp-json\/wp\/v2\/tags?post=3689"}],"curies":[{"name":"wp","href":"https:\/\/api.w.org\/{rel}","templated":true}]}}