                                        
                                        
                                        
                                        
                                        
                                        
                                        
                                        
                                        
                                        
                                        
                                        
                                        
                                        
                                        
                                        
                                        
                                        
{"id":3686,"date":"2020-05-17T15:47:05","date_gmt":"2020-05-17T13:47:05","guid":{"rendered":"https:\/\/oriamendi.eus\/2020\/05\/17\/galarreta-martxan-da-hemen-da-erremontea\/"},"modified":"2020-07-08T16:11:11","modified_gmt":"2020-07-08T14:11:11","slug":"vuelve-galarreta-vuelve-remonte","status":"publish","type":"post","link":"https:\/\/oriamendi.eus\/es\/2020\/05\/17\/vuelve-galarreta-vuelve-remonte\/","title":{"rendered":"\u00a1Vuelve galarreta, vuelve el remonte!"},"content":{"rendered":"<p>Vuelve el mejor remonte al front\u00f3n Galarreta Jai-Alai. A partir de mediados de junio, todos los s\u00e1bados, podr\u00e1s disfrutar tanto en nuestro front\u00f3n como en directo en ETB1, del mejor remonte profesional. Todo de la mano de Oriamendi.<br \/>\nDurante la siguiente quincena podr\u00e1s conocer cada d\u00eda a un pelotari del cuadro profesional, sus fotos, perfil\u2026<br \/>\nNo pierdas la oportunidad de gozar de nuestro deporte.<br \/>\nBienvenido a Galarreta, bienvenido al nuevo Oriamendi.<\/p>\n","protected":false},"excerpt":{"rendered":"<p>Vuelve el mejor remonte al front\u00f3n Galarreta Jai-Alai. A partir de mediados de junio, todos los s\u00e1bados, podr\u00e1s disfrutar tanto en nuestro front\u00f3n como en directo en ETB1, del mejor remonte profesional. Todo de la mano de Oriamendi. Durante la siguiente quincena podr\u00e1s conocer cada d\u00eda a un pelotari del cuadro profesional, sus fotos, perfil\u2026 [&hellip;]<\/p>\n","protected":false},"author":1,"featured_media":3674,"comment_status":"closed","ping_status":"open","sticky":false,"template":"","format":"standard","meta":{"_et_pb_use_builder":"","_et_pb_old_content":"","_et_gb_content_width":"","footnotes":""},"categories":[1],"tags":[],"yoast_head":"<!-- This site is optimized with the Yoast SEO plugin v21.8 - https:\/\/yoast.com\/wordpress\/plugins\/seo\/ -->\n<title>\u00a1Vuelve galarreta, vuelve el remonte! | Oriamendi 2010<\/title>\n<meta name=\"robots\" content=\"index, follow, max-snippet:-1, max-image-preview:large, max-video-preview:-1\" \/>\n<link rel=\"canonical\" href=\"https:\/\/oriamendi.eus\/es\/2020\/05\/17\/vuelve-galarreta-vuelve-remonte\/\" \/>\n<meta property=\"og:locale\" content=\"es_ES\" \/>\n<meta property=\"og:type\" content=\"article\" \/>\n<meta property=\"og:title\" content=\"\u00a1Vuelve galarreta, vuelve el remonte! | Oriamendi 2010\" \/>\n<meta property=\"og:description\" content=\"Vuelve el mejor remonte al front\u00f3n Galarreta Jai-Alai. A partir de mediados de junio, todos los s\u00e1bados, podr\u00e1s disfrutar tanto en nuestro front\u00f3n como en directo en ETB1, del mejor remonte profesional. Todo de la mano de Oriamendi. Durante la siguiente quincena podr\u00e1s conocer cada d\u00eda a un pelotari del cuadro profesional, sus fotos, perfil\u2026 [&hellip;]\" \/>\n<meta property=\"og:url\" content=\"https:\/\/oriamendi.eus\/es\/2020\/05\/17\/vuelve-galarreta-vuelve-remonte\/\" \/>\n<meta property=\"og:site_name\" content=\"Oriamendi 2010\" \/>\n<meta property=\"article:publisher\" content=\"https:\/\/www.facebook.com\/oriamendi2010remonte\/\" \/>\n<meta property=\"article:published_time\" content=\"2020-05-17T13:47:05+00:00\" \/>\n<meta property=\"article:modified_time\" content=\"2020-07-08T14:11:11+00:00\" \/>\n<meta property=\"og:image\" content=\"https:\/\/oriamendi.eus\/wp-content\/uploads\/2020\/07\/vuelve-galarreta-vuelve-el-remonte.jpg\" \/>\n\t<meta property=\"og:image:width\" content=\"1200\" \/>\n\t<meta property=\"og:image:height\" content=\"840\" \/>\n\t<meta property=\"og:image:type\" content=\"image\/jpeg\" \/>\n<meta name=\"author\" content=\"utsOriamendi\" \/>\n<meta name=\"twitter:card\" content=\"summary_large_image\" \/>\n<meta name=\"twitter:creator\" content=\"@oriamendi2010\" \/>\n<meta name=\"twitter:site\" content=\"@oriamendi2010\" \/>\n<meta name=\"twitter:label1\" content=\"Escrito por\" \/>\n\t<meta name=\"twitter:data1\" content=\"utsOriamendi\" \/>\n<script type=\"application\/ld+json\" class=\"yoast-schema-graph\">{\"@context\":\"https:\/\/schema.org\",\"@graph\":[{\"@type\":\"Article\",\"@id\":\"https:\/\/oriamendi.eus\/es\/2020\/05\/17\/vuelve-galarreta-vuelve-remonte\/#article\",\"isPartOf\":{\"@id\":\"https:\/\/oriamendi.eus\/es\/2020\/05\/17\/vuelve-galarreta-vuelve-remonte\/\"},\"author\":{\"name\":\"utsOriamendi\",\"@id\":\"https:\/\/oriamendi.eus\/es\/#\/schema\/person\/d6123ec884d3d67e2928c9e456578ad7\"},\"headline\":\"\u00a1Vuelve galarreta, vuelve el remonte!\",\"datePublished\":\"2020-05-17T13:47:05+00:00\",\"dateModified\":\"2020-07-08T14:11:11+00:00\",\"mainEntityOfPage\":{\"@id\":\"https:\/\/oriamendi.eus\/es\/2020\/05\/17\/vuelve-galarreta-vuelve-remonte\/\"},\"wordCount\":82,\"publisher\":{\"@id\":\"https:\/\/oriamendi.eus\/es\/#organization\"},\"articleSection\":[\"Sin categorizar\"],\"inLanguage\":\"es\"},{\"@type\":\"WebPage\",\"@id\":\"https:\/\/oriamendi.eus\/es\/2020\/05\/17\/vuelve-galarreta-vuelve-remonte\/\",\"url\":\"https:\/\/oriamendi.eus\/es\/2020\/05\/17\/vuelve-galarreta-vuelve-remonte\/\",\"name\":\"\u00a1Vuelve galarreta, vuelve el remonte! | Oriamendi 2010\",\"isPartOf\":{\"@id\":\"https:\/\/oriamendi.eus\/es\/#website\"},\"datePublished\":\"2020-05-17T13:47:05+00:00\",\"dateModified\":\"2020-07-08T14:11:11+00:00\",\"breadcrumb\":{\"@id\":\"https:\/\/oriamendi.eus\/es\/2020\/05\/17\/vuelve-galarreta-vuelve-remonte\/#breadcrumb\"},\"inLanguage\":\"es\",\"potentialAction\":[{\"@type\":\"ReadAction\",\"target\":[\"https:\/\/oriamendi.eus\/es\/2020\/05\/17\/vuelve-galarreta-vuelve-remonte\/\"]}]},{\"@type\":\"BreadcrumbList\",\"@id\":\"https:\/\/oriamendi.eus\/es\/2020\/05\/17\/vuelve-galarreta-vuelve-remonte\/#breadcrumb\",\"itemListElement\":[{\"@type\":\"ListItem\",\"position\":1,\"name\":\"Portada\",\"item\":\"https:\/\/oriamendi.eus\/es\/\"},{\"@type\":\"ListItem\",\"position\":2,\"name\":\"\u00a1Vuelve galarreta, vuelve el remonte!\"}]},{\"@type\":\"WebSite\",\"@id\":\"https:\/\/oriamendi.eus\/es\/#website\",\"url\":\"https:\/\/oriamendi.eus\/es\/\",\"name\":\"Oriamendi\",\"description\":\"Remonte en Galarreta. Hernani. Gipuzkoa\",\"publisher\":{\"@id\":\"https:\/\/oriamendi.eus\/es\/#organization\"},\"potentialAction\":[{\"@type\":\"SearchAction\",\"target\":{\"@type\":\"EntryPoint\",\"urlTemplate\":\"https:\/\/oriamendi.eus\/es\/?s={search_term_string}\"},\"query-input\":\"required name=search_term_string\"}],\"inLanguage\":\"es\"},{\"@type\":\"Organization\",\"@id\":\"https:\/\/oriamendi.eus\/es\/#organization\",\"name\":\"Oriamendi\",\"url\":\"https:\/\/oriamendi.eus\/es\/\",\"logo\":{\"@type\":\"ImageObject\",\"inLanguage\":\"es\",\"@id\":\"https:\/\/oriamendi.eus\/es\/#\/schema\/logo\/image\/\",\"url\":\"https:\/\/oriamendi.eus\/wp-content\/uploads\/2020\/06\/logo-oriamendi.png\",\"contentUrl\":\"https:\/\/oriamendi.eus\/wp-content\/uploads\/2020\/06\/logo-oriamendi.png\",\"width\":300,\"height\":90,\"caption\":\"Oriamendi\"},\"image\":{\"@id\":\"https:\/\/oriamendi.eus\/es\/#\/schema\/logo\/image\/\"},\"sameAs\":[\"https:\/\/www.facebook.com\/oriamendi2010remonte\/\",\"https:\/\/twitter.com\/oriamendi2010\",\"https:\/\/www.instagram.com\/galarretajaialai\/\",\"https:\/\/www.youtube.com\/channel\/UC8gVNzQqB1iwnC-_rI-ihmA\/featured\"]},{\"@type\":\"Person\",\"@id\":\"https:\/\/oriamendi.eus\/es\/#\/schema\/person\/d6123ec884d3d67e2928c9e456578ad7\",\"name\":\"utsOriamendi\",\"image\":{\"@type\":\"ImageObject\",\"inLanguage\":\"es\",\"@id\":\"https:\/\/oriamendi.eus\/es\/#\/schema\/person\/image\/\",\"url\":\"https:\/\/secure.gravatar.com\/avatar\/f41fc4443afedb2800bda9369ed03c02?s=96&d=mm&r=g\",\"contentUrl\":\"https:\/\/secure.gravatar.com\/avatar\/f41fc4443afedb2800bda9369ed03c02?s=96&d=mm&r=g\",\"caption\":\"utsOriamendi\"},\"url\":\"https:\/\/oriamendi.eus\/es\/author\/utsoriamendi\/\"}]}<\/script>\n<!-- \/ Yoast SEO plugin. -->","yoast_head_json":{"title":"\u00a1Vuelve galarreta, vuelve el remonte! | Oriamendi 2010","robots":{"index":"index","follow":"follow","max-snippet":"max-snippet:-1","max-image-preview":"max-image-preview:large","max-video-preview":"max-video-preview:-1"},"canonical":"https:\/\/oriamendi.eus\/es\/2020\/05\/17\/vuelve-galarreta-vuelve-remonte\/","og_locale":"es_ES","og_type":"article","og_title":"\u00a1Vuelve galarreta, vuelve el remonte! | Oriamendi 2010","og_description":"Vuelve el mejor remonte al front\u00f3n Galarreta Jai-Alai. A partir de mediados de junio, todos los s\u00e1bados, podr\u00e1s disfrutar tanto en nuestro front\u00f3n como en directo en ETB1, del mejor remonte profesional. Todo de la mano de Oriamendi. Durante la siguiente quincena podr\u00e1s conocer cada d\u00eda a un pelotari del cuadro profesional, sus fotos, perfil\u2026 [&hellip;]","og_url":"https:\/\/oriamendi.eus\/es\/2020\/05\/17\/vuelve-galarreta-vuelve-remonte\/","og_site_name":"Oriamendi 2010","article_publisher":"https:\/\/www.facebook.com\/oriamendi2010remonte\/","article_published_time":"2020-05-17T13:47:05+00:00","article_modified_time":"2020-07-08T14:11:11+00:00","og_image":[{"width":1200,"height":840,"url":"https:\/\/oriamendi.eus\/wp-content\/uploads\/2020\/07\/vuelve-galarreta-vuelve-el-remonte.jpg","type":"image\/jpeg"}],"author":"utsOriamendi","twitter_card":"summary_large_image","twitter_creator":"@oriamendi2010","twitter_site":"@oriamendi2010","twitter_misc":{"Escrito por":"utsOriamendi"},"schema":{"@context":"https:\/\/schema.org","@graph":[{"@type":"Article","@id":"https:\/\/oriamendi.eus\/es\/2020\/05\/17\/vuelve-galarreta-vuelve-remonte\/#article","isPartOf":{"@id":"https:\/\/oriamendi.eus\/es\/2020\/05\/17\/vuelve-galarreta-vuelve-remonte\/"},"author":{"name":"utsOriamendi","@id":"https:\/\/oriamendi.eus\/es\/#\/schema\/person\/d6123ec884d3d67e2928c9e456578ad7"},"headline":"\u00a1Vuelve galarreta, vuelve el remonte!","datePublished":"2020-05-17T13:47:05+00:00","dateModified":"2020-07-08T14:11:11+00:00","mainEntityOfPage":{"@id":"https:\/\/oriamendi.eus\/es\/2020\/05\/17\/vuelve-galarreta-vuelve-remonte\/"},"wordCount":82,"publisher":{"@id":"https:\/\/oriamendi.eus\/es\/#organization"},"articleSection":["Sin categorizar"],"inLanguage":"es"},{"@type":"WebPage","@id":"https:\/\/oriamendi.eus\/es\/2020\/05\/17\/vuelve-galarreta-vuelve-remonte\/","url":"https:\/\/oriamendi.eus\/es\/2020\/05\/17\/vuelve-galarreta-vuelve-remonte\/","name":"\u00a1Vuelve galarreta, vuelve el remonte! | Oriamendi 2010","isPartOf":{"@id":"https:\/\/oriamendi.eus\/es\/#website"},"datePublished":"2020-05-17T13:47:05+00:00","dateModified":"2020-07-08T14:11:11+00:00","breadcrumb":{"@id":"https:\/\/oriamendi.eus\/es\/2020\/05\/17\/vuelve-galarreta-vuelve-remonte\/#breadcrumb"},"inLanguage":"es","potentialAction":[{"@type":"ReadAction","target":["https:\/\/oriamendi.eus\/es\/2020\/05\/17\/vuelve-galarreta-vuelve-remonte\/"]}]},{"@type":"BreadcrumbList","@id":"https:\/\/oriamendi.eus\/es\/2020\/05\/17\/vuelve-galarreta-vuelve-remonte\/#breadcrumb","itemListElement":[{"@type":"ListItem","position":1,"name":"Portada","item":"https:\/\/oriamendi.eus\/es\/"},{"@type":"ListItem","position":2,"name":"\u00a1Vuelve galarreta, vuelve el remonte!"}]},{"@type":"WebSite","@id":"https:\/\/oriamendi.eus\/es\/#website","url":"https:\/\/oriamendi.eus\/es\/","name":"Oriamendi","description":"Remonte en Galarreta. Hernani. Gipuzkoa","publisher":{"@id":"https:\/\/oriamendi.eus\/es\/#organization"},"potentialAction":[{"@type":"SearchAction","target":{"@type":"EntryPoint","urlTemplate":"https:\/\/oriamendi.eus\/es\/?s={search_term_string}"},"query-input":"required name=search_term_string"}],"inLanguage":"es"},{"@type":"Organization","@id":"https:\/\/oriamendi.eus\/es\/#organization","name":"Oriamendi","url":"https:\/\/oriamendi.eus\/es\/","logo":{"@type":"ImageObject","inLanguage":"es","@id":"https:\/\/oriamendi.eus\/es\/#\/schema\/logo\/image\/","url":"https:\/\/oriamendi.eus\/wp-content\/uploads\/2020\/06\/logo-oriamendi.png","contentUrl":"https:\/\/oriamendi.eus\/wp-content\/uploads\/2020\/06\/logo-oriamendi.png","width":300,"height":90,"caption":"Oriamendi"},"image":{"@id":"https:\/\/oriamendi.eus\/es\/#\/schema\/logo\/image\/"},"sameAs":["https:\/\/www.facebook.com\/oriamendi2010remonte\/","https:\/\/twitter.com\/oriamendi2010","https:\/\/www.instagram.com\/galarretajaialai\/","https:\/\/www.youtube.com\/channel\/UC8gVNzQqB1iwnC-_rI-ihmA\/featured"]},{"@type":"Person","@id":"https:\/\/oriamendi.eus\/es\/#\/schema\/person\/d6123ec884d3d67e2928c9e456578ad7","name":"utsOriamendi","image":{"@type":"ImageObject","inLanguage":"es","@id":"https:\/\/oriamendi.eus\/es\/#\/schema\/person\/image\/","url":"https:\/\/secure.gravatar.com\/avatar\/f41fc4443afedb2800bda9369ed03c02?s=96&d=mm&r=g","contentUrl":"https:\/\/secure.gravatar.com\/avatar\/f41fc4443afedb2800bda9369ed03c02?s=96&d=mm&r=g","caption":"utsOriamendi"},"url":"https:\/\/oriamendi.eus\/es\/author\/utsoriamendi\/"}]}},"_links":{"self":[{"href":"https:\/\/oriamendi.eus\/es\/wp-json\/wp\/v2\/posts\/3686"}],"collection":[{"href":"https:\/\/oriamendi.eus\/es\/wp-json\/wp\/v2\/posts"}],"about":[{"href":"https:\/\/oriamendi.eus\/es\/wp-json\/wp\/v2\/types\/post"}],"author":[{"embeddable":true,"href":"https:\/\/oriamendi.eus\/es\/wp-json\/wp\/v2\/users\/1"}],"replies":[{"embeddable":true,"href":"https:\/\/oriamendi.eus\/es\/wp-json\/wp\/v2\/comments?post=3686"}],"version-history":[{"count":2,"href":"https:\/\/oriamendi.eus\/es\/wp-json\/wp\/v2\/posts\/3686\/revisions"}],"predecessor-version":[{"id":3688,"href":"https:\/\/oriamendi.eus\/es\/wp-json\/wp\/v2\/posts\/3686\/revisions\/3688"}],"wp:featuredmedia":[{"embeddable":true,"href":"https:\/\/oriamendi.eus\/es\/wp-json\/wp\/v2\/media\/3674"}],"wp:attachment":[{"href":"https:\/\/oriamendi.eus\/es\/wp-json\/wp\/v2\/media?parent=3686"}],"wp:term":[{"taxonomy":"category","embeddable":true,"href":"https:\/\/oriamendi.eus\/es\/wp-json\/wp\/v2\/categories?post=3686"},{"taxonomy":"post_tag","embeddable":true,"href":"https:\/\/oriamendi.eus\/es\/wp-json\/wp\/v2\/tags?post=3686"}],"curies":[{"name":"wp","href":"https:\/\/api.w.org\/{rel}","templated":true}]}}